{"id":462442,"date":"2026-04-30T10:03:24","date_gmt":"2026-04-30T13:03:24","guid":{"rendered":"https:\/\/portaltela.pt\/noticias\/2026\/04\/30\/sequela-de-you-are-not-alone-pode-comecar-a-ser-filmada-ainda-este-ano\/"},"modified":"2026-04-30T10:03:24","modified_gmt":"2026-04-30T13:03:24","slug":"sequela-de-you-are-not-alone-pode-comecar-a-ser-filmada-ainda-este-ano","status":"publish","type":"post","link":"https:\/\/portaltela.pt\/series-e-filmes\/2026\/04\/30\/sequela-de-you-are-not-alone-pode-comecar-a-ser-filmada-ainda-este-ano\/","title":{"rendered":"Sequela de You Are Not Alone pode come\u00e7ar a ser filmada ainda este ano"},"content":{"rendered":"<p>Foi anunciada uma poss\u00edvel sequela do biopic Michael, intitulado You Are Not Alone, que poder\u00e1 come\u00e7ar a ser filmada ainda este ano. O an\u00fancio foi feito pelo executivo da Lionsgate, respons\u00e1vel pela produ\u00e7\u00e3o do filme Michael, que j\u00e1 tem bilheteira recorde global.<\/p>\n<p>O novo cap\u00edtulo, cuja rodagem pode arrancar j\u00e1 neste ano ou em 2027, surge ap\u00f3s o sucesso de Michael, que encerrou com a legenda \u201cHis story continues\u2026\u201d e bateu recordes de bilheteira. A equipa de produ\u00e7\u00e3o n\u00e3o confirmou pormenores, apenas indicou que h\u00e1 material suficiente para justificar uma sequ\u00eancia.<\/p>\n<p>Adam Fogelson, diretor da Lionsgate, revelou no podcast The Town With Matt Belloni que h\u00e1 abund\u00e2ncia de m\u00fasica e experi\u00eancias de vida de Michael Jackson que podem sustentar mais do que um segundo filme. A equipa tamb\u00e9m pondera que a continua\u00e7\u00e3o n\u00e3o se foque apenas \u00e0s acusa\u00e7\u00f5es de abuso, mas inclua outros momentos da carreira do artista.<\/p>\n<p>Sobre o conte\u00fado da sequela, Fogelson mencionou a possibilidade de incluir a atua\u00e7\u00e3o de Jackson no intervalo do Super Bowl de 1993, sem confirmar se as acusa\u00e7\u00f5es far\u00e3o parte do enredo. A abordagem permanece incerta, com d\u00favidas sobre o timing e o \u00e2mbito tem\u00e1tico.<\/p>\n<h3>Contexto e controv\u00e9rsias<\/h3>\n<p>O filme Michael tem gerado cr\u00edticas desde a produ\u00e7\u00e3o, com gastos elevados, incluindo uma inje\u00e7\u00e3o de cerca de 15 milh\u00f5es de d\u00f3lares por parte do esp\u00f3lio de Jackson para refilmar o \u00faltimo ato e remover refer\u00eancias a abuso. A equipa de produ\u00e7\u00e3o sustenta que a nova obra poder\u00e1 explorar componentes n\u00e3o relacionados apenas \u00e0s acusa\u00e7\u00f5es.<\/p>\n<p>A cr\u00edtica da Euronews Culture descreve Michael como uma biografia higienizada, que evita o conte\u00fado controverso dos primeiros anos. Ainda assim, a rece\u00e7\u00e3o p\u00fablica tem sido mista, com opini\u00f5es diversas sobre a abordagem editorial do biopic.<\/p>\n<p>O filme Michael j\u00e1 est\u00e1 em exibi\u00e7\u00e3o nas salas de cinema. A equipa de produ\u00e7\u00e3o mant\u00e9m o foco em futuras confirma\u00e7\u00f5es sobre a sequela, sem adiantar datas ou pormenores definitivos. As informa\u00e7\u00f5es oficiais devem ser comunicadas pela Lionsgate \u00e0 medida que houver avan\u00e7os.<\/p>\n","protected":false},"excerpt":{"rendered":"<ul>\n<li>Um executivo da Lionsgate confirmou que a sequela de Michael, a cinebiografia de Michael Jackson, poder\u00e1 come\u00e7ar a filmar ainda este ano ou em 2027.<\/li>\n<li>A equipa de produ\u00e7\u00e3o afirma haver bastante m\u00fasica e experi\u00eancias de vida, separadas das acusa\u00e7\u00f5es, que dariam para mais de um filme.<\/li>\n<li>O esp\u00f3lio de Jackson investiu cerca de 15 milh\u00f5es de d\u00f3lares para refilmar o \u00faltimo ato do filme e remover refer\u00eancias a abuso sexual.<\/li>\n<li>O respons\u00e1vel pela produ\u00e7\u00e3o indicou que \u00e9 uma quest\u00e3o complexa saber se a sequela incluir\u00e1 as acusa\u00e7\u00f5es, ou se seguir\u00e1 uma abordagem mais neutra.<\/li>\n<li>O primeiro filme j\u00e1 est\u00e1 em exibi\u00e7\u00e3o e gerou debates sobre o tom vigiado e higienizado, apesar de ter batido recordes de bilheteira.<\/li>\n<\/ul>\n","protected":false},"author":2,"featured_media":462448,"comment_status":"closed","ping_status":"closed","sticky":false,"template":"","format":"standard","meta":{"footnotes":""},"categories":[12,7368],"tags":[9006,9441,8111,9032,8953,8233],"class_list":["post-462442","post","type-post","status-publish","format-standard","has-post-thumbnail","hentry","category-entretenimento","category-series-e-filmes","tag-_biografias-historicas","tag-_biografias-musicais","tag-_cinema","tag-_documentarios","tag-_filmes","tag-_musica"],"yoast_head":"<!-- This site is optimized with the Yoast SEO plugin v27.2 - https:\/\/yoast.com\/product\/yoast-seo-wordpress\/ -->\n<title>Sequela de You Are Not Alone pode come\u00e7ar a ser filmada ainda este ano - Portal Tela Portugal<\/title>\n<meta name=\"robots\" content=\"index, follow, max-snippet:-1, max-image-preview:large, max-video-preview:-1\" \/>\n<meta property=\"og:locale\" content=\"pt_PT\" \/>\n<meta property=\"og:type\" content=\"article\" \/>\n<meta property=\"og:title\" content=\"Sequela de You Are Not Alone pode come\u00e7ar a ser filmada ainda este ano - Portal Tela Portugal\" \/>\n<meta property=\"og:description\" content=\"Um executivo da Lionsgate confirmou que a sequela de Michael, a cinebiografia de Michael Jackson, poder\u00e1 come\u00e7ar a filmar ainda este ano ou em 2027. A equipa de produ\u00e7\u00e3o afirma haver bastante m\u00fasica e experi\u00eancias de vida, separadas das acusa\u00e7\u00f5es, que dariam para mais de um filme. O esp\u00f3lio de Jackson investiu cerca de 15 milh\u00f5es de d\u00f3lares para refilmar o \u00faltimo ato do filme e remover refer\u00eancias a abuso sexual. O respons\u00e1vel pela produ\u00e7\u00e3o indicou que \u00e9 uma quest\u00e3o complexa saber se a sequela incluir\u00e1 as acusa\u00e7\u00f5es, ou se seguir\u00e1 uma abordagem mais neutra. O primeiro filme j\u00e1 est\u00e1 em exibi\u00e7\u00e3o e gerou debates sobre o tom vigiado e higienizado, apesar de ter batido recordes de bilheteira.\" \/>\n<meta property=\"og:url\" content=\"https:\/\/portaltela.pt\/noticias\/2026\/04\/30\/sequela-de-you-are-not-alone-pode-comecar-a-ser-filmada-ainda-este-ano\/\" \/>\n<meta property=\"og:site_name\" content=\"Portal Tela Portugal\" \/>\n<meta property=\"article:published_time\" content=\"2026-04-30T13:03:24+00:00\" \/>\n<meta name=\"author\" content=\"Telinha\" \/>\n<meta name=\"twitter:card\" content=\"summary_large_image\" \/>\n<meta name=\"twitter:label1\" content=\"Escrito por\" \/>\n\t<meta name=\"twitter:data1\" content=\"Telinha\" \/>\n\t<meta name=\"twitter:label2\" content=\"Tempo estimado de leitura\" \/>\n\t<meta name=\"twitter:data2\" content=\"2 minutos\" \/>\n<script type=\"application\/ld+json\" class=\"yoast-schema-graph\">{\"@context\":\"https:\/\/schema.org\",\"@graph\":[{\"@type\":\"Article\",\"@id\":\"https:\/\/portaltela.pt\/noticias\/2026\/04\/30\/sequela-de-you-are-not-alone-pode-comecar-a-ser-filmada-ainda-este-ano\/#article\",\"isPartOf\":{\"@id\":\"https:\/\/portaltela.pt\/noticias\/2026\/04\/30\/sequela-de-you-are-not-alone-pode-comecar-a-ser-filmada-ainda-este-ano\/\"},\"author\":{\"name\":\"Telinha\",\"@id\":\"https:\/\/portaltela.pt\/#\/schema\/person\/c4278d4a6028830caff9ee44b42d32ed\"},\"headline\":\"Sequela de You Are Not Alone pode come\u00e7ar a ser filmada ainda este ano\",\"datePublished\":\"2026-04-30T13:03:24+00:00\",\"mainEntityOfPage\":{\"@id\":\"https:\/\/portaltela.pt\/noticias\/2026\/04\/30\/sequela-de-you-are-not-alone-pode-comecar-a-ser-filmada-ainda-este-ano\/\"},\"wordCount\":385,\"image\":{\"@id\":\"https:\/\/portaltela.pt\/noticias\/2026\/04\/30\/sequela-de-you-are-not-alone-pode-comecar-a-ser-filmada-ainda-este-ano\/#primaryimage\"},\"thumbnailUrl\":\"https:\/\/portaltela.pt\/s.01k8rhncp4jt1\/2026\/04\/1536x864_cmsv2_03a90f1a-f689-5083-808c-dc0f8e50fff8-9742275.jpg\",\"keywords\":[\"_biografias hist\u00f3ricas\",\"_biografias musicais\",\"_cinema\",\"_document\u00e1rios\",\"_filmes\",\"_m\u00fasica\"],\"articleSection\":[\"Entretenimento\",\"S\u00e9ries e filmes\"],\"inLanguage\":\"pt-PT\"},{\"@type\":\"WebPage\",\"@id\":\"https:\/\/portaltela.pt\/noticias\/2026\/04\/30\/sequela-de-you-are-not-alone-pode-comecar-a-ser-filmada-ainda-este-ano\/\",\"url\":\"https:\/\/portaltela.pt\/noticias\/2026\/04\/30\/sequela-de-you-are-not-alone-pode-comecar-a-ser-filmada-ainda-este-ano\/\",\"name\":\"Sequela de You Are Not Alone pode come\u00e7ar a ser filmada ainda este ano - Portal Tela Portugal\",\"isPartOf\":{\"@id\":\"https:\/\/portaltela.pt\/#website\"},\"primaryImageOfPage\":{\"@id\":\"https:\/\/portaltela.pt\/noticias\/2026\/04\/30\/sequela-de-you-are-not-alone-pode-comecar-a-ser-filmada-ainda-este-ano\/#primaryimage\"},\"image\":{\"@id\":\"https:\/\/portaltela.pt\/noticias\/2026\/04\/30\/sequela-de-you-are-not-alone-pode-comecar-a-ser-filmada-ainda-este-ano\/#primaryimage\"},\"thumbnailUrl\":\"https:\/\/portaltela.pt\/s.01k8rhncp4jt1\/2026\/04\/1536x864_cmsv2_03a90f1a-f689-5083-808c-dc0f8e50fff8-9742275.jpg\",\"datePublished\":\"2026-04-30T13:03:24+00:00\",\"author\":{\"@id\":\"https:\/\/portaltela.pt\/#\/schema\/person\/c4278d4a6028830caff9ee44b42d32ed\"},\"breadcrumb\":{\"@id\":\"https:\/\/portaltela.pt\/noticias\/2026\/04\/30\/sequela-de-you-are-not-alone-pode-comecar-a-ser-filmada-ainda-este-ano\/#breadcrumb\"},\"inLanguage\":\"pt-PT\",\"potentialAction\":[{\"@type\":\"ReadAction\",\"target\":[\"https:\/\/portaltela.pt\/noticias\/2026\/04\/30\/sequela-de-you-are-not-alone-pode-comecar-a-ser-filmada-ainda-este-ano\/\"]}]},{\"@type\":\"ImageObject\",\"inLanguage\":\"pt-PT\",\"@id\":\"https:\/\/portaltela.pt\/noticias\/2026\/04\/30\/sequela-de-you-are-not-alone-pode-comecar-a-ser-filmada-ainda-este-ano\/#primaryimage\",\"url\":\"https:\/\/portaltela.pt\/s.01k8rhncp4jt1\/2026\/04\/1536x864_cmsv2_03a90f1a-f689-5083-808c-dc0f8e50fff8-9742275.jpg\",\"contentUrl\":\"https:\/\/portaltela.pt\/s.01k8rhncp4jt1\/2026\/04\/1536x864_cmsv2_03a90f1a-f689-5083-808c-dc0f8e50fff8-9742275.jpg\",\"width\":1536,\"height\":864,\"caption\":\"Michael\"},{\"@type\":\"BreadcrumbList\",\"@id\":\"https:\/\/portaltela.pt\/noticias\/2026\/04\/30\/sequela-de-you-are-not-alone-pode-comecar-a-ser-filmada-ainda-este-ano\/#breadcrumb\",\"itemListElement\":[{\"@type\":\"ListItem\",\"position\":1,\"name\":\"In\u00edcio\",\"item\":\"https:\/\/portaltela.pt\/\"},{\"@type\":\"ListItem\",\"position\":2,\"name\":\"Sequela de You Are Not Alone pode come\u00e7ar a ser filmada ainda este ano\"}]},{\"@type\":\"WebSite\",\"@id\":\"https:\/\/portaltela.pt\/#website\",\"url\":\"https:\/\/portaltela.pt\/\",\"name\":\"Portal Tela Portugal\",\"description\":\"\",\"potentialAction\":[{\"@type\":\"SearchAction\",\"target\":{\"@type\":\"EntryPoint\",\"urlTemplate\":\"https:\/\/portaltela.pt\/?s={search_term_string}\"},\"query-input\":{\"@type\":\"PropertyValueSpecification\",\"valueRequired\":true,\"valueName\":\"search_term_string\"}}],\"inLanguage\":\"pt-PT\"},{\"@type\":\"Person\",\"@id\":\"https:\/\/portaltela.pt\/#\/schema\/person\/c4278d4a6028830caff9ee44b42d32ed\",\"name\":\"Telinha\",\"image\":{\"@type\":\"ImageObject\",\"inLanguage\":\"pt-PT\",\"@id\":\"https:\/\/portaltela.pt\/s.01k8rhncp4jt1\/2025\/11\/talking-bot-125x125.png\",\"url\":\"https:\/\/portaltela.pt\/s.01k8rhncp4jt1\/2025\/11\/talking-bot-125x125.png\",\"contentUrl\":\"https:\/\/portaltela.pt\/s.01k8rhncp4jt1\/2025\/11\/talking-bot-125x125.png\",\"caption\":\"Telinha\"},\"sameAs\":[\"https:\/\/portaltela.pt\/\"],\"url\":\"https:\/\/portaltela.pt\/por\/367410592786\/\"}]}<\/script>\n<!-- \/ Yoast SEO plugin. -->","yoast_head_json":{"title":"Sequela de You Are Not Alone pode come\u00e7ar a ser filmada ainda este ano - Portal Tela Portugal","robots":{"index":"index","follow":"follow","max-snippet":"max-snippet:-1","max-image-preview":"max-image-preview:large","max-video-preview":"max-video-preview:-1"},"og_locale":"pt_PT","og_type":"article","og_title":"Sequela de You Are Not Alone pode come\u00e7ar a ser filmada ainda este ano - Portal Tela Portugal","og_description":"Um executivo da Lionsgate confirmou que a sequela de Michael, a cinebiografia de Michael Jackson, poder\u00e1 come\u00e7ar a filmar ainda este ano ou em 2027. A equipa de produ\u00e7\u00e3o afirma haver bastante m\u00fasica e experi\u00eancias de vida, separadas das acusa\u00e7\u00f5es, que dariam para mais de um filme. O esp\u00f3lio de Jackson investiu cerca de 15 milh\u00f5es de d\u00f3lares para refilmar o \u00faltimo ato do filme e remover refer\u00eancias a abuso sexual. O respons\u00e1vel pela produ\u00e7\u00e3o indicou que \u00e9 uma quest\u00e3o complexa saber se a sequela incluir\u00e1 as acusa\u00e7\u00f5es, ou se seguir\u00e1 uma abordagem mais neutra. O primeiro filme j\u00e1 est\u00e1 em exibi\u00e7\u00e3o e gerou debates sobre o tom vigiado e higienizado, apesar de ter batido recordes de bilheteira.","og_url":"https:\/\/portaltela.pt\/noticias\/2026\/04\/30\/sequela-de-you-are-not-alone-pode-comecar-a-ser-filmada-ainda-este-ano\/","og_site_name":"Portal Tela Portugal","article_published_time":"2026-04-30T13:03:24+00:00","author":"Telinha","twitter_card":"summary_large_image","twitter_misc":{"Escrito por":"Telinha","Tempo estimado de leitura":"2 minutos"},"schema":{"@context":"https:\/\/schema.org","@graph":[{"@type":"Article","@id":"https:\/\/portaltela.pt\/noticias\/2026\/04\/30\/sequela-de-you-are-not-alone-pode-comecar-a-ser-filmada-ainda-este-ano\/#article","isPartOf":{"@id":"https:\/\/portaltela.pt\/noticias\/2026\/04\/30\/sequela-de-you-are-not-alone-pode-comecar-a-ser-filmada-ainda-este-ano\/"},"author":{"name":"Telinha","@id":"https:\/\/portaltela.pt\/#\/schema\/person\/c4278d4a6028830caff9ee44b42d32ed"},"headline":"Sequela de You Are Not Alone pode come\u00e7ar a ser filmada ainda este ano","datePublished":"2026-04-30T13:03:24+00:00","mainEntityOfPage":{"@id":"https:\/\/portaltela.pt\/noticias\/2026\/04\/30\/sequela-de-you-are-not-alone-pode-comecar-a-ser-filmada-ainda-este-ano\/"},"wordCount":385,"image":{"@id":"https:\/\/portaltela.pt\/noticias\/2026\/04\/30\/sequela-de-you-are-not-alone-pode-comecar-a-ser-filmada-ainda-este-ano\/#primaryimage"},"thumbnailUrl":"https:\/\/portaltela.pt\/s.01k8rhncp4jt1\/2026\/04\/1536x864_cmsv2_03a90f1a-f689-5083-808c-dc0f8e50fff8-9742275.jpg","keywords":["_biografias hist\u00f3ricas","_biografias musicais","_cinema","_document\u00e1rios","_filmes","_m\u00fasica"],"articleSection":["Entretenimento","S\u00e9ries e filmes"],"inLanguage":"pt-PT"},{"@type":"WebPage","@id":"https:\/\/portaltela.pt\/noticias\/2026\/04\/30\/sequela-de-you-are-not-alone-pode-comecar-a-ser-filmada-ainda-este-ano\/","url":"https:\/\/portaltela.pt\/noticias\/2026\/04\/30\/sequela-de-you-are-not-alone-pode-comecar-a-ser-filmada-ainda-este-ano\/","name":"Sequela de You Are Not Alone pode come\u00e7ar a ser filmada ainda este ano - Portal Tela Portugal","isPartOf":{"@id":"https:\/\/portaltela.pt\/#website"},"primaryImageOfPage":{"@id":"https:\/\/portaltela.pt\/noticias\/2026\/04\/30\/sequela-de-you-are-not-alone-pode-comecar-a-ser-filmada-ainda-este-ano\/#primaryimage"},"image":{"@id":"https:\/\/portaltela.pt\/noticias\/2026\/04\/30\/sequela-de-you-are-not-alone-pode-comecar-a-ser-filmada-ainda-este-ano\/#primaryimage"},"thumbnailUrl":"https:\/\/portaltela.pt\/s.01k8rhncp4jt1\/2026\/04\/1536x864_cmsv2_03a90f1a-f689-5083-808c-dc0f8e50fff8-9742275.jpg","datePublished":"2026-04-30T13:03:24+00:00","author":{"@id":"https:\/\/portaltela.pt\/#\/schema\/person\/c4278d4a6028830caff9ee44b42d32ed"},"breadcrumb":{"@id":"https:\/\/portaltela.pt\/noticias\/2026\/04\/30\/sequela-de-you-are-not-alone-pode-comecar-a-ser-filmada-ainda-este-ano\/#breadcrumb"},"inLanguage":"pt-PT","potentialAction":[{"@type":"ReadAction","target":["https:\/\/portaltela.pt\/noticias\/2026\/04\/30\/sequela-de-you-are-not-alone-pode-comecar-a-ser-filmada-ainda-este-ano\/"]}]},{"@type":"ImageObject","inLanguage":"pt-PT","@id":"https:\/\/portaltela.pt\/noticias\/2026\/04\/30\/sequela-de-you-are-not-alone-pode-comecar-a-ser-filmada-ainda-este-ano\/#primaryimage","url":"https:\/\/portaltela.pt\/s.01k8rhncp4jt1\/2026\/04\/1536x864_cmsv2_03a90f1a-f689-5083-808c-dc0f8e50fff8-9742275.jpg","contentUrl":"https:\/\/portaltela.pt\/s.01k8rhncp4jt1\/2026\/04\/1536x864_cmsv2_03a90f1a-f689-5083-808c-dc0f8e50fff8-9742275.jpg","width":1536,"height":864,"caption":"Michael"},{"@type":"BreadcrumbList","@id":"https:\/\/portaltela.pt\/noticias\/2026\/04\/30\/sequela-de-you-are-not-alone-pode-comecar-a-ser-filmada-ainda-este-ano\/#breadcrumb","itemListElement":[{"@type":"ListItem","position":1,"name":"In\u00edcio","item":"https:\/\/portaltela.pt\/"},{"@type":"ListItem","position":2,"name":"Sequela de You Are Not Alone pode come\u00e7ar a ser filmada ainda este ano"}]},{"@type":"WebSite","@id":"https:\/\/portaltela.pt\/#website","url":"https:\/\/portaltela.pt\/","name":"Portal Tela Portugal","description":"","potentialAction":[{"@type":"SearchAction","target":{"@type":"EntryPoint","urlTemplate":"https:\/\/portaltela.pt\/?s={search_term_string}"},"query-input":{"@type":"PropertyValueSpecification","valueRequired":true,"valueName":"search_term_string"}}],"inLanguage":"pt-PT"},{"@type":"Person","@id":"https:\/\/portaltela.pt\/#\/schema\/person\/c4278d4a6028830caff9ee44b42d32ed","name":"Telinha","image":{"@type":"ImageObject","inLanguage":"pt-PT","@id":"https:\/\/portaltela.pt\/s.01k8rhncp4jt1\/2025\/11\/talking-bot-125x125.png","url":"https:\/\/portaltela.pt\/s.01k8rhncp4jt1\/2025\/11\/talking-bot-125x125.png","contentUrl":"https:\/\/portaltela.pt\/s.01k8rhncp4jt1\/2025\/11\/talking-bot-125x125.png","caption":"Telinha"},"sameAs":["https:\/\/portaltela.pt\/"],"url":"https:\/\/portaltela.pt\/por\/367410592786\/"}]}},"_links":{"self":[{"href":"https:\/\/portaltela.pt\/api\/wp\/v2\/posts\/462442","targetHints":{"allow":["GET"]}}],"collection":[{"href":"https:\/\/portaltela.pt\/api\/wp\/v2\/posts"}],"about":[{"href":"https:\/\/portaltela.pt\/api\/wp\/v2\/types\/post"}],"author":[{"embeddable":true,"href":"https:\/\/portaltela.pt\/api\/wp\/v2\/users\/2"}],"replies":[{"embeddable":true,"href":"https:\/\/portaltela.pt\/api\/wp\/v2\/comments?post=462442"}],"version-history":[{"count":0,"href":"https:\/\/portaltela.pt\/api\/wp\/v2\/posts\/462442\/revisions"}],"wp:featuredmedia":[{"embeddable":true,"href":"https:\/\/portaltela.pt\/api\/wp\/v2\/media\/462448"}],"wp:attachment":[{"href":"https:\/\/portaltela.pt\/api\/wp\/v2\/media?parent=462442"}],"wp:term":[{"taxonomy":"category","embeddable":true,"href":"https:\/\/portaltela.pt\/api\/wp\/v2\/categories?post=462442"},{"taxonomy":"post_tag","embeddable":true,"href":"https:\/\/portaltela.pt\/api\/wp\/v2\/tags?post=462442"}],"curies":[{"name":"wp","href":"https:\/\/api.w.org\/{rel}","templated":true}]}}