{"id":462441,"date":"2026-04-30T10:03:18","date_gmt":"2026-04-30T13:03:18","guid":{"rendered":"https:\/\/portaltela.pt\/noticias\/2026\/04\/30\/eua-avancam-com-plano-para-enviar-humanos-a-lua-ate-2027\/"},"modified":"2026-04-30T10:03:18","modified_gmt":"2026-04-30T13:03:18","slug":"eua-avancam-com-plano-para-enviar-humanos-a-lua-ate-2027","status":"publish","type":"post","link":"https:\/\/portaltela.pt\/tecnologia\/2026\/04\/30\/eua-avancam-com-plano-para-enviar-humanos-a-lua-ate-2027\/","title":{"rendered":"EUA avan\u00e7am com plano para enviar humanos \u00e0 Lua at\u00e9 2027"},"content":{"rendered":"<p>O governo dos EUA avan\u00e7a com o plano de enviar humanos \u00e0 Lua at\u00e9 2027, segundo declara\u00e7\u00f5es oficiais. O presidente Donald Trump disse, nesta quarta-feira, que existe uma \u201cboa hip\u00f3tese\u201d de voltar ao sat\u00e9lite. O objetivo \u00e9 consolidar o programa Artemis.<\/p>\n<p>O administrador da NASA, Jared Isaacman, informou que h\u00e1 um plano exequ\u00edvel para regressar \u00e0 Lua, com o Artemis a progredir dentro do calend\u00e1rio previsto. As declara\u00e7\u00f5es enfatizam a continuidade da ambi\u00e7\u00e3o espacial norte-americana.<\/p>\n<h3>Progresso do programa Artemis<\/h3>\n<p>As autoridades destacam que a iniciativa mant\u00e9m o cronograma de miss\u00f5es e o desenvolvimento de tecnologia essencial. Detalhes sobre datas de lan\u00e7amentos, coopera\u00e7\u00e3o internacional e custos n\u00e3o foram especificados neste an\u00fancio.<\/p>\n<p>Segundo fontes oficiais, o avan\u00e7o depende de financiamento, parcerias industriais e da capacidade de realizar miss\u00f5es tripuladas com equipamentos modernos. O foco \u00e9 refor\u00e7ar a explor action humana sustent\u00e1vel e futuras miss\u00f5es a outros corpos celestes.<\/p>\n","protected":false},"excerpt":{"rendered":"<ul>\n<li>O presidente dos EUA, Donald Trump, afirmou nesta quarta-feira ter uma \u201cboa hip\u00f3tese\u201d de voltar \u00e0 Lua, destacando os progressos do programa Artemis.<\/li>\n<li>O administrador da Nasa, Jared Isaacman, revelou que existe \u201cum plano exequ\u00edvel para regressar \u00e0 Lua\u201d, com Artemis a progredir conforme o calend\u00e1rio.<\/li>\n<li>O objetivo do programa Artemis \u00e9 enviar humanos \u00e0 Lua at\u00e9 2027.<\/li>\n<li>A not\u00edcia sublinha que Artemis j\u00e1 est\u00e1 a avan\u00e7ar dentro do cronograma previsto.<\/li>\n<\/ul>\n","protected":false},"author":2,"featured_media":462447,"comment_status":"closed","ping_status":"closed","sticky":false,"template":"","format":"standard","meta":{"footnotes":""},"categories":[1,6716],"tags":[7877,1992,256,2417,159,6232],"class_list":["post-462441","post","type-post","status-publish","format-standard","has-post-thumbnail","hentry","category-noticias","category-tecnologia","tag-astronautas","tag-ciencia","tag-cooperacao-internacional","tag-financiamento","tag-investigacao-cientifica","tag-nasa"],"yoast_head":"<!-- This site is optimized with the Yoast SEO plugin v27.2 - https:\/\/yoast.com\/product\/yoast-seo-wordpress\/ -->\n<title>EUA avan\u00e7am com plano para enviar humanos \u00e0 Lua at\u00e9 2027 - Portal Tela Portugal<\/title>\n<meta name=\"robots\" content=\"index, follow, max-snippet:-1, max-image-preview:large, max-video-preview:-1\" \/>\n<meta property=\"og:locale\" content=\"pt_PT\" \/>\n<meta property=\"og:type\" content=\"article\" \/>\n<meta property=\"og:title\" content=\"EUA avan\u00e7am com plano para enviar humanos \u00e0 Lua at\u00e9 2027 - Portal Tela Portugal\" \/>\n<meta property=\"og:description\" content=\"O presidente dos EUA, Donald Trump, afirmou nesta quarta-feira ter uma \u201cboa hip\u00f3tese\u201d de voltar \u00e0 Lua, destacando os progressos do programa Artemis. O administrador da Nasa, Jared Isaacman, revelou que existe \u201cum plano exequ\u00edvel para regressar \u00e0 Lua\u201d, com Artemis a progredir conforme o calend\u00e1rio. O objetivo do programa Artemis \u00e9 enviar humanos \u00e0 Lua at\u00e9 2027. A not\u00edcia sublinha que Artemis j\u00e1 est\u00e1 a avan\u00e7ar dentro do cronograma previsto.\" \/>\n<meta property=\"og:url\" content=\"https:\/\/portaltela.pt\/noticias\/2026\/04\/30\/eua-avancam-com-plano-para-enviar-humanos-a-lua-ate-2027\/\" \/>\n<meta property=\"og:site_name\" content=\"Portal Tela Portugal\" \/>\n<meta property=\"article:published_time\" content=\"2026-04-30T13:03:18+00:00\" \/>\n<meta name=\"author\" content=\"Telinha\" \/>\n<meta name=\"twitter:card\" content=\"summary_large_image\" \/>\n<meta name=\"twitter:label1\" content=\"Escrito por\" \/>\n\t<meta name=\"twitter:data1\" content=\"Telinha\" \/>\n\t<meta name=\"twitter:label2\" content=\"Tempo estimado de leitura\" \/>\n\t<meta name=\"twitter:data2\" content=\"1 minuto\" \/>\n<script type=\"application\/ld+json\" class=\"yoast-schema-graph\">{\"@context\":\"https:\/\/schema.org\",\"@graph\":[{\"@type\":\"Article\",\"@id\":\"https:\/\/portaltela.pt\/noticias\/2026\/04\/30\/eua-avancam-com-plano-para-enviar-humanos-a-lua-ate-2027\/#article\",\"isPartOf\":{\"@id\":\"https:\/\/portaltela.pt\/noticias\/2026\/04\/30\/eua-avancam-com-plano-para-enviar-humanos-a-lua-ate-2027\/\"},\"author\":{\"name\":\"Telinha\",\"@id\":\"https:\/\/portaltela.pt\/#\/schema\/person\/c4278d4a6028830caff9ee44b42d32ed\"},\"headline\":\"EUA avan\u00e7am com plano para enviar humanos \u00e0 Lua at\u00e9 2027\",\"datePublished\":\"2026-04-30T13:03:18+00:00\",\"mainEntityOfPage\":{\"@id\":\"https:\/\/portaltela.pt\/noticias\/2026\/04\/30\/eua-avancam-com-plano-para-enviar-humanos-a-lua-ate-2027\/\"},\"wordCount\":170,\"image\":{\"@id\":\"https:\/\/portaltela.pt\/noticias\/2026\/04\/30\/eua-avancam-com-plano-para-enviar-humanos-a-lua-ate-2027\/#primaryimage\"},\"thumbnailUrl\":\"https:\/\/portaltela.pt\/s.01k8rhncp4jt1\/2026\/04\/img_1280x722uu2026-04-30-13-54-35-2282034.jpg\",\"keywords\":[\"astronautas\",\"ci\u00eancia\",\"coopera\u00e7\u00e3o internacional\",\"financiamento\",\"investiga\u00e7\u00e3o cient\u00edfica\",\"NASA\"],\"articleSection\":[\"Not\u00edcias\",\"Tecnologia\"],\"inLanguage\":\"pt-PT\"},{\"@type\":\"WebPage\",\"@id\":\"https:\/\/portaltela.pt\/noticias\/2026\/04\/30\/eua-avancam-com-plano-para-enviar-humanos-a-lua-ate-2027\/\",\"url\":\"https:\/\/portaltela.pt\/noticias\/2026\/04\/30\/eua-avancam-com-plano-para-enviar-humanos-a-lua-ate-2027\/\",\"name\":\"EUA avan\u00e7am com plano para enviar humanos \u00e0 Lua at\u00e9 2027 - Portal Tela Portugal\",\"isPartOf\":{\"@id\":\"https:\/\/portaltela.pt\/#website\"},\"primaryImageOfPage\":{\"@id\":\"https:\/\/portaltela.pt\/noticias\/2026\/04\/30\/eua-avancam-com-plano-para-enviar-humanos-a-lua-ate-2027\/#primaryimage\"},\"image\":{\"@id\":\"https:\/\/portaltela.pt\/noticias\/2026\/04\/30\/eua-avancam-com-plano-para-enviar-humanos-a-lua-ate-2027\/#primaryimage\"},\"thumbnailUrl\":\"https:\/\/portaltela.pt\/s.01k8rhncp4jt1\/2026\/04\/img_1280x722uu2026-04-30-13-54-35-2282034.jpg\",\"datePublished\":\"2026-04-30T13:03:18+00:00\",\"author\":{\"@id\":\"https:\/\/portaltela.pt\/#\/schema\/person\/c4278d4a6028830caff9ee44b42d32ed\"},\"breadcrumb\":{\"@id\":\"https:\/\/portaltela.pt\/noticias\/2026\/04\/30\/eua-avancam-com-plano-para-enviar-humanos-a-lua-ate-2027\/#breadcrumb\"},\"inLanguage\":\"pt-PT\",\"potentialAction\":[{\"@type\":\"ReadAction\",\"target\":[\"https:\/\/portaltela.pt\/noticias\/2026\/04\/30\/eua-avancam-com-plano-para-enviar-humanos-a-lua-ate-2027\/\"]}]},{\"@type\":\"ImageObject\",\"inLanguage\":\"pt-PT\",\"@id\":\"https:\/\/portaltela.pt\/noticias\/2026\/04\/30\/eua-avancam-com-plano-para-enviar-humanos-a-lua-ate-2027\/#primaryimage\",\"url\":\"https:\/\/portaltela.pt\/s.01k8rhncp4jt1\/2026\/04\/img_1280x722uu2026-04-30-13-54-35-2282034.jpg\",\"contentUrl\":\"https:\/\/portaltela.pt\/s.01k8rhncp4jt1\/2026\/04\/img_1280x722uu2026-04-30-13-54-35-2282034.jpg\",\"width\":796,\"height\":448,\"caption\":\"Photo\"},{\"@type\":\"BreadcrumbList\",\"@id\":\"https:\/\/portaltela.pt\/noticias\/2026\/04\/30\/eua-avancam-com-plano-para-enviar-humanos-a-lua-ate-2027\/#breadcrumb\",\"itemListElement\":[{\"@type\":\"ListItem\",\"position\":1,\"name\":\"In\u00edcio\",\"item\":\"https:\/\/portaltela.pt\/\"},{\"@type\":\"ListItem\",\"position\":2,\"name\":\"EUA avan\u00e7am com plano para enviar humanos \u00e0 Lua at\u00e9 2027\"}]},{\"@type\":\"WebSite\",\"@id\":\"https:\/\/portaltela.pt\/#website\",\"url\":\"https:\/\/portaltela.pt\/\",\"name\":\"Portal Tela Portugal\",\"description\":\"\",\"potentialAction\":[{\"@type\":\"SearchAction\",\"target\":{\"@type\":\"EntryPoint\",\"urlTemplate\":\"https:\/\/portaltela.pt\/?s={search_term_string}\"},\"query-input\":{\"@type\":\"PropertyValueSpecification\",\"valueRequired\":true,\"valueName\":\"search_term_string\"}}],\"inLanguage\":\"pt-PT\"},{\"@type\":\"Person\",\"@id\":\"https:\/\/portaltela.pt\/#\/schema\/person\/c4278d4a6028830caff9ee44b42d32ed\",\"name\":\"Telinha\",\"image\":{\"@type\":\"ImageObject\",\"inLanguage\":\"pt-PT\",\"@id\":\"https:\/\/portaltela.pt\/s.01k8rhncp4jt1\/2025\/11\/talking-bot-125x125.png\",\"url\":\"https:\/\/portaltela.pt\/s.01k8rhncp4jt1\/2025\/11\/talking-bot-125x125.png\",\"contentUrl\":\"https:\/\/portaltela.pt\/s.01k8rhncp4jt1\/2025\/11\/talking-bot-125x125.png\",\"caption\":\"Telinha\"},\"sameAs\":[\"https:\/\/portaltela.pt\/\"],\"url\":\"https:\/\/portaltela.pt\/por\/367410592786\/\"}]}<\/script>\n<!-- \/ Yoast SEO plugin. -->","yoast_head_json":{"title":"EUA avan\u00e7am com plano para enviar humanos \u00e0 Lua at\u00e9 2027 - Portal Tela Portugal","robots":{"index":"index","follow":"follow","max-snippet":"max-snippet:-1","max-image-preview":"max-image-preview:large","max-video-preview":"max-video-preview:-1"},"og_locale":"pt_PT","og_type":"article","og_title":"EUA avan\u00e7am com plano para enviar humanos \u00e0 Lua at\u00e9 2027 - Portal Tela Portugal","og_description":"O presidente dos EUA, Donald Trump, afirmou nesta quarta-feira ter uma \u201cboa hip\u00f3tese\u201d de voltar \u00e0 Lua, destacando os progressos do programa Artemis. O administrador da Nasa, Jared Isaacman, revelou que existe \u201cum plano exequ\u00edvel para regressar \u00e0 Lua\u201d, com Artemis a progredir conforme o calend\u00e1rio. O objetivo do programa Artemis \u00e9 enviar humanos \u00e0 Lua at\u00e9 2027. A not\u00edcia sublinha que Artemis j\u00e1 est\u00e1 a avan\u00e7ar dentro do cronograma previsto.","og_url":"https:\/\/portaltela.pt\/noticias\/2026\/04\/30\/eua-avancam-com-plano-para-enviar-humanos-a-lua-ate-2027\/","og_site_name":"Portal Tela Portugal","article_published_time":"2026-04-30T13:03:18+00:00","author":"Telinha","twitter_card":"summary_large_image","twitter_misc":{"Escrito por":"Telinha","Tempo estimado de leitura":"1 minuto"},"schema":{"@context":"https:\/\/schema.org","@graph":[{"@type":"Article","@id":"https:\/\/portaltela.pt\/noticias\/2026\/04\/30\/eua-avancam-com-plano-para-enviar-humanos-a-lua-ate-2027\/#article","isPartOf":{"@id":"https:\/\/portaltela.pt\/noticias\/2026\/04\/30\/eua-avancam-com-plano-para-enviar-humanos-a-lua-ate-2027\/"},"author":{"name":"Telinha","@id":"https:\/\/portaltela.pt\/#\/schema\/person\/c4278d4a6028830caff9ee44b42d32ed"},"headline":"EUA avan\u00e7am com plano para enviar humanos \u00e0 Lua at\u00e9 2027","datePublished":"2026-04-30T13:03:18+00:00","mainEntityOfPage":{"@id":"https:\/\/portaltela.pt\/noticias\/2026\/04\/30\/eua-avancam-com-plano-para-enviar-humanos-a-lua-ate-2027\/"},"wordCount":170,"image":{"@id":"https:\/\/portaltela.pt\/noticias\/2026\/04\/30\/eua-avancam-com-plano-para-enviar-humanos-a-lua-ate-2027\/#primaryimage"},"thumbnailUrl":"https:\/\/portaltela.pt\/s.01k8rhncp4jt1\/2026\/04\/img_1280x722uu2026-04-30-13-54-35-2282034.jpg","keywords":["astronautas","ci\u00eancia","coopera\u00e7\u00e3o internacional","financiamento","investiga\u00e7\u00e3o cient\u00edfica","NASA"],"articleSection":["Not\u00edcias","Tecnologia"],"inLanguage":"pt-PT"},{"@type":"WebPage","@id":"https:\/\/portaltela.pt\/noticias\/2026\/04\/30\/eua-avancam-com-plano-para-enviar-humanos-a-lua-ate-2027\/","url":"https:\/\/portaltela.pt\/noticias\/2026\/04\/30\/eua-avancam-com-plano-para-enviar-humanos-a-lua-ate-2027\/","name":"EUA avan\u00e7am com plano para enviar humanos \u00e0 Lua at\u00e9 2027 - Portal Tela Portugal","isPartOf":{"@id":"https:\/\/portaltela.pt\/#website"},"primaryImageOfPage":{"@id":"https:\/\/portaltela.pt\/noticias\/2026\/04\/30\/eua-avancam-com-plano-para-enviar-humanos-a-lua-ate-2027\/#primaryimage"},"image":{"@id":"https:\/\/portaltela.pt\/noticias\/2026\/04\/30\/eua-avancam-com-plano-para-enviar-humanos-a-lua-ate-2027\/#primaryimage"},"thumbnailUrl":"https:\/\/portaltela.pt\/s.01k8rhncp4jt1\/2026\/04\/img_1280x722uu2026-04-30-13-54-35-2282034.jpg","datePublished":"2026-04-30T13:03:18+00:00","author":{"@id":"https:\/\/portaltela.pt\/#\/schema\/person\/c4278d4a6028830caff9ee44b42d32ed"},"breadcrumb":{"@id":"https:\/\/portaltela.pt\/noticias\/2026\/04\/30\/eua-avancam-com-plano-para-enviar-humanos-a-lua-ate-2027\/#breadcrumb"},"inLanguage":"pt-PT","potentialAction":[{"@type":"ReadAction","target":["https:\/\/portaltela.pt\/noticias\/2026\/04\/30\/eua-avancam-com-plano-para-enviar-humanos-a-lua-ate-2027\/"]}]},{"@type":"ImageObject","inLanguage":"pt-PT","@id":"https:\/\/portaltela.pt\/noticias\/2026\/04\/30\/eua-avancam-com-plano-para-enviar-humanos-a-lua-ate-2027\/#primaryimage","url":"https:\/\/portaltela.pt\/s.01k8rhncp4jt1\/2026\/04\/img_1280x722uu2026-04-30-13-54-35-2282034.jpg","contentUrl":"https:\/\/portaltela.pt\/s.01k8rhncp4jt1\/2026\/04\/img_1280x722uu2026-04-30-13-54-35-2282034.jpg","width":796,"height":448,"caption":"Photo"},{"@type":"BreadcrumbList","@id":"https:\/\/portaltela.pt\/noticias\/2026\/04\/30\/eua-avancam-com-plano-para-enviar-humanos-a-lua-ate-2027\/#breadcrumb","itemListElement":[{"@type":"ListItem","position":1,"name":"In\u00edcio","item":"https:\/\/portaltela.pt\/"},{"@type":"ListItem","position":2,"name":"EUA avan\u00e7am com plano para enviar humanos \u00e0 Lua at\u00e9 2027"}]},{"@type":"WebSite","@id":"https:\/\/portaltela.pt\/#website","url":"https:\/\/portaltela.pt\/","name":"Portal Tela Portugal","description":"","potentialAction":[{"@type":"SearchAction","target":{"@type":"EntryPoint","urlTemplate":"https:\/\/portaltela.pt\/?s={search_term_string}"},"query-input":{"@type":"PropertyValueSpecification","valueRequired":true,"valueName":"search_term_string"}}],"inLanguage":"pt-PT"},{"@type":"Person","@id":"https:\/\/portaltela.pt\/#\/schema\/person\/c4278d4a6028830caff9ee44b42d32ed","name":"Telinha","image":{"@type":"ImageObject","inLanguage":"pt-PT","@id":"https:\/\/portaltela.pt\/s.01k8rhncp4jt1\/2025\/11\/talking-bot-125x125.png","url":"https:\/\/portaltela.pt\/s.01k8rhncp4jt1\/2025\/11\/talking-bot-125x125.png","contentUrl":"https:\/\/portaltela.pt\/s.01k8rhncp4jt1\/2025\/11\/talking-bot-125x125.png","caption":"Telinha"},"sameAs":["https:\/\/portaltela.pt\/"],"url":"https:\/\/portaltela.pt\/por\/367410592786\/"}]}},"_links":{"self":[{"href":"https:\/\/portaltela.pt\/api\/wp\/v2\/posts\/462441","targetHints":{"allow":["GET"]}}],"collection":[{"href":"https:\/\/portaltela.pt\/api\/wp\/v2\/posts"}],"about":[{"href":"https:\/\/portaltela.pt\/api\/wp\/v2\/types\/post"}],"author":[{"embeddable":true,"href":"https:\/\/portaltela.pt\/api\/wp\/v2\/users\/2"}],"replies":[{"embeddable":true,"href":"https:\/\/portaltela.pt\/api\/wp\/v2\/comments?post=462441"}],"version-history":[{"count":0,"href":"https:\/\/portaltela.pt\/api\/wp\/v2\/posts\/462441\/revisions"}],"wp:featuredmedia":[{"embeddable":true,"href":"https:\/\/portaltela.pt\/api\/wp\/v2\/media\/462447"}],"wp:attachment":[{"href":"https:\/\/portaltela.pt\/api\/wp\/v2\/media?parent=462441"}],"wp:term":[{"taxonomy":"category","embeddable":true,"href":"https:\/\/portaltela.pt\/api\/wp\/v2\/categories?post=462441"},{"taxonomy":"post_tag","embeddable":true,"href":"https:\/\/portaltela.pt\/api\/wp\/v2\/tags?post=462441"}],"curies":[{"name":"wp","href":"https:\/\/api.w.org\/{rel}","templated":true}]}}