{"id":462440,"date":"2026-04-30T10:03:18","date_gmt":"2026-04-30T13:03:18","guid":{"rendered":"https:\/\/portaltela.pt\/noticias\/2026\/04\/30\/bce-ve-riscos-de-inflacao-a-intensificarem-se-e-mantem-juros-em-2\/"},"modified":"2026-04-30T10:03:18","modified_gmt":"2026-04-30T13:03:18","slug":"bce-ve-riscos-de-inflacao-a-intensificarem-se-e-mantem-juros-em-2","status":"publish","type":"post","link":"https:\/\/portaltela.pt\/noticias\/economia\/2026\/04\/30\/bce-ve-riscos-de-inflacao-a-intensificarem-se-e-mantem-juros-em-2\/","title":{"rendered":"BCE v\u00ea riscos de infla\u00e7\u00e3o a intensificarem-se e mant\u00e9m juros em 2%"},"content":{"rendered":"<p>O Banco Central Europeu manteve a taxa de juro de refer\u00eancia nos 2%, ap\u00f3s a reuni\u00e3o do conselho de governadores realizada esta quinta-feira. A decis\u00e3o acompanha a maioria das perspetivas do mercado, que j\u00e1 esperavam a manuten\u00e7\u00e3o.<\/p>\n<p>Os respons\u00e1veis destacaram que os riscos de infla\u00e7\u00e3o aumentaram e o crescimento econ\u00f3mico pode abrandar. A guerra no M\u00e9dio Oriente e o impacto na energia continuam incertos, dependendo da dura\u00e7\u00e3o do conflito e das consequ\u00eancias no pre\u00e7o da energia.<\/p>\n<p>O BCE afirma estar comprometido em manter a infla\u00e7\u00e3o est\u00e1vel a 2% a m\u00e9dio prazo. A incerteza persiste quanto ao desfecho da crise, com impactos potenciais na infla\u00e7\u00e3o e na atividade econ\u00f3mica, que dependem da evolu\u00e7\u00e3o dos pre\u00e7os da energia.<\/p>\n<p>A institui\u00e7\u00e3o observa que a infla\u00e7\u00e3o est\u00e1 pr\u00f3xima de 2% na zona euro e que a economia tem apresentado alguma resili\u00eancia nos \u00faltimos trimestres. Mant\u00e9m, contudo, previs\u00f5es de infla\u00e7\u00e3o de longo prazo, com as perspetivas de curto prazo mais vol\u00e1teis.<\/p>\n<p>O BCE explica que vai monitorizar a situa\u00e7\u00e3o e agir reuni\u00e3o a reuni\u00e3o, baseando decis\u00f5es nas perspectivas de infla\u00e7\u00e3o e nos riscos associados. N\u00e3o se compromete com caminhos espec\u00edficos de pol\u00edtica monet\u00e1ria.<\/p>\n<p>A decis\u00e3o acompanha o alinhamento com bancos centrais como a Reserva Federal e o Banco de Inglaterra, que tamb\u00e9m aguardam desenvolvimentos da guerra no M\u00e9dio Oriente. O impacto no custo da energia pode levar a cen\u00e1rios distintos, potenciando a\u00e7\u00f5es diferentes de pol\u00edtica monet\u00e1ria.<\/p>\n","protected":false},"excerpt":{"rendered":"<ul>\n<li>O BCE manteve a taxa de juro de dep\u00f3sito em 2%, onde est\u00e1 desde junho do ano passado.<\/li>\n<li>Os riscos de infla\u00e7\u00e3o mais elevada e de crescimento mais fraco intensificaram-se, mas o impacto da guerra no M\u00e9dio Oriente continua incerto.<\/li>\n<li>A institui\u00e7\u00e3o decidiu manter a posi\u00e7\u00e3o e monitorizar a situa\u00e7\u00e3o, adotando uma pol\u00edtica \u201creuni\u00e3o a reuni\u00e3o\u201d.<\/li>\n<li>A infla\u00e7\u00e3o de longo prazo mant\u00e9m-se prevista, ainda que as expectativas de curto prazo tenham aumentado.<\/li>\n<li>Outros bancos centrais, como a Reserva Federal e o Banco de Inglaterra, tamb\u00e9m aguardam desenvolvimentos da guerra; o cen\u00e1rio pode exigir consequ\u00eancias diferentes consoante o choque energ\u00e9tico.<\/li>\n<\/ul>\n","protected":false},"author":2,"featured_media":462446,"comment_status":"closed","ping_status":"closed","sticky":false,"template":"","format":"standard","meta":{"footnotes":""},"categories":[2,6850],"tags":[6625,5397,28,174,62,1676],"class_list":["post-462440","post","type-post","status-publish","format-standard","has-post-thumbnail","hentry","category-economia","category-financas","tag-arabia","tag-banco-central-europeu","tag-economia","tag-energia","tag-guerra","tag-inflacao"],"yoast_head":"<!-- This site is optimized with the Yoast SEO plugin v27.2 - https:\/\/yoast.com\/product\/yoast-seo-wordpress\/ -->\n<title>BCE v\u00ea riscos de infla\u00e7\u00e3o a intensificarem-se e mant\u00e9m juros em 2% - Portal Tela Portugal<\/title>\n<meta name=\"robots\" content=\"index, follow, max-snippet:-1, max-image-preview:large, max-video-preview:-1\" \/>\n<meta property=\"og:locale\" content=\"pt_PT\" \/>\n<meta property=\"og:type\" content=\"article\" \/>\n<meta property=\"og:title\" content=\"BCE v\u00ea riscos de infla\u00e7\u00e3o a intensificarem-se e mant\u00e9m juros em 2% - Portal Tela Portugal\" \/>\n<meta property=\"og:description\" content=\"O BCE manteve a taxa de juro de dep\u00f3sito em 2%, onde est\u00e1 desde junho do ano passado. Os riscos de infla\u00e7\u00e3o mais elevada e de crescimento mais fraco intensificaram-se, mas o impacto da guerra no M\u00e9dio Oriente continua incerto. A institui\u00e7\u00e3o decidiu manter a posi\u00e7\u00e3o e monitorizar a situa\u00e7\u00e3o, adotando uma pol\u00edtica \u201creuni\u00e3o a reuni\u00e3o\u201d. A infla\u00e7\u00e3o de longo prazo mant\u00e9m-se prevista, ainda que as expectativas de curto prazo tenham aumentado. Outros bancos centrais, como a Reserva Federal e o Banco de Inglaterra, tamb\u00e9m aguardam desenvolvimentos da guerra; o cen\u00e1rio pode exigir consequ\u00eancias diferentes consoante o choque energ\u00e9tico.\" \/>\n<meta property=\"og:url\" content=\"https:\/\/portaltela.pt\/noticias\/2026\/04\/30\/bce-ve-riscos-de-inflacao-a-intensificarem-se-e-mantem-juros-em-2\/\" \/>\n<meta property=\"og:site_name\" content=\"Portal Tela Portugal\" \/>\n<meta property=\"article:published_time\" content=\"2026-04-30T13:03:18+00:00\" \/>\n<meta name=\"author\" content=\"Telinha\" \/>\n<meta name=\"twitter:card\" content=\"summary_large_image\" \/>\n<meta name=\"twitter:label1\" content=\"Escrito por\" \/>\n\t<meta name=\"twitter:data1\" content=\"Telinha\" \/>\n\t<meta name=\"twitter:label2\" content=\"Tempo estimado de leitura\" \/>\n\t<meta name=\"twitter:data2\" content=\"1 minuto\" \/>\n<script type=\"application\/ld+json\" class=\"yoast-schema-graph\">{\"@context\":\"https:\/\/schema.org\",\"@graph\":[{\"@type\":\"Article\",\"@id\":\"https:\/\/portaltela.pt\/noticias\/2026\/04\/30\/bce-ve-riscos-de-inflacao-a-intensificarem-se-e-mantem-juros-em-2\/#article\",\"isPartOf\":{\"@id\":\"https:\/\/portaltela.pt\/noticias\/2026\/04\/30\/bce-ve-riscos-de-inflacao-a-intensificarem-se-e-mantem-juros-em-2\/\"},\"author\":{\"name\":\"Telinha\",\"@id\":\"https:\/\/portaltela.pt\/#\/schema\/person\/c4278d4a6028830caff9ee44b42d32ed\"},\"headline\":\"BCE v\u00ea riscos de infla\u00e7\u00e3o a intensificarem-se e mant\u00e9m juros em 2%\",\"datePublished\":\"2026-04-30T13:03:18+00:00\",\"mainEntityOfPage\":{\"@id\":\"https:\/\/portaltela.pt\/noticias\/2026\/04\/30\/bce-ve-riscos-de-inflacao-a-intensificarem-se-e-mantem-juros-em-2\/\"},\"wordCount\":284,\"image\":{\"@id\":\"https:\/\/portaltela.pt\/noticias\/2026\/04\/30\/bce-ve-riscos-de-inflacao-a-intensificarem-se-e-mantem-juros-em-2\/#primaryimage\"},\"thumbnailUrl\":\"https:\/\/portaltela.pt\/s.01k8rhncp4jt1\/2026\/04\/2085174.jpg\",\"keywords\":[\"Ar\u00e1bia\",\"Banco Central Europeu\",\"economia\",\"energia\",\"guerra\",\"infla\u00e7\u00e3o\"],\"articleSection\":[\"Economia\",\"Finan\u00e7as\"],\"inLanguage\":\"pt-PT\"},{\"@type\":\"WebPage\",\"@id\":\"https:\/\/portaltela.pt\/noticias\/2026\/04\/30\/bce-ve-riscos-de-inflacao-a-intensificarem-se-e-mantem-juros-em-2\/\",\"url\":\"https:\/\/portaltela.pt\/noticias\/2026\/04\/30\/bce-ve-riscos-de-inflacao-a-intensificarem-se-e-mantem-juros-em-2\/\",\"name\":\"BCE v\u00ea riscos de infla\u00e7\u00e3o a intensificarem-se e mant\u00e9m juros em 2% - Portal Tela Portugal\",\"isPartOf\":{\"@id\":\"https:\/\/portaltela.pt\/#website\"},\"primaryImageOfPage\":{\"@id\":\"https:\/\/portaltela.pt\/noticias\/2026\/04\/30\/bce-ve-riscos-de-inflacao-a-intensificarem-se-e-mantem-juros-em-2\/#primaryimage\"},\"image\":{\"@id\":\"https:\/\/portaltela.pt\/noticias\/2026\/04\/30\/bce-ve-riscos-de-inflacao-a-intensificarem-se-e-mantem-juros-em-2\/#primaryimage\"},\"thumbnailUrl\":\"https:\/\/portaltela.pt\/s.01k8rhncp4jt1\/2026\/04\/2085174.jpg\",\"datePublished\":\"2026-04-30T13:03:18+00:00\",\"author\":{\"@id\":\"https:\/\/portaltela.pt\/#\/schema\/person\/c4278d4a6028830caff9ee44b42d32ed\"},\"breadcrumb\":{\"@id\":\"https:\/\/portaltela.pt\/noticias\/2026\/04\/30\/bce-ve-riscos-de-inflacao-a-intensificarem-se-e-mantem-juros-em-2\/#breadcrumb\"},\"inLanguage\":\"pt-PT\",\"potentialAction\":[{\"@type\":\"ReadAction\",\"target\":[\"https:\/\/portaltela.pt\/noticias\/2026\/04\/30\/bce-ve-riscos-de-inflacao-a-intensificarem-se-e-mantem-juros-em-2\/\"]}]},{\"@type\":\"ImageObject\",\"inLanguage\":\"pt-PT\",\"@id\":\"https:\/\/portaltela.pt\/noticias\/2026\/04\/30\/bce-ve-riscos-de-inflacao-a-intensificarem-se-e-mantem-juros-em-2\/#primaryimage\",\"url\":\"https:\/\/portaltela.pt\/s.01k8rhncp4jt1\/2026\/04\/2085174.jpg\",\"contentUrl\":\"https:\/\/portaltela.pt\/s.01k8rhncp4jt1\/2026\/04\/2085174.jpg\",\"width\":796,\"height\":448,\"caption\":\"Christine Lagarde, presidente do BCE\"},{\"@type\":\"BreadcrumbList\",\"@id\":\"https:\/\/portaltela.pt\/noticias\/2026\/04\/30\/bce-ve-riscos-de-inflacao-a-intensificarem-se-e-mantem-juros-em-2\/#breadcrumb\",\"itemListElement\":[{\"@type\":\"ListItem\",\"position\":1,\"name\":\"In\u00edcio\",\"item\":\"https:\/\/portaltela.pt\/\"},{\"@type\":\"ListItem\",\"position\":2,\"name\":\"BCE v\u00ea riscos de infla\u00e7\u00e3o a intensificarem-se e mant\u00e9m juros em 2%\"}]},{\"@type\":\"WebSite\",\"@id\":\"https:\/\/portaltela.pt\/#website\",\"url\":\"https:\/\/portaltela.pt\/\",\"name\":\"Portal Tela Portugal\",\"description\":\"\",\"potentialAction\":[{\"@type\":\"SearchAction\",\"target\":{\"@type\":\"EntryPoint\",\"urlTemplate\":\"https:\/\/portaltela.pt\/?s={search_term_string}\"},\"query-input\":{\"@type\":\"PropertyValueSpecification\",\"valueRequired\":true,\"valueName\":\"search_term_string\"}}],\"inLanguage\":\"pt-PT\"},{\"@type\":\"Person\",\"@id\":\"https:\/\/portaltela.pt\/#\/schema\/person\/c4278d4a6028830caff9ee44b42d32ed\",\"name\":\"Telinha\",\"image\":{\"@type\":\"ImageObject\",\"inLanguage\":\"pt-PT\",\"@id\":\"https:\/\/portaltela.pt\/s.01k8rhncp4jt1\/2025\/11\/talking-bot-125x125.png\",\"url\":\"https:\/\/portaltela.pt\/s.01k8rhncp4jt1\/2025\/11\/talking-bot-125x125.png\",\"contentUrl\":\"https:\/\/portaltela.pt\/s.01k8rhncp4jt1\/2025\/11\/talking-bot-125x125.png\",\"caption\":\"Telinha\"},\"sameAs\":[\"https:\/\/portaltela.pt\/\"],\"url\":\"https:\/\/portaltela.pt\/por\/367410592786\/\"}]}<\/script>\n<!-- \/ Yoast SEO plugin. -->","yoast_head_json":{"title":"BCE v\u00ea riscos de infla\u00e7\u00e3o a intensificarem-se e mant\u00e9m juros em 2% - Portal Tela Portugal","robots":{"index":"index","follow":"follow","max-snippet":"max-snippet:-1","max-image-preview":"max-image-preview:large","max-video-preview":"max-video-preview:-1"},"og_locale":"pt_PT","og_type":"article","og_title":"BCE v\u00ea riscos de infla\u00e7\u00e3o a intensificarem-se e mant\u00e9m juros em 2% - Portal Tela Portugal","og_description":"O BCE manteve a taxa de juro de dep\u00f3sito em 2%, onde est\u00e1 desde junho do ano passado. Os riscos de infla\u00e7\u00e3o mais elevada e de crescimento mais fraco intensificaram-se, mas o impacto da guerra no M\u00e9dio Oriente continua incerto. A institui\u00e7\u00e3o decidiu manter a posi\u00e7\u00e3o e monitorizar a situa\u00e7\u00e3o, adotando uma pol\u00edtica \u201creuni\u00e3o a reuni\u00e3o\u201d. A infla\u00e7\u00e3o de longo prazo mant\u00e9m-se prevista, ainda que as expectativas de curto prazo tenham aumentado. Outros bancos centrais, como a Reserva Federal e o Banco de Inglaterra, tamb\u00e9m aguardam desenvolvimentos da guerra; o cen\u00e1rio pode exigir consequ\u00eancias diferentes consoante o choque energ\u00e9tico.","og_url":"https:\/\/portaltela.pt\/noticias\/2026\/04\/30\/bce-ve-riscos-de-inflacao-a-intensificarem-se-e-mantem-juros-em-2\/","og_site_name":"Portal Tela Portugal","article_published_time":"2026-04-30T13:03:18+00:00","author":"Telinha","twitter_card":"summary_large_image","twitter_misc":{"Escrito por":"Telinha","Tempo estimado de leitura":"1 minuto"},"schema":{"@context":"https:\/\/schema.org","@graph":[{"@type":"Article","@id":"https:\/\/portaltela.pt\/noticias\/2026\/04\/30\/bce-ve-riscos-de-inflacao-a-intensificarem-se-e-mantem-juros-em-2\/#article","isPartOf":{"@id":"https:\/\/portaltela.pt\/noticias\/2026\/04\/30\/bce-ve-riscos-de-inflacao-a-intensificarem-se-e-mantem-juros-em-2\/"},"author":{"name":"Telinha","@id":"https:\/\/portaltela.pt\/#\/schema\/person\/c4278d4a6028830caff9ee44b42d32ed"},"headline":"BCE v\u00ea riscos de infla\u00e7\u00e3o a intensificarem-se e mant\u00e9m juros em 2%","datePublished":"2026-04-30T13:03:18+00:00","mainEntityOfPage":{"@id":"https:\/\/portaltela.pt\/noticias\/2026\/04\/30\/bce-ve-riscos-de-inflacao-a-intensificarem-se-e-mantem-juros-em-2\/"},"wordCount":284,"image":{"@id":"https:\/\/portaltela.pt\/noticias\/2026\/04\/30\/bce-ve-riscos-de-inflacao-a-intensificarem-se-e-mantem-juros-em-2\/#primaryimage"},"thumbnailUrl":"https:\/\/portaltela.pt\/s.01k8rhncp4jt1\/2026\/04\/2085174.jpg","keywords":["Ar\u00e1bia","Banco Central Europeu","economia","energia","guerra","infla\u00e7\u00e3o"],"articleSection":["Economia","Finan\u00e7as"],"inLanguage":"pt-PT"},{"@type":"WebPage","@id":"https:\/\/portaltela.pt\/noticias\/2026\/04\/30\/bce-ve-riscos-de-inflacao-a-intensificarem-se-e-mantem-juros-em-2\/","url":"https:\/\/portaltela.pt\/noticias\/2026\/04\/30\/bce-ve-riscos-de-inflacao-a-intensificarem-se-e-mantem-juros-em-2\/","name":"BCE v\u00ea riscos de infla\u00e7\u00e3o a intensificarem-se e mant\u00e9m juros em 2% - Portal Tela Portugal","isPartOf":{"@id":"https:\/\/portaltela.pt\/#website"},"primaryImageOfPage":{"@id":"https:\/\/portaltela.pt\/noticias\/2026\/04\/30\/bce-ve-riscos-de-inflacao-a-intensificarem-se-e-mantem-juros-em-2\/#primaryimage"},"image":{"@id":"https:\/\/portaltela.pt\/noticias\/2026\/04\/30\/bce-ve-riscos-de-inflacao-a-intensificarem-se-e-mantem-juros-em-2\/#primaryimage"},"thumbnailUrl":"https:\/\/portaltela.pt\/s.01k8rhncp4jt1\/2026\/04\/2085174.jpg","datePublished":"2026-04-30T13:03:18+00:00","author":{"@id":"https:\/\/portaltela.pt\/#\/schema\/person\/c4278d4a6028830caff9ee44b42d32ed"},"breadcrumb":{"@id":"https:\/\/portaltela.pt\/noticias\/2026\/04\/30\/bce-ve-riscos-de-inflacao-a-intensificarem-se-e-mantem-juros-em-2\/#breadcrumb"},"inLanguage":"pt-PT","potentialAction":[{"@type":"ReadAction","target":["https:\/\/portaltela.pt\/noticias\/2026\/04\/30\/bce-ve-riscos-de-inflacao-a-intensificarem-se-e-mantem-juros-em-2\/"]}]},{"@type":"ImageObject","inLanguage":"pt-PT","@id":"https:\/\/portaltela.pt\/noticias\/2026\/04\/30\/bce-ve-riscos-de-inflacao-a-intensificarem-se-e-mantem-juros-em-2\/#primaryimage","url":"https:\/\/portaltela.pt\/s.01k8rhncp4jt1\/2026\/04\/2085174.jpg","contentUrl":"https:\/\/portaltela.pt\/s.01k8rhncp4jt1\/2026\/04\/2085174.jpg","width":796,"height":448,"caption":"Christine Lagarde, presidente do BCE"},{"@type":"BreadcrumbList","@id":"https:\/\/portaltela.pt\/noticias\/2026\/04\/30\/bce-ve-riscos-de-inflacao-a-intensificarem-se-e-mantem-juros-em-2\/#breadcrumb","itemListElement":[{"@type":"ListItem","position":1,"name":"In\u00edcio","item":"https:\/\/portaltela.pt\/"},{"@type":"ListItem","position":2,"name":"BCE v\u00ea riscos de infla\u00e7\u00e3o a intensificarem-se e mant\u00e9m juros em 2%"}]},{"@type":"WebSite","@id":"https:\/\/portaltela.pt\/#website","url":"https:\/\/portaltela.pt\/","name":"Portal Tela Portugal","description":"","potentialAction":[{"@type":"SearchAction","target":{"@type":"EntryPoint","urlTemplate":"https:\/\/portaltela.pt\/?s={search_term_string}"},"query-input":{"@type":"PropertyValueSpecification","valueRequired":true,"valueName":"search_term_string"}}],"inLanguage":"pt-PT"},{"@type":"Person","@id":"https:\/\/portaltela.pt\/#\/schema\/person\/c4278d4a6028830caff9ee44b42d32ed","name":"Telinha","image":{"@type":"ImageObject","inLanguage":"pt-PT","@id":"https:\/\/portaltela.pt\/s.01k8rhncp4jt1\/2025\/11\/talking-bot-125x125.png","url":"https:\/\/portaltela.pt\/s.01k8rhncp4jt1\/2025\/11\/talking-bot-125x125.png","contentUrl":"https:\/\/portaltela.pt\/s.01k8rhncp4jt1\/2025\/11\/talking-bot-125x125.png","caption":"Telinha"},"sameAs":["https:\/\/portaltela.pt\/"],"url":"https:\/\/portaltela.pt\/por\/367410592786\/"}]}},"_links":{"self":[{"href":"https:\/\/portaltela.pt\/api\/wp\/v2\/posts\/462440","targetHints":{"allow":["GET"]}}],"collection":[{"href":"https:\/\/portaltela.pt\/api\/wp\/v2\/posts"}],"about":[{"href":"https:\/\/portaltela.pt\/api\/wp\/v2\/types\/post"}],"author":[{"embeddable":true,"href":"https:\/\/portaltela.pt\/api\/wp\/v2\/users\/2"}],"replies":[{"embeddable":true,"href":"https:\/\/portaltela.pt\/api\/wp\/v2\/comments?post=462440"}],"version-history":[{"count":0,"href":"https:\/\/portaltela.pt\/api\/wp\/v2\/posts\/462440\/revisions"}],"wp:featuredmedia":[{"embeddable":true,"href":"https:\/\/portaltela.pt\/api\/wp\/v2\/media\/462446"}],"wp:attachment":[{"href":"https:\/\/portaltela.pt\/api\/wp\/v2\/media?parent=462440"}],"wp:term":[{"taxonomy":"category","embeddable":true,"href":"https:\/\/portaltela.pt\/api\/wp\/v2\/categories?post=462440"},{"taxonomy":"post_tag","embeddable":true,"href":"https:\/\/portaltela.pt\/api\/wp\/v2\/tags?post=462440"}],"curies":[{"name":"wp","href":"https:\/\/api.w.org\/{rel}","templated":true}]}}