{"id":462435,"date":"2026-04-30T09:48:39","date_gmt":"2026-04-30T12:48:39","guid":{"rendered":"https:\/\/portaltela.pt\/noticias\/2026\/04\/30\/palmeiras-e-flamengo-empatam-em-jogos-fora-na-taca-dos-libertadores\/"},"modified":"2026-04-30T09:48:39","modified_gmt":"2026-04-30T12:48:39","slug":"palmeiras-e-flamengo-empatam-em-jogos-fora-na-taca-dos-libertadores","status":"publish","type":"post","link":"https:\/\/portaltela.pt\/desporto\/futebol\/2026\/04\/30\/palmeiras-e-flamengo-empatam-em-jogos-fora-na-taca-dos-libertadores\/","title":{"rendered":"Palmeiras e Flamengo empatam em jogos fora na Ta\u00e7a dos Libertadores"},"content":{"rendered":"<p>O Palmeiras de Abel Ferreira e o Flamengo de Leonardo Jardim empataram fora de casa, na terceira jornada da Ta\u00e7a dos Libertadores. O Palmeiras jogou em Assun\u00e7\u00e3o contra o Cerro Porteno, enquanto o Flamengo enfrentou o Estudiantes, em La Plata. O resultado manteve as posi\u00e7\u00f5es do grupo, com ambas as equipas a somar pontos importantes.<\/p>\n<p>Em Assun\u00e7\u00e3o, o Cerro Porteno recortou o campo para 64 metros de largura, o m\u00ednimo permitido para encontros internacionais, o que afetou o jogo do Verd\u00e3o. O conjunto brasileiro abriu o marcador aos 33 minutos, com golo de Jhon Arias. Na segunda parte, o Cerro empatou aos 77, ap\u00f3s a bola bater no poste e seguir para as costas do guarda-redes Carlos Miguel.<\/p>\n<p>No outro jogo da jornada, o Flamengo tamb\u00e9m vencia, por interm\u00e9dio de Luiz Ara\u00fajo aos 33 minutos, mas Carrillo empatou aos 55. Durante o encontro, os treinadores Alexander Medina e Leonardo Jardim foram expulsos. Horas depois, Arrascaeta sofreu uma fratura na clav\u00edcula e foi operado, situa\u00e7\u00e3o que o diretor do Flamengo, Jos\u00e9 Botelho, descreveu como uma consequ\u00eancia de uma \u201cguerra\u201d no terreno.<\/p>\n<p>Ap\u00f3s tr\u00eas partidas, o Palmeiras ocupa o segundo lugar do grupo F, com cinco pontos, um a menos que o l\u00edder Sporting Cristal e um acima do Cerro Porteno. O Flamengo lidera o grupo A com sete pontos, dois acima do Estudiantes.<\/p>\n<h3>Ta\u00e7a Sul-Americana<\/h3>\n<p>Na Ta\u00e7a Sul-Americana, o Gr\u00eamio, treinado por Lu\u00eds Castro, empatou sem golos na visita ao Palestino. Os chilenos jogaram com um jogador a menos a partir dos 87 minutos. O nulo deixa o Gr\u00eamio na terceira posi\u00e7\u00e3o do grupo F, com quatro pontos, empatado com o segundo colocado Deportivo Riestra e a dois do Montevideo City Torque.<\/p>\n","protected":false},"excerpt":{"rendered":"<ul>\n<li>Palmeiras, de Abel Ferreira, e Flamengo, de Leonardo Jardim, empataram fora na Ta\u00e7a dos Libertadores: o Palmeiras diante do Cerro Porteno em Assun\u00e7\u00e3o e o Flamengo frente ao Estudiantes, na Argentina.<\/li>\n<li>No jogo no Paraguai, o Palmeiras adiantou-se aos 33 minutos com golo de Jhon Arias; o Cerro Porteno empatou aos 77, ap\u00f3s a bola bater no poste junto ao guarda-redes Carlos Miguel.<\/li>\n<li>Em Assun\u00e7\u00e3o, o Cerro Porteno encurtou o campo para 64 metros de largura, o m\u00ednimo permitido para jogos internacionais, o que gerou cr\u00edticas do treinador do Palmeiras.<\/li>\n<li>Em La Plata, o Flamengo abriu o marcador com Luiz Araujo aos 33, mas Carrillo empatou aos 55; expuls\u00f5es de Alexander Medina e Leonardo Jardim marcaram o encontro.<\/li>\n<li>Arrascaeta ficou de fora com fratura na clav\u00edcula e foi operado; o Palmeiras \u00e9 segundo do grupo F com cinco pontos, um atr\u00e1s do Sporting Cristal e mais um que o Cerro Porteno, enquanto o Flamengo lidera o grupo A com sete pontos, dois acima dos Estudiantes; o Gr\u00eamio, na Ta\u00e7a Sul-Americana, empatou sem golos com Palestino e segue em terceiro no grupo F com quatro pontos.<\/li>\n<\/ul>\n","protected":false},"author":2,"featured_media":462436,"comment_status":"closed","ping_status":"closed","sticky":false,"template":"","format":"standard","meta":{"footnotes":""},"categories":[21,24],"tags":[1367,2463,2681,32,6693,3338],"class_list":["post-462435","post","type-post","status-publish","format-standard","has-post-thumbnail","hentry","category-desporto","category-futebol","tag-clubes","tag-competicao-internacional","tag-desporto-internacional","tag-futebol","tag-futebol-brasileiro","tag-futebol-internacional"],"yoast_head":"<!-- This site is optimized with the Yoast SEO plugin v27.2 - https:\/\/yoast.com\/product\/yoast-seo-wordpress\/ -->\n<title>Palmeiras e Flamengo empatam em jogos fora na Ta\u00e7a dos Libertadores - Portal Tela Portugal<\/title>\n<meta name=\"robots\" content=\"index, follow, max-snippet:-1, max-image-preview:large, max-video-preview:-1\" \/>\n<meta property=\"og:locale\" content=\"pt_PT\" \/>\n<meta property=\"og:type\" content=\"article\" \/>\n<meta property=\"og:title\" content=\"Palmeiras e Flamengo empatam em jogos fora na Ta\u00e7a dos Libertadores - Portal Tela Portugal\" \/>\n<meta property=\"og:description\" content=\"Palmeiras, de Abel Ferreira, e Flamengo, de Leonardo Jardim, empataram fora na Ta\u00e7a dos Libertadores: o Palmeiras diante do Cerro Porteno em Assun\u00e7\u00e3o e o Flamengo frente ao Estudiantes, na Argentina. No jogo no Paraguai, o Palmeiras adiantou-se aos 33 minutos com golo de Jhon Arias; o Cerro Porteno empatou aos 77, ap\u00f3s a bola bater no poste junto ao guarda-redes Carlos Miguel. Em Assun\u00e7\u00e3o, o Cerro Porteno encurtou o campo para 64 metros de largura, o m\u00ednimo permitido para jogos internacionais, o que gerou cr\u00edticas do treinador do Palmeiras. Em La Plata, o Flamengo abriu o marcador com Luiz Araujo aos 33, mas Carrillo empatou aos 55; expuls\u00f5es de Alexander Medina e Leonardo Jardim marcaram o encontro. Arrascaeta ficou de fora com fratura na clav\u00edcula e foi operado; o Palmeiras \u00e9 segundo do grupo F com cinco pontos, um atr\u00e1s do Sporting Cristal e mais um que o Cerro Porteno, enquanto o Flamengo lidera o grupo A com sete pontos, dois acima dos Estudiantes; o Gr\u00eamio, na Ta\u00e7a Sul-Americana, empatou sem golos com Palestino e segue em terceiro no grupo F com quatro pontos.\" \/>\n<meta property=\"og:url\" content=\"https:\/\/portaltela.pt\/noticias\/2026\/04\/30\/palmeiras-e-flamengo-empatam-em-jogos-fora-na-taca-dos-libertadores\/\" \/>\n<meta property=\"og:site_name\" content=\"Portal Tela Portugal\" \/>\n<meta property=\"article:published_time\" content=\"2026-04-30T12:48:39+00:00\" \/>\n<meta name=\"author\" content=\"Telinha\" \/>\n<meta name=\"twitter:card\" content=\"summary_large_image\" \/>\n<meta name=\"twitter:label1\" content=\"Escrito por\" \/>\n\t<meta name=\"twitter:data1\" content=\"Telinha\" \/>\n\t<meta name=\"twitter:label2\" content=\"Tempo estimado de leitura\" \/>\n\t<meta name=\"twitter:data2\" content=\"1 minuto\" \/>\n<script type=\"application\/ld+json\" class=\"yoast-schema-graph\">{\"@context\":\"https:\/\/schema.org\",\"@graph\":[{\"@type\":\"Article\",\"@id\":\"https:\/\/portaltela.pt\/noticias\/2026\/04\/30\/palmeiras-e-flamengo-empatam-em-jogos-fora-na-taca-dos-libertadores\/#article\",\"isPartOf\":{\"@id\":\"https:\/\/portaltela.pt\/noticias\/2026\/04\/30\/palmeiras-e-flamengo-empatam-em-jogos-fora-na-taca-dos-libertadores\/\"},\"author\":{\"name\":\"Telinha\",\"@id\":\"https:\/\/portaltela.pt\/#\/schema\/person\/c4278d4a6028830caff9ee44b42d32ed\"},\"headline\":\"Palmeiras e Flamengo empatam em jogos fora na Ta\u00e7a dos Libertadores\",\"datePublished\":\"2026-04-30T12:48:39+00:00\",\"mainEntityOfPage\":{\"@id\":\"https:\/\/portaltela.pt\/noticias\/2026\/04\/30\/palmeiras-e-flamengo-empatam-em-jogos-fora-na-taca-dos-libertadores\/\"},\"wordCount\":309,\"image\":{\"@id\":\"https:\/\/portaltela.pt\/noticias\/2026\/04\/30\/palmeiras-e-flamengo-empatam-em-jogos-fora-na-taca-dos-libertadores\/#primaryimage\"},\"thumbnailUrl\":\"https:\/\/portaltela.pt\/s.01k8rhncp4jt1\/2026\/04\/image-1719.jpg\",\"keywords\":[\"clubes\",\"competi\u00e7\u00e3o internacional\",\"desporto internacional\",\"futebol\",\"futebol brasileiro\",\"futebol internacional\"],\"articleSection\":[\"Desporto\",\"Futebol\"],\"inLanguage\":\"pt-PT\"},{\"@type\":\"WebPage\",\"@id\":\"https:\/\/portaltela.pt\/noticias\/2026\/04\/30\/palmeiras-e-flamengo-empatam-em-jogos-fora-na-taca-dos-libertadores\/\",\"url\":\"https:\/\/portaltela.pt\/noticias\/2026\/04\/30\/palmeiras-e-flamengo-empatam-em-jogos-fora-na-taca-dos-libertadores\/\",\"name\":\"Palmeiras e Flamengo empatam em jogos fora na Ta\u00e7a dos Libertadores - Portal Tela Portugal\",\"isPartOf\":{\"@id\":\"https:\/\/portaltela.pt\/#website\"},\"primaryImageOfPage\":{\"@id\":\"https:\/\/portaltela.pt\/noticias\/2026\/04\/30\/palmeiras-e-flamengo-empatam-em-jogos-fora-na-taca-dos-libertadores\/#primaryimage\"},\"image\":{\"@id\":\"https:\/\/portaltela.pt\/noticias\/2026\/04\/30\/palmeiras-e-flamengo-empatam-em-jogos-fora-na-taca-dos-libertadores\/#primaryimage\"},\"thumbnailUrl\":\"https:\/\/portaltela.pt\/s.01k8rhncp4jt1\/2026\/04\/image-1719.jpg\",\"datePublished\":\"2026-04-30T12:48:39+00:00\",\"author\":{\"@id\":\"https:\/\/portaltela.pt\/#\/schema\/person\/c4278d4a6028830caff9ee44b42d32ed\"},\"breadcrumb\":{\"@id\":\"https:\/\/portaltela.pt\/noticias\/2026\/04\/30\/palmeiras-e-flamengo-empatam-em-jogos-fora-na-taca-dos-libertadores\/#breadcrumb\"},\"inLanguage\":\"pt-PT\",\"potentialAction\":[{\"@type\":\"ReadAction\",\"target\":[\"https:\/\/portaltela.pt\/noticias\/2026\/04\/30\/palmeiras-e-flamengo-empatam-em-jogos-fora-na-taca-dos-libertadores\/\"]}]},{\"@type\":\"ImageObject\",\"inLanguage\":\"pt-PT\",\"@id\":\"https:\/\/portaltela.pt\/noticias\/2026\/04\/30\/palmeiras-e-flamengo-empatam-em-jogos-fora-na-taca-dos-libertadores\/#primaryimage\",\"url\":\"https:\/\/portaltela.pt\/s.01k8rhncp4jt1\/2026\/04\/image-1719.jpg\",\"contentUrl\":\"https:\/\/portaltela.pt\/s.01k8rhncp4jt1\/2026\/04\/image-1719.jpg\",\"width\":796,\"height\":448,\"caption\":\"Jogo do Palmeiras com pol\u00e9mica \u00e0 mistura\"},{\"@type\":\"BreadcrumbList\",\"@id\":\"https:\/\/portaltela.pt\/noticias\/2026\/04\/30\/palmeiras-e-flamengo-empatam-em-jogos-fora-na-taca-dos-libertadores\/#breadcrumb\",\"itemListElement\":[{\"@type\":\"ListItem\",\"position\":1,\"name\":\"In\u00edcio\",\"item\":\"https:\/\/portaltela.pt\/\"},{\"@type\":\"ListItem\",\"position\":2,\"name\":\"Palmeiras e Flamengo empatam em jogos fora na Ta\u00e7a dos Libertadores\"}]},{\"@type\":\"WebSite\",\"@id\":\"https:\/\/portaltela.pt\/#website\",\"url\":\"https:\/\/portaltela.pt\/\",\"name\":\"Portal Tela Portugal\",\"description\":\"\",\"potentialAction\":[{\"@type\":\"SearchAction\",\"target\":{\"@type\":\"EntryPoint\",\"urlTemplate\":\"https:\/\/portaltela.pt\/?s={search_term_string}\"},\"query-input\":{\"@type\":\"PropertyValueSpecification\",\"valueRequired\":true,\"valueName\":\"search_term_string\"}}],\"inLanguage\":\"pt-PT\"},{\"@type\":\"Person\",\"@id\":\"https:\/\/portaltela.pt\/#\/schema\/person\/c4278d4a6028830caff9ee44b42d32ed\",\"name\":\"Telinha\",\"image\":{\"@type\":\"ImageObject\",\"inLanguage\":\"pt-PT\",\"@id\":\"https:\/\/portaltela.pt\/s.01k8rhncp4jt1\/2025\/11\/talking-bot-125x125.png\",\"url\":\"https:\/\/portaltela.pt\/s.01k8rhncp4jt1\/2025\/11\/talking-bot-125x125.png\",\"contentUrl\":\"https:\/\/portaltela.pt\/s.01k8rhncp4jt1\/2025\/11\/talking-bot-125x125.png\",\"caption\":\"Telinha\"},\"sameAs\":[\"https:\/\/portaltela.pt\/\"],\"url\":\"https:\/\/portaltela.pt\/por\/367410592786\/\"}]}<\/script>\n<!-- \/ Yoast SEO plugin. -->","yoast_head_json":{"title":"Palmeiras e Flamengo empatam em jogos fora na Ta\u00e7a dos Libertadores - Portal Tela Portugal","robots":{"index":"index","follow":"follow","max-snippet":"max-snippet:-1","max-image-preview":"max-image-preview:large","max-video-preview":"max-video-preview:-1"},"og_locale":"pt_PT","og_type":"article","og_title":"Palmeiras e Flamengo empatam em jogos fora na Ta\u00e7a dos Libertadores - Portal Tela Portugal","og_description":"Palmeiras, de Abel Ferreira, e Flamengo, de Leonardo Jardim, empataram fora na Ta\u00e7a dos Libertadores: o Palmeiras diante do Cerro Porteno em Assun\u00e7\u00e3o e o Flamengo frente ao Estudiantes, na Argentina. No jogo no Paraguai, o Palmeiras adiantou-se aos 33 minutos com golo de Jhon Arias; o Cerro Porteno empatou aos 77, ap\u00f3s a bola bater no poste junto ao guarda-redes Carlos Miguel. Em Assun\u00e7\u00e3o, o Cerro Porteno encurtou o campo para 64 metros de largura, o m\u00ednimo permitido para jogos internacionais, o que gerou cr\u00edticas do treinador do Palmeiras. Em La Plata, o Flamengo abriu o marcador com Luiz Araujo aos 33, mas Carrillo empatou aos 55; expuls\u00f5es de Alexander Medina e Leonardo Jardim marcaram o encontro. Arrascaeta ficou de fora com fratura na clav\u00edcula e foi operado; o Palmeiras \u00e9 segundo do grupo F com cinco pontos, um atr\u00e1s do Sporting Cristal e mais um que o Cerro Porteno, enquanto o Flamengo lidera o grupo A com sete pontos, dois acima dos Estudiantes; o Gr\u00eamio, na Ta\u00e7a Sul-Americana, empatou sem golos com Palestino e segue em terceiro no grupo F com quatro pontos.","og_url":"https:\/\/portaltela.pt\/noticias\/2026\/04\/30\/palmeiras-e-flamengo-empatam-em-jogos-fora-na-taca-dos-libertadores\/","og_site_name":"Portal Tela Portugal","article_published_time":"2026-04-30T12:48:39+00:00","author":"Telinha","twitter_card":"summary_large_image","twitter_misc":{"Escrito por":"Telinha","Tempo estimado de leitura":"1 minuto"},"schema":{"@context":"https:\/\/schema.org","@graph":[{"@type":"Article","@id":"https:\/\/portaltela.pt\/noticias\/2026\/04\/30\/palmeiras-e-flamengo-empatam-em-jogos-fora-na-taca-dos-libertadores\/#article","isPartOf":{"@id":"https:\/\/portaltela.pt\/noticias\/2026\/04\/30\/palmeiras-e-flamengo-empatam-em-jogos-fora-na-taca-dos-libertadores\/"},"author":{"name":"Telinha","@id":"https:\/\/portaltela.pt\/#\/schema\/person\/c4278d4a6028830caff9ee44b42d32ed"},"headline":"Palmeiras e Flamengo empatam em jogos fora na Ta\u00e7a dos Libertadores","datePublished":"2026-04-30T12:48:39+00:00","mainEntityOfPage":{"@id":"https:\/\/portaltela.pt\/noticias\/2026\/04\/30\/palmeiras-e-flamengo-empatam-em-jogos-fora-na-taca-dos-libertadores\/"},"wordCount":309,"image":{"@id":"https:\/\/portaltela.pt\/noticias\/2026\/04\/30\/palmeiras-e-flamengo-empatam-em-jogos-fora-na-taca-dos-libertadores\/#primaryimage"},"thumbnailUrl":"https:\/\/portaltela.pt\/s.01k8rhncp4jt1\/2026\/04\/image-1719.jpg","keywords":["clubes","competi\u00e7\u00e3o internacional","desporto internacional","futebol","futebol brasileiro","futebol internacional"],"articleSection":["Desporto","Futebol"],"inLanguage":"pt-PT"},{"@type":"WebPage","@id":"https:\/\/portaltela.pt\/noticias\/2026\/04\/30\/palmeiras-e-flamengo-empatam-em-jogos-fora-na-taca-dos-libertadores\/","url":"https:\/\/portaltela.pt\/noticias\/2026\/04\/30\/palmeiras-e-flamengo-empatam-em-jogos-fora-na-taca-dos-libertadores\/","name":"Palmeiras e Flamengo empatam em jogos fora na Ta\u00e7a dos Libertadores - Portal Tela Portugal","isPartOf":{"@id":"https:\/\/portaltela.pt\/#website"},"primaryImageOfPage":{"@id":"https:\/\/portaltela.pt\/noticias\/2026\/04\/30\/palmeiras-e-flamengo-empatam-em-jogos-fora-na-taca-dos-libertadores\/#primaryimage"},"image":{"@id":"https:\/\/portaltela.pt\/noticias\/2026\/04\/30\/palmeiras-e-flamengo-empatam-em-jogos-fora-na-taca-dos-libertadores\/#primaryimage"},"thumbnailUrl":"https:\/\/portaltela.pt\/s.01k8rhncp4jt1\/2026\/04\/image-1719.jpg","datePublished":"2026-04-30T12:48:39+00:00","author":{"@id":"https:\/\/portaltela.pt\/#\/schema\/person\/c4278d4a6028830caff9ee44b42d32ed"},"breadcrumb":{"@id":"https:\/\/portaltela.pt\/noticias\/2026\/04\/30\/palmeiras-e-flamengo-empatam-em-jogos-fora-na-taca-dos-libertadores\/#breadcrumb"},"inLanguage":"pt-PT","potentialAction":[{"@type":"ReadAction","target":["https:\/\/portaltela.pt\/noticias\/2026\/04\/30\/palmeiras-e-flamengo-empatam-em-jogos-fora-na-taca-dos-libertadores\/"]}]},{"@type":"ImageObject","inLanguage":"pt-PT","@id":"https:\/\/portaltela.pt\/noticias\/2026\/04\/30\/palmeiras-e-flamengo-empatam-em-jogos-fora-na-taca-dos-libertadores\/#primaryimage","url":"https:\/\/portaltela.pt\/s.01k8rhncp4jt1\/2026\/04\/image-1719.jpg","contentUrl":"https:\/\/portaltela.pt\/s.01k8rhncp4jt1\/2026\/04\/image-1719.jpg","width":796,"height":448,"caption":"Jogo do Palmeiras com pol\u00e9mica \u00e0 mistura"},{"@type":"BreadcrumbList","@id":"https:\/\/portaltela.pt\/noticias\/2026\/04\/30\/palmeiras-e-flamengo-empatam-em-jogos-fora-na-taca-dos-libertadores\/#breadcrumb","itemListElement":[{"@type":"ListItem","position":1,"name":"In\u00edcio","item":"https:\/\/portaltela.pt\/"},{"@type":"ListItem","position":2,"name":"Palmeiras e Flamengo empatam em jogos fora na Ta\u00e7a dos Libertadores"}]},{"@type":"WebSite","@id":"https:\/\/portaltela.pt\/#website","url":"https:\/\/portaltela.pt\/","name":"Portal Tela Portugal","description":"","potentialAction":[{"@type":"SearchAction","target":{"@type":"EntryPoint","urlTemplate":"https:\/\/portaltela.pt\/?s={search_term_string}"},"query-input":{"@type":"PropertyValueSpecification","valueRequired":true,"valueName":"search_term_string"}}],"inLanguage":"pt-PT"},{"@type":"Person","@id":"https:\/\/portaltela.pt\/#\/schema\/person\/c4278d4a6028830caff9ee44b42d32ed","name":"Telinha","image":{"@type":"ImageObject","inLanguage":"pt-PT","@id":"https:\/\/portaltela.pt\/s.01k8rhncp4jt1\/2025\/11\/talking-bot-125x125.png","url":"https:\/\/portaltela.pt\/s.01k8rhncp4jt1\/2025\/11\/talking-bot-125x125.png","contentUrl":"https:\/\/portaltela.pt\/s.01k8rhncp4jt1\/2025\/11\/talking-bot-125x125.png","caption":"Telinha"},"sameAs":["https:\/\/portaltela.pt\/"],"url":"https:\/\/portaltela.pt\/por\/367410592786\/"}]}},"_links":{"self":[{"href":"https:\/\/portaltela.pt\/api\/wp\/v2\/posts\/462435","targetHints":{"allow":["GET"]}}],"collection":[{"href":"https:\/\/portaltela.pt\/api\/wp\/v2\/posts"}],"about":[{"href":"https:\/\/portaltela.pt\/api\/wp\/v2\/types\/post"}],"author":[{"embeddable":true,"href":"https:\/\/portaltela.pt\/api\/wp\/v2\/users\/2"}],"replies":[{"embeddable":true,"href":"https:\/\/portaltela.pt\/api\/wp\/v2\/comments?post=462435"}],"version-history":[{"count":0,"href":"https:\/\/portaltela.pt\/api\/wp\/v2\/posts\/462435\/revisions"}],"wp:featuredmedia":[{"embeddable":true,"href":"https:\/\/portaltela.pt\/api\/wp\/v2\/media\/462436"}],"wp:attachment":[{"href":"https:\/\/portaltela.pt\/api\/wp\/v2\/media?parent=462435"}],"wp:term":[{"taxonomy":"category","embeddable":true,"href":"https:\/\/portaltela.pt\/api\/wp\/v2\/categories?post=462435"},{"taxonomy":"post_tag","embeddable":true,"href":"https:\/\/portaltela.pt\/api\/wp\/v2\/tags?post=462435"}],"curies":[{"name":"wp","href":"https:\/\/api.w.org\/{rel}","templated":true}]}}