{"id":462428,"date":"2026-04-30T09:48:10","date_gmt":"2026-04-30T12:48:10","guid":{"rendered":"https:\/\/portaltela.pt\/noticias\/2026\/04\/30\/portugal-tem-438-praias-marinas-e-embarcacoes-com-bandeira-azul-este-ano\/"},"modified":"2026-04-30T09:48:10","modified_gmt":"2026-04-30T12:48:10","slug":"portugal-tem-438-praias-marinas-e-embarcacoes-com-bandeira-azul-este-ano","status":"publish","type":"post","link":"https:\/\/portaltela.pt\/meio-ambiente\/2026\/04\/30\/portugal-tem-438-praias-marinas-e-embarcacoes-com-bandeira-azul-este-ano\/","title":{"rendered":"Portugal tem 438 praias, marinas e embarca\u00e7\u00f5es com Bandeira Azul este ano"},"content":{"rendered":"<p>Portugal conta este ano com 438 praias, marinas e embarca\u00e7\u00f5es com a Bandeira Azul, menos seis do que em 2024, distribu\u00eddas por 100 concelhos.<\/p>\n<p>Destaque para a Sert\u00e3, munic\u00edpio que se candidatou pela primeira vez e integra a lista este ano.<\/p>\n<p>O an\u00fancio foi feito no Centro de Interpreta\u00e7\u00e3o Ambiental da Pedra do Sal, Estoril, no concelho de Cascais, distrito de Lisboa, pela presidente da Associa\u00e7\u00e3o Bandeira Azul da Europa, Z\u00e9 Archer.<\/p>\n<p>Para a pr\u00f3xima \u00e9poca balnear, v\u00e3o hastear a Bandeira Azul 396 praias, sendo 350 costeiras e 46 interiores.<\/p>\n<p>Archer explicou \u00e0 Lusa que a redu\u00e7\u00e3o de galard\u00f5es se deve sobretudo \u00e0s condi\u00e7\u00f5es clim\u00e1ticas que afetaram a qualidade da \u00e1gua balnear, tratando-se de uma situa\u00e7\u00e3o pontual, n\u00e3o preocupante.<\/p>\n","protected":false},"excerpt":{"rendered":"<ul>\n<li>Portugal tem 438 praias, marinas e embarca\u00e7\u00f5es com Bandeira Azul este ano, menos seis que em 2024, distribu\u00eddas por 100 concelhos.<\/li>\n<li>O munic\u00edpio da Sert\u00e3 destacou-se ao candidatar-se pela primeira vez.<\/li>\n<li>O an\u00fancio foi feito no Centro de Interpreta\u00e7\u00e3o Ambiental da Pedra do Sal, Estoril, Cascais, no distrito de Lisboa, pela Associa\u00e7\u00e3o Bandeira Azul da Europa.<\/li>\n<li>Na pr\u00f3xima \u00e9poca balnear v\u00e3o hastear a Bandeira Azul em 396 praias \u2014 350 costeiras e 46 interiores.<\/li>\n<li>O presidente Jos\u00e9 Archer disse que a redu\u00e7\u00e3o de galard\u00f5es se deve principalmente \u00e0s condi\u00e7\u00f5es clim\u00e1ticas que afectaram a qualidade da \u00e1gua balnear, n\u00e3o sendo uma situa\u00e7\u00e3o preocupante.<\/li>\n<\/ul>\n","protected":false},"author":2,"featured_media":462433,"comment_status":"closed","ping_status":"closed","sticky":false,"template":"","format":"standard","meta":{"footnotes":""},"categories":[6725],"tags":[7923,8238,8248,9781,8062,10012],"class_list":["post-462428","post","type-post","status-publish","format-standard","has-post-thumbnail","hentry","category-meio-ambiente","tag-_agua","tag-_ambiente","tag-_cascais","tag-_estoril","tag-_portugal","tag-_serta"],"yoast_head":"<!-- This site is optimized with the Yoast SEO plugin v27.2 - https:\/\/yoast.com\/product\/yoast-seo-wordpress\/ -->\n<title>Portugal tem 438 praias, marinas e embarca\u00e7\u00f5es com Bandeira Azul este ano - Portal Tela Portugal<\/title>\n<meta name=\"robots\" content=\"index, follow, max-snippet:-1, max-image-preview:large, max-video-preview:-1\" \/>\n<meta property=\"og:locale\" content=\"pt_PT\" \/>\n<meta property=\"og:type\" content=\"article\" \/>\n<meta property=\"og:title\" content=\"Portugal tem 438 praias, marinas e embarca\u00e7\u00f5es com Bandeira Azul este ano - Portal Tela Portugal\" \/>\n<meta property=\"og:description\" content=\"Portugal tem 438 praias, marinas e embarca\u00e7\u00f5es com Bandeira Azul este ano, menos seis que em 2024, distribu\u00eddas por 100 concelhos. O munic\u00edpio da Sert\u00e3 destacou-se ao candidatar-se pela primeira vez. O an\u00fancio foi feito no Centro de Interpreta\u00e7\u00e3o Ambiental da Pedra do Sal, Estoril, Cascais, no distrito de Lisboa, pela Associa\u00e7\u00e3o Bandeira Azul da Europa. Na pr\u00f3xima \u00e9poca balnear v\u00e3o hastear a Bandeira Azul em 396 praias \u2014 350 costeiras e 46 interiores. O presidente Jos\u00e9 Archer disse que a redu\u00e7\u00e3o de galard\u00f5es se deve principalmente \u00e0s condi\u00e7\u00f5es clim\u00e1ticas que afectaram a qualidade da \u00e1gua balnear, n\u00e3o sendo uma situa\u00e7\u00e3o preocupante.\" \/>\n<meta property=\"og:url\" content=\"https:\/\/portaltela.pt\/noticias\/2026\/04\/30\/portugal-tem-438-praias-marinas-e-embarcacoes-com-bandeira-azul-este-ano\/\" \/>\n<meta property=\"og:site_name\" content=\"Portal Tela Portugal\" \/>\n<meta property=\"article:published_time\" content=\"2026-04-30T12:48:10+00:00\" \/>\n<meta name=\"author\" content=\"Telinha\" \/>\n<meta name=\"twitter:card\" content=\"summary_large_image\" \/>\n<meta name=\"twitter:label1\" content=\"Escrito por\" \/>\n\t<meta name=\"twitter:data1\" content=\"Telinha\" \/>\n\t<meta name=\"twitter:label2\" content=\"Tempo estimado de leitura\" \/>\n\t<meta name=\"twitter:data2\" content=\"1 minuto\" \/>\n<script type=\"application\/ld+json\" class=\"yoast-schema-graph\">{\"@context\":\"https:\/\/schema.org\",\"@graph\":[{\"@type\":\"Article\",\"@id\":\"https:\/\/portaltela.pt\/noticias\/2026\/04\/30\/portugal-tem-438-praias-marinas-e-embarcacoes-com-bandeira-azul-este-ano\/#article\",\"isPartOf\":{\"@id\":\"https:\/\/portaltela.pt\/noticias\/2026\/04\/30\/portugal-tem-438-praias-marinas-e-embarcacoes-com-bandeira-azul-este-ano\/\"},\"author\":{\"name\":\"Telinha\",\"@id\":\"https:\/\/portaltela.pt\/#\/schema\/person\/c4278d4a6028830caff9ee44b42d32ed\"},\"headline\":\"Portugal tem 438 praias, marinas e embarca\u00e7\u00f5es com Bandeira Azul este ano\",\"datePublished\":\"2026-04-30T12:48:10+00:00\",\"mainEntityOfPage\":{\"@id\":\"https:\/\/portaltela.pt\/noticias\/2026\/04\/30\/portugal-tem-438-praias-marinas-e-embarcacoes-com-bandeira-azul-este-ano\/\"},\"wordCount\":138,\"image\":{\"@id\":\"https:\/\/portaltela.pt\/noticias\/2026\/04\/30\/portugal-tem-438-praias-marinas-e-embarcacoes-com-bandeira-azul-este-ano\/#primaryimage\"},\"thumbnailUrl\":\"https:\/\/portaltela.pt\/s.01k8rhncp4jt1\/2026\/04\/img_1500x1000uu2023-04-28-00-20-36-1335244.jpg\",\"keywords\":[\"_\u00e1gua\",\"_ambiente\",\"_Cascais\",\"_Estoril\",\"_Portugal\",\"_Sert\u00e3\"],\"articleSection\":[\"Meio Ambiente\"],\"inLanguage\":\"pt-PT\"},{\"@type\":\"WebPage\",\"@id\":\"https:\/\/portaltela.pt\/noticias\/2026\/04\/30\/portugal-tem-438-praias-marinas-e-embarcacoes-com-bandeira-azul-este-ano\/\",\"url\":\"https:\/\/portaltela.pt\/noticias\/2026\/04\/30\/portugal-tem-438-praias-marinas-e-embarcacoes-com-bandeira-azul-este-ano\/\",\"name\":\"Portugal tem 438 praias, marinas e embarca\u00e7\u00f5es com Bandeira Azul este ano - Portal Tela Portugal\",\"isPartOf\":{\"@id\":\"https:\/\/portaltela.pt\/#website\"},\"primaryImageOfPage\":{\"@id\":\"https:\/\/portaltela.pt\/noticias\/2026\/04\/30\/portugal-tem-438-praias-marinas-e-embarcacoes-com-bandeira-azul-este-ano\/#primaryimage\"},\"image\":{\"@id\":\"https:\/\/portaltela.pt\/noticias\/2026\/04\/30\/portugal-tem-438-praias-marinas-e-embarcacoes-com-bandeira-azul-este-ano\/#primaryimage\"},\"thumbnailUrl\":\"https:\/\/portaltela.pt\/s.01k8rhncp4jt1\/2026\/04\/img_1500x1000uu2023-04-28-00-20-36-1335244.jpg\",\"datePublished\":\"2026-04-30T12:48:10+00:00\",\"author\":{\"@id\":\"https:\/\/portaltela.pt\/#\/schema\/person\/c4278d4a6028830caff9ee44b42d32ed\"},\"breadcrumb\":{\"@id\":\"https:\/\/portaltela.pt\/noticias\/2026\/04\/30\/portugal-tem-438-praias-marinas-e-embarcacoes-com-bandeira-azul-este-ano\/#breadcrumb\"},\"inLanguage\":\"pt-PT\",\"potentialAction\":[{\"@type\":\"ReadAction\",\"target\":[\"https:\/\/portaltela.pt\/noticias\/2026\/04\/30\/portugal-tem-438-praias-marinas-e-embarcacoes-com-bandeira-azul-este-ano\/\"]}]},{\"@type\":\"ImageObject\",\"inLanguage\":\"pt-PT\",\"@id\":\"https:\/\/portaltela.pt\/noticias\/2026\/04\/30\/portugal-tem-438-praias-marinas-e-embarcacoes-com-bandeira-azul-este-ano\/#primaryimage\",\"url\":\"https:\/\/portaltela.pt\/s.01k8rhncp4jt1\/2026\/04\/img_1500x1000uu2023-04-28-00-20-36-1335244.jpg\",\"contentUrl\":\"https:\/\/portaltela.pt\/s.01k8rhncp4jt1\/2026\/04\/img_1500x1000uu2023-04-28-00-20-36-1335244.jpg\",\"width\":796,\"height\":448,\"caption\":\"Bandeira azul\"},{\"@type\":\"BreadcrumbList\",\"@id\":\"https:\/\/portaltela.pt\/noticias\/2026\/04\/30\/portugal-tem-438-praias-marinas-e-embarcacoes-com-bandeira-azul-este-ano\/#breadcrumb\",\"itemListElement\":[{\"@type\":\"ListItem\",\"position\":1,\"name\":\"In\u00edcio\",\"item\":\"https:\/\/portaltela.pt\/\"},{\"@type\":\"ListItem\",\"position\":2,\"name\":\"Portugal tem 438 praias, marinas e embarca\u00e7\u00f5es com Bandeira Azul este ano\"}]},{\"@type\":\"WebSite\",\"@id\":\"https:\/\/portaltela.pt\/#website\",\"url\":\"https:\/\/portaltela.pt\/\",\"name\":\"Portal Tela Portugal\",\"description\":\"\",\"potentialAction\":[{\"@type\":\"SearchAction\",\"target\":{\"@type\":\"EntryPoint\",\"urlTemplate\":\"https:\/\/portaltela.pt\/?s={search_term_string}\"},\"query-input\":{\"@type\":\"PropertyValueSpecification\",\"valueRequired\":true,\"valueName\":\"search_term_string\"}}],\"inLanguage\":\"pt-PT\"},{\"@type\":\"Person\",\"@id\":\"https:\/\/portaltela.pt\/#\/schema\/person\/c4278d4a6028830caff9ee44b42d32ed\",\"name\":\"Telinha\",\"image\":{\"@type\":\"ImageObject\",\"inLanguage\":\"pt-PT\",\"@id\":\"https:\/\/portaltela.pt\/s.01k8rhncp4jt1\/2025\/11\/talking-bot-125x125.png\",\"url\":\"https:\/\/portaltela.pt\/s.01k8rhncp4jt1\/2025\/11\/talking-bot-125x125.png\",\"contentUrl\":\"https:\/\/portaltela.pt\/s.01k8rhncp4jt1\/2025\/11\/talking-bot-125x125.png\",\"caption\":\"Telinha\"},\"sameAs\":[\"https:\/\/portaltela.pt\/\"],\"url\":\"https:\/\/portaltela.pt\/por\/367410592786\/\"}]}<\/script>\n<!-- \/ Yoast SEO plugin. -->","yoast_head_json":{"title":"Portugal tem 438 praias, marinas e embarca\u00e7\u00f5es com Bandeira Azul este ano - Portal Tela Portugal","robots":{"index":"index","follow":"follow","max-snippet":"max-snippet:-1","max-image-preview":"max-image-preview:large","max-video-preview":"max-video-preview:-1"},"og_locale":"pt_PT","og_type":"article","og_title":"Portugal tem 438 praias, marinas e embarca\u00e7\u00f5es com Bandeira Azul este ano - Portal Tela Portugal","og_description":"Portugal tem 438 praias, marinas e embarca\u00e7\u00f5es com Bandeira Azul este ano, menos seis que em 2024, distribu\u00eddas por 100 concelhos. O munic\u00edpio da Sert\u00e3 destacou-se ao candidatar-se pela primeira vez. O an\u00fancio foi feito no Centro de Interpreta\u00e7\u00e3o Ambiental da Pedra do Sal, Estoril, Cascais, no distrito de Lisboa, pela Associa\u00e7\u00e3o Bandeira Azul da Europa. Na pr\u00f3xima \u00e9poca balnear v\u00e3o hastear a Bandeira Azul em 396 praias \u2014 350 costeiras e 46 interiores. O presidente Jos\u00e9 Archer disse que a redu\u00e7\u00e3o de galard\u00f5es se deve principalmente \u00e0s condi\u00e7\u00f5es clim\u00e1ticas que afectaram a qualidade da \u00e1gua balnear, n\u00e3o sendo uma situa\u00e7\u00e3o preocupante.","og_url":"https:\/\/portaltela.pt\/noticias\/2026\/04\/30\/portugal-tem-438-praias-marinas-e-embarcacoes-com-bandeira-azul-este-ano\/","og_site_name":"Portal Tela Portugal","article_published_time":"2026-04-30T12:48:10+00:00","author":"Telinha","twitter_card":"summary_large_image","twitter_misc":{"Escrito por":"Telinha","Tempo estimado de leitura":"1 minuto"},"schema":{"@context":"https:\/\/schema.org","@graph":[{"@type":"Article","@id":"https:\/\/portaltela.pt\/noticias\/2026\/04\/30\/portugal-tem-438-praias-marinas-e-embarcacoes-com-bandeira-azul-este-ano\/#article","isPartOf":{"@id":"https:\/\/portaltela.pt\/noticias\/2026\/04\/30\/portugal-tem-438-praias-marinas-e-embarcacoes-com-bandeira-azul-este-ano\/"},"author":{"name":"Telinha","@id":"https:\/\/portaltela.pt\/#\/schema\/person\/c4278d4a6028830caff9ee44b42d32ed"},"headline":"Portugal tem 438 praias, marinas e embarca\u00e7\u00f5es com Bandeira Azul este ano","datePublished":"2026-04-30T12:48:10+00:00","mainEntityOfPage":{"@id":"https:\/\/portaltela.pt\/noticias\/2026\/04\/30\/portugal-tem-438-praias-marinas-e-embarcacoes-com-bandeira-azul-este-ano\/"},"wordCount":138,"image":{"@id":"https:\/\/portaltela.pt\/noticias\/2026\/04\/30\/portugal-tem-438-praias-marinas-e-embarcacoes-com-bandeira-azul-este-ano\/#primaryimage"},"thumbnailUrl":"https:\/\/portaltela.pt\/s.01k8rhncp4jt1\/2026\/04\/img_1500x1000uu2023-04-28-00-20-36-1335244.jpg","keywords":["_\u00e1gua","_ambiente","_Cascais","_Estoril","_Portugal","_Sert\u00e3"],"articleSection":["Meio Ambiente"],"inLanguage":"pt-PT"},{"@type":"WebPage","@id":"https:\/\/portaltela.pt\/noticias\/2026\/04\/30\/portugal-tem-438-praias-marinas-e-embarcacoes-com-bandeira-azul-este-ano\/","url":"https:\/\/portaltela.pt\/noticias\/2026\/04\/30\/portugal-tem-438-praias-marinas-e-embarcacoes-com-bandeira-azul-este-ano\/","name":"Portugal tem 438 praias, marinas e embarca\u00e7\u00f5es com Bandeira Azul este ano - Portal Tela Portugal","isPartOf":{"@id":"https:\/\/portaltela.pt\/#website"},"primaryImageOfPage":{"@id":"https:\/\/portaltela.pt\/noticias\/2026\/04\/30\/portugal-tem-438-praias-marinas-e-embarcacoes-com-bandeira-azul-este-ano\/#primaryimage"},"image":{"@id":"https:\/\/portaltela.pt\/noticias\/2026\/04\/30\/portugal-tem-438-praias-marinas-e-embarcacoes-com-bandeira-azul-este-ano\/#primaryimage"},"thumbnailUrl":"https:\/\/portaltela.pt\/s.01k8rhncp4jt1\/2026\/04\/img_1500x1000uu2023-04-28-00-20-36-1335244.jpg","datePublished":"2026-04-30T12:48:10+00:00","author":{"@id":"https:\/\/portaltela.pt\/#\/schema\/person\/c4278d4a6028830caff9ee44b42d32ed"},"breadcrumb":{"@id":"https:\/\/portaltela.pt\/noticias\/2026\/04\/30\/portugal-tem-438-praias-marinas-e-embarcacoes-com-bandeira-azul-este-ano\/#breadcrumb"},"inLanguage":"pt-PT","potentialAction":[{"@type":"ReadAction","target":["https:\/\/portaltela.pt\/noticias\/2026\/04\/30\/portugal-tem-438-praias-marinas-e-embarcacoes-com-bandeira-azul-este-ano\/"]}]},{"@type":"ImageObject","inLanguage":"pt-PT","@id":"https:\/\/portaltela.pt\/noticias\/2026\/04\/30\/portugal-tem-438-praias-marinas-e-embarcacoes-com-bandeira-azul-este-ano\/#primaryimage","url":"https:\/\/portaltela.pt\/s.01k8rhncp4jt1\/2026\/04\/img_1500x1000uu2023-04-28-00-20-36-1335244.jpg","contentUrl":"https:\/\/portaltela.pt\/s.01k8rhncp4jt1\/2026\/04\/img_1500x1000uu2023-04-28-00-20-36-1335244.jpg","width":796,"height":448,"caption":"Bandeira azul"},{"@type":"BreadcrumbList","@id":"https:\/\/portaltela.pt\/noticias\/2026\/04\/30\/portugal-tem-438-praias-marinas-e-embarcacoes-com-bandeira-azul-este-ano\/#breadcrumb","itemListElement":[{"@type":"ListItem","position":1,"name":"In\u00edcio","item":"https:\/\/portaltela.pt\/"},{"@type":"ListItem","position":2,"name":"Portugal tem 438 praias, marinas e embarca\u00e7\u00f5es com Bandeira Azul este ano"}]},{"@type":"WebSite","@id":"https:\/\/portaltela.pt\/#website","url":"https:\/\/portaltela.pt\/","name":"Portal Tela Portugal","description":"","potentialAction":[{"@type":"SearchAction","target":{"@type":"EntryPoint","urlTemplate":"https:\/\/portaltela.pt\/?s={search_term_string}"},"query-input":{"@type":"PropertyValueSpecification","valueRequired":true,"valueName":"search_term_string"}}],"inLanguage":"pt-PT"},{"@type":"Person","@id":"https:\/\/portaltela.pt\/#\/schema\/person\/c4278d4a6028830caff9ee44b42d32ed","name":"Telinha","image":{"@type":"ImageObject","inLanguage":"pt-PT","@id":"https:\/\/portaltela.pt\/s.01k8rhncp4jt1\/2025\/11\/talking-bot-125x125.png","url":"https:\/\/portaltela.pt\/s.01k8rhncp4jt1\/2025\/11\/talking-bot-125x125.png","contentUrl":"https:\/\/portaltela.pt\/s.01k8rhncp4jt1\/2025\/11\/talking-bot-125x125.png","caption":"Telinha"},"sameAs":["https:\/\/portaltela.pt\/"],"url":"https:\/\/portaltela.pt\/por\/367410592786\/"}]}},"_links":{"self":[{"href":"https:\/\/portaltela.pt\/api\/wp\/v2\/posts\/462428","targetHints":{"allow":["GET"]}}],"collection":[{"href":"https:\/\/portaltela.pt\/api\/wp\/v2\/posts"}],"about":[{"href":"https:\/\/portaltela.pt\/api\/wp\/v2\/types\/post"}],"author":[{"embeddable":true,"href":"https:\/\/portaltela.pt\/api\/wp\/v2\/users\/2"}],"replies":[{"embeddable":true,"href":"https:\/\/portaltela.pt\/api\/wp\/v2\/comments?post=462428"}],"version-history":[{"count":0,"href":"https:\/\/portaltela.pt\/api\/wp\/v2\/posts\/462428\/revisions"}],"wp:featuredmedia":[{"embeddable":true,"href":"https:\/\/portaltela.pt\/api\/wp\/v2\/media\/462433"}],"wp:attachment":[{"href":"https:\/\/portaltela.pt\/api\/wp\/v2\/media?parent=462428"}],"wp:term":[{"taxonomy":"category","embeddable":true,"href":"https:\/\/portaltela.pt\/api\/wp\/v2\/categories?post=462428"},{"taxonomy":"post_tag","embeddable":true,"href":"https:\/\/portaltela.pt\/api\/wp\/v2\/tags?post=462428"}],"curies":[{"name":"wp","href":"https:\/\/api.w.org\/{rel}","templated":true}]}}