{"id":462423,"date":"2026-04-30T09:47:57","date_gmt":"2026-04-30T12:47:57","guid":{"rendered":"https:\/\/portaltela.pt\/noticias\/2026\/04\/30\/professora-da-escola-da-menina-desaparecida-em-vendas-novas-diz-que-estava-bem-integrada\/"},"modified":"2026-04-30T09:47:57","modified_gmt":"2026-04-30T12:47:57","slug":"professora-da-escola-da-menina-desaparecida-em-vendas-novas-diz-que-estava-bem-integrada","status":"publish","type":"post","link":"https:\/\/portaltela.pt\/policia\/2026\/04\/30\/professora-da-escola-da-menina-desaparecida-em-vendas-novas-diz-que-estava-bem-integrada\/","title":{"rendered":"Professora da escola da menina desaparecida em Vendas Novas diz que estava bem integrada"},"content":{"rendered":"<p>Anaya, uma aluna de 13 anos, desapareceu em Vendas Novas. As autoridades j\u00e1 confirmaram o caso, e a fam\u00edlia est\u00e1 a colaborar com as equipas de busca locais. A situa\u00e7\u00e3o envolve a escola que Anaya frequentava e a fam\u00edlia da menor.<\/p>\n<p>A jovem \u00e9 de origem indiana e reside em Portugal h\u00e1 seis anos, com os pais. A fam\u00edlia informou \u00e0s autoridades que Anaya tem estado sob vigil\u00e2ncia regular e n\u00e3o h\u00e1 indica\u00e7\u00f5es de que tenha deixado o pa\u00eds.<\/p>\n<p>A escola n\u00e3o sabe se o desaparecimento foi por iniciativa pr\u00f3pria ou se se trata de rapto. As autoridades est\u00e3o a averiguar as circunst\u00e2ncias e a consulta de routine est\u00e1 a decorrer com a fam\u00edlia e a institui\u00e7\u00e3o de ensino.<\/p>\n<h3>Contexto da escola<\/h3>\n<p>Professora Virg\u00ednia Soares afirmou que a aluna era integrada na comunidade escolar e que n\u00e3o houve sinais pr\u00e9vios de problemas. A fun\u00e7\u00e3o da escola neste momento \u00e9 apoiar a investiga\u00e7\u00e3o e acompanhar a situa\u00e7\u00e3o da fam\u00edlia.<\/p>\n<h3>Desdobramentos<\/h3>\n<p>As autoridades est\u00e3o a realizar dilig\u00eancias no terreno e a contactar familiares pr\u00f3ximos para obter informa\u00e7\u00f5es adicionais. N\u00e3o houve, at\u00e9 ao momento, confirma\u00e7\u00f5es sobre pistas ou localiza\u00e7\u00f5es da menor.<\/p>\n","protected":false},"excerpt":{"rendered":"<ul>\n<li>Anaya, uma menina de 13 anos, est\u00e1 desaparecida em Vendas Novas.<\/li>\n<li>A jovem \u00e9 natural da \u00cdndia e vive em Portugal h\u00e1 seis anos.<\/li>\n<li>A professora Virg\u00ednia Soares diz que a aluna estava &#8220;bem integrada&#8221; na escola.<\/li>\n<li>A escola n\u00e3o sabe se o desaparecimento foi por iniciativa pr\u00f3pria ou se se trata de um rapto.<\/li>\n<\/ul>\n","protected":false},"author":2,"featured_media":462425,"comment_status":"closed","ping_status":"closed","sticky":false,"template":"","format":"standard","meta":{"footnotes":""},"categories":[6907,6781],"tags":[3953,2337,101,6056,250,4112],"class_list":["post-462423","post","type-post","status-publish","format-standard","has-post-thumbnail","hentry","category-crime","category-policia","tag-criancas","tag-desaparecidos-internos","tag-escolas","tag-menores","tag-seguranca-publica","tag-vendas-novas"],"yoast_head":"<!-- This site is optimized with the Yoast SEO plugin v27.2 - https:\/\/yoast.com\/product\/yoast-seo-wordpress\/ -->\n<title>Professora da escola da menina desaparecida em Vendas Novas diz que estava bem integrada - Portal Tela Portugal<\/title>\n<meta name=\"robots\" content=\"index, follow, max-snippet:-1, max-image-preview:large, max-video-preview:-1\" \/>\n<meta property=\"og:locale\" content=\"pt_PT\" \/>\n<meta property=\"og:type\" content=\"article\" \/>\n<meta property=\"og:title\" content=\"Professora da escola da menina desaparecida em Vendas Novas diz que estava bem integrada - Portal Tela Portugal\" \/>\n<meta property=\"og:description\" content=\"Anaya, uma menina de 13 anos, est\u00e1 desaparecida em Vendas Novas. A jovem \u00e9 natural da \u00cdndia e vive em Portugal h\u00e1 seis anos. A professora Virg\u00ednia Soares diz que a aluna estava &quot;bem integrada&quot; na escola. A escola n\u00e3o sabe se o desaparecimento foi por iniciativa pr\u00f3pria ou se se trata de um rapto.\" \/>\n<meta property=\"og:url\" content=\"https:\/\/portaltela.pt\/noticias\/2026\/04\/30\/professora-da-escola-da-menina-desaparecida-em-vendas-novas-diz-que-estava-bem-integrada\/\" \/>\n<meta property=\"og:site_name\" content=\"Portal Tela Portugal\" \/>\n<meta property=\"article:published_time\" content=\"2026-04-30T12:47:57+00:00\" \/>\n<meta name=\"author\" content=\"Telinha\" \/>\n<meta name=\"twitter:card\" content=\"summary_large_image\" \/>\n<meta name=\"twitter:label1\" content=\"Escrito por\" \/>\n\t<meta name=\"twitter:data1\" content=\"Telinha\" \/>\n\t<meta name=\"twitter:label2\" content=\"Tempo estimado de leitura\" \/>\n\t<meta name=\"twitter:data2\" content=\"1 minuto\" \/>\n<script type=\"application\/ld+json\" class=\"yoast-schema-graph\">{\"@context\":\"https:\/\/schema.org\",\"@graph\":[{\"@type\":\"Article\",\"@id\":\"https:\/\/portaltela.pt\/noticias\/2026\/04\/30\/professora-da-escola-da-menina-desaparecida-em-vendas-novas-diz-que-estava-bem-integrada\/#article\",\"isPartOf\":{\"@id\":\"https:\/\/portaltela.pt\/noticias\/2026\/04\/30\/professora-da-escola-da-menina-desaparecida-em-vendas-novas-diz-que-estava-bem-integrada\/\"},\"author\":{\"name\":\"Telinha\",\"@id\":\"https:\/\/portaltela.pt\/#\/schema\/person\/c4278d4a6028830caff9ee44b42d32ed\"},\"headline\":\"Professora da escola da menina desaparecida em Vendas Novas diz que estava bem integrada\",\"datePublished\":\"2026-04-30T12:47:57+00:00\",\"mainEntityOfPage\":{\"@id\":\"https:\/\/portaltela.pt\/noticias\/2026\/04\/30\/professora-da-escola-da-menina-desaparecida-em-vendas-novas-diz-que-estava-bem-integrada\/\"},\"wordCount\":227,\"image\":{\"@id\":\"https:\/\/portaltela.pt\/noticias\/2026\/04\/30\/professora-da-escola-da-menina-desaparecida-em-vendas-novas-diz-que-estava-bem-integrada\/#primaryimage\"},\"thumbnailUrl\":\"https:\/\/portaltela.pt\/s.01k8rhncp4jt1\/2026\/04\/img_1280x722uu2026-04-30-13-42-35-2282031.jpg\",\"keywords\":[\"crian\u00e7as\",\"desaparecidos internos\",\"escolas\",\"menores\",\"seguran\u00e7a p\u00fablica\",\"Vendas Novas\"],\"articleSection\":[\"Crime\",\"Pol\u00edcia\"],\"inLanguage\":\"pt-PT\"},{\"@type\":\"WebPage\",\"@id\":\"https:\/\/portaltela.pt\/noticias\/2026\/04\/30\/professora-da-escola-da-menina-desaparecida-em-vendas-novas-diz-que-estava-bem-integrada\/\",\"url\":\"https:\/\/portaltela.pt\/noticias\/2026\/04\/30\/professora-da-escola-da-menina-desaparecida-em-vendas-novas-diz-que-estava-bem-integrada\/\",\"name\":\"Professora da escola da menina desaparecida em Vendas Novas diz que estava bem integrada - Portal Tela Portugal\",\"isPartOf\":{\"@id\":\"https:\/\/portaltela.pt\/#website\"},\"primaryImageOfPage\":{\"@id\":\"https:\/\/portaltela.pt\/noticias\/2026\/04\/30\/professora-da-escola-da-menina-desaparecida-em-vendas-novas-diz-que-estava-bem-integrada\/#primaryimage\"},\"image\":{\"@id\":\"https:\/\/portaltela.pt\/noticias\/2026\/04\/30\/professora-da-escola-da-menina-desaparecida-em-vendas-novas-diz-que-estava-bem-integrada\/#primaryimage\"},\"thumbnailUrl\":\"https:\/\/portaltela.pt\/s.01k8rhncp4jt1\/2026\/04\/img_1280x722uu2026-04-30-13-42-35-2282031.jpg\",\"datePublished\":\"2026-04-30T12:47:57+00:00\",\"author\":{\"@id\":\"https:\/\/portaltela.pt\/#\/schema\/person\/c4278d4a6028830caff9ee44b42d32ed\"},\"breadcrumb\":{\"@id\":\"https:\/\/portaltela.pt\/noticias\/2026\/04\/30\/professora-da-escola-da-menina-desaparecida-em-vendas-novas-diz-que-estava-bem-integrada\/#breadcrumb\"},\"inLanguage\":\"pt-PT\",\"potentialAction\":[{\"@type\":\"ReadAction\",\"target\":[\"https:\/\/portaltela.pt\/noticias\/2026\/04\/30\/professora-da-escola-da-menina-desaparecida-em-vendas-novas-diz-que-estava-bem-integrada\/\"]}]},{\"@type\":\"ImageObject\",\"inLanguage\":\"pt-PT\",\"@id\":\"https:\/\/portaltela.pt\/noticias\/2026\/04\/30\/professora-da-escola-da-menina-desaparecida-em-vendas-novas-diz-que-estava-bem-integrada\/#primaryimage\",\"url\":\"https:\/\/portaltela.pt\/s.01k8rhncp4jt1\/2026\/04\/img_1280x722uu2026-04-30-13-42-35-2282031.jpg\",\"contentUrl\":\"https:\/\/portaltela.pt\/s.01k8rhncp4jt1\/2026\/04\/img_1280x722uu2026-04-30-13-42-35-2282031.jpg\",\"width\":796,\"height\":448,\"caption\":\"Professora da escola de menina de 13 anos desaparecida em Vendas Novas diz que jovem estava 'bem integrada'\"},{\"@type\":\"BreadcrumbList\",\"@id\":\"https:\/\/portaltela.pt\/noticias\/2026\/04\/30\/professora-da-escola-da-menina-desaparecida-em-vendas-novas-diz-que-estava-bem-integrada\/#breadcrumb\",\"itemListElement\":[{\"@type\":\"ListItem\",\"position\":1,\"name\":\"In\u00edcio\",\"item\":\"https:\/\/portaltela.pt\/\"},{\"@type\":\"ListItem\",\"position\":2,\"name\":\"Professora da escola da menina desaparecida em Vendas Novas diz que estava bem integrada\"}]},{\"@type\":\"WebSite\",\"@id\":\"https:\/\/portaltela.pt\/#website\",\"url\":\"https:\/\/portaltela.pt\/\",\"name\":\"Portal Tela Portugal\",\"description\":\"\",\"potentialAction\":[{\"@type\":\"SearchAction\",\"target\":{\"@type\":\"EntryPoint\",\"urlTemplate\":\"https:\/\/portaltela.pt\/?s={search_term_string}\"},\"query-input\":{\"@type\":\"PropertyValueSpecification\",\"valueRequired\":true,\"valueName\":\"search_term_string\"}}],\"inLanguage\":\"pt-PT\"},{\"@type\":\"Person\",\"@id\":\"https:\/\/portaltela.pt\/#\/schema\/person\/c4278d4a6028830caff9ee44b42d32ed\",\"name\":\"Telinha\",\"image\":{\"@type\":\"ImageObject\",\"inLanguage\":\"pt-PT\",\"@id\":\"https:\/\/portaltela.pt\/s.01k8rhncp4jt1\/2025\/11\/talking-bot-125x125.png\",\"url\":\"https:\/\/portaltela.pt\/s.01k8rhncp4jt1\/2025\/11\/talking-bot-125x125.png\",\"contentUrl\":\"https:\/\/portaltela.pt\/s.01k8rhncp4jt1\/2025\/11\/talking-bot-125x125.png\",\"caption\":\"Telinha\"},\"sameAs\":[\"https:\/\/portaltela.pt\/\"],\"url\":\"https:\/\/portaltela.pt\/por\/367410592786\/\"}]}<\/script>\n<!-- \/ Yoast SEO plugin. -->","yoast_head_json":{"title":"Professora da escola da menina desaparecida em Vendas Novas diz que estava bem integrada - Portal Tela Portugal","robots":{"index":"index","follow":"follow","max-snippet":"max-snippet:-1","max-image-preview":"max-image-preview:large","max-video-preview":"max-video-preview:-1"},"og_locale":"pt_PT","og_type":"article","og_title":"Professora da escola da menina desaparecida em Vendas Novas diz que estava bem integrada - Portal Tela Portugal","og_description":"Anaya, uma menina de 13 anos, est\u00e1 desaparecida em Vendas Novas. A jovem \u00e9 natural da \u00cdndia e vive em Portugal h\u00e1 seis anos. A professora Virg\u00ednia Soares diz que a aluna estava \"bem integrada\" na escola. A escola n\u00e3o sabe se o desaparecimento foi por iniciativa pr\u00f3pria ou se se trata de um rapto.","og_url":"https:\/\/portaltela.pt\/noticias\/2026\/04\/30\/professora-da-escola-da-menina-desaparecida-em-vendas-novas-diz-que-estava-bem-integrada\/","og_site_name":"Portal Tela Portugal","article_published_time":"2026-04-30T12:47:57+00:00","author":"Telinha","twitter_card":"summary_large_image","twitter_misc":{"Escrito por":"Telinha","Tempo estimado de leitura":"1 minuto"},"schema":{"@context":"https:\/\/schema.org","@graph":[{"@type":"Article","@id":"https:\/\/portaltela.pt\/noticias\/2026\/04\/30\/professora-da-escola-da-menina-desaparecida-em-vendas-novas-diz-que-estava-bem-integrada\/#article","isPartOf":{"@id":"https:\/\/portaltela.pt\/noticias\/2026\/04\/30\/professora-da-escola-da-menina-desaparecida-em-vendas-novas-diz-que-estava-bem-integrada\/"},"author":{"name":"Telinha","@id":"https:\/\/portaltela.pt\/#\/schema\/person\/c4278d4a6028830caff9ee44b42d32ed"},"headline":"Professora da escola da menina desaparecida em Vendas Novas diz que estava bem integrada","datePublished":"2026-04-30T12:47:57+00:00","mainEntityOfPage":{"@id":"https:\/\/portaltela.pt\/noticias\/2026\/04\/30\/professora-da-escola-da-menina-desaparecida-em-vendas-novas-diz-que-estava-bem-integrada\/"},"wordCount":227,"image":{"@id":"https:\/\/portaltela.pt\/noticias\/2026\/04\/30\/professora-da-escola-da-menina-desaparecida-em-vendas-novas-diz-que-estava-bem-integrada\/#primaryimage"},"thumbnailUrl":"https:\/\/portaltela.pt\/s.01k8rhncp4jt1\/2026\/04\/img_1280x722uu2026-04-30-13-42-35-2282031.jpg","keywords":["crian\u00e7as","desaparecidos internos","escolas","menores","seguran\u00e7a p\u00fablica","Vendas Novas"],"articleSection":["Crime","Pol\u00edcia"],"inLanguage":"pt-PT"},{"@type":"WebPage","@id":"https:\/\/portaltela.pt\/noticias\/2026\/04\/30\/professora-da-escola-da-menina-desaparecida-em-vendas-novas-diz-que-estava-bem-integrada\/","url":"https:\/\/portaltela.pt\/noticias\/2026\/04\/30\/professora-da-escola-da-menina-desaparecida-em-vendas-novas-diz-que-estava-bem-integrada\/","name":"Professora da escola da menina desaparecida em Vendas Novas diz que estava bem integrada - Portal Tela Portugal","isPartOf":{"@id":"https:\/\/portaltela.pt\/#website"},"primaryImageOfPage":{"@id":"https:\/\/portaltela.pt\/noticias\/2026\/04\/30\/professora-da-escola-da-menina-desaparecida-em-vendas-novas-diz-que-estava-bem-integrada\/#primaryimage"},"image":{"@id":"https:\/\/portaltela.pt\/noticias\/2026\/04\/30\/professora-da-escola-da-menina-desaparecida-em-vendas-novas-diz-que-estava-bem-integrada\/#primaryimage"},"thumbnailUrl":"https:\/\/portaltela.pt\/s.01k8rhncp4jt1\/2026\/04\/img_1280x722uu2026-04-30-13-42-35-2282031.jpg","datePublished":"2026-04-30T12:47:57+00:00","author":{"@id":"https:\/\/portaltela.pt\/#\/schema\/person\/c4278d4a6028830caff9ee44b42d32ed"},"breadcrumb":{"@id":"https:\/\/portaltela.pt\/noticias\/2026\/04\/30\/professora-da-escola-da-menina-desaparecida-em-vendas-novas-diz-que-estava-bem-integrada\/#breadcrumb"},"inLanguage":"pt-PT","potentialAction":[{"@type":"ReadAction","target":["https:\/\/portaltela.pt\/noticias\/2026\/04\/30\/professora-da-escola-da-menina-desaparecida-em-vendas-novas-diz-que-estava-bem-integrada\/"]}]},{"@type":"ImageObject","inLanguage":"pt-PT","@id":"https:\/\/portaltela.pt\/noticias\/2026\/04\/30\/professora-da-escola-da-menina-desaparecida-em-vendas-novas-diz-que-estava-bem-integrada\/#primaryimage","url":"https:\/\/portaltela.pt\/s.01k8rhncp4jt1\/2026\/04\/img_1280x722uu2026-04-30-13-42-35-2282031.jpg","contentUrl":"https:\/\/portaltela.pt\/s.01k8rhncp4jt1\/2026\/04\/img_1280x722uu2026-04-30-13-42-35-2282031.jpg","width":796,"height":448,"caption":"Professora da escola de menina de 13 anos desaparecida em Vendas Novas diz que jovem estava 'bem integrada'"},{"@type":"BreadcrumbList","@id":"https:\/\/portaltela.pt\/noticias\/2026\/04\/30\/professora-da-escola-da-menina-desaparecida-em-vendas-novas-diz-que-estava-bem-integrada\/#breadcrumb","itemListElement":[{"@type":"ListItem","position":1,"name":"In\u00edcio","item":"https:\/\/portaltela.pt\/"},{"@type":"ListItem","position":2,"name":"Professora da escola da menina desaparecida em Vendas Novas diz que estava bem integrada"}]},{"@type":"WebSite","@id":"https:\/\/portaltela.pt\/#website","url":"https:\/\/portaltela.pt\/","name":"Portal Tela Portugal","description":"","potentialAction":[{"@type":"SearchAction","target":{"@type":"EntryPoint","urlTemplate":"https:\/\/portaltela.pt\/?s={search_term_string}"},"query-input":{"@type":"PropertyValueSpecification","valueRequired":true,"valueName":"search_term_string"}}],"inLanguage":"pt-PT"},{"@type":"Person","@id":"https:\/\/portaltela.pt\/#\/schema\/person\/c4278d4a6028830caff9ee44b42d32ed","name":"Telinha","image":{"@type":"ImageObject","inLanguage":"pt-PT","@id":"https:\/\/portaltela.pt\/s.01k8rhncp4jt1\/2025\/11\/talking-bot-125x125.png","url":"https:\/\/portaltela.pt\/s.01k8rhncp4jt1\/2025\/11\/talking-bot-125x125.png","contentUrl":"https:\/\/portaltela.pt\/s.01k8rhncp4jt1\/2025\/11\/talking-bot-125x125.png","caption":"Telinha"},"sameAs":["https:\/\/portaltela.pt\/"],"url":"https:\/\/portaltela.pt\/por\/367410592786\/"}]}},"_links":{"self":[{"href":"https:\/\/portaltela.pt\/api\/wp\/v2\/posts\/462423","targetHints":{"allow":["GET"]}}],"collection":[{"href":"https:\/\/portaltela.pt\/api\/wp\/v2\/posts"}],"about":[{"href":"https:\/\/portaltela.pt\/api\/wp\/v2\/types\/post"}],"author":[{"embeddable":true,"href":"https:\/\/portaltela.pt\/api\/wp\/v2\/users\/2"}],"replies":[{"embeddable":true,"href":"https:\/\/portaltela.pt\/api\/wp\/v2\/comments?post=462423"}],"version-history":[{"count":0,"href":"https:\/\/portaltela.pt\/api\/wp\/v2\/posts\/462423\/revisions"}],"wp:featuredmedia":[{"embeddable":true,"href":"https:\/\/portaltela.pt\/api\/wp\/v2\/media\/462425"}],"wp:attachment":[{"href":"https:\/\/portaltela.pt\/api\/wp\/v2\/media?parent=462423"}],"wp:term":[{"taxonomy":"category","embeddable":true,"href":"https:\/\/portaltela.pt\/api\/wp\/v2\/categories?post=462423"},{"taxonomy":"post_tag","embeddable":true,"href":"https:\/\/portaltela.pt\/api\/wp\/v2\/tags?post=462423"}],"curies":[{"name":"wp","href":"https:\/\/api.w.org\/{rel}","templated":true}]}}