{"id":462420,"date":"2026-04-30T09:47:49","date_gmt":"2026-04-30T12:47:49","guid":{"rendered":"https:\/\/portaltela.pt\/noticias\/2026\/04\/30\/ue-nao-ouve-sahel-a-medida-que-influencia-diminui-admite-cravinho\/"},"modified":"2026-04-30T09:47:49","modified_gmt":"2026-04-30T12:47:49","slug":"ue-nao-ouve-sahel-a-medida-que-influencia-diminui-admite-cravinho","status":"publish","type":"post","link":"https:\/\/portaltela.pt\/noticias\/2026\/04\/30\/ue-nao-ouve-sahel-a-medida-que-influencia-diminui-admite-cravinho\/","title":{"rendered":"UE n\u00e3o ouve Sahel \u00e0 medida que influ\u00eancia diminui, admite Cravinho"},"content":{"rendered":"<p>A Uni\u00e3o Europeia admite ter falhado em ouvir os Estados do Sahel e admite que a percep\u00e7\u00e3o de interlocutor \u00fanico foi incorreta. O enviado da UE para a regi\u00e3o, Jo\u00e3o Cravinho, reconhece que estrat\u00e9gias militares e diplom\u00e1ticas unidirecionais minaram a influ\u00eancia europeia.<\/p>\n<p>Cravinho disse ao Europe Today que Bruxelas tem de explicar melhor os seus interesses no Sahel e que o di\u00e1logo tem vindo a melhorar desde o in\u00edcio do seu mandato, em novembro de 2024. O respons\u00e1vel aponta pontes com regimes sob juntas como sinal de mudan\u00e7a.<\/p>\n<p>Dias antes, ataques coordenados de grupos separatistas e jihadistas no Mali aumentaram o controlo de zonas do norte e resultaram na morte do ministro da Defesa do Mali. O Minist\u00e9rio franc\u00eas dos Neg\u00f3cios Estrangeiros pediu aos cidad\u00e3os para abandonarem o pa\u00eds.<\/p>\n<p>O l\u00edder militar Assimi Go\u00efta afirma que a amea\u00e7a ser\u00e1 neutralizada, enquanto a R\u00fassia sustenta que as suas for\u00e7as paramilitares apoiam os militares malianos e impediram um golpe. Cravinho descreve a situa\u00e7\u00e3o como terr\u00edvel para a popula\u00e7\u00e3o.<\/p>\n<p>Cravinho alerta que o incident violento pode repetir-se e que n\u00e3o existe solu\u00e7\u00e3o apenas com meios militares. Segundo ele, os russos oferecem apoio militar sem alternativas pol\u00edticas adicionais.<\/p>\n<h3>A Europa n\u00e3o tem o monop\u00f3lio<\/h3>\n<p>A credibilidade europeia no Sahel enfraquece \u00e0 medida que R\u00fassia, China e Ir\u00e3o ganham terreno, e as miss\u00f5es ocidentais reduzem-se. Fran\u00e7a retirou tropas do Mali em 2022, contribuindo para o recuo europeu.<\/p>\n<p>Cravinho sustenta que a UE n\u00e3o \u00e9 o \u00fanico interveniente, mas que nenhum outro ator tem o mesmo interesse direto na regi\u00e3o. A nova estrat\u00e9gia da UE para o Sahel, de dezembro de 2025, foca seguran\u00e7a humana e prosperidade.<\/p>\n<p>A estrat\u00e9gia refor\u00e7a a luta antiterrorista e o combate \u00e0 migra\u00e7\u00e3o para o Norte de \u00c1frica e o Mediterr\u00e2neo. Cravinho admite uma margem de manobra limitada, dada a geopol\u00edtica envolvente.<\/p>\n<p>Segundo o respons\u00e1vel, a Europa prepara-se para uma maior interven\u00e7\u00e3o, reconhecendo que o Sahel \u00e9 estrat\u00e9gico e que as oportunidades surgir\u00e3o quando a UE manter o papel de melhor parceira para estes pa\u00edses.<\/p>\n","protected":false},"excerpt":{"rendered":"<ul>\n<li>O enviado da UE para o Sahel admite que Bruxelas interpretou mal a din\u00e2mica da regi\u00e3o e que as estrat\u00e9gias militares e diplomacia unidirecional abalaram a influ\u00eancia europeia, \u00e0 medida que a R\u00fassia e a China ganham terreno.<\/li>\n<li>Cravinho diz que a UE tem vindo a construir pontes com regimes liderados por juntas para recuperar credibilidade perante a R\u00fassia, e reconhece que as rela\u00e7\u00f5es melhoraram desde o in\u00edcio do mandato dele, em novembro de 2024.<\/li>\n<li>Os coment\u00e1rios surgem ap\u00f3s ataques coordenados de grupos separatistas e jihadistas no Mali, que ajudaram a violar a seguran\u00e7a e levaram o ministro da Defesa a morrer; o Mali pediu aos cidad\u00e3os franceses que abandonassem o pa\u00eds.<\/li>\n<li>Cravinho afirma que n\u00e3o h\u00e1 solu\u00e7\u00e3o militar para o Sahel como um todo e que a R\u00fassia oferece apoio militar sem revelar outras op\u00e7\u00f5es, destacando a necessidade de reavalia\u00e7\u00f5es por parte dos malianos.<\/li>\n<li>A UE lan\u00e7ou, em dezembro de 2025, uma nova estrat\u00e9gia para o Sahel, priorizando seguran\u00e7a humana e prosperidade socioecon\u00f3mica, reconhecendo que a Europa n\u00e3o tem o monop\u00f3lio da regi\u00e3o e que o foco \u00e9 manter-se como parceiro relevante.<\/li>\n<\/ul>\n","protected":false},"author":2,"featured_media":462422,"comment_status":"closed","ping_status":"closed","sticky":false,"template":"","format":"standard","meta":{"footnotes":""},"categories":[6814,1],"tags":[7977,8959,8004,8132,7962,8035],"class_list":["post-462420","post","type-post","status-publish","format-standard","has-post-thumbnail","hentry","category-geopolitica","category-noticias","tag-_africa","tag-_diplomacia-internacional","tag-_europa","tag-_iran","tag-_politica-externa","tag-_russia"],"yoast_head":"<!-- This site is optimized with the Yoast SEO plugin v27.2 - https:\/\/yoast.com\/product\/yoast-seo-wordpress\/ -->\n<title>UE n\u00e3o ouve Sahel \u00e0 medida que influ\u00eancia diminui, admite Cravinho - Portal Tela Portugal<\/title>\n<meta name=\"robots\" content=\"index, follow, max-snippet:-1, max-image-preview:large, max-video-preview:-1\" \/>\n<meta property=\"og:locale\" content=\"pt_PT\" \/>\n<meta property=\"og:type\" content=\"article\" \/>\n<meta property=\"og:title\" content=\"UE n\u00e3o ouve Sahel \u00e0 medida que influ\u00eancia diminui, admite Cravinho - Portal Tela Portugal\" \/>\n<meta property=\"og:description\" content=\"O enviado da UE para o Sahel admite que Bruxelas interpretou mal a din\u00e2mica da regi\u00e3o e que as estrat\u00e9gias militares e diplomacia unidirecional abalaram a influ\u00eancia europeia, \u00e0 medida que a R\u00fassia e a China ganham terreno. Cravinho diz que a UE tem vindo a construir pontes com regimes liderados por juntas para recuperar credibilidade perante a R\u00fassia, e reconhece que as rela\u00e7\u00f5es melhoraram desde o in\u00edcio do mandato dele, em novembro de 2024. Os coment\u00e1rios surgem ap\u00f3s ataques coordenados de grupos separatistas e jihadistas no Mali, que ajudaram a violar a seguran\u00e7a e levaram o ministro da Defesa a morrer; o Mali pediu aos cidad\u00e3os franceses que abandonassem o pa\u00eds. Cravinho afirma que n\u00e3o h\u00e1 solu\u00e7\u00e3o militar para o Sahel como um todo e que a R\u00fassia oferece apoio militar sem revelar outras op\u00e7\u00f5es, destacando a necessidade de reavalia\u00e7\u00f5es por parte dos malianos. A UE lan\u00e7ou, em dezembro de 2025, uma nova estrat\u00e9gia para o Sahel, priorizando seguran\u00e7a humana e prosperidade socioecon\u00f3mica, reconhecendo que a Europa n\u00e3o tem o monop\u00f3lio da regi\u00e3o e que o foco \u00e9 manter-se como parceiro relevante.\" \/>\n<meta property=\"og:url\" content=\"https:\/\/portaltela.pt\/noticias\/2026\/04\/30\/ue-nao-ouve-sahel-a-medida-que-influencia-diminui-admite-cravinho\/\" \/>\n<meta property=\"og:site_name\" content=\"Portal Tela Portugal\" \/>\n<meta property=\"article:published_time\" content=\"2026-04-30T12:47:49+00:00\" \/>\n<meta name=\"author\" content=\"Telinha\" \/>\n<meta name=\"twitter:card\" content=\"summary_large_image\" \/>\n<meta name=\"twitter:label1\" content=\"Escrito por\" \/>\n\t<meta name=\"twitter:data1\" content=\"Telinha\" \/>\n\t<meta name=\"twitter:label2\" content=\"Tempo estimado de leitura\" \/>\n\t<meta name=\"twitter:data2\" content=\"2 minutos\" \/>\n<script type=\"application\/ld+json\" class=\"yoast-schema-graph\">{\"@context\":\"https:\/\/schema.org\",\"@graph\":[{\"@type\":\"Article\",\"@id\":\"https:\/\/portaltela.pt\/noticias\/2026\/04\/30\/ue-nao-ouve-sahel-a-medida-que-influencia-diminui-admite-cravinho\/#article\",\"isPartOf\":{\"@id\":\"https:\/\/portaltela.pt\/noticias\/2026\/04\/30\/ue-nao-ouve-sahel-a-medida-que-influencia-diminui-admite-cravinho\/\"},\"author\":{\"name\":\"Telinha\",\"@id\":\"https:\/\/portaltela.pt\/#\/schema\/person\/c4278d4a6028830caff9ee44b42d32ed\"},\"headline\":\"UE n\u00e3o ouve Sahel \u00e0 medida que influ\u00eancia diminui, admite Cravinho\",\"datePublished\":\"2026-04-30T12:47:49+00:00\",\"mainEntityOfPage\":{\"@id\":\"https:\/\/portaltela.pt\/noticias\/2026\/04\/30\/ue-nao-ouve-sahel-a-medida-que-influencia-diminui-admite-cravinho\/\"},\"wordCount\":386,\"image\":{\"@id\":\"https:\/\/portaltela.pt\/noticias\/2026\/04\/30\/ue-nao-ouve-sahel-a-medida-que-influencia-diminui-admite-cravinho\/#primaryimage\"},\"thumbnailUrl\":\"https:\/\/portaltela.pt\/s.01k8rhncp4jt1\/2026\/04\/1536x864_cmsv2_48bb46f7-5afc-53e7-a462-960f31dc34f8-9740822.jpg\",\"keywords\":[\"_\u00c1frica\",\"_diplomacia internacional\",\"_Europa\",\"_\u00cdr\u00e1n\",\"_pol\u00edtica externa\",\"_R\u00fassia\"],\"articleSection\":[\"Geopol\u00edtica\",\"Not\u00edcias\"],\"inLanguage\":\"pt-PT\"},{\"@type\":\"WebPage\",\"@id\":\"https:\/\/portaltela.pt\/noticias\/2026\/04\/30\/ue-nao-ouve-sahel-a-medida-que-influencia-diminui-admite-cravinho\/\",\"url\":\"https:\/\/portaltela.pt\/noticias\/2026\/04\/30\/ue-nao-ouve-sahel-a-medida-que-influencia-diminui-admite-cravinho\/\",\"name\":\"UE n\u00e3o ouve Sahel \u00e0 medida que influ\u00eancia diminui, admite Cravinho - Portal Tela Portugal\",\"isPartOf\":{\"@id\":\"https:\/\/portaltela.pt\/#website\"},\"primaryImageOfPage\":{\"@id\":\"https:\/\/portaltela.pt\/noticias\/2026\/04\/30\/ue-nao-ouve-sahel-a-medida-que-influencia-diminui-admite-cravinho\/#primaryimage\"},\"image\":{\"@id\":\"https:\/\/portaltela.pt\/noticias\/2026\/04\/30\/ue-nao-ouve-sahel-a-medida-que-influencia-diminui-admite-cravinho\/#primaryimage\"},\"thumbnailUrl\":\"https:\/\/portaltela.pt\/s.01k8rhncp4jt1\/2026\/04\/1536x864_cmsv2_48bb46f7-5afc-53e7-a462-960f31dc34f8-9740822.jpg\",\"datePublished\":\"2026-04-30T12:47:49+00:00\",\"author\":{\"@id\":\"https:\/\/portaltela.pt\/#\/schema\/person\/c4278d4a6028830caff9ee44b42d32ed\"},\"breadcrumb\":{\"@id\":\"https:\/\/portaltela.pt\/noticias\/2026\/04\/30\/ue-nao-ouve-sahel-a-medida-que-influencia-diminui-admite-cravinho\/#breadcrumb\"},\"inLanguage\":\"pt-PT\",\"potentialAction\":[{\"@type\":\"ReadAction\",\"target\":[\"https:\/\/portaltela.pt\/noticias\/2026\/04\/30\/ue-nao-ouve-sahel-a-medida-que-influencia-diminui-admite-cravinho\/\"]}]},{\"@type\":\"ImageObject\",\"inLanguage\":\"pt-PT\",\"@id\":\"https:\/\/portaltela.pt\/noticias\/2026\/04\/30\/ue-nao-ouve-sahel-a-medida-que-influencia-diminui-admite-cravinho\/#primaryimage\",\"url\":\"https:\/\/portaltela.pt\/s.01k8rhncp4jt1\/2026\/04\/1536x864_cmsv2_48bb46f7-5afc-53e7-a462-960f31dc34f8-9740822.jpg\",\"contentUrl\":\"https:\/\/portaltela.pt\/s.01k8rhncp4jt1\/2026\/04\/1536x864_cmsv2_48bb46f7-5afc-53e7-a462-960f31dc34f8-9740822.jpg\",\"width\":796,\"height\":448,\"caption\":\"Jo\u00e3o Cravinho, Representante Especial da UE para a regi\u00e3o do Sahel\"},{\"@type\":\"BreadcrumbList\",\"@id\":\"https:\/\/portaltela.pt\/noticias\/2026\/04\/30\/ue-nao-ouve-sahel-a-medida-que-influencia-diminui-admite-cravinho\/#breadcrumb\",\"itemListElement\":[{\"@type\":\"ListItem\",\"position\":1,\"name\":\"In\u00edcio\",\"item\":\"https:\/\/portaltela.pt\/\"},{\"@type\":\"ListItem\",\"position\":2,\"name\":\"UE n\u00e3o ouve Sahel \u00e0 medida que influ\u00eancia diminui, admite Cravinho\"}]},{\"@type\":\"WebSite\",\"@id\":\"https:\/\/portaltela.pt\/#website\",\"url\":\"https:\/\/portaltela.pt\/\",\"name\":\"Portal Tela Portugal\",\"description\":\"\",\"potentialAction\":[{\"@type\":\"SearchAction\",\"target\":{\"@type\":\"EntryPoint\",\"urlTemplate\":\"https:\/\/portaltela.pt\/?s={search_term_string}\"},\"query-input\":{\"@type\":\"PropertyValueSpecification\",\"valueRequired\":true,\"valueName\":\"search_term_string\"}}],\"inLanguage\":\"pt-PT\"},{\"@type\":\"Person\",\"@id\":\"https:\/\/portaltela.pt\/#\/schema\/person\/c4278d4a6028830caff9ee44b42d32ed\",\"name\":\"Telinha\",\"image\":{\"@type\":\"ImageObject\",\"inLanguage\":\"pt-PT\",\"@id\":\"https:\/\/portaltela.pt\/s.01k8rhncp4jt1\/2025\/11\/talking-bot-125x125.png\",\"url\":\"https:\/\/portaltela.pt\/s.01k8rhncp4jt1\/2025\/11\/talking-bot-125x125.png\",\"contentUrl\":\"https:\/\/portaltela.pt\/s.01k8rhncp4jt1\/2025\/11\/talking-bot-125x125.png\",\"caption\":\"Telinha\"},\"sameAs\":[\"https:\/\/portaltela.pt\/\"],\"url\":\"https:\/\/portaltela.pt\/por\/367410592786\/\"}]}<\/script>\n<!-- \/ Yoast SEO plugin. -->","yoast_head_json":{"title":"UE n\u00e3o ouve Sahel \u00e0 medida que influ\u00eancia diminui, admite Cravinho - Portal Tela Portugal","robots":{"index":"index","follow":"follow","max-snippet":"max-snippet:-1","max-image-preview":"max-image-preview:large","max-video-preview":"max-video-preview:-1"},"og_locale":"pt_PT","og_type":"article","og_title":"UE n\u00e3o ouve Sahel \u00e0 medida que influ\u00eancia diminui, admite Cravinho - Portal Tela Portugal","og_description":"O enviado da UE para o Sahel admite que Bruxelas interpretou mal a din\u00e2mica da regi\u00e3o e que as estrat\u00e9gias militares e diplomacia unidirecional abalaram a influ\u00eancia europeia, \u00e0 medida que a R\u00fassia e a China ganham terreno. Cravinho diz que a UE tem vindo a construir pontes com regimes liderados por juntas para recuperar credibilidade perante a R\u00fassia, e reconhece que as rela\u00e7\u00f5es melhoraram desde o in\u00edcio do mandato dele, em novembro de 2024. Os coment\u00e1rios surgem ap\u00f3s ataques coordenados de grupos separatistas e jihadistas no Mali, que ajudaram a violar a seguran\u00e7a e levaram o ministro da Defesa a morrer; o Mali pediu aos cidad\u00e3os franceses que abandonassem o pa\u00eds. Cravinho afirma que n\u00e3o h\u00e1 solu\u00e7\u00e3o militar para o Sahel como um todo e que a R\u00fassia oferece apoio militar sem revelar outras op\u00e7\u00f5es, destacando a necessidade de reavalia\u00e7\u00f5es por parte dos malianos. A UE lan\u00e7ou, em dezembro de 2025, uma nova estrat\u00e9gia para o Sahel, priorizando seguran\u00e7a humana e prosperidade socioecon\u00f3mica, reconhecendo que a Europa n\u00e3o tem o monop\u00f3lio da regi\u00e3o e que o foco \u00e9 manter-se como parceiro relevante.","og_url":"https:\/\/portaltela.pt\/noticias\/2026\/04\/30\/ue-nao-ouve-sahel-a-medida-que-influencia-diminui-admite-cravinho\/","og_site_name":"Portal Tela Portugal","article_published_time":"2026-04-30T12:47:49+00:00","author":"Telinha","twitter_card":"summary_large_image","twitter_misc":{"Escrito por":"Telinha","Tempo estimado de leitura":"2 minutos"},"schema":{"@context":"https:\/\/schema.org","@graph":[{"@type":"Article","@id":"https:\/\/portaltela.pt\/noticias\/2026\/04\/30\/ue-nao-ouve-sahel-a-medida-que-influencia-diminui-admite-cravinho\/#article","isPartOf":{"@id":"https:\/\/portaltela.pt\/noticias\/2026\/04\/30\/ue-nao-ouve-sahel-a-medida-que-influencia-diminui-admite-cravinho\/"},"author":{"name":"Telinha","@id":"https:\/\/portaltela.pt\/#\/schema\/person\/c4278d4a6028830caff9ee44b42d32ed"},"headline":"UE n\u00e3o ouve Sahel \u00e0 medida que influ\u00eancia diminui, admite Cravinho","datePublished":"2026-04-30T12:47:49+00:00","mainEntityOfPage":{"@id":"https:\/\/portaltela.pt\/noticias\/2026\/04\/30\/ue-nao-ouve-sahel-a-medida-que-influencia-diminui-admite-cravinho\/"},"wordCount":386,"image":{"@id":"https:\/\/portaltela.pt\/noticias\/2026\/04\/30\/ue-nao-ouve-sahel-a-medida-que-influencia-diminui-admite-cravinho\/#primaryimage"},"thumbnailUrl":"https:\/\/portaltela.pt\/s.01k8rhncp4jt1\/2026\/04\/1536x864_cmsv2_48bb46f7-5afc-53e7-a462-960f31dc34f8-9740822.jpg","keywords":["_\u00c1frica","_diplomacia internacional","_Europa","_\u00cdr\u00e1n","_pol\u00edtica externa","_R\u00fassia"],"articleSection":["Geopol\u00edtica","Not\u00edcias"],"inLanguage":"pt-PT"},{"@type":"WebPage","@id":"https:\/\/portaltela.pt\/noticias\/2026\/04\/30\/ue-nao-ouve-sahel-a-medida-que-influencia-diminui-admite-cravinho\/","url":"https:\/\/portaltela.pt\/noticias\/2026\/04\/30\/ue-nao-ouve-sahel-a-medida-que-influencia-diminui-admite-cravinho\/","name":"UE n\u00e3o ouve Sahel \u00e0 medida que influ\u00eancia diminui, admite Cravinho - Portal Tela Portugal","isPartOf":{"@id":"https:\/\/portaltela.pt\/#website"},"primaryImageOfPage":{"@id":"https:\/\/portaltela.pt\/noticias\/2026\/04\/30\/ue-nao-ouve-sahel-a-medida-que-influencia-diminui-admite-cravinho\/#primaryimage"},"image":{"@id":"https:\/\/portaltela.pt\/noticias\/2026\/04\/30\/ue-nao-ouve-sahel-a-medida-que-influencia-diminui-admite-cravinho\/#primaryimage"},"thumbnailUrl":"https:\/\/portaltela.pt\/s.01k8rhncp4jt1\/2026\/04\/1536x864_cmsv2_48bb46f7-5afc-53e7-a462-960f31dc34f8-9740822.jpg","datePublished":"2026-04-30T12:47:49+00:00","author":{"@id":"https:\/\/portaltela.pt\/#\/schema\/person\/c4278d4a6028830caff9ee44b42d32ed"},"breadcrumb":{"@id":"https:\/\/portaltela.pt\/noticias\/2026\/04\/30\/ue-nao-ouve-sahel-a-medida-que-influencia-diminui-admite-cravinho\/#breadcrumb"},"inLanguage":"pt-PT","potentialAction":[{"@type":"ReadAction","target":["https:\/\/portaltela.pt\/noticias\/2026\/04\/30\/ue-nao-ouve-sahel-a-medida-que-influencia-diminui-admite-cravinho\/"]}]},{"@type":"ImageObject","inLanguage":"pt-PT","@id":"https:\/\/portaltela.pt\/noticias\/2026\/04\/30\/ue-nao-ouve-sahel-a-medida-que-influencia-diminui-admite-cravinho\/#primaryimage","url":"https:\/\/portaltela.pt\/s.01k8rhncp4jt1\/2026\/04\/1536x864_cmsv2_48bb46f7-5afc-53e7-a462-960f31dc34f8-9740822.jpg","contentUrl":"https:\/\/portaltela.pt\/s.01k8rhncp4jt1\/2026\/04\/1536x864_cmsv2_48bb46f7-5afc-53e7-a462-960f31dc34f8-9740822.jpg","width":796,"height":448,"caption":"Jo\u00e3o Cravinho, Representante Especial da UE para a regi\u00e3o do Sahel"},{"@type":"BreadcrumbList","@id":"https:\/\/portaltela.pt\/noticias\/2026\/04\/30\/ue-nao-ouve-sahel-a-medida-que-influencia-diminui-admite-cravinho\/#breadcrumb","itemListElement":[{"@type":"ListItem","position":1,"name":"In\u00edcio","item":"https:\/\/portaltela.pt\/"},{"@type":"ListItem","position":2,"name":"UE n\u00e3o ouve Sahel \u00e0 medida que influ\u00eancia diminui, admite Cravinho"}]},{"@type":"WebSite","@id":"https:\/\/portaltela.pt\/#website","url":"https:\/\/portaltela.pt\/","name":"Portal Tela Portugal","description":"","potentialAction":[{"@type":"SearchAction","target":{"@type":"EntryPoint","urlTemplate":"https:\/\/portaltela.pt\/?s={search_term_string}"},"query-input":{"@type":"PropertyValueSpecification","valueRequired":true,"valueName":"search_term_string"}}],"inLanguage":"pt-PT"},{"@type":"Person","@id":"https:\/\/portaltela.pt\/#\/schema\/person\/c4278d4a6028830caff9ee44b42d32ed","name":"Telinha","image":{"@type":"ImageObject","inLanguage":"pt-PT","@id":"https:\/\/portaltela.pt\/s.01k8rhncp4jt1\/2025\/11\/talking-bot-125x125.png","url":"https:\/\/portaltela.pt\/s.01k8rhncp4jt1\/2025\/11\/talking-bot-125x125.png","contentUrl":"https:\/\/portaltela.pt\/s.01k8rhncp4jt1\/2025\/11\/talking-bot-125x125.png","caption":"Telinha"},"sameAs":["https:\/\/portaltela.pt\/"],"url":"https:\/\/portaltela.pt\/por\/367410592786\/"}]}},"_links":{"self":[{"href":"https:\/\/portaltela.pt\/api\/wp\/v2\/posts\/462420","targetHints":{"allow":["GET"]}}],"collection":[{"href":"https:\/\/portaltela.pt\/api\/wp\/v2\/posts"}],"about":[{"href":"https:\/\/portaltela.pt\/api\/wp\/v2\/types\/post"}],"author":[{"embeddable":true,"href":"https:\/\/portaltela.pt\/api\/wp\/v2\/users\/2"}],"replies":[{"embeddable":true,"href":"https:\/\/portaltela.pt\/api\/wp\/v2\/comments?post=462420"}],"version-history":[{"count":0,"href":"https:\/\/portaltela.pt\/api\/wp\/v2\/posts\/462420\/revisions"}],"wp:featuredmedia":[{"embeddable":true,"href":"https:\/\/portaltela.pt\/api\/wp\/v2\/media\/462422"}],"wp:attachment":[{"href":"https:\/\/portaltela.pt\/api\/wp\/v2\/media?parent=462420"}],"wp:term":[{"taxonomy":"category","embeddable":true,"href":"https:\/\/portaltela.pt\/api\/wp\/v2\/categories?post=462420"},{"taxonomy":"post_tag","embeddable":true,"href":"https:\/\/portaltela.pt\/api\/wp\/v2\/tags?post=462420"}],"curies":[{"name":"wp","href":"https:\/\/api.w.org\/{rel}","templated":true}]}}