{"id":462405,"date":"2026-04-30T09:34:11","date_gmt":"2026-04-30T12:34:11","guid":{"rendered":"https:\/\/portaltela.pt\/noticias\/2026\/04\/30\/clima-tenso-na-familia-do-prr-torna-se-problematico\/"},"modified":"2026-04-30T09:34:11","modified_gmt":"2026-04-30T12:34:11","slug":"clima-tenso-na-familia-do-prr-torna-se-problematico","status":"publish","type":"post","link":"https:\/\/portaltela.pt\/energia\/2026\/04\/30\/clima-tenso-na-familia-do-prr-torna-se-problematico\/","title":{"rendered":"Clima tenso na fam\u00edlia do PRR torna-se problem\u00e1tico"},"content":{"rendered":"<p>Na quarta margem do mandato do PRR, o foco na transi\u00e7\u00e3o clim\u00e1tica revela cortes de 483 milh\u00f5es de euros face ao plano inicial e atrasos em projetos-chave. O relat\u00f3rio mais recente da CNA-PRR aponta para uma substitui\u00e7\u00e3o de metas f\u00edsicas por indicadores financeiros, aumentando o fosso entre o que \u00e9 previsto e o que se verifica no terreno.<\/p>\n<p>Os dados indicam que o pilar do clima foi dos mais afetados, com uma redu\u00e7\u00e3o de 11,6% nas revis\u00f5es. Paralelamente, manteve-se um conjunto consider\u00e1vel de investimentos em est\u00e1gios cr\u00edticos, o que suscita d\u00favidas sobre o impacto ambiental efetivo. Portugal manteve percentuais acima do m\u00ednimo europeu, mesmo com varia\u00e7\u00f5es ao longo das revis\u00f5es.<\/p>\n<p>Ao n\u00edvel regulat\u00f3rio, o MRR da UE exige 37% da dota\u00e7\u00e3o total para a\u00e7\u00f5es clim\u00e1ticas. Em 2023, com o cap\u00edtulo REPowerEU, o pa\u00eds atingiu 41,2% (9,15 mil milh\u00f5es de euros). Em revis\u00f5es seguintes, ficou em 39,1% e, na \u00faltima altera\u00e7\u00e3o de 2025, 37,33%. O cumprimento formal, contudo, n\u00e3o assegura transforma\u00e7\u00e3o estrutural.<\/p>\n<h3>Despesas, metas e distor\u00e7\u00f5es<\/h3>\n<p>A CNA-PRR alerta para coeficientes clim\u00e1ticos inflacionados, que atribuem etiquetas \u201cverdes\u201d a despesas administrativas ou fases de constru\u00e7\u00e3o poluentes, agravando o desfasamento entre n\u00fameros e realidade. Assim, o papel supera o impacto ambiental efetivo.<\/p>\n<p>Entre as altera\u00e7\u00f5es do plano, a dimens\u00e3o clim\u00e1tica sofreu uma quebra financeira de 483 milh\u00f5es de euros, com cortes a mobilidade sustent\u00e1vel (-34,8%) e efici\u00eancia energ\u00e9tica em edif\u00edcios (-35%). O hidrog\u00e9nio e renov\u00e1veis registaram refor\u00e7o, sem refletir resultados proporcionais.<\/p>\n<p>Em numerosos casos, a reprograma\u00e7\u00e3o manteve a apar\u00eancia de cumprimento sem assegurar o impacto ambiental desejado. Um exemplo \u00e9 o setor do hidrog\u00e9nio, onde a taxa de execu\u00e7\u00e3o \u00e9 de apenas 17%. Metas f\u00edsicas em megawatts foram eliminadas, substitu\u00eddas por incentivos a acordos de financiamento.<\/p>\n<p>O desenvolvimento da ind\u00fastria ecol\u00f3gica mostra outra din\u00e2mica: a valida\u00e7\u00e3o administrativa substituiu a conclus\u00e3o de projetos avan\u00e7os tecnol\u00f3gicos, diminuindo a demonstra\u00e7\u00e3o de capacidade instalada. Licenciamentos ainda podem n\u00e3o ficar conclu\u00eddos at\u00e9 ao fim do PRR.<\/p>\n<p>A expans\u00e3o da Linha Vermelha do Metropolitano de Lisboa tamb\u00e9m exemplifica o cen\u00e1rio: houve retirada do projeto por atraso, mas o marco inicial ficou contabilizado, assegurando comparticipa\u00e7\u00e3o via empr\u00e9stimos, mesmo sem obras conclu\u00eddas.<\/p>\n<h3>Impacto real vs. execu\u00e7\u00e3o<\/h3>\n<p>A CNA-PRR critica que metas contratuais privilegiam indicadores de execu\u00e7\u00e3o, sem medir ganhos ambientais efetivos. Na efici\u00eancia energ\u00e9tica, medir pela \u00e1rea intervencionada n\u00e3o demonstra poupan\u00e7as reais nem redu\u00e7\u00e3o de emiss\u00f5es. A descarboniza\u00e7\u00e3o industrial exige divulga\u00e7\u00e3o cont\u00ednua de redu\u00e7\u00f5es de emiss\u00f5es.<\/p>\n<p>Na mobilidade sustent\u00e1vel, recomenda-se avaliar opera\u00e7\u00f5es reais, substitui\u00e7\u00e3o de frotas e melhoria da qualidade do ar, n\u00e3o apenas ve\u00edculos entregues. No hidrog\u00e9nio, o foco deve ser o consumo efetivo de gases e a integra\u00e7\u00e3o nos sistemas industriais, para al\u00e9m de contratos assinados.<\/p>\n<p>O DNSH entra como controle anterior \u00e0 execu\u00e7\u00e3o, com valida\u00e7\u00e3o de cada projeto, mas falta acompanhamento sistem\u00e1tico do impacto ao longo do tempo. A CNA-PRR, assim, aponta um retrato de cumprimento formal, n\u00e3o de transforma\u00e7\u00e3o estrutural verific\u00e1vel no terreno.<\/p>\n<p>Portugal mant\u00e9m o cumprimento formal das metas clim\u00e1ticas, mas a gest\u00e3o do PRR tem privilegiado a mitiga\u00e7\u00e3o de incumprimento burocr\u00e1tico em detrimento do impacto ambiental efetivo. O risco persiste de metas cumpridas no papel sem evid\u00eancia de redu\u00e7\u00e3o real de emiss\u00f5es e melhoria energ\u00e9tica.<\/p>\n","protected":false},"excerpt":{"rendered":"<ul>\n<li>A CNA-PRR aponta cortes de 483 milh\u00f5es de euros na dimens\u00e3o da transi\u00e7\u00e3o clim\u00e1tica do PRR, com uma redu\u00e7\u00e3o de 11,6% e sinais de atrasos em projetos-chave.<\/li>\n<li>O cumprimento da meta clim\u00e1tica continua acima do m\u00ednimo legal, indo de 41,2% em 2023 (REPowerEU) a 39,1% em revis\u00f5es intercalares e 37,33% na \u00faltima altera\u00e7\u00e3o de 2025, mas n\u00e3o reflete uma transforma\u00e7\u00e3o estrutural real.<\/li>\n<li>O Tribunal de Contas Europeu alerta para o uso de \u201ccoeficientes clim\u00e1ticos\u201d inflacionados, que atribuem etiquetas verdes a despesas administrativas ou fases poluentes, aumentando o desfasamento entre n\u00fameros e impactos reais.<\/li>\n<li>Redu\u00e7\u00f5es mais significativas ocorreram em mobilidade sustent\u00e1vel (-34,8%) e efici\u00eancia energ\u00e9tica em edif\u00edcios (-35%), enquanto o setor de hidrog\u00e9nio e energias renov\u00e1veis mostrou refor\u00e7o de 18,8% sem correspond\u00eancia pr\u00e1tica.<\/li>\n<li>Casos ilustrativos incluem a remo\u00e7\u00e3o da meta f\u00edsica da expans\u00e3o da Linha Vermelha do Metropolitano de Lisboa enquanto se manteve o marco inicial, e o programa Vale Efici\u00eancia reduzido de 100 mil para 20 mil vales, com atrasos nos pagamentos e dificuldades de implementa\u00e7\u00e3o.<\/li>\n<\/ul>\n","protected":false},"author":2,"featured_media":462412,"comment_status":"closed","ping_status":"closed","sticky":false,"template":"","format":"standard","meta":{"footnotes":""},"categories":[7380,6806],"tags":[8291,8238,8179,8277,8051,9647],"class_list":["post-462405","post","type-post","status-publish","format-standard","has-post-thumbnail","hentry","category-clima","category-energia","tag-_alteracoes-climaticas","tag-_ambiente","tag-_descarbonizacao","tag-_eficiencia-energetica","tag-_energias-renovaveis","tag-_mobilidade-sustentavel"],"yoast_head":"<!-- This site is optimized with the Yoast SEO plugin v27.2 - https:\/\/yoast.com\/product\/yoast-seo-wordpress\/ -->\n<title>Clima tenso na fam\u00edlia do PRR torna-se problem\u00e1tico - Portal Tela Portugal<\/title>\n<meta name=\"robots\" content=\"index, follow, max-snippet:-1, max-image-preview:large, max-video-preview:-1\" \/>\n<meta property=\"og:locale\" content=\"pt_PT\" \/>\n<meta property=\"og:type\" content=\"article\" \/>\n<meta property=\"og:title\" content=\"Clima tenso na fam\u00edlia do PRR torna-se problem\u00e1tico - Portal Tela Portugal\" \/>\n<meta property=\"og:description\" content=\"A CNA-PRR aponta cortes de 483 milh\u00f5es de euros na dimens\u00e3o da transi\u00e7\u00e3o clim\u00e1tica do PRR, com uma redu\u00e7\u00e3o de 11,6% e sinais de atrasos em projetos-chave. O cumprimento da meta clim\u00e1tica continua acima do m\u00ednimo legal, indo de 41,2% em 2023 (REPowerEU) a 39,1% em revis\u00f5es intercalares e 37,33% na \u00faltima altera\u00e7\u00e3o de 2025, mas n\u00e3o reflete uma transforma\u00e7\u00e3o estrutural real. O Tribunal de Contas Europeu alerta para o uso de \u201ccoeficientes clim\u00e1ticos\u201d inflacionados, que atribuem etiquetas verdes a despesas administrativas ou fases poluentes, aumentando o desfasamento entre n\u00fameros e impactos reais. Redu\u00e7\u00f5es mais significativas ocorreram em mobilidade sustent\u00e1vel (-34,8%) e efici\u00eancia energ\u00e9tica em edif\u00edcios (-35%), enquanto o setor de hidrog\u00e9nio e energias renov\u00e1veis mostrou refor\u00e7o de 18,8% sem correspond\u00eancia pr\u00e1tica. Casos ilustrativos incluem a remo\u00e7\u00e3o da meta f\u00edsica da expans\u00e3o da Linha Vermelha do Metropolitano de Lisboa enquanto se manteve o marco inicial, e o programa Vale Efici\u00eancia reduzido de 100 mil para 20 mil vales, com atrasos nos pagamentos e dificuldades de implementa\u00e7\u00e3o.\" \/>\n<meta property=\"og:url\" content=\"https:\/\/portaltela.pt\/noticias\/2026\/04\/30\/clima-tenso-na-familia-do-prr-torna-se-problematico\/\" \/>\n<meta property=\"og:site_name\" content=\"Portal Tela Portugal\" \/>\n<meta property=\"article:published_time\" content=\"2026-04-30T12:34:11+00:00\" \/>\n<meta name=\"author\" content=\"Telinha\" \/>\n<meta name=\"twitter:card\" content=\"summary_large_image\" \/>\n<meta name=\"twitter:label1\" content=\"Escrito por\" \/>\n\t<meta name=\"twitter:data1\" content=\"Telinha\" \/>\n\t<meta name=\"twitter:label2\" content=\"Tempo estimado de leitura\" \/>\n\t<meta name=\"twitter:data2\" content=\"3 minutos\" \/>\n<script type=\"application\/ld+json\" class=\"yoast-schema-graph\">{\"@context\":\"https:\/\/schema.org\",\"@graph\":[{\"@type\":\"Article\",\"@id\":\"https:\/\/portaltela.pt\/noticias\/2026\/04\/30\/clima-tenso-na-familia-do-prr-torna-se-problematico\/#article\",\"isPartOf\":{\"@id\":\"https:\/\/portaltela.pt\/noticias\/2026\/04\/30\/clima-tenso-na-familia-do-prr-torna-se-problematico\/\"},\"author\":{\"name\":\"Telinha\",\"@id\":\"https:\/\/portaltela.pt\/#\/schema\/person\/c4278d4a6028830caff9ee44b42d32ed\"},\"headline\":\"Clima tenso na fam\u00edlia do PRR torna-se problem\u00e1tico\",\"datePublished\":\"2026-04-30T12:34:11+00:00\",\"mainEntityOfPage\":{\"@id\":\"https:\/\/portaltela.pt\/noticias\/2026\/04\/30\/clima-tenso-na-familia-do-prr-torna-se-problematico\/\"},\"wordCount\":615,\"image\":{\"@id\":\"https:\/\/portaltela.pt\/noticias\/2026\/04\/30\/clima-tenso-na-familia-do-prr-torna-se-problematico\/#primaryimage\"},\"thumbnailUrl\":\"https:\/\/portaltela.pt\/s.01k8rhncp4jt1\/2026\/04\/2084550.jpg\",\"keywords\":[\"_Altera\u00e7\u00f5es Clim\u00e1ticas\",\"_ambiente\",\"_descarboniza\u00e7\u00e3o\",\"_efici\u00eancia energ\u00e9tica\",\"_energias renov\u00e1veis\",\"_Mobilidade Sustent\u00e1vel\"],\"articleSection\":[\"Clima\",\"Energia\"],\"inLanguage\":\"pt-PT\"},{\"@type\":\"WebPage\",\"@id\":\"https:\/\/portaltela.pt\/noticias\/2026\/04\/30\/clima-tenso-na-familia-do-prr-torna-se-problematico\/\",\"url\":\"https:\/\/portaltela.pt\/noticias\/2026\/04\/30\/clima-tenso-na-familia-do-prr-torna-se-problematico\/\",\"name\":\"Clima tenso na fam\u00edlia do PRR torna-se problem\u00e1tico - Portal Tela Portugal\",\"isPartOf\":{\"@id\":\"https:\/\/portaltela.pt\/#website\"},\"primaryImageOfPage\":{\"@id\":\"https:\/\/portaltela.pt\/noticias\/2026\/04\/30\/clima-tenso-na-familia-do-prr-torna-se-problematico\/#primaryimage\"},\"image\":{\"@id\":\"https:\/\/portaltela.pt\/noticias\/2026\/04\/30\/clima-tenso-na-familia-do-prr-torna-se-problematico\/#primaryimage\"},\"thumbnailUrl\":\"https:\/\/portaltela.pt\/s.01k8rhncp4jt1\/2026\/04\/2084550.jpg\",\"datePublished\":\"2026-04-30T12:34:11+00:00\",\"author\":{\"@id\":\"https:\/\/portaltela.pt\/#\/schema\/person\/c4278d4a6028830caff9ee44b42d32ed\"},\"breadcrumb\":{\"@id\":\"https:\/\/portaltela.pt\/noticias\/2026\/04\/30\/clima-tenso-na-familia-do-prr-torna-se-problematico\/#breadcrumb\"},\"inLanguage\":\"pt-PT\",\"potentialAction\":[{\"@type\":\"ReadAction\",\"target\":[\"https:\/\/portaltela.pt\/noticias\/2026\/04\/30\/clima-tenso-na-familia-do-prr-torna-se-problematico\/\"]}]},{\"@type\":\"ImageObject\",\"inLanguage\":\"pt-PT\",\"@id\":\"https:\/\/portaltela.pt\/noticias\/2026\/04\/30\/clima-tenso-na-familia-do-prr-torna-se-problematico\/#primaryimage\",\"url\":\"https:\/\/portaltela.pt\/s.01k8rhncp4jt1\/2026\/04\/2084550.jpg\",\"contentUrl\":\"https:\/\/portaltela.pt\/s.01k8rhncp4jt1\/2026\/04\/2084550.jpg\",\"width\":796,\"height\":448,\"caption\":\"Obras da Esta\u00e7\u00e3o de Metro da Galiza, futura Linha Rosa do Metro do Porto\"},{\"@type\":\"BreadcrumbList\",\"@id\":\"https:\/\/portaltela.pt\/noticias\/2026\/04\/30\/clima-tenso-na-familia-do-prr-torna-se-problematico\/#breadcrumb\",\"itemListElement\":[{\"@type\":\"ListItem\",\"position\":1,\"name\":\"In\u00edcio\",\"item\":\"https:\/\/portaltela.pt\/\"},{\"@type\":\"ListItem\",\"position\":2,\"name\":\"Clima tenso na fam\u00edlia do PRR torna-se problem\u00e1tico\"}]},{\"@type\":\"WebSite\",\"@id\":\"https:\/\/portaltela.pt\/#website\",\"url\":\"https:\/\/portaltela.pt\/\",\"name\":\"Portal Tela Portugal\",\"description\":\"\",\"potentialAction\":[{\"@type\":\"SearchAction\",\"target\":{\"@type\":\"EntryPoint\",\"urlTemplate\":\"https:\/\/portaltela.pt\/?s={search_term_string}\"},\"query-input\":{\"@type\":\"PropertyValueSpecification\",\"valueRequired\":true,\"valueName\":\"search_term_string\"}}],\"inLanguage\":\"pt-PT\"},{\"@type\":\"Person\",\"@id\":\"https:\/\/portaltela.pt\/#\/schema\/person\/c4278d4a6028830caff9ee44b42d32ed\",\"name\":\"Telinha\",\"image\":{\"@type\":\"ImageObject\",\"inLanguage\":\"pt-PT\",\"@id\":\"https:\/\/portaltela.pt\/s.01k8rhncp4jt1\/2025\/11\/talking-bot-125x125.png\",\"url\":\"https:\/\/portaltela.pt\/s.01k8rhncp4jt1\/2025\/11\/talking-bot-125x125.png\",\"contentUrl\":\"https:\/\/portaltela.pt\/s.01k8rhncp4jt1\/2025\/11\/talking-bot-125x125.png\",\"caption\":\"Telinha\"},\"sameAs\":[\"https:\/\/portaltela.pt\/\"],\"url\":\"https:\/\/portaltela.pt\/por\/367410592786\/\"}]}<\/script>\n<!-- \/ Yoast SEO plugin. -->","yoast_head_json":{"title":"Clima tenso na fam\u00edlia do PRR torna-se problem\u00e1tico - Portal Tela Portugal","robots":{"index":"index","follow":"follow","max-snippet":"max-snippet:-1","max-image-preview":"max-image-preview:large","max-video-preview":"max-video-preview:-1"},"og_locale":"pt_PT","og_type":"article","og_title":"Clima tenso na fam\u00edlia do PRR torna-se problem\u00e1tico - Portal Tela Portugal","og_description":"A CNA-PRR aponta cortes de 483 milh\u00f5es de euros na dimens\u00e3o da transi\u00e7\u00e3o clim\u00e1tica do PRR, com uma redu\u00e7\u00e3o de 11,6% e sinais de atrasos em projetos-chave. O cumprimento da meta clim\u00e1tica continua acima do m\u00ednimo legal, indo de 41,2% em 2023 (REPowerEU) a 39,1% em revis\u00f5es intercalares e 37,33% na \u00faltima altera\u00e7\u00e3o de 2025, mas n\u00e3o reflete uma transforma\u00e7\u00e3o estrutural real. O Tribunal de Contas Europeu alerta para o uso de \u201ccoeficientes clim\u00e1ticos\u201d inflacionados, que atribuem etiquetas verdes a despesas administrativas ou fases poluentes, aumentando o desfasamento entre n\u00fameros e impactos reais. Redu\u00e7\u00f5es mais significativas ocorreram em mobilidade sustent\u00e1vel (-34,8%) e efici\u00eancia energ\u00e9tica em edif\u00edcios (-35%), enquanto o setor de hidrog\u00e9nio e energias renov\u00e1veis mostrou refor\u00e7o de 18,8% sem correspond\u00eancia pr\u00e1tica. Casos ilustrativos incluem a remo\u00e7\u00e3o da meta f\u00edsica da expans\u00e3o da Linha Vermelha do Metropolitano de Lisboa enquanto se manteve o marco inicial, e o programa Vale Efici\u00eancia reduzido de 100 mil para 20 mil vales, com atrasos nos pagamentos e dificuldades de implementa\u00e7\u00e3o.","og_url":"https:\/\/portaltela.pt\/noticias\/2026\/04\/30\/clima-tenso-na-familia-do-prr-torna-se-problematico\/","og_site_name":"Portal Tela Portugal","article_published_time":"2026-04-30T12:34:11+00:00","author":"Telinha","twitter_card":"summary_large_image","twitter_misc":{"Escrito por":"Telinha","Tempo estimado de leitura":"3 minutos"},"schema":{"@context":"https:\/\/schema.org","@graph":[{"@type":"Article","@id":"https:\/\/portaltela.pt\/noticias\/2026\/04\/30\/clima-tenso-na-familia-do-prr-torna-se-problematico\/#article","isPartOf":{"@id":"https:\/\/portaltela.pt\/noticias\/2026\/04\/30\/clima-tenso-na-familia-do-prr-torna-se-problematico\/"},"author":{"name":"Telinha","@id":"https:\/\/portaltela.pt\/#\/schema\/person\/c4278d4a6028830caff9ee44b42d32ed"},"headline":"Clima tenso na fam\u00edlia do PRR torna-se problem\u00e1tico","datePublished":"2026-04-30T12:34:11+00:00","mainEntityOfPage":{"@id":"https:\/\/portaltela.pt\/noticias\/2026\/04\/30\/clima-tenso-na-familia-do-prr-torna-se-problematico\/"},"wordCount":615,"image":{"@id":"https:\/\/portaltela.pt\/noticias\/2026\/04\/30\/clima-tenso-na-familia-do-prr-torna-se-problematico\/#primaryimage"},"thumbnailUrl":"https:\/\/portaltela.pt\/s.01k8rhncp4jt1\/2026\/04\/2084550.jpg","keywords":["_Altera\u00e7\u00f5es Clim\u00e1ticas","_ambiente","_descarboniza\u00e7\u00e3o","_efici\u00eancia energ\u00e9tica","_energias renov\u00e1veis","_Mobilidade Sustent\u00e1vel"],"articleSection":["Clima","Energia"],"inLanguage":"pt-PT"},{"@type":"WebPage","@id":"https:\/\/portaltela.pt\/noticias\/2026\/04\/30\/clima-tenso-na-familia-do-prr-torna-se-problematico\/","url":"https:\/\/portaltela.pt\/noticias\/2026\/04\/30\/clima-tenso-na-familia-do-prr-torna-se-problematico\/","name":"Clima tenso na fam\u00edlia do PRR torna-se problem\u00e1tico - Portal Tela Portugal","isPartOf":{"@id":"https:\/\/portaltela.pt\/#website"},"primaryImageOfPage":{"@id":"https:\/\/portaltela.pt\/noticias\/2026\/04\/30\/clima-tenso-na-familia-do-prr-torna-se-problematico\/#primaryimage"},"image":{"@id":"https:\/\/portaltela.pt\/noticias\/2026\/04\/30\/clima-tenso-na-familia-do-prr-torna-se-problematico\/#primaryimage"},"thumbnailUrl":"https:\/\/portaltela.pt\/s.01k8rhncp4jt1\/2026\/04\/2084550.jpg","datePublished":"2026-04-30T12:34:11+00:00","author":{"@id":"https:\/\/portaltela.pt\/#\/schema\/person\/c4278d4a6028830caff9ee44b42d32ed"},"breadcrumb":{"@id":"https:\/\/portaltela.pt\/noticias\/2026\/04\/30\/clima-tenso-na-familia-do-prr-torna-se-problematico\/#breadcrumb"},"inLanguage":"pt-PT","potentialAction":[{"@type":"ReadAction","target":["https:\/\/portaltela.pt\/noticias\/2026\/04\/30\/clima-tenso-na-familia-do-prr-torna-se-problematico\/"]}]},{"@type":"ImageObject","inLanguage":"pt-PT","@id":"https:\/\/portaltela.pt\/noticias\/2026\/04\/30\/clima-tenso-na-familia-do-prr-torna-se-problematico\/#primaryimage","url":"https:\/\/portaltela.pt\/s.01k8rhncp4jt1\/2026\/04\/2084550.jpg","contentUrl":"https:\/\/portaltela.pt\/s.01k8rhncp4jt1\/2026\/04\/2084550.jpg","width":796,"height":448,"caption":"Obras da Esta\u00e7\u00e3o de Metro da Galiza, futura Linha Rosa do Metro do Porto"},{"@type":"BreadcrumbList","@id":"https:\/\/portaltela.pt\/noticias\/2026\/04\/30\/clima-tenso-na-familia-do-prr-torna-se-problematico\/#breadcrumb","itemListElement":[{"@type":"ListItem","position":1,"name":"In\u00edcio","item":"https:\/\/portaltela.pt\/"},{"@type":"ListItem","position":2,"name":"Clima tenso na fam\u00edlia do PRR torna-se problem\u00e1tico"}]},{"@type":"WebSite","@id":"https:\/\/portaltela.pt\/#website","url":"https:\/\/portaltela.pt\/","name":"Portal Tela Portugal","description":"","potentialAction":[{"@type":"SearchAction","target":{"@type":"EntryPoint","urlTemplate":"https:\/\/portaltela.pt\/?s={search_term_string}"},"query-input":{"@type":"PropertyValueSpecification","valueRequired":true,"valueName":"search_term_string"}}],"inLanguage":"pt-PT"},{"@type":"Person","@id":"https:\/\/portaltela.pt\/#\/schema\/person\/c4278d4a6028830caff9ee44b42d32ed","name":"Telinha","image":{"@type":"ImageObject","inLanguage":"pt-PT","@id":"https:\/\/portaltela.pt\/s.01k8rhncp4jt1\/2025\/11\/talking-bot-125x125.png","url":"https:\/\/portaltela.pt\/s.01k8rhncp4jt1\/2025\/11\/talking-bot-125x125.png","contentUrl":"https:\/\/portaltela.pt\/s.01k8rhncp4jt1\/2025\/11\/talking-bot-125x125.png","caption":"Telinha"},"sameAs":["https:\/\/portaltela.pt\/"],"url":"https:\/\/portaltela.pt\/por\/367410592786\/"}]}},"_links":{"self":[{"href":"https:\/\/portaltela.pt\/api\/wp\/v2\/posts\/462405","targetHints":{"allow":["GET"]}}],"collection":[{"href":"https:\/\/portaltela.pt\/api\/wp\/v2\/posts"}],"about":[{"href":"https:\/\/portaltela.pt\/api\/wp\/v2\/types\/post"}],"author":[{"embeddable":true,"href":"https:\/\/portaltela.pt\/api\/wp\/v2\/users\/2"}],"replies":[{"embeddable":true,"href":"https:\/\/portaltela.pt\/api\/wp\/v2\/comments?post=462405"}],"version-history":[{"count":0,"href":"https:\/\/portaltela.pt\/api\/wp\/v2\/posts\/462405\/revisions"}],"wp:featuredmedia":[{"embeddable":true,"href":"https:\/\/portaltela.pt\/api\/wp\/v2\/media\/462412"}],"wp:attachment":[{"href":"https:\/\/portaltela.pt\/api\/wp\/v2\/media?parent=462405"}],"wp:term":[{"taxonomy":"category","embeddable":true,"href":"https:\/\/portaltela.pt\/api\/wp\/v2\/categories?post=462405"},{"taxonomy":"post_tag","embeddable":true,"href":"https:\/\/portaltela.pt\/api\/wp\/v2\/tags?post=462405"}],"curies":[{"name":"wp","href":"https:\/\/api.w.org\/{rel}","templated":true}]}}