{"id":462397,"date":"2026-04-30T09:34:00","date_gmt":"2026-04-30T12:34:00","guid":{"rendered":"https:\/\/portaltela.pt\/noticias\/2026\/04\/30\/burnley-despede-scott-parker-uma-semana-apos-descer-ao-championship\/"},"modified":"2026-04-30T09:34:00","modified_gmt":"2026-04-30T12:34:00","slug":"burnley-despede-scott-parker-uma-semana-apos-descer-ao-championship","status":"publish","type":"post","link":"https:\/\/portaltela.pt\/desporto\/futebol\/2026\/04\/30\/burnley-despede-scott-parker-uma-semana-apos-descer-ao-championship\/","title":{"rendered":"Burnley despede Scott Parker uma semana ap\u00f3s descer ao Championship"},"content":{"rendered":"<p>Scott Parker foi despedido do Burnley Football Club por m\u00fatuo acordo, nesta quinta-feira. A decis\u00e3o acontece uma semana depois de a equipa ter descido ao Championship, confirmando-se o t\u00e9rmino da aventura na Premier League.<\/p>\n<p>O treinador ingl\u00eas, 45 anos, deixa o cargo quatro jornadas antes do fim da liga. O Burnley.despromovido no \u00faltimo fim de semana, ap\u00f3s perder em casa com o Manchester City, por 1-0. A equipa est\u00e1 na 19.\u00aa posi\u00e7\u00e3o, a 16 pontos da salva\u00e7\u00e3o, ocupada pelo West Ham.<\/p>\n<p>Desde 11 de fevereiro, o Burnley n\u00e3o vence no principal escal\u00e3o, com seis derrotas e dois empates. A not\u00edcia foi divulgada pelos The Clarets na p\u00e1gina oficial do clube.<\/p>\n<h3>Florentino no plantel do Burnley<\/h3>\n<p>O meio-campo portugu\u00eas Florentino integra o plantel, em regime de empr\u00e9stimo pelo Benfica. O acordo envolve um valor de 2 milh\u00f5es de euros, com cl\u00e1usula de compra obrigat\u00f3ria estimada em 24 milh\u00f5es, o que pode elevar o neg\u00f3cio para at\u00e9 26 milh\u00f5es de euros.<\/p>\n","protected":false},"excerpt":{"rendered":"<ul>\n<li>Scott Parker foi despedido do Burnley por m\u00fatuo acordo, uma semana ap\u00f3s a descida ao Championship.<\/li>\n<li>O Burnley foi despromovido no \u00faltimo fim de semana, com derrota em casa frente ao Manchester City, por 1-0.<\/li>\n<li>A equipa ocupa a 19.\u00aa posi\u00e7\u00e3o, a 16 pontos do \u00faltimo lugar seguro, ocupado pelo West Ham.<\/li>\n<li>O Burnley n\u00e3o vence na Premier League desde 11 de fevereiro, acumulando seis derrotas e dois empates desde ent\u00e3o.<\/li>\n<li>Do plantel faz parte o m\u00e9dio Florentino, emprestado pelo Benfica por dois milh\u00f5es de euros, com cl\u00e1usula de compra obrigat\u00f3ria de 24 milh\u00f5es de euros, totalizando 26 milh\u00f5es.<\/li>\n<\/ul>\n","protected":false},"author":2,"featured_media":462410,"comment_status":"closed","ping_status":"closed","sticky":false,"template":"","format":"standard","meta":{"footnotes":""},"categories":[21,24],"tags":[1946,3972,4261,2457,32,4591],"class_list":["post-462397","post","type-post","status-publish","format-standard","has-post-thumbnail","hentry","category-desporto","category-futebol","tag-benfica","tag-benfica-sad","tag-despromocao","tag-emprestimos","tag-futebol","tag-inglaterra"],"yoast_head":"<!-- This site is optimized with the Yoast SEO plugin v27.2 - https:\/\/yoast.com\/product\/yoast-seo-wordpress\/ -->\n<title>Burnley despede Scott Parker uma semana ap\u00f3s descer ao Championship - Portal Tela Portugal<\/title>\n<meta name=\"robots\" content=\"index, follow, max-snippet:-1, max-image-preview:large, max-video-preview:-1\" \/>\n<meta property=\"og:locale\" content=\"pt_PT\" \/>\n<meta property=\"og:type\" content=\"article\" \/>\n<meta property=\"og:title\" content=\"Burnley despede Scott Parker uma semana ap\u00f3s descer ao Championship - Portal Tela Portugal\" \/>\n<meta property=\"og:description\" content=\"Scott Parker foi despedido do Burnley por m\u00fatuo acordo, uma semana ap\u00f3s a descida ao Championship. O Burnley foi despromovido no \u00faltimo fim de semana, com derrota em casa frente ao Manchester City, por 1-0. A equipa ocupa a 19.\u00aa posi\u00e7\u00e3o, a 16 pontos do \u00faltimo lugar seguro, ocupado pelo West Ham. O Burnley n\u00e3o vence na Premier League desde 11 de fevereiro, acumulando seis derrotas e dois empates desde ent\u00e3o. Do plantel faz parte o m\u00e9dio Florentino, emprestado pelo Benfica por dois milh\u00f5es de euros, com cl\u00e1usula de compra obrigat\u00f3ria de 24 milh\u00f5es de euros, totalizando 26 milh\u00f5es.\" \/>\n<meta property=\"og:url\" content=\"https:\/\/portaltela.pt\/noticias\/2026\/04\/30\/burnley-despede-scott-parker-uma-semana-apos-descer-ao-championship\/\" \/>\n<meta property=\"og:site_name\" content=\"Portal Tela Portugal\" \/>\n<meta property=\"article:published_time\" content=\"2026-04-30T12:34:00+00:00\" \/>\n<meta name=\"author\" content=\"Telinha\" \/>\n<meta name=\"twitter:card\" content=\"summary_large_image\" \/>\n<meta name=\"twitter:label1\" content=\"Escrito por\" \/>\n\t<meta name=\"twitter:data1\" content=\"Telinha\" \/>\n\t<meta name=\"twitter:label2\" content=\"Tempo estimado de leitura\" \/>\n\t<meta name=\"twitter:data2\" content=\"1 minuto\" \/>\n<script type=\"application\/ld+json\" class=\"yoast-schema-graph\">{\"@context\":\"https:\/\/schema.org\",\"@graph\":[{\"@type\":\"Article\",\"@id\":\"https:\/\/portaltela.pt\/noticias\/2026\/04\/30\/burnley-despede-scott-parker-uma-semana-apos-descer-ao-championship\/#article\",\"isPartOf\":{\"@id\":\"https:\/\/portaltela.pt\/noticias\/2026\/04\/30\/burnley-despede-scott-parker-uma-semana-apos-descer-ao-championship\/\"},\"author\":{\"name\":\"Telinha\",\"@id\":\"https:\/\/portaltela.pt\/#\/schema\/person\/c4278d4a6028830caff9ee44b42d32ed\"},\"headline\":\"Burnley despede Scott Parker uma semana ap\u00f3s descer ao Championship\",\"datePublished\":\"2026-04-30T12:34:00+00:00\",\"mainEntityOfPage\":{\"@id\":\"https:\/\/portaltela.pt\/noticias\/2026\/04\/30\/burnley-despede-scott-parker-uma-semana-apos-descer-ao-championship\/\"},\"wordCount\":183,\"image\":{\"@id\":\"https:\/\/portaltela.pt\/noticias\/2026\/04\/30\/burnley-despede-scott-parker-uma-semana-apos-descer-ao-championship\/#primaryimage\"},\"thumbnailUrl\":\"https:\/\/portaltela.pt\/s.01k8rhncp4jt1\/2026\/04\/img_920x518uu2026-04-30-13-27-18-2436094.jpg\",\"keywords\":[\"Benfica\",\"Benfica SAD\",\"Despromo\u00e7\u00e3o\",\"empr\u00e9stimos\",\"futebol\",\"Inglaterra\"],\"articleSection\":[\"Desporto\",\"Futebol\"],\"inLanguage\":\"pt-PT\"},{\"@type\":\"WebPage\",\"@id\":\"https:\/\/portaltela.pt\/noticias\/2026\/04\/30\/burnley-despede-scott-parker-uma-semana-apos-descer-ao-championship\/\",\"url\":\"https:\/\/portaltela.pt\/noticias\/2026\/04\/30\/burnley-despede-scott-parker-uma-semana-apos-descer-ao-championship\/\",\"name\":\"Burnley despede Scott Parker uma semana ap\u00f3s descer ao Championship - Portal Tela Portugal\",\"isPartOf\":{\"@id\":\"https:\/\/portaltela.pt\/#website\"},\"primaryImageOfPage\":{\"@id\":\"https:\/\/portaltela.pt\/noticias\/2026\/04\/30\/burnley-despede-scott-parker-uma-semana-apos-descer-ao-championship\/#primaryimage\"},\"image\":{\"@id\":\"https:\/\/portaltela.pt\/noticias\/2026\/04\/30\/burnley-despede-scott-parker-uma-semana-apos-descer-ao-championship\/#primaryimage\"},\"thumbnailUrl\":\"https:\/\/portaltela.pt\/s.01k8rhncp4jt1\/2026\/04\/img_920x518uu2026-04-30-13-27-18-2436094.jpg\",\"datePublished\":\"2026-04-30T12:34:00+00:00\",\"author\":{\"@id\":\"https:\/\/portaltela.pt\/#\/schema\/person\/c4278d4a6028830caff9ee44b42d32ed\"},\"breadcrumb\":{\"@id\":\"https:\/\/portaltela.pt\/noticias\/2026\/04\/30\/burnley-despede-scott-parker-uma-semana-apos-descer-ao-championship\/#breadcrumb\"},\"inLanguage\":\"pt-PT\",\"potentialAction\":[{\"@type\":\"ReadAction\",\"target\":[\"https:\/\/portaltela.pt\/noticias\/2026\/04\/30\/burnley-despede-scott-parker-uma-semana-apos-descer-ao-championship\/\"]}]},{\"@type\":\"ImageObject\",\"inLanguage\":\"pt-PT\",\"@id\":\"https:\/\/portaltela.pt\/noticias\/2026\/04\/30\/burnley-despede-scott-parker-uma-semana-apos-descer-ao-championship\/#primaryimage\",\"url\":\"https:\/\/portaltela.pt\/s.01k8rhncp4jt1\/2026\/04\/img_920x518uu2026-04-30-13-27-18-2436094.jpg\",\"contentUrl\":\"https:\/\/portaltela.pt\/s.01k8rhncp4jt1\/2026\/04\/img_920x518uu2026-04-30-13-27-18-2436094.jpg\",\"width\":796,\"height\":448,\"caption\":\"Scott Parker\"},{\"@type\":\"BreadcrumbList\",\"@id\":\"https:\/\/portaltela.pt\/noticias\/2026\/04\/30\/burnley-despede-scott-parker-uma-semana-apos-descer-ao-championship\/#breadcrumb\",\"itemListElement\":[{\"@type\":\"ListItem\",\"position\":1,\"name\":\"In\u00edcio\",\"item\":\"https:\/\/portaltela.pt\/\"},{\"@type\":\"ListItem\",\"position\":2,\"name\":\"Burnley despede Scott Parker uma semana ap\u00f3s descer ao Championship\"}]},{\"@type\":\"WebSite\",\"@id\":\"https:\/\/portaltela.pt\/#website\",\"url\":\"https:\/\/portaltela.pt\/\",\"name\":\"Portal Tela Portugal\",\"description\":\"\",\"potentialAction\":[{\"@type\":\"SearchAction\",\"target\":{\"@type\":\"EntryPoint\",\"urlTemplate\":\"https:\/\/portaltela.pt\/?s={search_term_string}\"},\"query-input\":{\"@type\":\"PropertyValueSpecification\",\"valueRequired\":true,\"valueName\":\"search_term_string\"}}],\"inLanguage\":\"pt-PT\"},{\"@type\":\"Person\",\"@id\":\"https:\/\/portaltela.pt\/#\/schema\/person\/c4278d4a6028830caff9ee44b42d32ed\",\"name\":\"Telinha\",\"image\":{\"@type\":\"ImageObject\",\"inLanguage\":\"pt-PT\",\"@id\":\"https:\/\/portaltela.pt\/s.01k8rhncp4jt1\/2025\/11\/talking-bot-125x125.png\",\"url\":\"https:\/\/portaltela.pt\/s.01k8rhncp4jt1\/2025\/11\/talking-bot-125x125.png\",\"contentUrl\":\"https:\/\/portaltela.pt\/s.01k8rhncp4jt1\/2025\/11\/talking-bot-125x125.png\",\"caption\":\"Telinha\"},\"sameAs\":[\"https:\/\/portaltela.pt\/\"],\"url\":\"https:\/\/portaltela.pt\/por\/367410592786\/\"}]}<\/script>\n<!-- \/ Yoast SEO plugin. -->","yoast_head_json":{"title":"Burnley despede Scott Parker uma semana ap\u00f3s descer ao Championship - Portal Tela Portugal","robots":{"index":"index","follow":"follow","max-snippet":"max-snippet:-1","max-image-preview":"max-image-preview:large","max-video-preview":"max-video-preview:-1"},"og_locale":"pt_PT","og_type":"article","og_title":"Burnley despede Scott Parker uma semana ap\u00f3s descer ao Championship - Portal Tela Portugal","og_description":"Scott Parker foi despedido do Burnley por m\u00fatuo acordo, uma semana ap\u00f3s a descida ao Championship. O Burnley foi despromovido no \u00faltimo fim de semana, com derrota em casa frente ao Manchester City, por 1-0. A equipa ocupa a 19.\u00aa posi\u00e7\u00e3o, a 16 pontos do \u00faltimo lugar seguro, ocupado pelo West Ham. O Burnley n\u00e3o vence na Premier League desde 11 de fevereiro, acumulando seis derrotas e dois empates desde ent\u00e3o. Do plantel faz parte o m\u00e9dio Florentino, emprestado pelo Benfica por dois milh\u00f5es de euros, com cl\u00e1usula de compra obrigat\u00f3ria de 24 milh\u00f5es de euros, totalizando 26 milh\u00f5es.","og_url":"https:\/\/portaltela.pt\/noticias\/2026\/04\/30\/burnley-despede-scott-parker-uma-semana-apos-descer-ao-championship\/","og_site_name":"Portal Tela Portugal","article_published_time":"2026-04-30T12:34:00+00:00","author":"Telinha","twitter_card":"summary_large_image","twitter_misc":{"Escrito por":"Telinha","Tempo estimado de leitura":"1 minuto"},"schema":{"@context":"https:\/\/schema.org","@graph":[{"@type":"Article","@id":"https:\/\/portaltela.pt\/noticias\/2026\/04\/30\/burnley-despede-scott-parker-uma-semana-apos-descer-ao-championship\/#article","isPartOf":{"@id":"https:\/\/portaltela.pt\/noticias\/2026\/04\/30\/burnley-despede-scott-parker-uma-semana-apos-descer-ao-championship\/"},"author":{"name":"Telinha","@id":"https:\/\/portaltela.pt\/#\/schema\/person\/c4278d4a6028830caff9ee44b42d32ed"},"headline":"Burnley despede Scott Parker uma semana ap\u00f3s descer ao Championship","datePublished":"2026-04-30T12:34:00+00:00","mainEntityOfPage":{"@id":"https:\/\/portaltela.pt\/noticias\/2026\/04\/30\/burnley-despede-scott-parker-uma-semana-apos-descer-ao-championship\/"},"wordCount":183,"image":{"@id":"https:\/\/portaltela.pt\/noticias\/2026\/04\/30\/burnley-despede-scott-parker-uma-semana-apos-descer-ao-championship\/#primaryimage"},"thumbnailUrl":"https:\/\/portaltela.pt\/s.01k8rhncp4jt1\/2026\/04\/img_920x518uu2026-04-30-13-27-18-2436094.jpg","keywords":["Benfica","Benfica SAD","Despromo\u00e7\u00e3o","empr\u00e9stimos","futebol","Inglaterra"],"articleSection":["Desporto","Futebol"],"inLanguage":"pt-PT"},{"@type":"WebPage","@id":"https:\/\/portaltela.pt\/noticias\/2026\/04\/30\/burnley-despede-scott-parker-uma-semana-apos-descer-ao-championship\/","url":"https:\/\/portaltela.pt\/noticias\/2026\/04\/30\/burnley-despede-scott-parker-uma-semana-apos-descer-ao-championship\/","name":"Burnley despede Scott Parker uma semana ap\u00f3s descer ao Championship - Portal Tela Portugal","isPartOf":{"@id":"https:\/\/portaltela.pt\/#website"},"primaryImageOfPage":{"@id":"https:\/\/portaltela.pt\/noticias\/2026\/04\/30\/burnley-despede-scott-parker-uma-semana-apos-descer-ao-championship\/#primaryimage"},"image":{"@id":"https:\/\/portaltela.pt\/noticias\/2026\/04\/30\/burnley-despede-scott-parker-uma-semana-apos-descer-ao-championship\/#primaryimage"},"thumbnailUrl":"https:\/\/portaltela.pt\/s.01k8rhncp4jt1\/2026\/04\/img_920x518uu2026-04-30-13-27-18-2436094.jpg","datePublished":"2026-04-30T12:34:00+00:00","author":{"@id":"https:\/\/portaltela.pt\/#\/schema\/person\/c4278d4a6028830caff9ee44b42d32ed"},"breadcrumb":{"@id":"https:\/\/portaltela.pt\/noticias\/2026\/04\/30\/burnley-despede-scott-parker-uma-semana-apos-descer-ao-championship\/#breadcrumb"},"inLanguage":"pt-PT","potentialAction":[{"@type":"ReadAction","target":["https:\/\/portaltela.pt\/noticias\/2026\/04\/30\/burnley-despede-scott-parker-uma-semana-apos-descer-ao-championship\/"]}]},{"@type":"ImageObject","inLanguage":"pt-PT","@id":"https:\/\/portaltela.pt\/noticias\/2026\/04\/30\/burnley-despede-scott-parker-uma-semana-apos-descer-ao-championship\/#primaryimage","url":"https:\/\/portaltela.pt\/s.01k8rhncp4jt1\/2026\/04\/img_920x518uu2026-04-30-13-27-18-2436094.jpg","contentUrl":"https:\/\/portaltela.pt\/s.01k8rhncp4jt1\/2026\/04\/img_920x518uu2026-04-30-13-27-18-2436094.jpg","width":796,"height":448,"caption":"Scott Parker"},{"@type":"BreadcrumbList","@id":"https:\/\/portaltela.pt\/noticias\/2026\/04\/30\/burnley-despede-scott-parker-uma-semana-apos-descer-ao-championship\/#breadcrumb","itemListElement":[{"@type":"ListItem","position":1,"name":"In\u00edcio","item":"https:\/\/portaltela.pt\/"},{"@type":"ListItem","position":2,"name":"Burnley despede Scott Parker uma semana ap\u00f3s descer ao Championship"}]},{"@type":"WebSite","@id":"https:\/\/portaltela.pt\/#website","url":"https:\/\/portaltela.pt\/","name":"Portal Tela Portugal","description":"","potentialAction":[{"@type":"SearchAction","target":{"@type":"EntryPoint","urlTemplate":"https:\/\/portaltela.pt\/?s={search_term_string}"},"query-input":{"@type":"PropertyValueSpecification","valueRequired":true,"valueName":"search_term_string"}}],"inLanguage":"pt-PT"},{"@type":"Person","@id":"https:\/\/portaltela.pt\/#\/schema\/person\/c4278d4a6028830caff9ee44b42d32ed","name":"Telinha","image":{"@type":"ImageObject","inLanguage":"pt-PT","@id":"https:\/\/portaltela.pt\/s.01k8rhncp4jt1\/2025\/11\/talking-bot-125x125.png","url":"https:\/\/portaltela.pt\/s.01k8rhncp4jt1\/2025\/11\/talking-bot-125x125.png","contentUrl":"https:\/\/portaltela.pt\/s.01k8rhncp4jt1\/2025\/11\/talking-bot-125x125.png","caption":"Telinha"},"sameAs":["https:\/\/portaltela.pt\/"],"url":"https:\/\/portaltela.pt\/por\/367410592786\/"}]}},"_links":{"self":[{"href":"https:\/\/portaltela.pt\/api\/wp\/v2\/posts\/462397","targetHints":{"allow":["GET"]}}],"collection":[{"href":"https:\/\/portaltela.pt\/api\/wp\/v2\/posts"}],"about":[{"href":"https:\/\/portaltela.pt\/api\/wp\/v2\/types\/post"}],"author":[{"embeddable":true,"href":"https:\/\/portaltela.pt\/api\/wp\/v2\/users\/2"}],"replies":[{"embeddable":true,"href":"https:\/\/portaltela.pt\/api\/wp\/v2\/comments?post=462397"}],"version-history":[{"count":0,"href":"https:\/\/portaltela.pt\/api\/wp\/v2\/posts\/462397\/revisions"}],"wp:featuredmedia":[{"embeddable":true,"href":"https:\/\/portaltela.pt\/api\/wp\/v2\/media\/462410"}],"wp:attachment":[{"href":"https:\/\/portaltela.pt\/api\/wp\/v2\/media?parent=462397"}],"wp:term":[{"taxonomy":"category","embeddable":true,"href":"https:\/\/portaltela.pt\/api\/wp\/v2\/categories?post=462397"},{"taxonomy":"post_tag","embeddable":true,"href":"https:\/\/portaltela.pt\/api\/wp\/v2\/tags?post=462397"}],"curies":[{"name":"wp","href":"https:\/\/api.w.org\/{rel}","templated":true}]}}