{"id":462395,"date":"2026-04-30T09:33:58","date_gmt":"2026-04-30T12:33:58","guid":{"rendered":"https:\/\/portaltela.pt\/noticias\/2026\/04\/30\/camara-da-lourinha-inicia-obra-de-estabilizacao-da-arriba-de-paimogo\/"},"modified":"2026-04-30T09:33:58","modified_gmt":"2026-04-30T12:33:58","slug":"camara-da-lourinha-inicia-obra-de-estabilizacao-da-arriba-de-paimogo","status":"publish","type":"post","link":"https:\/\/portaltela.pt\/noticias\/2026\/04\/30\/camara-da-lourinha-inicia-obra-de-estabilizacao-da-arriba-de-paimogo\/","title":{"rendered":"C\u00e2mara da Lourinh\u00e3 inicia obra de estabiliza\u00e7\u00e3o da arriba de Paimogo"},"content":{"rendered":"<p>A C\u00e2mara Municipal da Lourinh\u00e3 iniciou as obras de estabiliza\u00e7\u00e3o da arriba da praia de Paimogo. O projeto, com custos estimados em 3,7 milh\u00f5es de euros, arrancou ap\u00f3s autoriza\u00e7\u00e3o e an\u00fancio do vice-presidente Ant\u00f3nio Gomes, esta quinta-feira. A interven\u00e7\u00e3o visa minimizar o risco de derrocadas.<\/p>\n<p>O concurso de 3,7 ME foi lan\u00e7ado em outubro de 2025. A empresa vencedora come\u00e7ou a instalar o estaleiro e a montar gruas, preparando o in\u00edcio das trabalhos de estabiliza\u00e7\u00e3o da arriba. O prazo de execu\u00e7\u00e3o \u00e9 de 17 meses.<\/p>\n<p>A autarquia vai suportar a obra atrav\u00e9s da delega\u00e7\u00e3o de compet\u00eancias da Ag\u00eancia Portuguesa do Ambiente (APA). O montante \u00e9 repartido por 2025, 2026 e 2027, conforme decis\u00e3o de investimento do munic\u00edpio do distrito de Lisboa.<\/p>\n<h3>Financiamento e cronograma<\/h3>\n<p>Em abril de 2025, a Lourinh\u00e3 candidatou o projeto a financiamento comunit\u00e1rio do programa Portugal 2030, com parecer favor\u00e1vel da APA. O apoio visa reduzir a eros\u00e3o costeira e o risco para pessoas e bens.<\/p>\n<p>No ver\u00e3o de 2025, a Prote\u00e7\u00e3o Civil Municipal e a Capitania de Peniche interditaram o acesso rodovi\u00e1rio \u00e0 zona da arriba norte de Paimogo, devido \u00e0 instabilidade. A \u00e1rea mant\u00e9m sinaliza\u00e7\u00e3o de perigo de queda de blocos.<\/p>\n<p>O Forte de Paimogo, localizado junto \u00e0 arriba, foi reabilitado em novembro de 2024, num investimento de 1 milh\u00e3o de euros. O im\u00f3vel, de interesse p\u00fablico, passou a integrar um espa\u00e7o cultural gerido pela autarquia.<\/p>\n","protected":false},"excerpt":{"rendered":"<ul>\n<li>A C\u00e2mara Municipal da Lourinh\u00e3 iniciou as obras de estabiliza\u00e7\u00e3o da arriba da praia de Paimogo, com o custo de 3,7 milh\u00f5es de euros.<\/li>\n<li>A empresa vencedora j\u00e1 come\u00e7ou a montar o estaleiro e as gruas, com o prazo de execu\u00e7\u00e3o de 17 meses; o concurso foi lan\u00e7ado em outubro de 2025.<\/li>\n<li>Os custos ser\u00e3o repartidos entre 2025 (43.700 euros), 2026 (3.336.080 euros) e 2027 (363.000 euros), financiados no quadro do programa Portugal 2030 ap\u00f3s parecer favor\u00e1vel da Ag\u00eancia Portuguesa do Ambiente (APA).<\/li>\n<li>A autarquia fica respons\u00e1vel pela obra ap\u00f3s um acordo de delega\u00e7\u00e3o de compet\u00eancias com a APA, com financiamento comunit\u00e1rio aprovado.<\/li>\n<li>A interven\u00e7\u00e3o visa reduzir o risco de derrocadas na arriba, em contexto de monitoriza\u00e7\u00e3o constante, e est\u00e1 ligada ao Forte de Paimogo, classificado como Im\u00f3vel de Interesse P\u00fablico.<\/li>\n<\/ul>\n","protected":false},"author":2,"featured_media":462407,"comment_status":"closed","ping_status":"closed","sticky":false,"template":"","format":"standard","meta":{"footnotes":""},"categories":[6725,1],"tags":[9360,8313,8114,10010,9879,8230],"class_list":["post-462395","post","type-post","status-publish","format-standard","has-post-thumbnail","hentry","category-meio-ambiente","category-noticias","tag-_apa","tag-_infraestruturas","tag-_investimento","tag-_lourinha","tag-_portugal-2030","tag-_protecao-civil-municipal"],"yoast_head":"<!-- This site is optimized with the Yoast SEO plugin v27.2 - https:\/\/yoast.com\/product\/yoast-seo-wordpress\/ -->\n<title>C\u00e2mara da Lourinh\u00e3 inicia obra de estabiliza\u00e7\u00e3o da arriba de Paimogo - Portal Tela Portugal<\/title>\n<meta name=\"robots\" content=\"index, follow, max-snippet:-1, max-image-preview:large, max-video-preview:-1\" \/>\n<meta property=\"og:locale\" content=\"pt_PT\" \/>\n<meta property=\"og:type\" content=\"article\" \/>\n<meta property=\"og:title\" content=\"C\u00e2mara da Lourinh\u00e3 inicia obra de estabiliza\u00e7\u00e3o da arriba de Paimogo - Portal Tela Portugal\" \/>\n<meta property=\"og:description\" content=\"A C\u00e2mara Municipal da Lourinh\u00e3 iniciou as obras de estabiliza\u00e7\u00e3o da arriba da praia de Paimogo, com o custo de 3,7 milh\u00f5es de euros. A empresa vencedora j\u00e1 come\u00e7ou a montar o estaleiro e as gruas, com o prazo de execu\u00e7\u00e3o de 17 meses; o concurso foi lan\u00e7ado em outubro de 2025. Os custos ser\u00e3o repartidos entre 2025 (43.700 euros), 2026 (3.336.080 euros) e 2027 (363.000 euros), financiados no quadro do programa Portugal 2030 ap\u00f3s parecer favor\u00e1vel da Ag\u00eancia Portuguesa do Ambiente (APA). A autarquia fica respons\u00e1vel pela obra ap\u00f3s um acordo de delega\u00e7\u00e3o de compet\u00eancias com a APA, com financiamento comunit\u00e1rio aprovado. A interven\u00e7\u00e3o visa reduzir o risco de derrocadas na arriba, em contexto de monitoriza\u00e7\u00e3o constante, e est\u00e1 ligada ao Forte de Paimogo, classificado como Im\u00f3vel de Interesse P\u00fablico.\" \/>\n<meta property=\"og:url\" content=\"https:\/\/portaltela.pt\/noticias\/2026\/04\/30\/camara-da-lourinha-inicia-obra-de-estabilizacao-da-arriba-de-paimogo\/\" \/>\n<meta property=\"og:site_name\" content=\"Portal Tela Portugal\" \/>\n<meta property=\"article:published_time\" content=\"2026-04-30T12:33:58+00:00\" \/>\n<meta name=\"author\" content=\"Telinha\" \/>\n<meta name=\"twitter:card\" content=\"summary_large_image\" \/>\n<meta name=\"twitter:label1\" content=\"Escrito por\" \/>\n\t<meta name=\"twitter:data1\" content=\"Telinha\" \/>\n\t<meta name=\"twitter:label2\" content=\"Tempo estimado de leitura\" \/>\n\t<meta name=\"twitter:data2\" content=\"1 minuto\" \/>\n<script type=\"application\/ld+json\" class=\"yoast-schema-graph\">{\"@context\":\"https:\/\/schema.org\",\"@graph\":[{\"@type\":\"Article\",\"@id\":\"https:\/\/portaltela.pt\/noticias\/2026\/04\/30\/camara-da-lourinha-inicia-obra-de-estabilizacao-da-arriba-de-paimogo\/#article\",\"isPartOf\":{\"@id\":\"https:\/\/portaltela.pt\/noticias\/2026\/04\/30\/camara-da-lourinha-inicia-obra-de-estabilizacao-da-arriba-de-paimogo\/\"},\"author\":{\"name\":\"Telinha\",\"@id\":\"https:\/\/portaltela.pt\/#\/schema\/person\/c4278d4a6028830caff9ee44b42d32ed\"},\"headline\":\"C\u00e2mara da Lourinh\u00e3 inicia obra de estabiliza\u00e7\u00e3o da arriba de Paimogo\",\"datePublished\":\"2026-04-30T12:33:58+00:00\",\"mainEntityOfPage\":{\"@id\":\"https:\/\/portaltela.pt\/noticias\/2026\/04\/30\/camara-da-lourinha-inicia-obra-de-estabilizacao-da-arriba-de-paimogo\/\"},\"wordCount\":258,\"image\":{\"@id\":\"https:\/\/portaltela.pt\/noticias\/2026\/04\/30\/camara-da-lourinha-inicia-obra-de-estabilizacao-da-arriba-de-paimogo\/#primaryimage\"},\"thumbnailUrl\":\"https:\/\/portaltela.pt\/s.01k8rhncp4jt1\/2026\/04\/2085205.jpg\",\"keywords\":[\"_APA\",\"_infraestruturas\",\"_investimento\",\"_Lourinh\u00e3\",\"_Portugal 2030\",\"_Prote\u00e7\u00e3o Civil Municipal\"],\"articleSection\":[\"Meio Ambiente\",\"Not\u00edcias\"],\"inLanguage\":\"pt-PT\"},{\"@type\":\"WebPage\",\"@id\":\"https:\/\/portaltela.pt\/noticias\/2026\/04\/30\/camara-da-lourinha-inicia-obra-de-estabilizacao-da-arriba-de-paimogo\/\",\"url\":\"https:\/\/portaltela.pt\/noticias\/2026\/04\/30\/camara-da-lourinha-inicia-obra-de-estabilizacao-da-arriba-de-paimogo\/\",\"name\":\"C\u00e2mara da Lourinh\u00e3 inicia obra de estabiliza\u00e7\u00e3o da arriba de Paimogo - Portal Tela Portugal\",\"isPartOf\":{\"@id\":\"https:\/\/portaltela.pt\/#website\"},\"primaryImageOfPage\":{\"@id\":\"https:\/\/portaltela.pt\/noticias\/2026\/04\/30\/camara-da-lourinha-inicia-obra-de-estabilizacao-da-arriba-de-paimogo\/#primaryimage\"},\"image\":{\"@id\":\"https:\/\/portaltela.pt\/noticias\/2026\/04\/30\/camara-da-lourinha-inicia-obra-de-estabilizacao-da-arriba-de-paimogo\/#primaryimage\"},\"thumbnailUrl\":\"https:\/\/portaltela.pt\/s.01k8rhncp4jt1\/2026\/04\/2085205.jpg\",\"datePublished\":\"2026-04-30T12:33:58+00:00\",\"author\":{\"@id\":\"https:\/\/portaltela.pt\/#\/schema\/person\/c4278d4a6028830caff9ee44b42d32ed\"},\"breadcrumb\":{\"@id\":\"https:\/\/portaltela.pt\/noticias\/2026\/04\/30\/camara-da-lourinha-inicia-obra-de-estabilizacao-da-arriba-de-paimogo\/#breadcrumb\"},\"inLanguage\":\"pt-PT\",\"potentialAction\":[{\"@type\":\"ReadAction\",\"target\":[\"https:\/\/portaltela.pt\/noticias\/2026\/04\/30\/camara-da-lourinha-inicia-obra-de-estabilizacao-da-arriba-de-paimogo\/\"]}]},{\"@type\":\"ImageObject\",\"inLanguage\":\"pt-PT\",\"@id\":\"https:\/\/portaltela.pt\/noticias\/2026\/04\/30\/camara-da-lourinha-inicia-obra-de-estabilizacao-da-arriba-de-paimogo\/#primaryimage\",\"url\":\"https:\/\/portaltela.pt\/s.01k8rhncp4jt1\/2026\/04\/2085205.jpg\",\"contentUrl\":\"https:\/\/portaltela.pt\/s.01k8rhncp4jt1\/2026\/04\/2085205.jpg\",\"width\":796,\"height\":448,\"caption\":\"Paimogo n\u00e3o \u00e9 praia balnear, mas \u00e9 frequentada durante o Ver\u00e3o por banhistas e por praticantes da pesca desportiva\"},{\"@type\":\"BreadcrumbList\",\"@id\":\"https:\/\/portaltela.pt\/noticias\/2026\/04\/30\/camara-da-lourinha-inicia-obra-de-estabilizacao-da-arriba-de-paimogo\/#breadcrumb\",\"itemListElement\":[{\"@type\":\"ListItem\",\"position\":1,\"name\":\"In\u00edcio\",\"item\":\"https:\/\/portaltela.pt\/\"},{\"@type\":\"ListItem\",\"position\":2,\"name\":\"C\u00e2mara da Lourinh\u00e3 inicia obra de estabiliza\u00e7\u00e3o da arriba de Paimogo\"}]},{\"@type\":\"WebSite\",\"@id\":\"https:\/\/portaltela.pt\/#website\",\"url\":\"https:\/\/portaltela.pt\/\",\"name\":\"Portal Tela Portugal\",\"description\":\"\",\"potentialAction\":[{\"@type\":\"SearchAction\",\"target\":{\"@type\":\"EntryPoint\",\"urlTemplate\":\"https:\/\/portaltela.pt\/?s={search_term_string}\"},\"query-input\":{\"@type\":\"PropertyValueSpecification\",\"valueRequired\":true,\"valueName\":\"search_term_string\"}}],\"inLanguage\":\"pt-PT\"},{\"@type\":\"Person\",\"@id\":\"https:\/\/portaltela.pt\/#\/schema\/person\/c4278d4a6028830caff9ee44b42d32ed\",\"name\":\"Telinha\",\"image\":{\"@type\":\"ImageObject\",\"inLanguage\":\"pt-PT\",\"@id\":\"https:\/\/portaltela.pt\/s.01k8rhncp4jt1\/2025\/11\/talking-bot-125x125.png\",\"url\":\"https:\/\/portaltela.pt\/s.01k8rhncp4jt1\/2025\/11\/talking-bot-125x125.png\",\"contentUrl\":\"https:\/\/portaltela.pt\/s.01k8rhncp4jt1\/2025\/11\/talking-bot-125x125.png\",\"caption\":\"Telinha\"},\"sameAs\":[\"https:\/\/portaltela.pt\/\"],\"url\":\"https:\/\/portaltela.pt\/por\/367410592786\/\"}]}<\/script>\n<!-- \/ Yoast SEO plugin. -->","yoast_head_json":{"title":"C\u00e2mara da Lourinh\u00e3 inicia obra de estabiliza\u00e7\u00e3o da arriba de Paimogo - Portal Tela Portugal","robots":{"index":"index","follow":"follow","max-snippet":"max-snippet:-1","max-image-preview":"max-image-preview:large","max-video-preview":"max-video-preview:-1"},"og_locale":"pt_PT","og_type":"article","og_title":"C\u00e2mara da Lourinh\u00e3 inicia obra de estabiliza\u00e7\u00e3o da arriba de Paimogo - Portal Tela Portugal","og_description":"A C\u00e2mara Municipal da Lourinh\u00e3 iniciou as obras de estabiliza\u00e7\u00e3o da arriba da praia de Paimogo, com o custo de 3,7 milh\u00f5es de euros. A empresa vencedora j\u00e1 come\u00e7ou a montar o estaleiro e as gruas, com o prazo de execu\u00e7\u00e3o de 17 meses; o concurso foi lan\u00e7ado em outubro de 2025. Os custos ser\u00e3o repartidos entre 2025 (43.700 euros), 2026 (3.336.080 euros) e 2027 (363.000 euros), financiados no quadro do programa Portugal 2030 ap\u00f3s parecer favor\u00e1vel da Ag\u00eancia Portuguesa do Ambiente (APA). A autarquia fica respons\u00e1vel pela obra ap\u00f3s um acordo de delega\u00e7\u00e3o de compet\u00eancias com a APA, com financiamento comunit\u00e1rio aprovado. A interven\u00e7\u00e3o visa reduzir o risco de derrocadas na arriba, em contexto de monitoriza\u00e7\u00e3o constante, e est\u00e1 ligada ao Forte de Paimogo, classificado como Im\u00f3vel de Interesse P\u00fablico.","og_url":"https:\/\/portaltela.pt\/noticias\/2026\/04\/30\/camara-da-lourinha-inicia-obra-de-estabilizacao-da-arriba-de-paimogo\/","og_site_name":"Portal Tela Portugal","article_published_time":"2026-04-30T12:33:58+00:00","author":"Telinha","twitter_card":"summary_large_image","twitter_misc":{"Escrito por":"Telinha","Tempo estimado de leitura":"1 minuto"},"schema":{"@context":"https:\/\/schema.org","@graph":[{"@type":"Article","@id":"https:\/\/portaltela.pt\/noticias\/2026\/04\/30\/camara-da-lourinha-inicia-obra-de-estabilizacao-da-arriba-de-paimogo\/#article","isPartOf":{"@id":"https:\/\/portaltela.pt\/noticias\/2026\/04\/30\/camara-da-lourinha-inicia-obra-de-estabilizacao-da-arriba-de-paimogo\/"},"author":{"name":"Telinha","@id":"https:\/\/portaltela.pt\/#\/schema\/person\/c4278d4a6028830caff9ee44b42d32ed"},"headline":"C\u00e2mara da Lourinh\u00e3 inicia obra de estabiliza\u00e7\u00e3o da arriba de Paimogo","datePublished":"2026-04-30T12:33:58+00:00","mainEntityOfPage":{"@id":"https:\/\/portaltela.pt\/noticias\/2026\/04\/30\/camara-da-lourinha-inicia-obra-de-estabilizacao-da-arriba-de-paimogo\/"},"wordCount":258,"image":{"@id":"https:\/\/portaltela.pt\/noticias\/2026\/04\/30\/camara-da-lourinha-inicia-obra-de-estabilizacao-da-arriba-de-paimogo\/#primaryimage"},"thumbnailUrl":"https:\/\/portaltela.pt\/s.01k8rhncp4jt1\/2026\/04\/2085205.jpg","keywords":["_APA","_infraestruturas","_investimento","_Lourinh\u00e3","_Portugal 2030","_Prote\u00e7\u00e3o Civil Municipal"],"articleSection":["Meio Ambiente","Not\u00edcias"],"inLanguage":"pt-PT"},{"@type":"WebPage","@id":"https:\/\/portaltela.pt\/noticias\/2026\/04\/30\/camara-da-lourinha-inicia-obra-de-estabilizacao-da-arriba-de-paimogo\/","url":"https:\/\/portaltela.pt\/noticias\/2026\/04\/30\/camara-da-lourinha-inicia-obra-de-estabilizacao-da-arriba-de-paimogo\/","name":"C\u00e2mara da Lourinh\u00e3 inicia obra de estabiliza\u00e7\u00e3o da arriba de Paimogo - Portal Tela Portugal","isPartOf":{"@id":"https:\/\/portaltela.pt\/#website"},"primaryImageOfPage":{"@id":"https:\/\/portaltela.pt\/noticias\/2026\/04\/30\/camara-da-lourinha-inicia-obra-de-estabilizacao-da-arriba-de-paimogo\/#primaryimage"},"image":{"@id":"https:\/\/portaltela.pt\/noticias\/2026\/04\/30\/camara-da-lourinha-inicia-obra-de-estabilizacao-da-arriba-de-paimogo\/#primaryimage"},"thumbnailUrl":"https:\/\/portaltela.pt\/s.01k8rhncp4jt1\/2026\/04\/2085205.jpg","datePublished":"2026-04-30T12:33:58+00:00","author":{"@id":"https:\/\/portaltela.pt\/#\/schema\/person\/c4278d4a6028830caff9ee44b42d32ed"},"breadcrumb":{"@id":"https:\/\/portaltela.pt\/noticias\/2026\/04\/30\/camara-da-lourinha-inicia-obra-de-estabilizacao-da-arriba-de-paimogo\/#breadcrumb"},"inLanguage":"pt-PT","potentialAction":[{"@type":"ReadAction","target":["https:\/\/portaltela.pt\/noticias\/2026\/04\/30\/camara-da-lourinha-inicia-obra-de-estabilizacao-da-arriba-de-paimogo\/"]}]},{"@type":"ImageObject","inLanguage":"pt-PT","@id":"https:\/\/portaltela.pt\/noticias\/2026\/04\/30\/camara-da-lourinha-inicia-obra-de-estabilizacao-da-arriba-de-paimogo\/#primaryimage","url":"https:\/\/portaltela.pt\/s.01k8rhncp4jt1\/2026\/04\/2085205.jpg","contentUrl":"https:\/\/portaltela.pt\/s.01k8rhncp4jt1\/2026\/04\/2085205.jpg","width":796,"height":448,"caption":"Paimogo n\u00e3o \u00e9 praia balnear, mas \u00e9 frequentada durante o Ver\u00e3o por banhistas e por praticantes da pesca desportiva"},{"@type":"BreadcrumbList","@id":"https:\/\/portaltela.pt\/noticias\/2026\/04\/30\/camara-da-lourinha-inicia-obra-de-estabilizacao-da-arriba-de-paimogo\/#breadcrumb","itemListElement":[{"@type":"ListItem","position":1,"name":"In\u00edcio","item":"https:\/\/portaltela.pt\/"},{"@type":"ListItem","position":2,"name":"C\u00e2mara da Lourinh\u00e3 inicia obra de estabiliza\u00e7\u00e3o da arriba de Paimogo"}]},{"@type":"WebSite","@id":"https:\/\/portaltela.pt\/#website","url":"https:\/\/portaltela.pt\/","name":"Portal Tela Portugal","description":"","potentialAction":[{"@type":"SearchAction","target":{"@type":"EntryPoint","urlTemplate":"https:\/\/portaltela.pt\/?s={search_term_string}"},"query-input":{"@type":"PropertyValueSpecification","valueRequired":true,"valueName":"search_term_string"}}],"inLanguage":"pt-PT"},{"@type":"Person","@id":"https:\/\/portaltela.pt\/#\/schema\/person\/c4278d4a6028830caff9ee44b42d32ed","name":"Telinha","image":{"@type":"ImageObject","inLanguage":"pt-PT","@id":"https:\/\/portaltela.pt\/s.01k8rhncp4jt1\/2025\/11\/talking-bot-125x125.png","url":"https:\/\/portaltela.pt\/s.01k8rhncp4jt1\/2025\/11\/talking-bot-125x125.png","contentUrl":"https:\/\/portaltela.pt\/s.01k8rhncp4jt1\/2025\/11\/talking-bot-125x125.png","caption":"Telinha"},"sameAs":["https:\/\/portaltela.pt\/"],"url":"https:\/\/portaltela.pt\/por\/367410592786\/"}]}},"_links":{"self":[{"href":"https:\/\/portaltela.pt\/api\/wp\/v2\/posts\/462395","targetHints":{"allow":["GET"]}}],"collection":[{"href":"https:\/\/portaltela.pt\/api\/wp\/v2\/posts"}],"about":[{"href":"https:\/\/portaltela.pt\/api\/wp\/v2\/types\/post"}],"author":[{"embeddable":true,"href":"https:\/\/portaltela.pt\/api\/wp\/v2\/users\/2"}],"replies":[{"embeddable":true,"href":"https:\/\/portaltela.pt\/api\/wp\/v2\/comments?post=462395"}],"version-history":[{"count":0,"href":"https:\/\/portaltela.pt\/api\/wp\/v2\/posts\/462395\/revisions"}],"wp:featuredmedia":[{"embeddable":true,"href":"https:\/\/portaltela.pt\/api\/wp\/v2\/media\/462407"}],"wp:attachment":[{"href":"https:\/\/portaltela.pt\/api\/wp\/v2\/media?parent=462395"}],"wp:term":[{"taxonomy":"category","embeddable":true,"href":"https:\/\/portaltela.pt\/api\/wp\/v2\/categories?post=462395"},{"taxonomy":"post_tag","embeddable":true,"href":"https:\/\/portaltela.pt\/api\/wp\/v2\/tags?post=462395"}],"curies":[{"name":"wp","href":"https:\/\/api.w.org\/{rel}","templated":true}]}}