{"id":462392,"date":"2026-04-30T09:33:56","date_gmt":"2026-04-30T12:33:56","guid":{"rendered":"https:\/\/portaltela.pt\/noticias\/2026\/04\/30\/inzaghi-afirma-que-o-inter-foi-prejudicado-pela-arbitragem-italiana\/"},"modified":"2026-04-30T09:33:56","modified_gmt":"2026-04-30T12:33:56","slug":"inzaghi-afirma-que-o-inter-foi-prejudicado-pela-arbitragem-italiana","status":"publish","type":"post","link":"https:\/\/portaltela.pt\/desporto\/futebol\/2026\/04\/30\/inzaghi-afirma-que-o-inter-foi-prejudicado-pela-arbitragem-italiana\/","title":{"rendered":"Inzaghi afirma que o Inter foi prejudicado pela arbitragem italiana"},"content":{"rendered":"<p>Simone Inzaghi reagiu ao alegado esc\u00e2ndalo de arbitragem em It\u00e1lia, destacando que o Inter foi prejudicado por erros de arbitragem e n\u00e3o beneficiado. O antigo treinador dos nerazzurri afirmou ter ficado chocado com a situa\u00e7\u00e3o, referindo a v\u00e1rias incid\u00eancias que teriam impactado a classifica\u00e7\u00e3o do clube.<\/p>\n<p>Aubmando a entrevista \u00e0 Gazetta dello Sport, Inzaghi disse que sempre respeitou o trabalho dos \u00e1rbitros e n\u00e3o apontou explicitamente para o Napoli, que venceu o campeonato. Ainda assim, admitiu a sensa\u00e7\u00e3o de terem sido tiradas oportunidades, admitindo que a derrota do campeonato por um ponto foi dolorosa.<\/p>\n<p>O t\u00e9cnico atual do Al Hilal explicou tamb\u00e9m a mudan\u00e7a para a Ar\u00e1bia Saudita, esclarecendo que a decis\u00e3o n\u00e3o foi motivada por quest\u00f5es financeiras. Pretende conhecer uma nova realidade, enfrentar um contexto diferente e manter a estabilidade j\u00e1 obtida na sua vida pessoal.<\/p>\n<h3>Novo desafio na Ar\u00e1bia Saudita<\/h3>\n<p>Inzaghi revelou que aceitou o convite para o Al Hilal para enfrentar um desafio diferente e testar-se num cen\u00e1rio distinto. Enfatizou que a proposta o convenceu e que, apesar de ter uma situa\u00e7\u00e3o financeira est\u00e1vel, a motiva\u00e7\u00e3o para o desafio desportivo foi determinante.<\/p>\n<p>O treinador descreveu a mudan\u00e7a como uma oportunidade de crescimento profissional, destacando satisfa\u00e7\u00e3o ao regressar a um t\u00e9cnico ativo. O Al Hilal n\u00e3o confirmou detalhes contratuais, mas a transfer\u00eancia \u00e9 encarada como uma etapa importante na carreira do t\u00e9cnico.<\/p>\n<p>O dirigente afirmou que a passagem pelo Inter ficou marcada por momentos decisivos e pela press\u00e3o de um campeonato muito disputado. O foco permanece na nova experi\u00eancia, com a ambi\u00e7\u00e3o de obter resultados significativos no campeonato saudita.<\/p>\n","protected":false},"excerpt":{"rendered":"<ul>\n<li>Simone Inzaghi, antigo treinador do Inter e atual t\u00e9cnico do Al Hilal, disse estar chocado com o alegado esc\u00e2ndalo de arbitragem em It\u00e1lia.<\/li>\n<li>Afirmou que o Inter perdeu muitos pontos na \u00e9poca passada por erros de arbitragem e que foi prejudicado, n\u00e3o favorecido, na competi\u00e7\u00e3o.<\/li>\n<li>Refletiu sobre a perce\u00e7\u00e3o p\u00fablica, dizendo que n\u00e3o acusa ningu\u00e9m nem duvida da boa-f\u00e9, mas que houve sensa\u00e7\u00e3o de que algo lhe foi tirado.<\/li>\n<li>Admitiu que perder o campeonato por um ponto foi doloroso e destacou que houve culpa de todos, incluindo o clube.<\/li>\n<li>Explicou a mudan\u00e7a para a Ar\u00e1bia Saudita como uma oportunidade para enfrentar um contexto diferente, negando que fosse pela quest\u00e3o financeira.<\/li>\n<\/ul>\n","protected":false},"author":2,"featured_media":462401,"comment_status":"closed","ping_status":"closed","sticky":false,"template":"","format":"standard","meta":{"footnotes":""},"categories":[21,24],"tags":[1016,1289,6920,32,1857,2477],"class_list":["post-462392","post","type-post","status-publish","format-standard","has-post-thumbnail","hentry","category-desporto","category-futebol","tag-arabia-saudita","tag-arbitragem","tag-arbitros","tag-futebol","tag-italia","tag-treinadores"],"yoast_head":"<!-- This site is optimized with the Yoast SEO plugin v27.2 - https:\/\/yoast.com\/product\/yoast-seo-wordpress\/ -->\n<title>Inzaghi afirma que o Inter foi prejudicado pela arbitragem italiana - Portal Tela Portugal<\/title>\n<meta name=\"robots\" content=\"index, follow, max-snippet:-1, max-image-preview:large, max-video-preview:-1\" \/>\n<meta property=\"og:locale\" content=\"pt_PT\" \/>\n<meta property=\"og:type\" content=\"article\" \/>\n<meta property=\"og:title\" content=\"Inzaghi afirma que o Inter foi prejudicado pela arbitragem italiana - Portal Tela Portugal\" \/>\n<meta property=\"og:description\" content=\"Simone Inzaghi, antigo treinador do Inter e atual t\u00e9cnico do Al Hilal, disse estar chocado com o alegado esc\u00e2ndalo de arbitragem em It\u00e1lia. Afirmou que o Inter perdeu muitos pontos na \u00e9poca passada por erros de arbitragem e que foi prejudicado, n\u00e3o favorecido, na competi\u00e7\u00e3o. Refletiu sobre a perce\u00e7\u00e3o p\u00fablica, dizendo que n\u00e3o acusa ningu\u00e9m nem duvida da boa-f\u00e9, mas que houve sensa\u00e7\u00e3o de que algo lhe foi tirado. Admitiu que perder o campeonato por um ponto foi doloroso e destacou que houve culpa de todos, incluindo o clube. Explicou a mudan\u00e7a para a Ar\u00e1bia Saudita como uma oportunidade para enfrentar um contexto diferente, negando que fosse pela quest\u00e3o financeira.\" \/>\n<meta property=\"og:url\" content=\"https:\/\/portaltela.pt\/noticias\/2026\/04\/30\/inzaghi-afirma-que-o-inter-foi-prejudicado-pela-arbitragem-italiana\/\" \/>\n<meta property=\"og:site_name\" content=\"Portal Tela Portugal\" \/>\n<meta property=\"article:published_time\" content=\"2026-04-30T12:33:56+00:00\" \/>\n<meta name=\"author\" content=\"Telinha\" \/>\n<meta name=\"twitter:card\" content=\"summary_large_image\" \/>\n<meta name=\"twitter:label1\" content=\"Escrito por\" \/>\n\t<meta name=\"twitter:data1\" content=\"Telinha\" \/>\n\t<meta name=\"twitter:label2\" content=\"Tempo estimado de leitura\" \/>\n\t<meta name=\"twitter:data2\" content=\"1 minuto\" \/>\n<script type=\"application\/ld+json\" class=\"yoast-schema-graph\">{\"@context\":\"https:\/\/schema.org\",\"@graph\":[{\"@type\":\"Article\",\"@id\":\"https:\/\/portaltela.pt\/noticias\/2026\/04\/30\/inzaghi-afirma-que-o-inter-foi-prejudicado-pela-arbitragem-italiana\/#article\",\"isPartOf\":{\"@id\":\"https:\/\/portaltela.pt\/noticias\/2026\/04\/30\/inzaghi-afirma-que-o-inter-foi-prejudicado-pela-arbitragem-italiana\/\"},\"author\":{\"name\":\"Telinha\",\"@id\":\"https:\/\/portaltela.pt\/#\/schema\/person\/c4278d4a6028830caff9ee44b42d32ed\"},\"headline\":\"Inzaghi afirma que o Inter foi prejudicado pela arbitragem italiana\",\"datePublished\":\"2026-04-30T12:33:56+00:00\",\"mainEntityOfPage\":{\"@id\":\"https:\/\/portaltela.pt\/noticias\/2026\/04\/30\/inzaghi-afirma-que-o-inter-foi-prejudicado-pela-arbitragem-italiana\/\"},\"wordCount\":299,\"image\":{\"@id\":\"https:\/\/portaltela.pt\/noticias\/2026\/04\/30\/inzaghi-afirma-que-o-inter-foi-prejudicado-pela-arbitragem-italiana\/#primaryimage\"},\"thumbnailUrl\":\"https:\/\/portaltela.pt\/s.01k8rhncp4jt1\/2026\/04\/img_920x518uu2025-06-03-16-59-46-2366977.jpg\",\"keywords\":[\"Ar\u00e1bia Saudita\",\"arbitragem\",\"\u00e1rbitros\",\"futebol\",\"It\u00e1lia\",\"treinadores\"],\"articleSection\":[\"Desporto\",\"Futebol\"],\"inLanguage\":\"pt-PT\"},{\"@type\":\"WebPage\",\"@id\":\"https:\/\/portaltela.pt\/noticias\/2026\/04\/30\/inzaghi-afirma-que-o-inter-foi-prejudicado-pela-arbitragem-italiana\/\",\"url\":\"https:\/\/portaltela.pt\/noticias\/2026\/04\/30\/inzaghi-afirma-que-o-inter-foi-prejudicado-pela-arbitragem-italiana\/\",\"name\":\"Inzaghi afirma que o Inter foi prejudicado pela arbitragem italiana - Portal Tela Portugal\",\"isPartOf\":{\"@id\":\"https:\/\/portaltela.pt\/#website\"},\"primaryImageOfPage\":{\"@id\":\"https:\/\/portaltela.pt\/noticias\/2026\/04\/30\/inzaghi-afirma-que-o-inter-foi-prejudicado-pela-arbitragem-italiana\/#primaryimage\"},\"image\":{\"@id\":\"https:\/\/portaltela.pt\/noticias\/2026\/04\/30\/inzaghi-afirma-que-o-inter-foi-prejudicado-pela-arbitragem-italiana\/#primaryimage\"},\"thumbnailUrl\":\"https:\/\/portaltela.pt\/s.01k8rhncp4jt1\/2026\/04\/img_920x518uu2025-06-03-16-59-46-2366977.jpg\",\"datePublished\":\"2026-04-30T12:33:56+00:00\",\"author\":{\"@id\":\"https:\/\/portaltela.pt\/#\/schema\/person\/c4278d4a6028830caff9ee44b42d32ed\"},\"breadcrumb\":{\"@id\":\"https:\/\/portaltela.pt\/noticias\/2026\/04\/30\/inzaghi-afirma-que-o-inter-foi-prejudicado-pela-arbitragem-italiana\/#breadcrumb\"},\"inLanguage\":\"pt-PT\",\"potentialAction\":[{\"@type\":\"ReadAction\",\"target\":[\"https:\/\/portaltela.pt\/noticias\/2026\/04\/30\/inzaghi-afirma-que-o-inter-foi-prejudicado-pela-arbitragem-italiana\/\"]}]},{\"@type\":\"ImageObject\",\"inLanguage\":\"pt-PT\",\"@id\":\"https:\/\/portaltela.pt\/noticias\/2026\/04\/30\/inzaghi-afirma-que-o-inter-foi-prejudicado-pela-arbitragem-italiana\/#primaryimage\",\"url\":\"https:\/\/portaltela.pt\/s.01k8rhncp4jt1\/2026\/04\/img_920x518uu2025-06-03-16-59-46-2366977.jpg\",\"contentUrl\":\"https:\/\/portaltela.pt\/s.01k8rhncp4jt1\/2026\/04\/img_920x518uu2025-06-03-16-59-46-2366977.jpg\",\"width\":796,\"height\":448,\"caption\":\"Simone Inzaghi\"},{\"@type\":\"BreadcrumbList\",\"@id\":\"https:\/\/portaltela.pt\/noticias\/2026\/04\/30\/inzaghi-afirma-que-o-inter-foi-prejudicado-pela-arbitragem-italiana\/#breadcrumb\",\"itemListElement\":[{\"@type\":\"ListItem\",\"position\":1,\"name\":\"In\u00edcio\",\"item\":\"https:\/\/portaltela.pt\/\"},{\"@type\":\"ListItem\",\"position\":2,\"name\":\"Inzaghi afirma que o Inter foi prejudicado pela arbitragem italiana\"}]},{\"@type\":\"WebSite\",\"@id\":\"https:\/\/portaltela.pt\/#website\",\"url\":\"https:\/\/portaltela.pt\/\",\"name\":\"Portal Tela Portugal\",\"description\":\"\",\"potentialAction\":[{\"@type\":\"SearchAction\",\"target\":{\"@type\":\"EntryPoint\",\"urlTemplate\":\"https:\/\/portaltela.pt\/?s={search_term_string}\"},\"query-input\":{\"@type\":\"PropertyValueSpecification\",\"valueRequired\":true,\"valueName\":\"search_term_string\"}}],\"inLanguage\":\"pt-PT\"},{\"@type\":\"Person\",\"@id\":\"https:\/\/portaltela.pt\/#\/schema\/person\/c4278d4a6028830caff9ee44b42d32ed\",\"name\":\"Telinha\",\"image\":{\"@type\":\"ImageObject\",\"inLanguage\":\"pt-PT\",\"@id\":\"https:\/\/portaltela.pt\/s.01k8rhncp4jt1\/2025\/11\/talking-bot-125x125.png\",\"url\":\"https:\/\/portaltela.pt\/s.01k8rhncp4jt1\/2025\/11\/talking-bot-125x125.png\",\"contentUrl\":\"https:\/\/portaltela.pt\/s.01k8rhncp4jt1\/2025\/11\/talking-bot-125x125.png\",\"caption\":\"Telinha\"},\"sameAs\":[\"https:\/\/portaltela.pt\/\"],\"url\":\"https:\/\/portaltela.pt\/por\/367410592786\/\"}]}<\/script>\n<!-- \/ Yoast SEO plugin. -->","yoast_head_json":{"title":"Inzaghi afirma que o Inter foi prejudicado pela arbitragem italiana - Portal Tela Portugal","robots":{"index":"index","follow":"follow","max-snippet":"max-snippet:-1","max-image-preview":"max-image-preview:large","max-video-preview":"max-video-preview:-1"},"og_locale":"pt_PT","og_type":"article","og_title":"Inzaghi afirma que o Inter foi prejudicado pela arbitragem italiana - Portal Tela Portugal","og_description":"Simone Inzaghi, antigo treinador do Inter e atual t\u00e9cnico do Al Hilal, disse estar chocado com o alegado esc\u00e2ndalo de arbitragem em It\u00e1lia. Afirmou que o Inter perdeu muitos pontos na \u00e9poca passada por erros de arbitragem e que foi prejudicado, n\u00e3o favorecido, na competi\u00e7\u00e3o. Refletiu sobre a perce\u00e7\u00e3o p\u00fablica, dizendo que n\u00e3o acusa ningu\u00e9m nem duvida da boa-f\u00e9, mas que houve sensa\u00e7\u00e3o de que algo lhe foi tirado. Admitiu que perder o campeonato por um ponto foi doloroso e destacou que houve culpa de todos, incluindo o clube. Explicou a mudan\u00e7a para a Ar\u00e1bia Saudita como uma oportunidade para enfrentar um contexto diferente, negando que fosse pela quest\u00e3o financeira.","og_url":"https:\/\/portaltela.pt\/noticias\/2026\/04\/30\/inzaghi-afirma-que-o-inter-foi-prejudicado-pela-arbitragem-italiana\/","og_site_name":"Portal Tela Portugal","article_published_time":"2026-04-30T12:33:56+00:00","author":"Telinha","twitter_card":"summary_large_image","twitter_misc":{"Escrito por":"Telinha","Tempo estimado de leitura":"1 minuto"},"schema":{"@context":"https:\/\/schema.org","@graph":[{"@type":"Article","@id":"https:\/\/portaltela.pt\/noticias\/2026\/04\/30\/inzaghi-afirma-que-o-inter-foi-prejudicado-pela-arbitragem-italiana\/#article","isPartOf":{"@id":"https:\/\/portaltela.pt\/noticias\/2026\/04\/30\/inzaghi-afirma-que-o-inter-foi-prejudicado-pela-arbitragem-italiana\/"},"author":{"name":"Telinha","@id":"https:\/\/portaltela.pt\/#\/schema\/person\/c4278d4a6028830caff9ee44b42d32ed"},"headline":"Inzaghi afirma que o Inter foi prejudicado pela arbitragem italiana","datePublished":"2026-04-30T12:33:56+00:00","mainEntityOfPage":{"@id":"https:\/\/portaltela.pt\/noticias\/2026\/04\/30\/inzaghi-afirma-que-o-inter-foi-prejudicado-pela-arbitragem-italiana\/"},"wordCount":299,"image":{"@id":"https:\/\/portaltela.pt\/noticias\/2026\/04\/30\/inzaghi-afirma-que-o-inter-foi-prejudicado-pela-arbitragem-italiana\/#primaryimage"},"thumbnailUrl":"https:\/\/portaltela.pt\/s.01k8rhncp4jt1\/2026\/04\/img_920x518uu2025-06-03-16-59-46-2366977.jpg","keywords":["Ar\u00e1bia Saudita","arbitragem","\u00e1rbitros","futebol","It\u00e1lia","treinadores"],"articleSection":["Desporto","Futebol"],"inLanguage":"pt-PT"},{"@type":"WebPage","@id":"https:\/\/portaltela.pt\/noticias\/2026\/04\/30\/inzaghi-afirma-que-o-inter-foi-prejudicado-pela-arbitragem-italiana\/","url":"https:\/\/portaltela.pt\/noticias\/2026\/04\/30\/inzaghi-afirma-que-o-inter-foi-prejudicado-pela-arbitragem-italiana\/","name":"Inzaghi afirma que o Inter foi prejudicado pela arbitragem italiana - Portal Tela Portugal","isPartOf":{"@id":"https:\/\/portaltela.pt\/#website"},"primaryImageOfPage":{"@id":"https:\/\/portaltela.pt\/noticias\/2026\/04\/30\/inzaghi-afirma-que-o-inter-foi-prejudicado-pela-arbitragem-italiana\/#primaryimage"},"image":{"@id":"https:\/\/portaltela.pt\/noticias\/2026\/04\/30\/inzaghi-afirma-que-o-inter-foi-prejudicado-pela-arbitragem-italiana\/#primaryimage"},"thumbnailUrl":"https:\/\/portaltela.pt\/s.01k8rhncp4jt1\/2026\/04\/img_920x518uu2025-06-03-16-59-46-2366977.jpg","datePublished":"2026-04-30T12:33:56+00:00","author":{"@id":"https:\/\/portaltela.pt\/#\/schema\/person\/c4278d4a6028830caff9ee44b42d32ed"},"breadcrumb":{"@id":"https:\/\/portaltela.pt\/noticias\/2026\/04\/30\/inzaghi-afirma-que-o-inter-foi-prejudicado-pela-arbitragem-italiana\/#breadcrumb"},"inLanguage":"pt-PT","potentialAction":[{"@type":"ReadAction","target":["https:\/\/portaltela.pt\/noticias\/2026\/04\/30\/inzaghi-afirma-que-o-inter-foi-prejudicado-pela-arbitragem-italiana\/"]}]},{"@type":"ImageObject","inLanguage":"pt-PT","@id":"https:\/\/portaltela.pt\/noticias\/2026\/04\/30\/inzaghi-afirma-que-o-inter-foi-prejudicado-pela-arbitragem-italiana\/#primaryimage","url":"https:\/\/portaltela.pt\/s.01k8rhncp4jt1\/2026\/04\/img_920x518uu2025-06-03-16-59-46-2366977.jpg","contentUrl":"https:\/\/portaltela.pt\/s.01k8rhncp4jt1\/2026\/04\/img_920x518uu2025-06-03-16-59-46-2366977.jpg","width":796,"height":448,"caption":"Simone Inzaghi"},{"@type":"BreadcrumbList","@id":"https:\/\/portaltela.pt\/noticias\/2026\/04\/30\/inzaghi-afirma-que-o-inter-foi-prejudicado-pela-arbitragem-italiana\/#breadcrumb","itemListElement":[{"@type":"ListItem","position":1,"name":"In\u00edcio","item":"https:\/\/portaltela.pt\/"},{"@type":"ListItem","position":2,"name":"Inzaghi afirma que o Inter foi prejudicado pela arbitragem italiana"}]},{"@type":"WebSite","@id":"https:\/\/portaltela.pt\/#website","url":"https:\/\/portaltela.pt\/","name":"Portal Tela Portugal","description":"","potentialAction":[{"@type":"SearchAction","target":{"@type":"EntryPoint","urlTemplate":"https:\/\/portaltela.pt\/?s={search_term_string}"},"query-input":{"@type":"PropertyValueSpecification","valueRequired":true,"valueName":"search_term_string"}}],"inLanguage":"pt-PT"},{"@type":"Person","@id":"https:\/\/portaltela.pt\/#\/schema\/person\/c4278d4a6028830caff9ee44b42d32ed","name":"Telinha","image":{"@type":"ImageObject","inLanguage":"pt-PT","@id":"https:\/\/portaltela.pt\/s.01k8rhncp4jt1\/2025\/11\/talking-bot-125x125.png","url":"https:\/\/portaltela.pt\/s.01k8rhncp4jt1\/2025\/11\/talking-bot-125x125.png","contentUrl":"https:\/\/portaltela.pt\/s.01k8rhncp4jt1\/2025\/11\/talking-bot-125x125.png","caption":"Telinha"},"sameAs":["https:\/\/portaltela.pt\/"],"url":"https:\/\/portaltela.pt\/por\/367410592786\/"}]}},"_links":{"self":[{"href":"https:\/\/portaltela.pt\/api\/wp\/v2\/posts\/462392","targetHints":{"allow":["GET"]}}],"collection":[{"href":"https:\/\/portaltela.pt\/api\/wp\/v2\/posts"}],"about":[{"href":"https:\/\/portaltela.pt\/api\/wp\/v2\/types\/post"}],"author":[{"embeddable":true,"href":"https:\/\/portaltela.pt\/api\/wp\/v2\/users\/2"}],"replies":[{"embeddable":true,"href":"https:\/\/portaltela.pt\/api\/wp\/v2\/comments?post=462392"}],"version-history":[{"count":0,"href":"https:\/\/portaltela.pt\/api\/wp\/v2\/posts\/462392\/revisions"}],"wp:featuredmedia":[{"embeddable":true,"href":"https:\/\/portaltela.pt\/api\/wp\/v2\/media\/462401"}],"wp:attachment":[{"href":"https:\/\/portaltela.pt\/api\/wp\/v2\/media?parent=462392"}],"wp:term":[{"taxonomy":"category","embeddable":true,"href":"https:\/\/portaltela.pt\/api\/wp\/v2\/categories?post=462392"},{"taxonomy":"post_tag","embeddable":true,"href":"https:\/\/portaltela.pt\/api\/wp\/v2\/tags?post=462392"}],"curies":[{"name":"wp","href":"https:\/\/api.w.org\/{rel}","templated":true}]}}