{"id":462389,"date":"2026-04-30T09:33:54","date_gmt":"2026-04-30T12:33:54","guid":{"rendered":"https:\/\/portaltela.pt\/noticias\/2026\/04\/30\/eurodeputados-aprovam-resolucao-para-impor-sancoes-por-cyberbullying\/"},"modified":"2026-04-30T09:33:54","modified_gmt":"2026-04-30T12:33:54","slug":"eurodeputados-aprovam-resolucao-para-impor-sancoes-por-cyberbullying","status":"publish","type":"post","link":"https:\/\/portaltela.pt\/noticias\/internacional\/2026\/04\/30\/eurodeputados-aprovam-resolucao-para-impor-sancoes-por-cyberbullying\/","title":{"rendered":"Eurodeputados aprovam resolu\u00e7\u00e3o para impor san\u00e7\u00f5es por cyberbullying"},"content":{"rendered":"<p>O Parlamento Europeu aprovou uma resolu\u00e7\u00e3o na sess\u00e3o plen\u00e1ria realizada em Estrasburgo, Fran\u00e7a, para exigir san\u00e7\u00f5es eficazes contra o cyberbullying, aplica\u00e7\u00e3o uniforme da legisla\u00e7\u00e3o na UE e maior responsabilidade das plataformas digitais. O objetivo \u00e9 remover conte\u00fados abusivos de forma r\u00e1pida e reduzir o vazio legal entre os Estados-membros.<\/p>\n<p>A resolu\u00e7\u00e3o envolve os eurodeputados que defendem medidas harmonizadas, maior responsabiliza\u00e7\u00e3o das plataformas e a interioriza\u00e7\u00e3o de uma estrat\u00e9gia de preven\u00e7\u00e3o destinada a crian\u00e7as, pais e educadores. O documento surge como resposta ao plano de a\u00e7\u00e3o da Comiss\u00e3o Europeia contra o ciberass\u00e9dio.<\/p>\n<p>O texto, apresentado durante a sess\u00e3o em Estrasburgo, fundamenta-se em dados da UE que apontam 17% de adolescentes v\u00edtimas de ass\u00e9dio online e 13% que j\u00e1 participaram em tais pr\u00e1ticas. A iniciativa pretende responder a essa realidade com a\u00e7\u00f5es coordenadas entre Estados e plataformas.<\/p>\n<h3>Medidas propostas<\/h3>\n<p>Os parlamentares defendem san\u00e7\u00f5es penais harmonizadas para casos de cyberbullying e exigem que as plataformas assegurem rotulagem e transpar\u00eancia, em linha com o Regulamento de Intelig\u00eancia Artificial, para aumentar a seguran\u00e7a dos utilizadores.<\/p>\n<p>A resolu\u00e7\u00e3o tamb\u00e9m prop\u00f5e intensificar estrat\u00e9gias de preven\u00e7\u00e3o, com maior literacia digital para crian\u00e7as, pais e docentes, al\u00e9m de promover remiss\u00f5es r\u00e1pidas de conte\u00fados abusivos. O objetivo \u00e9 reduzir o tempo de resposta entre a ocorr\u00eancia e a remo\u00e7\u00e3o.<\/p>\n<h3>Contexto relacionado<\/h3>\n<p>A iniciativa cita a inspira\u00e7\u00e3o na Lei de Coco da Irlanda, que criminaliza a partilha de imagens \u00edntimas sem consentimento. O caso foi levado ao Parlamento Europeu por Jackie Fox, que testemunhou o impacto do ciberbullying na filha. A resolu\u00e7\u00e3o acompanha a a\u00e7\u00e3o da Comiss\u00e3o Europeia contra o ciberass\u00e9dio.<\/p>\n","protected":false},"excerpt":{"rendered":"<ul>\n<li>O Parlamento Europeu aprovou uma resolu\u00e7\u00e3o que exige san\u00e7\u00f5es efetivas para o cyberbullying e maior responsabilidade das plataformas, visando aplica\u00e7\u00e3o da lei na UE.<\/li>\n<li>O texto defende san\u00e7\u00f5es penais harmonizadas entre os Estados-membros e a remo\u00e7\u00e3o imediata de conte\u00fados abusivos, para reduzir o vazio legal entre pa\u00edses.<\/li>\n<li>Prop\u00f5e estrat\u00e9gias de preven\u00e7\u00e3o e literacia digital para crian\u00e7as, pais e educadores.<\/li>\n<li>Sugere acrescentar crimes de \u00f3dio \u00e0 lista de crimes da UE e refor\u00e7ar a rotulagem sob o Regulamento de Intelig\u00eancia Artificial para garantir transpar\u00eancia e seguran\u00e7a.<\/li>\n<li>A resolu\u00e7\u00e3o responde ao plano de a\u00e7\u00e3o da Comiss\u00e3o Europeia, com dados de que 17% dos adolescentes na UE s\u00e3o v\u00edtimas de ass\u00e9dio online e 13% admitem ter participado; inspira-se na Lei de Coco irlandesa e no testemunho de Jackie Fox.<\/li>\n<\/ul>\n","protected":false},"author":2,"featured_media":462400,"comment_status":"closed","ping_status":"closed","sticky":false,"template":"","format":"standard","meta":{"footnotes":""},"categories":[6814,4],"tags":[8663,7795,9047,8381,8695,8056],"class_list":["post-462389","post","type-post","status-publish","format-standard","has-post-thumbnail","hentry","category-geopolitica","category-internacional","tag-_cyberseguranca","tag-_educacao","tag-_educacao-digital","tag-_literacia-digital","tag-_seguranca-digital","tag-_uniao-europeia"],"yoast_head":"<!-- This site is optimized with the Yoast SEO plugin v27.2 - https:\/\/yoast.com\/product\/yoast-seo-wordpress\/ -->\n<title>Eurodeputados aprovam resolu\u00e7\u00e3o para impor san\u00e7\u00f5es por cyberbullying - Portal Tela Portugal<\/title>\n<meta name=\"robots\" content=\"index, follow, max-snippet:-1, max-image-preview:large, max-video-preview:-1\" \/>\n<meta property=\"og:locale\" content=\"pt_PT\" \/>\n<meta property=\"og:type\" content=\"article\" \/>\n<meta property=\"og:title\" content=\"Eurodeputados aprovam resolu\u00e7\u00e3o para impor san\u00e7\u00f5es por cyberbullying - Portal Tela Portugal\" \/>\n<meta property=\"og:description\" content=\"O Parlamento Europeu aprovou uma resolu\u00e7\u00e3o que exige san\u00e7\u00f5es efetivas para o cyberbullying e maior responsabilidade das plataformas, visando aplica\u00e7\u00e3o da lei na UE. O texto defende san\u00e7\u00f5es penais harmonizadas entre os Estados-membros e a remo\u00e7\u00e3o imediata de conte\u00fados abusivos, para reduzir o vazio legal entre pa\u00edses. Prop\u00f5e estrat\u00e9gias de preven\u00e7\u00e3o e literacia digital para crian\u00e7as, pais e educadores. Sugere acrescentar crimes de \u00f3dio \u00e0 lista de crimes da UE e refor\u00e7ar a rotulagem sob o Regulamento de Intelig\u00eancia Artificial para garantir transpar\u00eancia e seguran\u00e7a. A resolu\u00e7\u00e3o responde ao plano de a\u00e7\u00e3o da Comiss\u00e3o Europeia, com dados de que 17% dos adolescentes na UE s\u00e3o v\u00edtimas de ass\u00e9dio online e 13% admitem ter participado; inspira-se na Lei de Coco irlandesa e no testemunho de Jackie Fox.\" \/>\n<meta property=\"og:url\" content=\"https:\/\/portaltela.pt\/noticias\/2026\/04\/30\/eurodeputados-aprovam-resolucao-para-impor-sancoes-por-cyberbullying\/\" \/>\n<meta property=\"og:site_name\" content=\"Portal Tela Portugal\" \/>\n<meta property=\"article:published_time\" content=\"2026-04-30T12:33:54+00:00\" \/>\n<meta name=\"author\" content=\"Telinha\" \/>\n<meta name=\"twitter:card\" content=\"summary_large_image\" \/>\n<meta name=\"twitter:label1\" content=\"Escrito por\" \/>\n\t<meta name=\"twitter:data1\" content=\"Telinha\" \/>\n\t<meta name=\"twitter:label2\" content=\"Tempo estimado de leitura\" \/>\n\t<meta name=\"twitter:data2\" content=\"2 minutos\" \/>\n<script type=\"application\/ld+json\" class=\"yoast-schema-graph\">{\"@context\":\"https:\/\/schema.org\",\"@graph\":[{\"@type\":\"Article\",\"@id\":\"https:\/\/portaltela.pt\/noticias\/2026\/04\/30\/eurodeputados-aprovam-resolucao-para-impor-sancoes-por-cyberbullying\/#article\",\"isPartOf\":{\"@id\":\"https:\/\/portaltela.pt\/noticias\/2026\/04\/30\/eurodeputados-aprovam-resolucao-para-impor-sancoes-por-cyberbullying\/\"},\"author\":{\"name\":\"Telinha\",\"@id\":\"https:\/\/portaltela.pt\/#\/schema\/person\/c4278d4a6028830caff9ee44b42d32ed\"},\"headline\":\"Eurodeputados aprovam resolu\u00e7\u00e3o para impor san\u00e7\u00f5es por cyberbullying\",\"datePublished\":\"2026-04-30T12:33:54+00:00\",\"mainEntityOfPage\":{\"@id\":\"https:\/\/portaltela.pt\/noticias\/2026\/04\/30\/eurodeputados-aprovam-resolucao-para-impor-sancoes-por-cyberbullying\/\"},\"wordCount\":310,\"image\":{\"@id\":\"https:\/\/portaltela.pt\/noticias\/2026\/04\/30\/eurodeputados-aprovam-resolucao-para-impor-sancoes-por-cyberbullying\/#primaryimage\"},\"thumbnailUrl\":\"https:\/\/portaltela.pt\/s.01k8rhncp4jt1\/2026\/04\/img_1280x721uu2021-10-20-13-02-52-1092256.jpg\",\"keywords\":[\"_cyberseguran\u00e7a\",\"_educa\u00e7\u00e3o\",\"_educa\u00e7\u00e3o digital\",\"_literacia digital\",\"_seguran\u00e7a digital\",\"_Uni\u00e3o Europeia\"],\"articleSection\":[\"Geopol\u00edtica\",\"Internacional\"],\"inLanguage\":\"pt-PT\"},{\"@type\":\"WebPage\",\"@id\":\"https:\/\/portaltela.pt\/noticias\/2026\/04\/30\/eurodeputados-aprovam-resolucao-para-impor-sancoes-por-cyberbullying\/\",\"url\":\"https:\/\/portaltela.pt\/noticias\/2026\/04\/30\/eurodeputados-aprovam-resolucao-para-impor-sancoes-por-cyberbullying\/\",\"name\":\"Eurodeputados aprovam resolu\u00e7\u00e3o para impor san\u00e7\u00f5es por cyberbullying - Portal Tela Portugal\",\"isPartOf\":{\"@id\":\"https:\/\/portaltela.pt\/#website\"},\"primaryImageOfPage\":{\"@id\":\"https:\/\/portaltela.pt\/noticias\/2026\/04\/30\/eurodeputados-aprovam-resolucao-para-impor-sancoes-por-cyberbullying\/#primaryimage\"},\"image\":{\"@id\":\"https:\/\/portaltela.pt\/noticias\/2026\/04\/30\/eurodeputados-aprovam-resolucao-para-impor-sancoes-por-cyberbullying\/#primaryimage\"},\"thumbnailUrl\":\"https:\/\/portaltela.pt\/s.01k8rhncp4jt1\/2026\/04\/img_1280x721uu2021-10-20-13-02-52-1092256.jpg\",\"datePublished\":\"2026-04-30T12:33:54+00:00\",\"author\":{\"@id\":\"https:\/\/portaltela.pt\/#\/schema\/person\/c4278d4a6028830caff9ee44b42d32ed\"},\"breadcrumb\":{\"@id\":\"https:\/\/portaltela.pt\/noticias\/2026\/04\/30\/eurodeputados-aprovam-resolucao-para-impor-sancoes-por-cyberbullying\/#breadcrumb\"},\"inLanguage\":\"pt-PT\",\"potentialAction\":[{\"@type\":\"ReadAction\",\"target\":[\"https:\/\/portaltela.pt\/noticias\/2026\/04\/30\/eurodeputados-aprovam-resolucao-para-impor-sancoes-por-cyberbullying\/\"]}]},{\"@type\":\"ImageObject\",\"inLanguage\":\"pt-PT\",\"@id\":\"https:\/\/portaltela.pt\/noticias\/2026\/04\/30\/eurodeputados-aprovam-resolucao-para-impor-sancoes-por-cyberbullying\/#primaryimage\",\"url\":\"https:\/\/portaltela.pt\/s.01k8rhncp4jt1\/2026\/04\/img_1280x721uu2021-10-20-13-02-52-1092256.jpg\",\"contentUrl\":\"https:\/\/portaltela.pt\/s.01k8rhncp4jt1\/2026\/04\/img_1280x721uu2021-10-20-13-02-52-1092256.jpg\",\"width\":796,\"height\":448,\"caption\":\"Cyberbullying\"},{\"@type\":\"BreadcrumbList\",\"@id\":\"https:\/\/portaltela.pt\/noticias\/2026\/04\/30\/eurodeputados-aprovam-resolucao-para-impor-sancoes-por-cyberbullying\/#breadcrumb\",\"itemListElement\":[{\"@type\":\"ListItem\",\"position\":1,\"name\":\"In\u00edcio\",\"item\":\"https:\/\/portaltela.pt\/\"},{\"@type\":\"ListItem\",\"position\":2,\"name\":\"Eurodeputados aprovam resolu\u00e7\u00e3o para impor san\u00e7\u00f5es por cyberbullying\"}]},{\"@type\":\"WebSite\",\"@id\":\"https:\/\/portaltela.pt\/#website\",\"url\":\"https:\/\/portaltela.pt\/\",\"name\":\"Portal Tela Portugal\",\"description\":\"\",\"potentialAction\":[{\"@type\":\"SearchAction\",\"target\":{\"@type\":\"EntryPoint\",\"urlTemplate\":\"https:\/\/portaltela.pt\/?s={search_term_string}\"},\"query-input\":{\"@type\":\"PropertyValueSpecification\",\"valueRequired\":true,\"valueName\":\"search_term_string\"}}],\"inLanguage\":\"pt-PT\"},{\"@type\":\"Person\",\"@id\":\"https:\/\/portaltela.pt\/#\/schema\/person\/c4278d4a6028830caff9ee44b42d32ed\",\"name\":\"Telinha\",\"image\":{\"@type\":\"ImageObject\",\"inLanguage\":\"pt-PT\",\"@id\":\"https:\/\/portaltela.pt\/s.01k8rhncp4jt1\/2025\/11\/talking-bot-125x125.png\",\"url\":\"https:\/\/portaltela.pt\/s.01k8rhncp4jt1\/2025\/11\/talking-bot-125x125.png\",\"contentUrl\":\"https:\/\/portaltela.pt\/s.01k8rhncp4jt1\/2025\/11\/talking-bot-125x125.png\",\"caption\":\"Telinha\"},\"sameAs\":[\"https:\/\/portaltela.pt\/\"],\"url\":\"https:\/\/portaltela.pt\/por\/367410592786\/\"}]}<\/script>\n<!-- \/ Yoast SEO plugin. -->","yoast_head_json":{"title":"Eurodeputados aprovam resolu\u00e7\u00e3o para impor san\u00e7\u00f5es por cyberbullying - Portal Tela Portugal","robots":{"index":"index","follow":"follow","max-snippet":"max-snippet:-1","max-image-preview":"max-image-preview:large","max-video-preview":"max-video-preview:-1"},"og_locale":"pt_PT","og_type":"article","og_title":"Eurodeputados aprovam resolu\u00e7\u00e3o para impor san\u00e7\u00f5es por cyberbullying - Portal Tela Portugal","og_description":"O Parlamento Europeu aprovou uma resolu\u00e7\u00e3o que exige san\u00e7\u00f5es efetivas para o cyberbullying e maior responsabilidade das plataformas, visando aplica\u00e7\u00e3o da lei na UE. O texto defende san\u00e7\u00f5es penais harmonizadas entre os Estados-membros e a remo\u00e7\u00e3o imediata de conte\u00fados abusivos, para reduzir o vazio legal entre pa\u00edses. Prop\u00f5e estrat\u00e9gias de preven\u00e7\u00e3o e literacia digital para crian\u00e7as, pais e educadores. Sugere acrescentar crimes de \u00f3dio \u00e0 lista de crimes da UE e refor\u00e7ar a rotulagem sob o Regulamento de Intelig\u00eancia Artificial para garantir transpar\u00eancia e seguran\u00e7a. A resolu\u00e7\u00e3o responde ao plano de a\u00e7\u00e3o da Comiss\u00e3o Europeia, com dados de que 17% dos adolescentes na UE s\u00e3o v\u00edtimas de ass\u00e9dio online e 13% admitem ter participado; inspira-se na Lei de Coco irlandesa e no testemunho de Jackie Fox.","og_url":"https:\/\/portaltela.pt\/noticias\/2026\/04\/30\/eurodeputados-aprovam-resolucao-para-impor-sancoes-por-cyberbullying\/","og_site_name":"Portal Tela Portugal","article_published_time":"2026-04-30T12:33:54+00:00","author":"Telinha","twitter_card":"summary_large_image","twitter_misc":{"Escrito por":"Telinha","Tempo estimado de leitura":"2 minutos"},"schema":{"@context":"https:\/\/schema.org","@graph":[{"@type":"Article","@id":"https:\/\/portaltela.pt\/noticias\/2026\/04\/30\/eurodeputados-aprovam-resolucao-para-impor-sancoes-por-cyberbullying\/#article","isPartOf":{"@id":"https:\/\/portaltela.pt\/noticias\/2026\/04\/30\/eurodeputados-aprovam-resolucao-para-impor-sancoes-por-cyberbullying\/"},"author":{"name":"Telinha","@id":"https:\/\/portaltela.pt\/#\/schema\/person\/c4278d4a6028830caff9ee44b42d32ed"},"headline":"Eurodeputados aprovam resolu\u00e7\u00e3o para impor san\u00e7\u00f5es por cyberbullying","datePublished":"2026-04-30T12:33:54+00:00","mainEntityOfPage":{"@id":"https:\/\/portaltela.pt\/noticias\/2026\/04\/30\/eurodeputados-aprovam-resolucao-para-impor-sancoes-por-cyberbullying\/"},"wordCount":310,"image":{"@id":"https:\/\/portaltela.pt\/noticias\/2026\/04\/30\/eurodeputados-aprovam-resolucao-para-impor-sancoes-por-cyberbullying\/#primaryimage"},"thumbnailUrl":"https:\/\/portaltela.pt\/s.01k8rhncp4jt1\/2026\/04\/img_1280x721uu2021-10-20-13-02-52-1092256.jpg","keywords":["_cyberseguran\u00e7a","_educa\u00e7\u00e3o","_educa\u00e7\u00e3o digital","_literacia digital","_seguran\u00e7a digital","_Uni\u00e3o Europeia"],"articleSection":["Geopol\u00edtica","Internacional"],"inLanguage":"pt-PT"},{"@type":"WebPage","@id":"https:\/\/portaltela.pt\/noticias\/2026\/04\/30\/eurodeputados-aprovam-resolucao-para-impor-sancoes-por-cyberbullying\/","url":"https:\/\/portaltela.pt\/noticias\/2026\/04\/30\/eurodeputados-aprovam-resolucao-para-impor-sancoes-por-cyberbullying\/","name":"Eurodeputados aprovam resolu\u00e7\u00e3o para impor san\u00e7\u00f5es por cyberbullying - Portal Tela Portugal","isPartOf":{"@id":"https:\/\/portaltela.pt\/#website"},"primaryImageOfPage":{"@id":"https:\/\/portaltela.pt\/noticias\/2026\/04\/30\/eurodeputados-aprovam-resolucao-para-impor-sancoes-por-cyberbullying\/#primaryimage"},"image":{"@id":"https:\/\/portaltela.pt\/noticias\/2026\/04\/30\/eurodeputados-aprovam-resolucao-para-impor-sancoes-por-cyberbullying\/#primaryimage"},"thumbnailUrl":"https:\/\/portaltela.pt\/s.01k8rhncp4jt1\/2026\/04\/img_1280x721uu2021-10-20-13-02-52-1092256.jpg","datePublished":"2026-04-30T12:33:54+00:00","author":{"@id":"https:\/\/portaltela.pt\/#\/schema\/person\/c4278d4a6028830caff9ee44b42d32ed"},"breadcrumb":{"@id":"https:\/\/portaltela.pt\/noticias\/2026\/04\/30\/eurodeputados-aprovam-resolucao-para-impor-sancoes-por-cyberbullying\/#breadcrumb"},"inLanguage":"pt-PT","potentialAction":[{"@type":"ReadAction","target":["https:\/\/portaltela.pt\/noticias\/2026\/04\/30\/eurodeputados-aprovam-resolucao-para-impor-sancoes-por-cyberbullying\/"]}]},{"@type":"ImageObject","inLanguage":"pt-PT","@id":"https:\/\/portaltela.pt\/noticias\/2026\/04\/30\/eurodeputados-aprovam-resolucao-para-impor-sancoes-por-cyberbullying\/#primaryimage","url":"https:\/\/portaltela.pt\/s.01k8rhncp4jt1\/2026\/04\/img_1280x721uu2021-10-20-13-02-52-1092256.jpg","contentUrl":"https:\/\/portaltela.pt\/s.01k8rhncp4jt1\/2026\/04\/img_1280x721uu2021-10-20-13-02-52-1092256.jpg","width":796,"height":448,"caption":"Cyberbullying"},{"@type":"BreadcrumbList","@id":"https:\/\/portaltela.pt\/noticias\/2026\/04\/30\/eurodeputados-aprovam-resolucao-para-impor-sancoes-por-cyberbullying\/#breadcrumb","itemListElement":[{"@type":"ListItem","position":1,"name":"In\u00edcio","item":"https:\/\/portaltela.pt\/"},{"@type":"ListItem","position":2,"name":"Eurodeputados aprovam resolu\u00e7\u00e3o para impor san\u00e7\u00f5es por cyberbullying"}]},{"@type":"WebSite","@id":"https:\/\/portaltela.pt\/#website","url":"https:\/\/portaltela.pt\/","name":"Portal Tela Portugal","description":"","potentialAction":[{"@type":"SearchAction","target":{"@type":"EntryPoint","urlTemplate":"https:\/\/portaltela.pt\/?s={search_term_string}"},"query-input":{"@type":"PropertyValueSpecification","valueRequired":true,"valueName":"search_term_string"}}],"inLanguage":"pt-PT"},{"@type":"Person","@id":"https:\/\/portaltela.pt\/#\/schema\/person\/c4278d4a6028830caff9ee44b42d32ed","name":"Telinha","image":{"@type":"ImageObject","inLanguage":"pt-PT","@id":"https:\/\/portaltela.pt\/s.01k8rhncp4jt1\/2025\/11\/talking-bot-125x125.png","url":"https:\/\/portaltela.pt\/s.01k8rhncp4jt1\/2025\/11\/talking-bot-125x125.png","contentUrl":"https:\/\/portaltela.pt\/s.01k8rhncp4jt1\/2025\/11\/talking-bot-125x125.png","caption":"Telinha"},"sameAs":["https:\/\/portaltela.pt\/"],"url":"https:\/\/portaltela.pt\/por\/367410592786\/"}]}},"_links":{"self":[{"href":"https:\/\/portaltela.pt\/api\/wp\/v2\/posts\/462389","targetHints":{"allow":["GET"]}}],"collection":[{"href":"https:\/\/portaltela.pt\/api\/wp\/v2\/posts"}],"about":[{"href":"https:\/\/portaltela.pt\/api\/wp\/v2\/types\/post"}],"author":[{"embeddable":true,"href":"https:\/\/portaltela.pt\/api\/wp\/v2\/users\/2"}],"replies":[{"embeddable":true,"href":"https:\/\/portaltela.pt\/api\/wp\/v2\/comments?post=462389"}],"version-history":[{"count":0,"href":"https:\/\/portaltela.pt\/api\/wp\/v2\/posts\/462389\/revisions"}],"wp:featuredmedia":[{"embeddable":true,"href":"https:\/\/portaltela.pt\/api\/wp\/v2\/media\/462400"}],"wp:attachment":[{"href":"https:\/\/portaltela.pt\/api\/wp\/v2\/media?parent=462389"}],"wp:term":[{"taxonomy":"category","embeddable":true,"href":"https:\/\/portaltela.pt\/api\/wp\/v2\/categories?post=462389"},{"taxonomy":"post_tag","embeddable":true,"href":"https:\/\/portaltela.pt\/api\/wp\/v2\/tags?post=462389"}],"curies":[{"name":"wp","href":"https:\/\/api.w.org\/{rel}","templated":true}]}}