{"id":462369,"date":"2026-04-30T09:18:24","date_gmt":"2026-04-30T12:18:24","guid":{"rendered":"https:\/\/portaltela.pt\/noticias\/2026\/04\/30\/presidente-libanes-condena-violacoes-persistentes-do-cessar-fogo-por-israel\/"},"modified":"2026-04-30T09:18:24","modified_gmt":"2026-04-30T12:18:24","slug":"presidente-libanes-condena-violacoes-persistentes-do-cessar-fogo-por-israel","status":"publish","type":"post","link":"https:\/\/portaltela.pt\/guerra\/2026\/04\/30\/presidente-libanes-condena-violacoes-persistentes-do-cessar-fogo-por-israel\/","title":{"rendered":"Presidente liban\u00eas condena viola\u00e7\u00f5es persistentes do cessar-fogo por Israel"},"content":{"rendered":"<p>O presidente do L\u00edbano condenou nesta quinta-feira as viola\u00e7\u00f5es persistentes do cessar-fogo por parte de Israel, apelando \u00e0 press\u00e3o para cumprir o direito internacional. O an\u00fancio foi feito numa nota da Presid\u00eancia, em meio a ataques no sul do pa\u00eds.<\/p>\n<p>Segundo a imprensa libanesa, novas desloca\u00e7\u00f5es no sul e ataques israelitas atingiram v\u00e1rias localidades, sem que o total de v\u00edtimas tenha sido divulgado. A comunica\u00e7\u00e3o n\u00e3o detalha n\u00fameros de baixas.<\/p>\n<p>\u00c9 preciso exercer press\u00e3o sobre Israel para que respeite as leis e os acordos internacionais e cesse de visar civis e equipas de socorro, afirmou Joseph Aoun, numa altura em que o cessar-fogo entrou em vigor a 17 de abril. Ele acrescentou que Israel deve aplicar integralmente o cessar-fogo antes de avan\u00e7ar para negocia\u00e7\u00f5es.<\/p>\n<h3>Contexto humanit\u00e1rio<\/h3>\n<p>As opera\u00e7\u00f5es militares israelitas no L\u00edbano, em resposta ao movimento pr\u00f3-iraniano Hezbollah, provocaram, desde in\u00edcio de mar\u00e7o, mais de 2.500 mortos e mais de um milh\u00e3o de deslocados, segundo dados do Programa Alimentar Mundial (PAM). Al\u00e9m disso, cerca de 1,2 milh\u00f5es de pessoas enfrentam risco de inseguran\u00e7a alimentar aguda.<\/p>\n<p>As avalia\u00e7\u00f5es internacionais apontam para uma deteriora\u00e7\u00e3o na situa\u00e7\u00e3o civil e a necessidade de monitorizar o cumprimento do cessar-fogo por ambas as partes. As autoridades libanesas reiteram o apelo \u00e0 conten\u00e7\u00e3o e ao retorno a acordos que protejam civis e infraestruturas b\u00e1sicas.<\/p>\n","protected":false},"excerpt":{"rendered":"<ul>\n<li>O presidente liban\u00eas condenou as \u201cviola\u00e7\u00f5es persistentes\u201d da tr\u00e9gua por Israel e pediu press\u00e3o para cumprir o direito internacional.<\/li>\n<li>No comunicado da Presid\u00eancia, avisou que as viola\u00e7\u00f5es no sul continuam, com demoli\u00e7\u00f5es de casas e aumento do n\u00famero de v\u00edtimas.<\/li>\n<li>A imprensa libanesa informou novos ataques israelitas em v\u00e1rias localidades do sul, sem divulga\u00e7\u00e3o do total de v\u00edtimas.<\/li>\n<li>Joseph Aoun afirmou que \u00e9 preciso pressionar Israel para que respeite leis e acordos internacionais e cesse de visar civis e equipas de socorro, at\u00e9 a plena aplica\u00e7\u00e3o do cessar-fogo.<\/li>\n<li>As opera\u00e7\u00f5es no L\u00edbano, no contexto de combate ao movimento pr\u00f3-iraniano Hezbollah, j\u00e1 resultaram em mais de 2.500 mortos e mais de um milh\u00e3o de deslocados desde o in\u00edcio de mar\u00e7o; cerca de 1,2 milh\u00f5es de pessoas est\u00e3o em risco de inseguran\u00e7a alimentar, segundo o Programa Alimentar Mundial.<\/li>\n<\/ul>\n","protected":false},"author":2,"featured_media":462371,"comment_status":"closed","ping_status":"closed","sticky":false,"template":"","format":"standard","meta":{"footnotes":""},"categories":[6790,6804],"tags":[8102,8775,7934,8125,8626,8247],"class_list":["post-462369","post","type-post","status-publish","format-standard","has-post-thumbnail","hentry","category-conflitos","category-guerra","tag-_acao-humanitaria","tag-_cessar-fogo","tag-_conflitos-internacionais","tag-_deslocados","tag-_libano","tag-_refugiados"],"yoast_head":"<!-- This site is optimized with the Yoast SEO plugin v27.2 - https:\/\/yoast.com\/product\/yoast-seo-wordpress\/ -->\n<title>Presidente liban\u00eas condena viola\u00e7\u00f5es persistentes do cessar-fogo por Israel - Portal Tela Portugal<\/title>\n<meta name=\"robots\" content=\"index, follow, max-snippet:-1, max-image-preview:large, max-video-preview:-1\" \/>\n<meta property=\"og:locale\" content=\"pt_PT\" \/>\n<meta property=\"og:type\" content=\"article\" \/>\n<meta property=\"og:title\" content=\"Presidente liban\u00eas condena viola\u00e7\u00f5es persistentes do cessar-fogo por Israel - Portal Tela Portugal\" \/>\n<meta property=\"og:description\" content=\"O presidente liban\u00eas condenou as \u201cviola\u00e7\u00f5es persistentes\u201d da tr\u00e9gua por Israel e pediu press\u00e3o para cumprir o direito internacional. No comunicado da Presid\u00eancia, avisou que as viola\u00e7\u00f5es no sul continuam, com demoli\u00e7\u00f5es de casas e aumento do n\u00famero de v\u00edtimas. A imprensa libanesa informou novos ataques israelitas em v\u00e1rias localidades do sul, sem divulga\u00e7\u00e3o do total de v\u00edtimas. Joseph Aoun afirmou que \u00e9 preciso pressionar Israel para que respeite leis e acordos internacionais e cesse de visar civis e equipas de socorro, at\u00e9 a plena aplica\u00e7\u00e3o do cessar-fogo. As opera\u00e7\u00f5es no L\u00edbano, no contexto de combate ao movimento pr\u00f3-iraniano Hezbollah, j\u00e1 resultaram em mais de 2.500 mortos e mais de um milh\u00e3o de deslocados desde o in\u00edcio de mar\u00e7o; cerca de 1,2 milh\u00f5es de pessoas est\u00e3o em risco de inseguran\u00e7a alimentar, segundo o Programa Alimentar Mundial.\" \/>\n<meta property=\"og:url\" content=\"https:\/\/portaltela.pt\/noticias\/2026\/04\/30\/presidente-libanes-condena-violacoes-persistentes-do-cessar-fogo-por-israel\/\" \/>\n<meta property=\"og:site_name\" content=\"Portal Tela Portugal\" \/>\n<meta property=\"article:published_time\" content=\"2026-04-30T12:18:24+00:00\" \/>\n<meta name=\"author\" content=\"Telinha\" \/>\n<meta name=\"twitter:card\" content=\"summary_large_image\" \/>\n<meta name=\"twitter:label1\" content=\"Escrito por\" \/>\n\t<meta name=\"twitter:data1\" content=\"Telinha\" \/>\n\t<meta name=\"twitter:label2\" content=\"Tempo estimado de leitura\" \/>\n\t<meta name=\"twitter:data2\" content=\"1 minuto\" \/>\n<script type=\"application\/ld+json\" class=\"yoast-schema-graph\">{\"@context\":\"https:\/\/schema.org\",\"@graph\":[{\"@type\":\"Article\",\"@id\":\"https:\/\/portaltela.pt\/noticias\/2026\/04\/30\/presidente-libanes-condena-violacoes-persistentes-do-cessar-fogo-por-israel\/#article\",\"isPartOf\":{\"@id\":\"https:\/\/portaltela.pt\/noticias\/2026\/04\/30\/presidente-libanes-condena-violacoes-persistentes-do-cessar-fogo-por-israel\/\"},\"author\":{\"name\":\"Telinha\",\"@id\":\"https:\/\/portaltela.pt\/#\/schema\/person\/c4278d4a6028830caff9ee44b42d32ed\"},\"headline\":\"Presidente liban\u00eas condena viola\u00e7\u00f5es persistentes do cessar-fogo por Israel\",\"datePublished\":\"2026-04-30T12:18:24+00:00\",\"mainEntityOfPage\":{\"@id\":\"https:\/\/portaltela.pt\/noticias\/2026\/04\/30\/presidente-libanes-condena-violacoes-persistentes-do-cessar-fogo-por-israel\/\"},\"wordCount\":252,\"image\":{\"@id\":\"https:\/\/portaltela.pt\/noticias\/2026\/04\/30\/presidente-libanes-condena-violacoes-persistentes-do-cessar-fogo-por-israel\/#primaryimage\"},\"thumbnailUrl\":\"https:\/\/portaltela.pt\/s.01k8rhncp4jt1\/2026\/04\/cfb1600c-53a5-4502-82bb-3df2a6c0a47b_1200x675.jpg\",\"keywords\":[\"_a\u00e7\u00e3o humanit\u00e1ria\",\"_cessar-fogo\",\"_conflitos internacionais\",\"_deslocados\",\"_L\u00edbano\",\"_refugiados\"],\"articleSection\":[\"Conflitos\",\"Guerra\"],\"inLanguage\":\"pt-PT\"},{\"@type\":\"WebPage\",\"@id\":\"https:\/\/portaltela.pt\/noticias\/2026\/04\/30\/presidente-libanes-condena-violacoes-persistentes-do-cessar-fogo-por-israel\/\",\"url\":\"https:\/\/portaltela.pt\/noticias\/2026\/04\/30\/presidente-libanes-condena-violacoes-persistentes-do-cessar-fogo-por-israel\/\",\"name\":\"Presidente liban\u00eas condena viola\u00e7\u00f5es persistentes do cessar-fogo por Israel - Portal Tela Portugal\",\"isPartOf\":{\"@id\":\"https:\/\/portaltela.pt\/#website\"},\"primaryImageOfPage\":{\"@id\":\"https:\/\/portaltela.pt\/noticias\/2026\/04\/30\/presidente-libanes-condena-violacoes-persistentes-do-cessar-fogo-por-israel\/#primaryimage\"},\"image\":{\"@id\":\"https:\/\/portaltela.pt\/noticias\/2026\/04\/30\/presidente-libanes-condena-violacoes-persistentes-do-cessar-fogo-por-israel\/#primaryimage\"},\"thumbnailUrl\":\"https:\/\/portaltela.pt\/s.01k8rhncp4jt1\/2026\/04\/cfb1600c-53a5-4502-82bb-3df2a6c0a47b_1200x675.jpg\",\"datePublished\":\"2026-04-30T12:18:24+00:00\",\"author\":{\"@id\":\"https:\/\/portaltela.pt\/#\/schema\/person\/c4278d4a6028830caff9ee44b42d32ed\"},\"breadcrumb\":{\"@id\":\"https:\/\/portaltela.pt\/noticias\/2026\/04\/30\/presidente-libanes-condena-violacoes-persistentes-do-cessar-fogo-por-israel\/#breadcrumb\"},\"inLanguage\":\"pt-PT\",\"potentialAction\":[{\"@type\":\"ReadAction\",\"target\":[\"https:\/\/portaltela.pt\/noticias\/2026\/04\/30\/presidente-libanes-condena-violacoes-persistentes-do-cessar-fogo-por-israel\/\"]}]},{\"@type\":\"ImageObject\",\"inLanguage\":\"pt-PT\",\"@id\":\"https:\/\/portaltela.pt\/noticias\/2026\/04\/30\/presidente-libanes-condena-violacoes-persistentes-do-cessar-fogo-por-israel\/#primaryimage\",\"url\":\"https:\/\/portaltela.pt\/s.01k8rhncp4jt1\/2026\/04\/cfb1600c-53a5-4502-82bb-3df2a6c0a47b_1200x675.jpg\",\"contentUrl\":\"https:\/\/portaltela.pt\/s.01k8rhncp4jt1\/2026\/04\/cfb1600c-53a5-4502-82bb-3df2a6c0a47b_1200x675.jpg\",\"width\":796,\"height\":448,\"caption\":\"V\u00e1rias localidades no sul do pa\u00eds foram atingidas por novos ataques israelitas\"},{\"@type\":\"BreadcrumbList\",\"@id\":\"https:\/\/portaltela.pt\/noticias\/2026\/04\/30\/presidente-libanes-condena-violacoes-persistentes-do-cessar-fogo-por-israel\/#breadcrumb\",\"itemListElement\":[{\"@type\":\"ListItem\",\"position\":1,\"name\":\"In\u00edcio\",\"item\":\"https:\/\/portaltela.pt\/\"},{\"@type\":\"ListItem\",\"position\":2,\"name\":\"Presidente liban\u00eas condena viola\u00e7\u00f5es persistentes do cessar-fogo por Israel\"}]},{\"@type\":\"WebSite\",\"@id\":\"https:\/\/portaltela.pt\/#website\",\"url\":\"https:\/\/portaltela.pt\/\",\"name\":\"Portal Tela Portugal\",\"description\":\"\",\"potentialAction\":[{\"@type\":\"SearchAction\",\"target\":{\"@type\":\"EntryPoint\",\"urlTemplate\":\"https:\/\/portaltela.pt\/?s={search_term_string}\"},\"query-input\":{\"@type\":\"PropertyValueSpecification\",\"valueRequired\":true,\"valueName\":\"search_term_string\"}}],\"inLanguage\":\"pt-PT\"},{\"@type\":\"Person\",\"@id\":\"https:\/\/portaltela.pt\/#\/schema\/person\/c4278d4a6028830caff9ee44b42d32ed\",\"name\":\"Telinha\",\"image\":{\"@type\":\"ImageObject\",\"inLanguage\":\"pt-PT\",\"@id\":\"https:\/\/portaltela.pt\/s.01k8rhncp4jt1\/2025\/11\/talking-bot-125x125.png\",\"url\":\"https:\/\/portaltela.pt\/s.01k8rhncp4jt1\/2025\/11\/talking-bot-125x125.png\",\"contentUrl\":\"https:\/\/portaltela.pt\/s.01k8rhncp4jt1\/2025\/11\/talking-bot-125x125.png\",\"caption\":\"Telinha\"},\"sameAs\":[\"https:\/\/portaltela.pt\/\"],\"url\":\"https:\/\/portaltela.pt\/por\/367410592786\/\"}]}<\/script>\n<!-- \/ Yoast SEO plugin. -->","yoast_head_json":{"title":"Presidente liban\u00eas condena viola\u00e7\u00f5es persistentes do cessar-fogo por Israel - Portal Tela Portugal","robots":{"index":"index","follow":"follow","max-snippet":"max-snippet:-1","max-image-preview":"max-image-preview:large","max-video-preview":"max-video-preview:-1"},"og_locale":"pt_PT","og_type":"article","og_title":"Presidente liban\u00eas condena viola\u00e7\u00f5es persistentes do cessar-fogo por Israel - Portal Tela Portugal","og_description":"O presidente liban\u00eas condenou as \u201cviola\u00e7\u00f5es persistentes\u201d da tr\u00e9gua por Israel e pediu press\u00e3o para cumprir o direito internacional. No comunicado da Presid\u00eancia, avisou que as viola\u00e7\u00f5es no sul continuam, com demoli\u00e7\u00f5es de casas e aumento do n\u00famero de v\u00edtimas. A imprensa libanesa informou novos ataques israelitas em v\u00e1rias localidades do sul, sem divulga\u00e7\u00e3o do total de v\u00edtimas. Joseph Aoun afirmou que \u00e9 preciso pressionar Israel para que respeite leis e acordos internacionais e cesse de visar civis e equipas de socorro, at\u00e9 a plena aplica\u00e7\u00e3o do cessar-fogo. As opera\u00e7\u00f5es no L\u00edbano, no contexto de combate ao movimento pr\u00f3-iraniano Hezbollah, j\u00e1 resultaram em mais de 2.500 mortos e mais de um milh\u00e3o de deslocados desde o in\u00edcio de mar\u00e7o; cerca de 1,2 milh\u00f5es de pessoas est\u00e3o em risco de inseguran\u00e7a alimentar, segundo o Programa Alimentar Mundial.","og_url":"https:\/\/portaltela.pt\/noticias\/2026\/04\/30\/presidente-libanes-condena-violacoes-persistentes-do-cessar-fogo-por-israel\/","og_site_name":"Portal Tela Portugal","article_published_time":"2026-04-30T12:18:24+00:00","author":"Telinha","twitter_card":"summary_large_image","twitter_misc":{"Escrito por":"Telinha","Tempo estimado de leitura":"1 minuto"},"schema":{"@context":"https:\/\/schema.org","@graph":[{"@type":"Article","@id":"https:\/\/portaltela.pt\/noticias\/2026\/04\/30\/presidente-libanes-condena-violacoes-persistentes-do-cessar-fogo-por-israel\/#article","isPartOf":{"@id":"https:\/\/portaltela.pt\/noticias\/2026\/04\/30\/presidente-libanes-condena-violacoes-persistentes-do-cessar-fogo-por-israel\/"},"author":{"name":"Telinha","@id":"https:\/\/portaltela.pt\/#\/schema\/person\/c4278d4a6028830caff9ee44b42d32ed"},"headline":"Presidente liban\u00eas condena viola\u00e7\u00f5es persistentes do cessar-fogo por Israel","datePublished":"2026-04-30T12:18:24+00:00","mainEntityOfPage":{"@id":"https:\/\/portaltela.pt\/noticias\/2026\/04\/30\/presidente-libanes-condena-violacoes-persistentes-do-cessar-fogo-por-israel\/"},"wordCount":252,"image":{"@id":"https:\/\/portaltela.pt\/noticias\/2026\/04\/30\/presidente-libanes-condena-violacoes-persistentes-do-cessar-fogo-por-israel\/#primaryimage"},"thumbnailUrl":"https:\/\/portaltela.pt\/s.01k8rhncp4jt1\/2026\/04\/cfb1600c-53a5-4502-82bb-3df2a6c0a47b_1200x675.jpg","keywords":["_a\u00e7\u00e3o humanit\u00e1ria","_cessar-fogo","_conflitos internacionais","_deslocados","_L\u00edbano","_refugiados"],"articleSection":["Conflitos","Guerra"],"inLanguage":"pt-PT"},{"@type":"WebPage","@id":"https:\/\/portaltela.pt\/noticias\/2026\/04\/30\/presidente-libanes-condena-violacoes-persistentes-do-cessar-fogo-por-israel\/","url":"https:\/\/portaltela.pt\/noticias\/2026\/04\/30\/presidente-libanes-condena-violacoes-persistentes-do-cessar-fogo-por-israel\/","name":"Presidente liban\u00eas condena viola\u00e7\u00f5es persistentes do cessar-fogo por Israel - Portal Tela Portugal","isPartOf":{"@id":"https:\/\/portaltela.pt\/#website"},"primaryImageOfPage":{"@id":"https:\/\/portaltela.pt\/noticias\/2026\/04\/30\/presidente-libanes-condena-violacoes-persistentes-do-cessar-fogo-por-israel\/#primaryimage"},"image":{"@id":"https:\/\/portaltela.pt\/noticias\/2026\/04\/30\/presidente-libanes-condena-violacoes-persistentes-do-cessar-fogo-por-israel\/#primaryimage"},"thumbnailUrl":"https:\/\/portaltela.pt\/s.01k8rhncp4jt1\/2026\/04\/cfb1600c-53a5-4502-82bb-3df2a6c0a47b_1200x675.jpg","datePublished":"2026-04-30T12:18:24+00:00","author":{"@id":"https:\/\/portaltela.pt\/#\/schema\/person\/c4278d4a6028830caff9ee44b42d32ed"},"breadcrumb":{"@id":"https:\/\/portaltela.pt\/noticias\/2026\/04\/30\/presidente-libanes-condena-violacoes-persistentes-do-cessar-fogo-por-israel\/#breadcrumb"},"inLanguage":"pt-PT","potentialAction":[{"@type":"ReadAction","target":["https:\/\/portaltela.pt\/noticias\/2026\/04\/30\/presidente-libanes-condena-violacoes-persistentes-do-cessar-fogo-por-israel\/"]}]},{"@type":"ImageObject","inLanguage":"pt-PT","@id":"https:\/\/portaltela.pt\/noticias\/2026\/04\/30\/presidente-libanes-condena-violacoes-persistentes-do-cessar-fogo-por-israel\/#primaryimage","url":"https:\/\/portaltela.pt\/s.01k8rhncp4jt1\/2026\/04\/cfb1600c-53a5-4502-82bb-3df2a6c0a47b_1200x675.jpg","contentUrl":"https:\/\/portaltela.pt\/s.01k8rhncp4jt1\/2026\/04\/cfb1600c-53a5-4502-82bb-3df2a6c0a47b_1200x675.jpg","width":796,"height":448,"caption":"V\u00e1rias localidades no sul do pa\u00eds foram atingidas por novos ataques israelitas"},{"@type":"BreadcrumbList","@id":"https:\/\/portaltela.pt\/noticias\/2026\/04\/30\/presidente-libanes-condena-violacoes-persistentes-do-cessar-fogo-por-israel\/#breadcrumb","itemListElement":[{"@type":"ListItem","position":1,"name":"In\u00edcio","item":"https:\/\/portaltela.pt\/"},{"@type":"ListItem","position":2,"name":"Presidente liban\u00eas condena viola\u00e7\u00f5es persistentes do cessar-fogo por Israel"}]},{"@type":"WebSite","@id":"https:\/\/portaltela.pt\/#website","url":"https:\/\/portaltela.pt\/","name":"Portal Tela Portugal","description":"","potentialAction":[{"@type":"SearchAction","target":{"@type":"EntryPoint","urlTemplate":"https:\/\/portaltela.pt\/?s={search_term_string}"},"query-input":{"@type":"PropertyValueSpecification","valueRequired":true,"valueName":"search_term_string"}}],"inLanguage":"pt-PT"},{"@type":"Person","@id":"https:\/\/portaltela.pt\/#\/schema\/person\/c4278d4a6028830caff9ee44b42d32ed","name":"Telinha","image":{"@type":"ImageObject","inLanguage":"pt-PT","@id":"https:\/\/portaltela.pt\/s.01k8rhncp4jt1\/2025\/11\/talking-bot-125x125.png","url":"https:\/\/portaltela.pt\/s.01k8rhncp4jt1\/2025\/11\/talking-bot-125x125.png","contentUrl":"https:\/\/portaltela.pt\/s.01k8rhncp4jt1\/2025\/11\/talking-bot-125x125.png","caption":"Telinha"},"sameAs":["https:\/\/portaltela.pt\/"],"url":"https:\/\/portaltela.pt\/por\/367410592786\/"}]}},"_links":{"self":[{"href":"https:\/\/portaltela.pt\/api\/wp\/v2\/posts\/462369","targetHints":{"allow":["GET"]}}],"collection":[{"href":"https:\/\/portaltela.pt\/api\/wp\/v2\/posts"}],"about":[{"href":"https:\/\/portaltela.pt\/api\/wp\/v2\/types\/post"}],"author":[{"embeddable":true,"href":"https:\/\/portaltela.pt\/api\/wp\/v2\/users\/2"}],"replies":[{"embeddable":true,"href":"https:\/\/portaltela.pt\/api\/wp\/v2\/comments?post=462369"}],"version-history":[{"count":0,"href":"https:\/\/portaltela.pt\/api\/wp\/v2\/posts\/462369\/revisions"}],"wp:featuredmedia":[{"embeddable":true,"href":"https:\/\/portaltela.pt\/api\/wp\/v2\/media\/462371"}],"wp:attachment":[{"href":"https:\/\/portaltela.pt\/api\/wp\/v2\/media?parent=462369"}],"wp:term":[{"taxonomy":"category","embeddable":true,"href":"https:\/\/portaltela.pt\/api\/wp\/v2\/categories?post=462369"},{"taxonomy":"post_tag","embeddable":true,"href":"https:\/\/portaltela.pt\/api\/wp\/v2\/tags?post=462369"}],"curies":[{"name":"wp","href":"https:\/\/api.w.org\/{rel}","templated":true}]}}