{"id":462362,"date":"2026-04-30T09:18:06","date_gmt":"2026-04-30T12:18:06","guid":{"rendered":"https:\/\/portaltela.pt\/noticias\/2026\/04\/30\/trump-comenta-de-forma-insolita-as-orelhas-do-responsavel-da-nasa\/"},"modified":"2026-04-30T09:18:06","modified_gmt":"2026-04-30T12:18:06","slug":"trump-comenta-de-forma-insolita-as-orelhas-do-responsavel-da-nasa","status":"publish","type":"post","link":"https:\/\/portaltela.pt\/noticias\/politica\/2026\/04\/30\/trump-comenta-de-forma-insolita-as-orelhas-do-responsavel-da-nasa\/","title":{"rendered":"Trump comenta de forma ins\u00f3lita as orelhas do respons\u00e1vel da NASA"},"content":{"rendered":"<p>Durante um evento na Casa Branca, o presidente Donald Trump elogiou as orelhas do administrador da NASA, Jared Isaacman, ao responder a uma pergunta sobre o futuro da ag\u00eancia. O momento, considerado inusitado, ocorreu diante de jornalistas presentes.<\/p>\n<p>O epis\u00f3dio aconteceu nesta quarta-feira, em Washington, durante uma cerim\u00f3nia\/entrada de parte do programa do evento. Trump passou a palavra a Isaacman para comentar planos e prioridades da NASA a m\u00e9dio prazo.<\/p>\n<p>Segundo quem presenciou, o coment\u00e1rio centrado na apar\u00eancia f\u00edsica do administrador deu lugar a questionamentos sobre o tom das interven\u00e7\u00f5es do Presidente. A Casa Branca n\u00e3o emitou explica\u00e7\u00f5es oficiais sobre o epis\u00f3dio.<\/p>\n","protected":false},"excerpt":{"rendered":"<ul>\n<li>O presidente dos EUA, Donald Trump, elogiou as \u201cbelas orelhas\u201d do administrador da NASA, Jared Isaacman, durante um evento na Casa Branca.<\/li>\n<li>O elogio ocorreu enquanto o presidente lhe passava a palavra para responder a uma pergunta sobre o futuro da ag\u00eancia.<\/li>\n<li>O acontecimento ocorreu nesta quarta-feira, na Casa Branca.<\/li>\n<li>Jared Isaacman \u00e9 o respons\u00e1vel pela gest\u00e3o da NASA.<\/li>\n<\/ul>\n","protected":false},"author":2,"featured_media":462367,"comment_status":"closed","ping_status":"closed","sticky":false,"template":"","format":"standard","meta":{"footnotes":""},"categories":[1,5],"tags":[4953,1600,5547,6232,2832,7439],"class_list":["post-462362","post","type-post","status-publish","format-standard","has-post-thumbnail","hentry","category-noticias","category-politica","tag-donald-trump","tag-estados-unidos","tag-informacao-internacional","tag-nasa","tag-politica","tag-politica-externa"],"yoast_head":"<!-- This site is optimized with the Yoast SEO plugin v27.2 - https:\/\/yoast.com\/product\/yoast-seo-wordpress\/ -->\n<title>Trump comenta de forma ins\u00f3lita as orelhas do respons\u00e1vel da NASA - Portal Tela Portugal<\/title>\n<meta name=\"robots\" content=\"index, follow, max-snippet:-1, max-image-preview:large, max-video-preview:-1\" \/>\n<meta property=\"og:locale\" content=\"pt_PT\" \/>\n<meta property=\"og:type\" content=\"article\" \/>\n<meta property=\"og:title\" content=\"Trump comenta de forma ins\u00f3lita as orelhas do respons\u00e1vel da NASA - Portal Tela Portugal\" \/>\n<meta property=\"og:description\" content=\"O presidente dos EUA, Donald Trump, elogiou as \u201cbelas orelhas\u201d do administrador da NASA, Jared Isaacman, durante um evento na Casa Branca. O elogio ocorreu enquanto o presidente lhe passava a palavra para responder a uma pergunta sobre o futuro da ag\u00eancia. O acontecimento ocorreu nesta quarta-feira, na Casa Branca. Jared Isaacman \u00e9 o respons\u00e1vel pela gest\u00e3o da NASA.\" \/>\n<meta property=\"og:url\" content=\"https:\/\/portaltela.pt\/noticias\/2026\/04\/30\/trump-comenta-de-forma-insolita-as-orelhas-do-responsavel-da-nasa\/\" \/>\n<meta property=\"og:site_name\" content=\"Portal Tela Portugal\" \/>\n<meta property=\"article:published_time\" content=\"2026-04-30T12:18:06+00:00\" \/>\n<meta name=\"author\" content=\"Telinha\" \/>\n<meta name=\"twitter:card\" content=\"summary_large_image\" \/>\n<meta name=\"twitter:label1\" content=\"Escrito por\" \/>\n\t<meta name=\"twitter:data1\" content=\"Telinha\" \/>\n\t<meta name=\"twitter:label2\" content=\"Tempo estimado de leitura\" \/>\n\t<meta name=\"twitter:data2\" content=\"1 minuto\" \/>\n<script type=\"application\/ld+json\" class=\"yoast-schema-graph\">{\"@context\":\"https:\/\/schema.org\",\"@graph\":[{\"@type\":\"Article\",\"@id\":\"https:\/\/portaltela.pt\/noticias\/2026\/04\/30\/trump-comenta-de-forma-insolita-as-orelhas-do-responsavel-da-nasa\/#article\",\"isPartOf\":{\"@id\":\"https:\/\/portaltela.pt\/noticias\/2026\/04\/30\/trump-comenta-de-forma-insolita-as-orelhas-do-responsavel-da-nasa\/\"},\"author\":{\"name\":\"Telinha\",\"@id\":\"https:\/\/portaltela.pt\/#\/schema\/person\/c4278d4a6028830caff9ee44b42d32ed\"},\"headline\":\"Trump comenta de forma ins\u00f3lita as orelhas do respons\u00e1vel da NASA\",\"datePublished\":\"2026-04-30T12:18:06+00:00\",\"mainEntityOfPage\":{\"@id\":\"https:\/\/portaltela.pt\/noticias\/2026\/04\/30\/trump-comenta-de-forma-insolita-as-orelhas-do-responsavel-da-nasa\/\"},\"wordCount\":127,\"image\":{\"@id\":\"https:\/\/portaltela.pt\/noticias\/2026\/04\/30\/trump-comenta-de-forma-insolita-as-orelhas-do-responsavel-da-nasa\/#primaryimage\"},\"thumbnailUrl\":\"https:\/\/portaltela.pt\/s.01k8rhncp4jt1\/2026\/04\/img_1200x721uu2026-04-30-13-13-34-2436092.jpg\",\"keywords\":[\"Donald Trump\",\"Estados Unidos\",\"informa\u00e7\u00e3o internacional\",\"NASA\",\"pol\u00edtica\",\"pol\u00edtica externa\"],\"articleSection\":[\"Not\u00edcias\",\"Pol\u00edtica\"],\"inLanguage\":\"pt-PT\"},{\"@type\":\"WebPage\",\"@id\":\"https:\/\/portaltela.pt\/noticias\/2026\/04\/30\/trump-comenta-de-forma-insolita-as-orelhas-do-responsavel-da-nasa\/\",\"url\":\"https:\/\/portaltela.pt\/noticias\/2026\/04\/30\/trump-comenta-de-forma-insolita-as-orelhas-do-responsavel-da-nasa\/\",\"name\":\"Trump comenta de forma ins\u00f3lita as orelhas do respons\u00e1vel da NASA - Portal Tela Portugal\",\"isPartOf\":{\"@id\":\"https:\/\/portaltela.pt\/#website\"},\"primaryImageOfPage\":{\"@id\":\"https:\/\/portaltela.pt\/noticias\/2026\/04\/30\/trump-comenta-de-forma-insolita-as-orelhas-do-responsavel-da-nasa\/#primaryimage\"},\"image\":{\"@id\":\"https:\/\/portaltela.pt\/noticias\/2026\/04\/30\/trump-comenta-de-forma-insolita-as-orelhas-do-responsavel-da-nasa\/#primaryimage\"},\"thumbnailUrl\":\"https:\/\/portaltela.pt\/s.01k8rhncp4jt1\/2026\/04\/img_1200x721uu2026-04-30-13-13-34-2436092.jpg\",\"datePublished\":\"2026-04-30T12:18:06+00:00\",\"author\":{\"@id\":\"https:\/\/portaltela.pt\/#\/schema\/person\/c4278d4a6028830caff9ee44b42d32ed\"},\"breadcrumb\":{\"@id\":\"https:\/\/portaltela.pt\/noticias\/2026\/04\/30\/trump-comenta-de-forma-insolita-as-orelhas-do-responsavel-da-nasa\/#breadcrumb\"},\"inLanguage\":\"pt-PT\",\"potentialAction\":[{\"@type\":\"ReadAction\",\"target\":[\"https:\/\/portaltela.pt\/noticias\/2026\/04\/30\/trump-comenta-de-forma-insolita-as-orelhas-do-responsavel-da-nasa\/\"]}]},{\"@type\":\"ImageObject\",\"inLanguage\":\"pt-PT\",\"@id\":\"https:\/\/portaltela.pt\/noticias\/2026\/04\/30\/trump-comenta-de-forma-insolita-as-orelhas-do-responsavel-da-nasa\/#primaryimage\",\"url\":\"https:\/\/portaltela.pt\/s.01k8rhncp4jt1\/2026\/04\/img_1200x721uu2026-04-30-13-13-34-2436092.jpg\",\"contentUrl\":\"https:\/\/portaltela.pt\/s.01k8rhncp4jt1\/2026\/04\/img_1200x721uu2026-04-30-13-13-34-2436092.jpg\",\"width\":796,\"height\":448,\"caption\":\"Photo\"},{\"@type\":\"BreadcrumbList\",\"@id\":\"https:\/\/portaltela.pt\/noticias\/2026\/04\/30\/trump-comenta-de-forma-insolita-as-orelhas-do-responsavel-da-nasa\/#breadcrumb\",\"itemListElement\":[{\"@type\":\"ListItem\",\"position\":1,\"name\":\"In\u00edcio\",\"item\":\"https:\/\/portaltela.pt\/\"},{\"@type\":\"ListItem\",\"position\":2,\"name\":\"Trump comenta de forma ins\u00f3lita as orelhas do respons\u00e1vel da NASA\"}]},{\"@type\":\"WebSite\",\"@id\":\"https:\/\/portaltela.pt\/#website\",\"url\":\"https:\/\/portaltela.pt\/\",\"name\":\"Portal Tela Portugal\",\"description\":\"\",\"potentialAction\":[{\"@type\":\"SearchAction\",\"target\":{\"@type\":\"EntryPoint\",\"urlTemplate\":\"https:\/\/portaltela.pt\/?s={search_term_string}\"},\"query-input\":{\"@type\":\"PropertyValueSpecification\",\"valueRequired\":true,\"valueName\":\"search_term_string\"}}],\"inLanguage\":\"pt-PT\"},{\"@type\":\"Person\",\"@id\":\"https:\/\/portaltela.pt\/#\/schema\/person\/c4278d4a6028830caff9ee44b42d32ed\",\"name\":\"Telinha\",\"image\":{\"@type\":\"ImageObject\",\"inLanguage\":\"pt-PT\",\"@id\":\"https:\/\/portaltela.pt\/s.01k8rhncp4jt1\/2025\/11\/talking-bot-125x125.png\",\"url\":\"https:\/\/portaltela.pt\/s.01k8rhncp4jt1\/2025\/11\/talking-bot-125x125.png\",\"contentUrl\":\"https:\/\/portaltela.pt\/s.01k8rhncp4jt1\/2025\/11\/talking-bot-125x125.png\",\"caption\":\"Telinha\"},\"sameAs\":[\"https:\/\/portaltela.pt\/\"],\"url\":\"https:\/\/portaltela.pt\/por\/367410592786\/\"}]}<\/script>\n<!-- \/ Yoast SEO plugin. -->","yoast_head_json":{"title":"Trump comenta de forma ins\u00f3lita as orelhas do respons\u00e1vel da NASA - Portal Tela Portugal","robots":{"index":"index","follow":"follow","max-snippet":"max-snippet:-1","max-image-preview":"max-image-preview:large","max-video-preview":"max-video-preview:-1"},"og_locale":"pt_PT","og_type":"article","og_title":"Trump comenta de forma ins\u00f3lita as orelhas do respons\u00e1vel da NASA - Portal Tela Portugal","og_description":"O presidente dos EUA, Donald Trump, elogiou as \u201cbelas orelhas\u201d do administrador da NASA, Jared Isaacman, durante um evento na Casa Branca. O elogio ocorreu enquanto o presidente lhe passava a palavra para responder a uma pergunta sobre o futuro da ag\u00eancia. O acontecimento ocorreu nesta quarta-feira, na Casa Branca. Jared Isaacman \u00e9 o respons\u00e1vel pela gest\u00e3o da NASA.","og_url":"https:\/\/portaltela.pt\/noticias\/2026\/04\/30\/trump-comenta-de-forma-insolita-as-orelhas-do-responsavel-da-nasa\/","og_site_name":"Portal Tela Portugal","article_published_time":"2026-04-30T12:18:06+00:00","author":"Telinha","twitter_card":"summary_large_image","twitter_misc":{"Escrito por":"Telinha","Tempo estimado de leitura":"1 minuto"},"schema":{"@context":"https:\/\/schema.org","@graph":[{"@type":"Article","@id":"https:\/\/portaltela.pt\/noticias\/2026\/04\/30\/trump-comenta-de-forma-insolita-as-orelhas-do-responsavel-da-nasa\/#article","isPartOf":{"@id":"https:\/\/portaltela.pt\/noticias\/2026\/04\/30\/trump-comenta-de-forma-insolita-as-orelhas-do-responsavel-da-nasa\/"},"author":{"name":"Telinha","@id":"https:\/\/portaltela.pt\/#\/schema\/person\/c4278d4a6028830caff9ee44b42d32ed"},"headline":"Trump comenta de forma ins\u00f3lita as orelhas do respons\u00e1vel da NASA","datePublished":"2026-04-30T12:18:06+00:00","mainEntityOfPage":{"@id":"https:\/\/portaltela.pt\/noticias\/2026\/04\/30\/trump-comenta-de-forma-insolita-as-orelhas-do-responsavel-da-nasa\/"},"wordCount":127,"image":{"@id":"https:\/\/portaltela.pt\/noticias\/2026\/04\/30\/trump-comenta-de-forma-insolita-as-orelhas-do-responsavel-da-nasa\/#primaryimage"},"thumbnailUrl":"https:\/\/portaltela.pt\/s.01k8rhncp4jt1\/2026\/04\/img_1200x721uu2026-04-30-13-13-34-2436092.jpg","keywords":["Donald Trump","Estados Unidos","informa\u00e7\u00e3o internacional","NASA","pol\u00edtica","pol\u00edtica externa"],"articleSection":["Not\u00edcias","Pol\u00edtica"],"inLanguage":"pt-PT"},{"@type":"WebPage","@id":"https:\/\/portaltela.pt\/noticias\/2026\/04\/30\/trump-comenta-de-forma-insolita-as-orelhas-do-responsavel-da-nasa\/","url":"https:\/\/portaltela.pt\/noticias\/2026\/04\/30\/trump-comenta-de-forma-insolita-as-orelhas-do-responsavel-da-nasa\/","name":"Trump comenta de forma ins\u00f3lita as orelhas do respons\u00e1vel da NASA - Portal Tela Portugal","isPartOf":{"@id":"https:\/\/portaltela.pt\/#website"},"primaryImageOfPage":{"@id":"https:\/\/portaltela.pt\/noticias\/2026\/04\/30\/trump-comenta-de-forma-insolita-as-orelhas-do-responsavel-da-nasa\/#primaryimage"},"image":{"@id":"https:\/\/portaltela.pt\/noticias\/2026\/04\/30\/trump-comenta-de-forma-insolita-as-orelhas-do-responsavel-da-nasa\/#primaryimage"},"thumbnailUrl":"https:\/\/portaltela.pt\/s.01k8rhncp4jt1\/2026\/04\/img_1200x721uu2026-04-30-13-13-34-2436092.jpg","datePublished":"2026-04-30T12:18:06+00:00","author":{"@id":"https:\/\/portaltela.pt\/#\/schema\/person\/c4278d4a6028830caff9ee44b42d32ed"},"breadcrumb":{"@id":"https:\/\/portaltela.pt\/noticias\/2026\/04\/30\/trump-comenta-de-forma-insolita-as-orelhas-do-responsavel-da-nasa\/#breadcrumb"},"inLanguage":"pt-PT","potentialAction":[{"@type":"ReadAction","target":["https:\/\/portaltela.pt\/noticias\/2026\/04\/30\/trump-comenta-de-forma-insolita-as-orelhas-do-responsavel-da-nasa\/"]}]},{"@type":"ImageObject","inLanguage":"pt-PT","@id":"https:\/\/portaltela.pt\/noticias\/2026\/04\/30\/trump-comenta-de-forma-insolita-as-orelhas-do-responsavel-da-nasa\/#primaryimage","url":"https:\/\/portaltela.pt\/s.01k8rhncp4jt1\/2026\/04\/img_1200x721uu2026-04-30-13-13-34-2436092.jpg","contentUrl":"https:\/\/portaltela.pt\/s.01k8rhncp4jt1\/2026\/04\/img_1200x721uu2026-04-30-13-13-34-2436092.jpg","width":796,"height":448,"caption":"Photo"},{"@type":"BreadcrumbList","@id":"https:\/\/portaltela.pt\/noticias\/2026\/04\/30\/trump-comenta-de-forma-insolita-as-orelhas-do-responsavel-da-nasa\/#breadcrumb","itemListElement":[{"@type":"ListItem","position":1,"name":"In\u00edcio","item":"https:\/\/portaltela.pt\/"},{"@type":"ListItem","position":2,"name":"Trump comenta de forma ins\u00f3lita as orelhas do respons\u00e1vel da NASA"}]},{"@type":"WebSite","@id":"https:\/\/portaltela.pt\/#website","url":"https:\/\/portaltela.pt\/","name":"Portal Tela Portugal","description":"","potentialAction":[{"@type":"SearchAction","target":{"@type":"EntryPoint","urlTemplate":"https:\/\/portaltela.pt\/?s={search_term_string}"},"query-input":{"@type":"PropertyValueSpecification","valueRequired":true,"valueName":"search_term_string"}}],"inLanguage":"pt-PT"},{"@type":"Person","@id":"https:\/\/portaltela.pt\/#\/schema\/person\/c4278d4a6028830caff9ee44b42d32ed","name":"Telinha","image":{"@type":"ImageObject","inLanguage":"pt-PT","@id":"https:\/\/portaltela.pt\/s.01k8rhncp4jt1\/2025\/11\/talking-bot-125x125.png","url":"https:\/\/portaltela.pt\/s.01k8rhncp4jt1\/2025\/11\/talking-bot-125x125.png","contentUrl":"https:\/\/portaltela.pt\/s.01k8rhncp4jt1\/2025\/11\/talking-bot-125x125.png","caption":"Telinha"},"sameAs":["https:\/\/portaltela.pt\/"],"url":"https:\/\/portaltela.pt\/por\/367410592786\/"}]}},"_links":{"self":[{"href":"https:\/\/portaltela.pt\/api\/wp\/v2\/posts\/462362","targetHints":{"allow":["GET"]}}],"collection":[{"href":"https:\/\/portaltela.pt\/api\/wp\/v2\/posts"}],"about":[{"href":"https:\/\/portaltela.pt\/api\/wp\/v2\/types\/post"}],"author":[{"embeddable":true,"href":"https:\/\/portaltela.pt\/api\/wp\/v2\/users\/2"}],"replies":[{"embeddable":true,"href":"https:\/\/portaltela.pt\/api\/wp\/v2\/comments?post=462362"}],"version-history":[{"count":0,"href":"https:\/\/portaltela.pt\/api\/wp\/v2\/posts\/462362\/revisions"}],"wp:featuredmedia":[{"embeddable":true,"href":"https:\/\/portaltela.pt\/api\/wp\/v2\/media\/462367"}],"wp:attachment":[{"href":"https:\/\/portaltela.pt\/api\/wp\/v2\/media?parent=462362"}],"wp:term":[{"taxonomy":"category","embeddable":true,"href":"https:\/\/portaltela.pt\/api\/wp\/v2\/categories?post=462362"},{"taxonomy":"post_tag","embeddable":true,"href":"https:\/\/portaltela.pt\/api\/wp\/v2\/tags?post=462362"}],"curies":[{"name":"wp","href":"https:\/\/api.w.org\/{rel}","templated":true}]}}