{"id":462358,"date":"2026-04-30T09:18:03","date_gmt":"2026-04-30T12:18:03","guid":{"rendered":"https:\/\/portaltela.pt\/noticias\/2026\/04\/30\/peao-atropelado-em-ciclovia-durante-fuga-a-psp\/"},"modified":"2026-04-30T09:18:03","modified_gmt":"2026-04-30T12:18:03","slug":"peao-atropelado-em-ciclovia-durante-fuga-a-psp","status":"publish","type":"post","link":"https:\/\/portaltela.pt\/justica\/2026\/04\/30\/peao-atropelado-em-ciclovia-durante-fuga-a-psp\/","title":{"rendered":"Pe\u00e3o atropelado em ciclovia durante fuga \u00e0 PSP"},"content":{"rendered":"<p>Um jovem de 18 anos foi detido pela PSP na segunda-feira, no Parque das Na\u00e7\u00f5es, em Lisboa, depois de uma fuga \u00e0s autoridades que terminou com atropelamento numa ciclovia.<\/p>\n<p>A opera\u00e7\u00e3o come\u00e7ou com uma ordem de paragem, \u00e0s 18h54, durante uma fiscaliza\u00e7\u00e3o de tr\u00e2nsito. O condutor desrespeitou a ordem, ultrapassou viaturas e conduziu de forma perigosa.<\/p>\n<p>Chegando a entrar numa ciclovia, atropelou um pe\u00e3o que ali circulava a p\u00e9. A v\u00edtima n\u00e3o necessitou de hospitaliza\u00e7\u00e3o.<\/p>\n<h3>Deten\u00e7\u00e3o e acusa\u00e7\u00f5es<\/h3>\n<p>A deten\u00e7\u00e3o ocorreu ap\u00f3s o jovem perder o controlo do ve\u00edculo e embater em arbustos. Est\u00e1 indiciado por condu\u00e7\u00e3o sem habilita\u00e7\u00e3o, golpes \u00e0 integridade f\u00edsica e condu\u00e7\u00e3o perigosa, ficando em liberdade at\u00e9 ao julgamento.<\/p>\n","protected":false},"excerpt":{"rendered":"<ul>\n<li>PSP deteve um jovem de 18 anos no Parque das Na\u00e7\u00f5es, Lisboa, ap\u00f3s uma fuga \u00e0s autoridades durante uma fiscaliza\u00e7\u00e3o de tr\u00e2nsito.<\/li>\n<li>O condutor desrespeitou a ordem de paragem \u00e0s 18h54, fez ultrapassagens irregulares e condu\u00e7\u00e3o perigosa.<\/li>\n<li>Entrou numa ciclovia, atropelando um pe\u00e3o que ali circulava apeado; a v\u00edtima n\u00e3o necessitou de hospitaliza\u00e7\u00e3o.<\/li>\n<li>Perdeu o controlo da viatura e acabou por ficar entre arbustos, o que facilitou a deten\u00e7\u00e3o.<\/li>\n<li>Est\u00e1 indiciado por condu\u00e7\u00e3o sem habilita\u00e7\u00e3o legal, ofensas \u00e0 integridade f\u00edsica e condu\u00e7\u00e3o perigosa, e aguarda julgamento em liberdade, por ordem do tribunal.<\/li>\n<\/ul>\n","protected":false},"author":2,"featured_media":462366,"comment_status":"closed","ping_status":"closed","sticky":false,"template":"","format":"standard","meta":{"footnotes":""},"categories":[6907,6815],"tags":[7958,9022,9923,8748,7974,9065],"class_list":["post-462358","post","type-post","status-publish","format-standard","has-post-thumbnail","hentry","category-crime","category-justica","tag-_acidente-rodoviario","tag-_atropelamento","tag-_conducao-sem-habilitacao","tag-_condutores","tag-_lisboa","tag-_policia-de-seguranca-publica"],"yoast_head":"<!-- This site is optimized with the Yoast SEO plugin v27.2 - https:\/\/yoast.com\/product\/yoast-seo-wordpress\/ -->\n<title>Pe\u00e3o atropelado em ciclovia durante fuga \u00e0 PSP - Portal Tela Portugal<\/title>\n<meta name=\"robots\" content=\"index, follow, max-snippet:-1, max-image-preview:large, max-video-preview:-1\" \/>\n<meta property=\"og:locale\" content=\"pt_PT\" \/>\n<meta property=\"og:type\" content=\"article\" \/>\n<meta property=\"og:title\" content=\"Pe\u00e3o atropelado em ciclovia durante fuga \u00e0 PSP - Portal Tela Portugal\" \/>\n<meta property=\"og:description\" content=\"PSP deteve um jovem de 18 anos no Parque das Na\u00e7\u00f5es, Lisboa, ap\u00f3s uma fuga \u00e0s autoridades durante uma fiscaliza\u00e7\u00e3o de tr\u00e2nsito. O condutor desrespeitou a ordem de paragem \u00e0s 18h54, fez ultrapassagens irregulares e condu\u00e7\u00e3o perigosa. Entrou numa ciclovia, atropelando um pe\u00e3o que ali circulava apeado; a v\u00edtima n\u00e3o necessitou de hospitaliza\u00e7\u00e3o. Perdeu o controlo da viatura e acabou por ficar entre arbustos, o que facilitou a deten\u00e7\u00e3o. Est\u00e1 indiciado por condu\u00e7\u00e3o sem habilita\u00e7\u00e3o legal, ofensas \u00e0 integridade f\u00edsica e condu\u00e7\u00e3o perigosa, e aguarda julgamento em liberdade, por ordem do tribunal.\" \/>\n<meta property=\"og:url\" content=\"https:\/\/portaltela.pt\/noticias\/2026\/04\/30\/peao-atropelado-em-ciclovia-durante-fuga-a-psp\/\" \/>\n<meta property=\"og:site_name\" content=\"Portal Tela Portugal\" \/>\n<meta property=\"article:published_time\" content=\"2026-04-30T12:18:03+00:00\" \/>\n<meta name=\"author\" content=\"Telinha\" \/>\n<meta name=\"twitter:card\" content=\"summary_large_image\" \/>\n<meta name=\"twitter:label1\" content=\"Escrito por\" \/>\n\t<meta name=\"twitter:data1\" content=\"Telinha\" \/>\n\t<meta name=\"twitter:label2\" content=\"Tempo estimado de leitura\" \/>\n\t<meta name=\"twitter:data2\" content=\"1 minuto\" \/>\n<script type=\"application\/ld+json\" class=\"yoast-schema-graph\">{\"@context\":\"https:\/\/schema.org\",\"@graph\":[{\"@type\":\"Article\",\"@id\":\"https:\/\/portaltela.pt\/noticias\/2026\/04\/30\/peao-atropelado-em-ciclovia-durante-fuga-a-psp\/#article\",\"isPartOf\":{\"@id\":\"https:\/\/portaltela.pt\/noticias\/2026\/04\/30\/peao-atropelado-em-ciclovia-durante-fuga-a-psp\/\"},\"author\":{\"name\":\"Telinha\",\"@id\":\"https:\/\/portaltela.pt\/#\/schema\/person\/c4278d4a6028830caff9ee44b42d32ed\"},\"headline\":\"Pe\u00e3o atropelado em ciclovia durante fuga \u00e0 PSP\",\"datePublished\":\"2026-04-30T12:18:03+00:00\",\"mainEntityOfPage\":{\"@id\":\"https:\/\/portaltela.pt\/noticias\/2026\/04\/30\/peao-atropelado-em-ciclovia-durante-fuga-a-psp\/\"},\"wordCount\":136,\"image\":{\"@id\":\"https:\/\/portaltela.pt\/noticias\/2026\/04\/30\/peao-atropelado-em-ciclovia-durante-fuga-a-psp\/#primaryimage\"},\"thumbnailUrl\":\"https:\/\/portaltela.pt\/s.01k8rhncp4jt1\/2026\/04\/img_1500x1000uu2018-12-02-23-14-42-802708-im-639131504911889158.jpg\",\"keywords\":[\"_acidente rodovi\u00e1rio\",\"_atropelamento\",\"_condu\u00e7\u00e3o sem habilita\u00e7\u00e3o\",\"_condutores\",\"_Lisboa\",\"_Pol\u00edcia de Seguran\u00e7a P\u00fablica\"],\"articleSection\":[\"Crime\",\"Justi\u00e7a\"],\"inLanguage\":\"pt-PT\"},{\"@type\":\"WebPage\",\"@id\":\"https:\/\/portaltela.pt\/noticias\/2026\/04\/30\/peao-atropelado-em-ciclovia-durante-fuga-a-psp\/\",\"url\":\"https:\/\/portaltela.pt\/noticias\/2026\/04\/30\/peao-atropelado-em-ciclovia-durante-fuga-a-psp\/\",\"name\":\"Pe\u00e3o atropelado em ciclovia durante fuga \u00e0 PSP - Portal Tela Portugal\",\"isPartOf\":{\"@id\":\"https:\/\/portaltela.pt\/#website\"},\"primaryImageOfPage\":{\"@id\":\"https:\/\/portaltela.pt\/noticias\/2026\/04\/30\/peao-atropelado-em-ciclovia-durante-fuga-a-psp\/#primaryimage\"},\"image\":{\"@id\":\"https:\/\/portaltela.pt\/noticias\/2026\/04\/30\/peao-atropelado-em-ciclovia-durante-fuga-a-psp\/#primaryimage\"},\"thumbnailUrl\":\"https:\/\/portaltela.pt\/s.01k8rhncp4jt1\/2026\/04\/img_1500x1000uu2018-12-02-23-14-42-802708-im-639131504911889158.jpg\",\"datePublished\":\"2026-04-30T12:18:03+00:00\",\"author\":{\"@id\":\"https:\/\/portaltela.pt\/#\/schema\/person\/c4278d4a6028830caff9ee44b42d32ed\"},\"breadcrumb\":{\"@id\":\"https:\/\/portaltela.pt\/noticias\/2026\/04\/30\/peao-atropelado-em-ciclovia-durante-fuga-a-psp\/#breadcrumb\"},\"inLanguage\":\"pt-PT\",\"potentialAction\":[{\"@type\":\"ReadAction\",\"target\":[\"https:\/\/portaltela.pt\/noticias\/2026\/04\/30\/peao-atropelado-em-ciclovia-durante-fuga-a-psp\/\"]}]},{\"@type\":\"ImageObject\",\"inLanguage\":\"pt-PT\",\"@id\":\"https:\/\/portaltela.pt\/noticias\/2026\/04\/30\/peao-atropelado-em-ciclovia-durante-fuga-a-psp\/#primaryimage\",\"url\":\"https:\/\/portaltela.pt\/s.01k8rhncp4jt1\/2026\/04\/img_1500x1000uu2018-12-02-23-14-42-802708-im-639131504911889158.jpg\",\"contentUrl\":\"https:\/\/portaltela.pt\/s.01k8rhncp4jt1\/2026\/04\/img_1500x1000uu2018-12-02-23-14-42-802708-im-639131504911889158.jpg\",\"width\":796,\"height\":448,\"caption\":\"Patrulheiros da PSP conseguiram deter o jovem de 18 anos, ap\u00f3s persegui\u00e7\u00e3o\"},{\"@type\":\"BreadcrumbList\",\"@id\":\"https:\/\/portaltela.pt\/noticias\/2026\/04\/30\/peao-atropelado-em-ciclovia-durante-fuga-a-psp\/#breadcrumb\",\"itemListElement\":[{\"@type\":\"ListItem\",\"position\":1,\"name\":\"In\u00edcio\",\"item\":\"https:\/\/portaltela.pt\/\"},{\"@type\":\"ListItem\",\"position\":2,\"name\":\"Pe\u00e3o atropelado em ciclovia durante fuga \u00e0 PSP\"}]},{\"@type\":\"WebSite\",\"@id\":\"https:\/\/portaltela.pt\/#website\",\"url\":\"https:\/\/portaltela.pt\/\",\"name\":\"Portal Tela Portugal\",\"description\":\"\",\"potentialAction\":[{\"@type\":\"SearchAction\",\"target\":{\"@type\":\"EntryPoint\",\"urlTemplate\":\"https:\/\/portaltela.pt\/?s={search_term_string}\"},\"query-input\":{\"@type\":\"PropertyValueSpecification\",\"valueRequired\":true,\"valueName\":\"search_term_string\"}}],\"inLanguage\":\"pt-PT\"},{\"@type\":\"Person\",\"@id\":\"https:\/\/portaltela.pt\/#\/schema\/person\/c4278d4a6028830caff9ee44b42d32ed\",\"name\":\"Telinha\",\"image\":{\"@type\":\"ImageObject\",\"inLanguage\":\"pt-PT\",\"@id\":\"https:\/\/portaltela.pt\/s.01k8rhncp4jt1\/2025\/11\/talking-bot-125x125.png\",\"url\":\"https:\/\/portaltela.pt\/s.01k8rhncp4jt1\/2025\/11\/talking-bot-125x125.png\",\"contentUrl\":\"https:\/\/portaltela.pt\/s.01k8rhncp4jt1\/2025\/11\/talking-bot-125x125.png\",\"caption\":\"Telinha\"},\"sameAs\":[\"https:\/\/portaltela.pt\/\"],\"url\":\"https:\/\/portaltela.pt\/por\/367410592786\/\"}]}<\/script>\n<!-- \/ Yoast SEO plugin. -->","yoast_head_json":{"title":"Pe\u00e3o atropelado em ciclovia durante fuga \u00e0 PSP - Portal Tela Portugal","robots":{"index":"index","follow":"follow","max-snippet":"max-snippet:-1","max-image-preview":"max-image-preview:large","max-video-preview":"max-video-preview:-1"},"og_locale":"pt_PT","og_type":"article","og_title":"Pe\u00e3o atropelado em ciclovia durante fuga \u00e0 PSP - Portal Tela Portugal","og_description":"PSP deteve um jovem de 18 anos no Parque das Na\u00e7\u00f5es, Lisboa, ap\u00f3s uma fuga \u00e0s autoridades durante uma fiscaliza\u00e7\u00e3o de tr\u00e2nsito. O condutor desrespeitou a ordem de paragem \u00e0s 18h54, fez ultrapassagens irregulares e condu\u00e7\u00e3o perigosa. Entrou numa ciclovia, atropelando um pe\u00e3o que ali circulava apeado; a v\u00edtima n\u00e3o necessitou de hospitaliza\u00e7\u00e3o. Perdeu o controlo da viatura e acabou por ficar entre arbustos, o que facilitou a deten\u00e7\u00e3o. Est\u00e1 indiciado por condu\u00e7\u00e3o sem habilita\u00e7\u00e3o legal, ofensas \u00e0 integridade f\u00edsica e condu\u00e7\u00e3o perigosa, e aguarda julgamento em liberdade, por ordem do tribunal.","og_url":"https:\/\/portaltela.pt\/noticias\/2026\/04\/30\/peao-atropelado-em-ciclovia-durante-fuga-a-psp\/","og_site_name":"Portal Tela Portugal","article_published_time":"2026-04-30T12:18:03+00:00","author":"Telinha","twitter_card":"summary_large_image","twitter_misc":{"Escrito por":"Telinha","Tempo estimado de leitura":"1 minuto"},"schema":{"@context":"https:\/\/schema.org","@graph":[{"@type":"Article","@id":"https:\/\/portaltela.pt\/noticias\/2026\/04\/30\/peao-atropelado-em-ciclovia-durante-fuga-a-psp\/#article","isPartOf":{"@id":"https:\/\/portaltela.pt\/noticias\/2026\/04\/30\/peao-atropelado-em-ciclovia-durante-fuga-a-psp\/"},"author":{"name":"Telinha","@id":"https:\/\/portaltela.pt\/#\/schema\/person\/c4278d4a6028830caff9ee44b42d32ed"},"headline":"Pe\u00e3o atropelado em ciclovia durante fuga \u00e0 PSP","datePublished":"2026-04-30T12:18:03+00:00","mainEntityOfPage":{"@id":"https:\/\/portaltela.pt\/noticias\/2026\/04\/30\/peao-atropelado-em-ciclovia-durante-fuga-a-psp\/"},"wordCount":136,"image":{"@id":"https:\/\/portaltela.pt\/noticias\/2026\/04\/30\/peao-atropelado-em-ciclovia-durante-fuga-a-psp\/#primaryimage"},"thumbnailUrl":"https:\/\/portaltela.pt\/s.01k8rhncp4jt1\/2026\/04\/img_1500x1000uu2018-12-02-23-14-42-802708-im-639131504911889158.jpg","keywords":["_acidente rodovi\u00e1rio","_atropelamento","_condu\u00e7\u00e3o sem habilita\u00e7\u00e3o","_condutores","_Lisboa","_Pol\u00edcia de Seguran\u00e7a P\u00fablica"],"articleSection":["Crime","Justi\u00e7a"],"inLanguage":"pt-PT"},{"@type":"WebPage","@id":"https:\/\/portaltela.pt\/noticias\/2026\/04\/30\/peao-atropelado-em-ciclovia-durante-fuga-a-psp\/","url":"https:\/\/portaltela.pt\/noticias\/2026\/04\/30\/peao-atropelado-em-ciclovia-durante-fuga-a-psp\/","name":"Pe\u00e3o atropelado em ciclovia durante fuga \u00e0 PSP - Portal Tela Portugal","isPartOf":{"@id":"https:\/\/portaltela.pt\/#website"},"primaryImageOfPage":{"@id":"https:\/\/portaltela.pt\/noticias\/2026\/04\/30\/peao-atropelado-em-ciclovia-durante-fuga-a-psp\/#primaryimage"},"image":{"@id":"https:\/\/portaltela.pt\/noticias\/2026\/04\/30\/peao-atropelado-em-ciclovia-durante-fuga-a-psp\/#primaryimage"},"thumbnailUrl":"https:\/\/portaltela.pt\/s.01k8rhncp4jt1\/2026\/04\/img_1500x1000uu2018-12-02-23-14-42-802708-im-639131504911889158.jpg","datePublished":"2026-04-30T12:18:03+00:00","author":{"@id":"https:\/\/portaltela.pt\/#\/schema\/person\/c4278d4a6028830caff9ee44b42d32ed"},"breadcrumb":{"@id":"https:\/\/portaltela.pt\/noticias\/2026\/04\/30\/peao-atropelado-em-ciclovia-durante-fuga-a-psp\/#breadcrumb"},"inLanguage":"pt-PT","potentialAction":[{"@type":"ReadAction","target":["https:\/\/portaltela.pt\/noticias\/2026\/04\/30\/peao-atropelado-em-ciclovia-durante-fuga-a-psp\/"]}]},{"@type":"ImageObject","inLanguage":"pt-PT","@id":"https:\/\/portaltela.pt\/noticias\/2026\/04\/30\/peao-atropelado-em-ciclovia-durante-fuga-a-psp\/#primaryimage","url":"https:\/\/portaltela.pt\/s.01k8rhncp4jt1\/2026\/04\/img_1500x1000uu2018-12-02-23-14-42-802708-im-639131504911889158.jpg","contentUrl":"https:\/\/portaltela.pt\/s.01k8rhncp4jt1\/2026\/04\/img_1500x1000uu2018-12-02-23-14-42-802708-im-639131504911889158.jpg","width":796,"height":448,"caption":"Patrulheiros da PSP conseguiram deter o jovem de 18 anos, ap\u00f3s persegui\u00e7\u00e3o"},{"@type":"BreadcrumbList","@id":"https:\/\/portaltela.pt\/noticias\/2026\/04\/30\/peao-atropelado-em-ciclovia-durante-fuga-a-psp\/#breadcrumb","itemListElement":[{"@type":"ListItem","position":1,"name":"In\u00edcio","item":"https:\/\/portaltela.pt\/"},{"@type":"ListItem","position":2,"name":"Pe\u00e3o atropelado em ciclovia durante fuga \u00e0 PSP"}]},{"@type":"WebSite","@id":"https:\/\/portaltela.pt\/#website","url":"https:\/\/portaltela.pt\/","name":"Portal Tela Portugal","description":"","potentialAction":[{"@type":"SearchAction","target":{"@type":"EntryPoint","urlTemplate":"https:\/\/portaltela.pt\/?s={search_term_string}"},"query-input":{"@type":"PropertyValueSpecification","valueRequired":true,"valueName":"search_term_string"}}],"inLanguage":"pt-PT"},{"@type":"Person","@id":"https:\/\/portaltela.pt\/#\/schema\/person\/c4278d4a6028830caff9ee44b42d32ed","name":"Telinha","image":{"@type":"ImageObject","inLanguage":"pt-PT","@id":"https:\/\/portaltela.pt\/s.01k8rhncp4jt1\/2025\/11\/talking-bot-125x125.png","url":"https:\/\/portaltela.pt\/s.01k8rhncp4jt1\/2025\/11\/talking-bot-125x125.png","contentUrl":"https:\/\/portaltela.pt\/s.01k8rhncp4jt1\/2025\/11\/talking-bot-125x125.png","caption":"Telinha"},"sameAs":["https:\/\/portaltela.pt\/"],"url":"https:\/\/portaltela.pt\/por\/367410592786\/"}]}},"_links":{"self":[{"href":"https:\/\/portaltela.pt\/api\/wp\/v2\/posts\/462358","targetHints":{"allow":["GET"]}}],"collection":[{"href":"https:\/\/portaltela.pt\/api\/wp\/v2\/posts"}],"about":[{"href":"https:\/\/portaltela.pt\/api\/wp\/v2\/types\/post"}],"author":[{"embeddable":true,"href":"https:\/\/portaltela.pt\/api\/wp\/v2\/users\/2"}],"replies":[{"embeddable":true,"href":"https:\/\/portaltela.pt\/api\/wp\/v2\/comments?post=462358"}],"version-history":[{"count":0,"href":"https:\/\/portaltela.pt\/api\/wp\/v2\/posts\/462358\/revisions"}],"wp:featuredmedia":[{"embeddable":true,"href":"https:\/\/portaltela.pt\/api\/wp\/v2\/media\/462366"}],"wp:attachment":[{"href":"https:\/\/portaltela.pt\/api\/wp\/v2\/media?parent=462358"}],"wp:term":[{"taxonomy":"category","embeddable":true,"href":"https:\/\/portaltela.pt\/api\/wp\/v2\/categories?post=462358"},{"taxonomy":"post_tag","embeddable":true,"href":"https:\/\/portaltela.pt\/api\/wp\/v2\/tags?post=462358"}],"curies":[{"name":"wp","href":"https:\/\/api.w.org\/{rel}","templated":true}]}}