{"id":462357,"date":"2026-04-30T09:18:03","date_gmt":"2026-04-30T12:18:03","guid":{"rendered":"https:\/\/portaltela.pt\/noticias\/2026\/04\/30\/advogada-que-mandou-matar-o-marido-no-brasil-e-libertada\/"},"modified":"2026-04-30T09:18:03","modified_gmt":"2026-04-30T12:18:03","slug":"advogada-que-mandou-matar-o-marido-no-brasil-e-libertada","status":"publish","type":"post","link":"https:\/\/portaltela.pt\/justica\/2026\/04\/30\/advogada-que-mandou-matar-o-marido-no-brasil-e-libertada\/","title":{"rendered":"Advogada que mandou matar o marido no Brasil \u00e9 libertada"},"content":{"rendered":"<p>A advogada condenada no Brasil por ordenar o homic\u00eddio do marido j\u00e1 saiu em liberdade em Portugal. Estava em pris\u00e3o preventiva no pa\u00eds, com visto de extradita\u00e7\u00e3o suspenso, ap\u00f3s ter apresentado um pedido de asilo \u00e0 AIMA, que bloqueou temporariamente o processo de extradi\u00e7\u00e3o. A confirma\u00e7\u00e3o veio pela pr\u00f3pria advogada, que aguarda a decis\u00e3o final sobre o pedido.<\/p>\n<p>Fontes pr\u00f3ximas indicam que a advogada foi detida em territ\u00f3rio portugu\u00eas h\u00e1 cerca de dois meses, depois de ter sido extraditada do Brasil, onde cumpria pena pela morte do marido, um empres\u00e1rio brasileiro, em 2018. A liberta\u00e7\u00e3o ocorreu enquanto o pedido de asilo permanece em an\u00e1lise pelas autoridades portuguesas.<\/p>\n<p>A mulher n\u00e3o teve a identidade divulgada. A senten\u00e7a brasileira, confirmada em segunda inst\u00e2ncia, condenou-a a 20 anos de pris\u00e3o pelo homic\u00eddio. O advogado de defesa afirmou que a requerente teme repres\u00e1lias no Brasil e, por isso, recorreu \u00e0 prote\u00e7\u00e3o internacional.<\/p>\n<h3>Pedido de asilo e tramita\u00e7\u00e3o<\/h3>\n<p>O tribunal local decidiu pela liberta\u00e7\u00e3o, argumentando que a advogada n\u00e3o representa amea\u00e7a \u00e0 ordem p\u00fablica enquanto o processo de asilo decorre. Ela dever\u00e1 apresentar-se periodicamente \u00e0s autoridades portuguesas durante o tempo em que o caso estiver em curso.<\/p>\n<p>A extradi\u00e7\u00e3o continua suspensa temporariamente devido ao pedido de asilo, que est\u00e1 a ser analisado pelas autoridades portuguesas. Se o pedido for indeferido, a defesa poder\u00e1 ser acionada para devolver a Brasil para cumprir a pena de pris\u00e3o.<\/p>\n<p>Este caso tem atra\u00eddo aten\u00e7\u00e3o medi\u00e1tica no Brasil e em Portugal, aumentando o debate sobre os direitos dos refugiados e a prote\u00e7\u00e3o internacional no contexto de processos criminais internacionais. As informa\u00e7\u00f5es oficiais devem ser confirmadas pelas entidades competentes.<\/p>\n","protected":false},"excerpt":{"rendered":"<ul>\n<li>A advogada condenada por mandar matar o marido no Brasil saiu em liberdade, ap\u00f3s ter sido detida em Portugal h\u00e1 cerca de dois meses e extraditada do Brasil.<\/li>\n<li>A liberta\u00e7\u00e3o ocorreu depois de ter apresentado um pedido de asilo \u00e0 Autoridade de Migra\u00e7\u00e3o e Asilo (AIMA), que travou temporariamente a extradi\u00e7\u00e3o.<\/li>\n<li>A pena estabelecida pelo tribunal brasileiro foi de vinte anos de pris\u00e3o, confirma\u00e7\u00e3o em segunda inst\u00e2ncia, pelo homic\u00eddio do empres\u00e1rio em 2018.<\/li>\n<li>A defesa afirma que a advogada teme repres\u00e1lias no Brasil, raz\u00e3o pela qual pediu prote\u00e7\u00e3o internacional em Portugal; o pedido est\u00e1 em an\u00e1lise.<\/li>\n<li>Enquanto o processo de asilo n\u00e3o fica decidido, a advogada deve cumprir controlos peri\u00f3dicos pelas autoridades portuguesas; caso o asilo seja negado, pode ser devolvida ao Brasil para cumprir a pena.<\/li>\n<\/ul>\n","protected":false},"author":2,"featured_media":462364,"comment_status":"closed","ping_status":"closed","sticky":false,"template":"","format":"standard","meta":{"footnotes":""},"categories":[7374,6815],"tags":[2547,5833,1345,1014,10009,8332],"class_list":["post-462357","post","type-post","status-publish","format-standard","has-post-thumbnail","hentry","category-criminalidade","category-justica","tag-brasil","tag-extradicoes","tag-homicidio","tag-portugal","tag-protecao-internacional","tag-refugiados"],"yoast_head":"<!-- This site is optimized with the Yoast SEO plugin v27.2 - https:\/\/yoast.com\/product\/yoast-seo-wordpress\/ -->\n<title>Advogada que mandou matar o marido no Brasil \u00e9 libertada - Portal Tela Portugal<\/title>\n<meta name=\"robots\" content=\"index, follow, max-snippet:-1, max-image-preview:large, max-video-preview:-1\" \/>\n<meta property=\"og:locale\" content=\"pt_PT\" \/>\n<meta property=\"og:type\" content=\"article\" \/>\n<meta property=\"og:title\" content=\"Advogada que mandou matar o marido no Brasil \u00e9 libertada - Portal Tela Portugal\" \/>\n<meta property=\"og:description\" content=\"A advogada condenada por mandar matar o marido no Brasil saiu em liberdade, ap\u00f3s ter sido detida em Portugal h\u00e1 cerca de dois meses e extraditada do Brasil. A liberta\u00e7\u00e3o ocorreu depois de ter apresentado um pedido de asilo \u00e0 Autoridade de Migra\u00e7\u00e3o e Asilo (AIMA), que travou temporariamente a extradi\u00e7\u00e3o. A pena estabelecida pelo tribunal brasileiro foi de vinte anos de pris\u00e3o, confirma\u00e7\u00e3o em segunda inst\u00e2ncia, pelo homic\u00eddio do empres\u00e1rio em 2018. A defesa afirma que a advogada teme repres\u00e1lias no Brasil, raz\u00e3o pela qual pediu prote\u00e7\u00e3o internacional em Portugal; o pedido est\u00e1 em an\u00e1lise. Enquanto o processo de asilo n\u00e3o fica decidido, a advogada deve cumprir controlos peri\u00f3dicos pelas autoridades portuguesas; caso o asilo seja negado, pode ser devolvida ao Brasil para cumprir a pena.\" \/>\n<meta property=\"og:url\" content=\"https:\/\/portaltela.pt\/noticias\/2026\/04\/30\/advogada-que-mandou-matar-o-marido-no-brasil-e-libertada\/\" \/>\n<meta property=\"og:site_name\" content=\"Portal Tela Portugal\" \/>\n<meta property=\"article:published_time\" content=\"2026-04-30T12:18:03+00:00\" \/>\n<meta name=\"author\" content=\"Telinha\" \/>\n<meta name=\"twitter:card\" content=\"summary_large_image\" \/>\n<meta name=\"twitter:label1\" content=\"Escrito por\" \/>\n\t<meta name=\"twitter:data1\" content=\"Telinha\" \/>\n\t<meta name=\"twitter:label2\" content=\"Tempo estimado de leitura\" \/>\n\t<meta name=\"twitter:data2\" content=\"1 minuto\" \/>\n<script type=\"application\/ld+json\" class=\"yoast-schema-graph\">{\"@context\":\"https:\/\/schema.org\",\"@graph\":[{\"@type\":\"Article\",\"@id\":\"https:\/\/portaltela.pt\/noticias\/2026\/04\/30\/advogada-que-mandou-matar-o-marido-no-brasil-e-libertada\/#article\",\"isPartOf\":{\"@id\":\"https:\/\/portaltela.pt\/noticias\/2026\/04\/30\/advogada-que-mandou-matar-o-marido-no-brasil-e-libertada\/\"},\"author\":{\"name\":\"Telinha\",\"@id\":\"https:\/\/portaltela.pt\/#\/schema\/person\/c4278d4a6028830caff9ee44b42d32ed\"},\"headline\":\"Advogada que mandou matar o marido no Brasil \u00e9 libertada\",\"datePublished\":\"2026-04-30T12:18:03+00:00\",\"mainEntityOfPage\":{\"@id\":\"https:\/\/portaltela.pt\/noticias\/2026\/04\/30\/advogada-que-mandou-matar-o-marido-no-brasil-e-libertada\/\"},\"wordCount\":306,\"image\":{\"@id\":\"https:\/\/portaltela.pt\/noticias\/2026\/04\/30\/advogada-que-mandou-matar-o-marido-no-brasil-e-libertada\/#primaryimage\"},\"thumbnailUrl\":\"https:\/\/portaltela.pt\/s.01k8rhncp4jt1\/2026\/04\/img_1280x722uu2025-12-27-20-06-45-2256707.jpg\",\"keywords\":[\"Brasil\",\"extradi\u00e7\u00f5es\",\"homic\u00eddio\",\"Portugal\",\"prote\u00e7\u00e3o internacional\",\"refugiados\"],\"articleSection\":[\"Criminalidade\",\"Justi\u00e7a\"],\"inLanguage\":\"pt-PT\"},{\"@type\":\"WebPage\",\"@id\":\"https:\/\/portaltela.pt\/noticias\/2026\/04\/30\/advogada-que-mandou-matar-o-marido-no-brasil-e-libertada\/\",\"url\":\"https:\/\/portaltela.pt\/noticias\/2026\/04\/30\/advogada-que-mandou-matar-o-marido-no-brasil-e-libertada\/\",\"name\":\"Advogada que mandou matar o marido no Brasil \u00e9 libertada - Portal Tela Portugal\",\"isPartOf\":{\"@id\":\"https:\/\/portaltela.pt\/#website\"},\"primaryImageOfPage\":{\"@id\":\"https:\/\/portaltela.pt\/noticias\/2026\/04\/30\/advogada-que-mandou-matar-o-marido-no-brasil-e-libertada\/#primaryimage\"},\"image\":{\"@id\":\"https:\/\/portaltela.pt\/noticias\/2026\/04\/30\/advogada-que-mandou-matar-o-marido-no-brasil-e-libertada\/#primaryimage\"},\"thumbnailUrl\":\"https:\/\/portaltela.pt\/s.01k8rhncp4jt1\/2026\/04\/img_1280x722uu2025-12-27-20-06-45-2256707.jpg\",\"datePublished\":\"2026-04-30T12:18:03+00:00\",\"author\":{\"@id\":\"https:\/\/portaltela.pt\/#\/schema\/person\/c4278d4a6028830caff9ee44b42d32ed\"},\"breadcrumb\":{\"@id\":\"https:\/\/portaltela.pt\/noticias\/2026\/04\/30\/advogada-que-mandou-matar-o-marido-no-brasil-e-libertada\/#breadcrumb\"},\"inLanguage\":\"pt-PT\",\"potentialAction\":[{\"@type\":\"ReadAction\",\"target\":[\"https:\/\/portaltela.pt\/noticias\/2026\/04\/30\/advogada-que-mandou-matar-o-marido-no-brasil-e-libertada\/\"]}]},{\"@type\":\"ImageObject\",\"inLanguage\":\"pt-PT\",\"@id\":\"https:\/\/portaltela.pt\/noticias\/2026\/04\/30\/advogada-que-mandou-matar-o-marido-no-brasil-e-libertada\/#primaryimage\",\"url\":\"https:\/\/portaltela.pt\/s.01k8rhncp4jt1\/2026\/04\/img_1280x722uu2025-12-27-20-06-45-2256707.jpg\",\"contentUrl\":\"https:\/\/portaltela.pt\/s.01k8rhncp4jt1\/2026\/04\/img_1280x722uu2025-12-27-20-06-45-2256707.jpg\",\"width\":796,\"height\":448,\"caption\":\"Photo\"},{\"@type\":\"BreadcrumbList\",\"@id\":\"https:\/\/portaltela.pt\/noticias\/2026\/04\/30\/advogada-que-mandou-matar-o-marido-no-brasil-e-libertada\/#breadcrumb\",\"itemListElement\":[{\"@type\":\"ListItem\",\"position\":1,\"name\":\"In\u00edcio\",\"item\":\"https:\/\/portaltela.pt\/\"},{\"@type\":\"ListItem\",\"position\":2,\"name\":\"Advogada que mandou matar o marido no Brasil \u00e9 libertada\"}]},{\"@type\":\"WebSite\",\"@id\":\"https:\/\/portaltela.pt\/#website\",\"url\":\"https:\/\/portaltela.pt\/\",\"name\":\"Portal Tela Portugal\",\"description\":\"\",\"potentialAction\":[{\"@type\":\"SearchAction\",\"target\":{\"@type\":\"EntryPoint\",\"urlTemplate\":\"https:\/\/portaltela.pt\/?s={search_term_string}\"},\"query-input\":{\"@type\":\"PropertyValueSpecification\",\"valueRequired\":true,\"valueName\":\"search_term_string\"}}],\"inLanguage\":\"pt-PT\"},{\"@type\":\"Person\",\"@id\":\"https:\/\/portaltela.pt\/#\/schema\/person\/c4278d4a6028830caff9ee44b42d32ed\",\"name\":\"Telinha\",\"image\":{\"@type\":\"ImageObject\",\"inLanguage\":\"pt-PT\",\"@id\":\"https:\/\/portaltela.pt\/s.01k8rhncp4jt1\/2025\/11\/talking-bot-125x125.png\",\"url\":\"https:\/\/portaltela.pt\/s.01k8rhncp4jt1\/2025\/11\/talking-bot-125x125.png\",\"contentUrl\":\"https:\/\/portaltela.pt\/s.01k8rhncp4jt1\/2025\/11\/talking-bot-125x125.png\",\"caption\":\"Telinha\"},\"sameAs\":[\"https:\/\/portaltela.pt\/\"],\"url\":\"https:\/\/portaltela.pt\/por\/367410592786\/\"}]}<\/script>\n<!-- \/ Yoast SEO plugin. -->","yoast_head_json":{"title":"Advogada que mandou matar o marido no Brasil \u00e9 libertada - Portal Tela Portugal","robots":{"index":"index","follow":"follow","max-snippet":"max-snippet:-1","max-image-preview":"max-image-preview:large","max-video-preview":"max-video-preview:-1"},"og_locale":"pt_PT","og_type":"article","og_title":"Advogada que mandou matar o marido no Brasil \u00e9 libertada - Portal Tela Portugal","og_description":"A advogada condenada por mandar matar o marido no Brasil saiu em liberdade, ap\u00f3s ter sido detida em Portugal h\u00e1 cerca de dois meses e extraditada do Brasil. A liberta\u00e7\u00e3o ocorreu depois de ter apresentado um pedido de asilo \u00e0 Autoridade de Migra\u00e7\u00e3o e Asilo (AIMA), que travou temporariamente a extradi\u00e7\u00e3o. A pena estabelecida pelo tribunal brasileiro foi de vinte anos de pris\u00e3o, confirma\u00e7\u00e3o em segunda inst\u00e2ncia, pelo homic\u00eddio do empres\u00e1rio em 2018. A defesa afirma que a advogada teme repres\u00e1lias no Brasil, raz\u00e3o pela qual pediu prote\u00e7\u00e3o internacional em Portugal; o pedido est\u00e1 em an\u00e1lise. Enquanto o processo de asilo n\u00e3o fica decidido, a advogada deve cumprir controlos peri\u00f3dicos pelas autoridades portuguesas; caso o asilo seja negado, pode ser devolvida ao Brasil para cumprir a pena.","og_url":"https:\/\/portaltela.pt\/noticias\/2026\/04\/30\/advogada-que-mandou-matar-o-marido-no-brasil-e-libertada\/","og_site_name":"Portal Tela Portugal","article_published_time":"2026-04-30T12:18:03+00:00","author":"Telinha","twitter_card":"summary_large_image","twitter_misc":{"Escrito por":"Telinha","Tempo estimado de leitura":"1 minuto"},"schema":{"@context":"https:\/\/schema.org","@graph":[{"@type":"Article","@id":"https:\/\/portaltela.pt\/noticias\/2026\/04\/30\/advogada-que-mandou-matar-o-marido-no-brasil-e-libertada\/#article","isPartOf":{"@id":"https:\/\/portaltela.pt\/noticias\/2026\/04\/30\/advogada-que-mandou-matar-o-marido-no-brasil-e-libertada\/"},"author":{"name":"Telinha","@id":"https:\/\/portaltela.pt\/#\/schema\/person\/c4278d4a6028830caff9ee44b42d32ed"},"headline":"Advogada que mandou matar o marido no Brasil \u00e9 libertada","datePublished":"2026-04-30T12:18:03+00:00","mainEntityOfPage":{"@id":"https:\/\/portaltela.pt\/noticias\/2026\/04\/30\/advogada-que-mandou-matar-o-marido-no-brasil-e-libertada\/"},"wordCount":306,"image":{"@id":"https:\/\/portaltela.pt\/noticias\/2026\/04\/30\/advogada-que-mandou-matar-o-marido-no-brasil-e-libertada\/#primaryimage"},"thumbnailUrl":"https:\/\/portaltela.pt\/s.01k8rhncp4jt1\/2026\/04\/img_1280x722uu2025-12-27-20-06-45-2256707.jpg","keywords":["Brasil","extradi\u00e7\u00f5es","homic\u00eddio","Portugal","prote\u00e7\u00e3o internacional","refugiados"],"articleSection":["Criminalidade","Justi\u00e7a"],"inLanguage":"pt-PT"},{"@type":"WebPage","@id":"https:\/\/portaltela.pt\/noticias\/2026\/04\/30\/advogada-que-mandou-matar-o-marido-no-brasil-e-libertada\/","url":"https:\/\/portaltela.pt\/noticias\/2026\/04\/30\/advogada-que-mandou-matar-o-marido-no-brasil-e-libertada\/","name":"Advogada que mandou matar o marido no Brasil \u00e9 libertada - Portal Tela Portugal","isPartOf":{"@id":"https:\/\/portaltela.pt\/#website"},"primaryImageOfPage":{"@id":"https:\/\/portaltela.pt\/noticias\/2026\/04\/30\/advogada-que-mandou-matar-o-marido-no-brasil-e-libertada\/#primaryimage"},"image":{"@id":"https:\/\/portaltela.pt\/noticias\/2026\/04\/30\/advogada-que-mandou-matar-o-marido-no-brasil-e-libertada\/#primaryimage"},"thumbnailUrl":"https:\/\/portaltela.pt\/s.01k8rhncp4jt1\/2026\/04\/img_1280x722uu2025-12-27-20-06-45-2256707.jpg","datePublished":"2026-04-30T12:18:03+00:00","author":{"@id":"https:\/\/portaltela.pt\/#\/schema\/person\/c4278d4a6028830caff9ee44b42d32ed"},"breadcrumb":{"@id":"https:\/\/portaltela.pt\/noticias\/2026\/04\/30\/advogada-que-mandou-matar-o-marido-no-brasil-e-libertada\/#breadcrumb"},"inLanguage":"pt-PT","potentialAction":[{"@type":"ReadAction","target":["https:\/\/portaltela.pt\/noticias\/2026\/04\/30\/advogada-que-mandou-matar-o-marido-no-brasil-e-libertada\/"]}]},{"@type":"ImageObject","inLanguage":"pt-PT","@id":"https:\/\/portaltela.pt\/noticias\/2026\/04\/30\/advogada-que-mandou-matar-o-marido-no-brasil-e-libertada\/#primaryimage","url":"https:\/\/portaltela.pt\/s.01k8rhncp4jt1\/2026\/04\/img_1280x722uu2025-12-27-20-06-45-2256707.jpg","contentUrl":"https:\/\/portaltela.pt\/s.01k8rhncp4jt1\/2026\/04\/img_1280x722uu2025-12-27-20-06-45-2256707.jpg","width":796,"height":448,"caption":"Photo"},{"@type":"BreadcrumbList","@id":"https:\/\/portaltela.pt\/noticias\/2026\/04\/30\/advogada-que-mandou-matar-o-marido-no-brasil-e-libertada\/#breadcrumb","itemListElement":[{"@type":"ListItem","position":1,"name":"In\u00edcio","item":"https:\/\/portaltela.pt\/"},{"@type":"ListItem","position":2,"name":"Advogada que mandou matar o marido no Brasil \u00e9 libertada"}]},{"@type":"WebSite","@id":"https:\/\/portaltela.pt\/#website","url":"https:\/\/portaltela.pt\/","name":"Portal Tela Portugal","description":"","potentialAction":[{"@type":"SearchAction","target":{"@type":"EntryPoint","urlTemplate":"https:\/\/portaltela.pt\/?s={search_term_string}"},"query-input":{"@type":"PropertyValueSpecification","valueRequired":true,"valueName":"search_term_string"}}],"inLanguage":"pt-PT"},{"@type":"Person","@id":"https:\/\/portaltela.pt\/#\/schema\/person\/c4278d4a6028830caff9ee44b42d32ed","name":"Telinha","image":{"@type":"ImageObject","inLanguage":"pt-PT","@id":"https:\/\/portaltela.pt\/s.01k8rhncp4jt1\/2025\/11\/talking-bot-125x125.png","url":"https:\/\/portaltela.pt\/s.01k8rhncp4jt1\/2025\/11\/talking-bot-125x125.png","contentUrl":"https:\/\/portaltela.pt\/s.01k8rhncp4jt1\/2025\/11\/talking-bot-125x125.png","caption":"Telinha"},"sameAs":["https:\/\/portaltela.pt\/"],"url":"https:\/\/portaltela.pt\/por\/367410592786\/"}]}},"_links":{"self":[{"href":"https:\/\/portaltela.pt\/api\/wp\/v2\/posts\/462357","targetHints":{"allow":["GET"]}}],"collection":[{"href":"https:\/\/portaltela.pt\/api\/wp\/v2\/posts"}],"about":[{"href":"https:\/\/portaltela.pt\/api\/wp\/v2\/types\/post"}],"author":[{"embeddable":true,"href":"https:\/\/portaltela.pt\/api\/wp\/v2\/users\/2"}],"replies":[{"embeddable":true,"href":"https:\/\/portaltela.pt\/api\/wp\/v2\/comments?post=462357"}],"version-history":[{"count":0,"href":"https:\/\/portaltela.pt\/api\/wp\/v2\/posts\/462357\/revisions"}],"wp:featuredmedia":[{"embeddable":true,"href":"https:\/\/portaltela.pt\/api\/wp\/v2\/media\/462364"}],"wp:attachment":[{"href":"https:\/\/portaltela.pt\/api\/wp\/v2\/media?parent=462357"}],"wp:term":[{"taxonomy":"category","embeddable":true,"href":"https:\/\/portaltela.pt\/api\/wp\/v2\/categories?post=462357"},{"taxonomy":"post_tag","embeddable":true,"href":"https:\/\/portaltela.pt\/api\/wp\/v2\/tags?post=462357"}],"curies":[{"name":"wp","href":"https:\/\/api.w.org\/{rel}","templated":true}]}}