{"id":462344,"date":"2026-04-30T09:03:28","date_gmt":"2026-04-30T12:03:28","guid":{"rendered":"https:\/\/portaltela.pt\/noticias\/2026\/04\/30\/trump-ameaca-retirar-tropas-da-alemanha-apos-comentarios-de-merz\/"},"modified":"2026-04-30T09:03:28","modified_gmt":"2026-04-30T12:03:28","slug":"trump-ameaca-retirar-tropas-da-alemanha-apos-comentarios-de-merz","status":"publish","type":"post","link":"https:\/\/portaltela.pt\/noticias\/2026\/04\/30\/trump-ameaca-retirar-tropas-da-alemanha-apos-comentarios-de-merz\/","title":{"rendered":"Trump amea\u00e7a retirar tropas da Alemanha ap\u00f3s coment\u00e1rios de Merz"},"content":{"rendered":"<p>Donald Trump amea\u00e7ou, na noite de quarta-feira, retirar tropas das bases norte-americanas na Alemanha. A medida seria uma retalia\u00e7\u00e3o aos coment\u00e1rios cr\u00edticos do l\u00edder do CDU, Friedrich Merz, sobre o conflito no Ir\u00e3o.<\/p>\n<p>Merz afirmou que os norte-americanos estavam a ser humilhados nas negocia\u00e7\u00f5es com o Ir\u00e3o, o que gerou forte rea\u00e7\u00e3o em Washington. O Presidente dos EUA respondeu que Merz n\u00e3o sabe do que est\u00e1 a falar.<\/p>\n<h3>Desdobramentos<\/h3>\n<p>As declara\u00e7\u00f5es visam esclarecer a rela\u00e7\u00e3o entre a presen\u00e7a militar norte-americana na Alemanha e a gest\u00e3o de tens\u00f5es internacionais. A situa\u00e7\u00e3o mant\u00e9m-se em atualiza\u00e7\u00e3o conforme surgem novos contactos entre as partes.<\/p>\n<p>Dados oficiais sobre prazos, condi\u00e7\u00f5es ou impactos operacionais ainda n\u00e3o foram anunciados pelas autoridades dos EUA ou da Alemanha. O caso continua a evoluir, com avalia\u00e7\u00e3o de consequ\u00eancias pol\u00edticas.<\/p>\n","protected":false},"excerpt":{"rendered":"<ul>\n<li>O presidente dos EUA, Donald Trump, amea\u00e7ou retirar tropas da Alemanha.<\/li>\n<li>a amea\u00e7a ocorreu na sequ\u00eancia de coment\u00e1rios do chanceler alem\u00e3o Friedrich Merz sobre o Ir\u00e3o.<\/li>\n<li>Merz afirmou que os norte-americanos estavam a ser \u201chumilhados\u201d nas negocia\u00e7\u00f5es com o Ir\u00e3o.<\/li>\n<li>Trump acusou Merz de \u201cn\u00e3o saber do que est\u00e1 a falar\u201d sobre o tema.<\/li>\n<li>a declara\u00e7\u00e3o de retirada \u00e9 apresentada como retalia\u00e7\u00e3o \u00e0s cr\u00edticas de Merz.<\/li>\n<\/ul>\n","protected":false},"author":2,"featured_media":462349,"comment_status":"closed","ping_status":"closed","sticky":false,"template":"","format":"standard","meta":{"footnotes":""},"categories":[6814,1],"tags":[1603,3496,4953,1600,62,27],"class_list":["post-462344","post","type-post","status-publish","format-standard","has-post-thumbnail","hentry","category-geopolitica","category-noticias","tag-alemanha","tag-aliancas-internacionais","tag-donald-trump","tag-estados-unidos","tag-guerra","tag-relacoes-internacionais"],"yoast_head":"<!-- This site is optimized with the Yoast SEO plugin v27.2 - https:\/\/yoast.com\/product\/yoast-seo-wordpress\/ -->\n<title>Trump amea\u00e7a retirar tropas da Alemanha ap\u00f3s coment\u00e1rios de Merz - Portal Tela Portugal<\/title>\n<meta name=\"robots\" content=\"index, follow, max-snippet:-1, max-image-preview:large, max-video-preview:-1\" \/>\n<meta property=\"og:locale\" content=\"pt_PT\" \/>\n<meta property=\"og:type\" content=\"article\" \/>\n<meta property=\"og:title\" content=\"Trump amea\u00e7a retirar tropas da Alemanha ap\u00f3s coment\u00e1rios de Merz - Portal Tela Portugal\" \/>\n<meta property=\"og:description\" content=\"O presidente dos EUA, Donald Trump, amea\u00e7ou retirar tropas da Alemanha. a amea\u00e7a ocorreu na sequ\u00eancia de coment\u00e1rios do chanceler alem\u00e3o Friedrich Merz sobre o Ir\u00e3o. Merz afirmou que os norte-americanos estavam a ser \u201chumilhados\u201d nas negocia\u00e7\u00f5es com o Ir\u00e3o. Trump acusou Merz de \u201cn\u00e3o saber do que est\u00e1 a falar\u201d sobre o tema. a declara\u00e7\u00e3o de retirada \u00e9 apresentada como retalia\u00e7\u00e3o \u00e0s cr\u00edticas de Merz.\" \/>\n<meta property=\"og:url\" content=\"https:\/\/portaltela.pt\/noticias\/2026\/04\/30\/trump-ameaca-retirar-tropas-da-alemanha-apos-comentarios-de-merz\/\" \/>\n<meta property=\"og:site_name\" content=\"Portal Tela Portugal\" \/>\n<meta property=\"article:published_time\" content=\"2026-04-30T12:03:28+00:00\" \/>\n<meta name=\"author\" content=\"Telinha\" \/>\n<meta name=\"twitter:card\" content=\"summary_large_image\" \/>\n<meta name=\"twitter:label1\" content=\"Escrito por\" \/>\n\t<meta name=\"twitter:data1\" content=\"Telinha\" \/>\n\t<meta name=\"twitter:label2\" content=\"Tempo estimado de leitura\" \/>\n\t<meta name=\"twitter:data2\" content=\"1 minuto\" \/>\n<script type=\"application\/ld+json\" class=\"yoast-schema-graph\">{\"@context\":\"https:\/\/schema.org\",\"@graph\":[{\"@type\":\"Article\",\"@id\":\"https:\/\/portaltela.pt\/noticias\/2026\/04\/30\/trump-ameaca-retirar-tropas-da-alemanha-apos-comentarios-de-merz\/#article\",\"isPartOf\":{\"@id\":\"https:\/\/portaltela.pt\/noticias\/2026\/04\/30\/trump-ameaca-retirar-tropas-da-alemanha-apos-comentarios-de-merz\/\"},\"author\":{\"name\":\"Telinha\",\"@id\":\"https:\/\/portaltela.pt\/#\/schema\/person\/c4278d4a6028830caff9ee44b42d32ed\"},\"headline\":\"Trump amea\u00e7a retirar tropas da Alemanha ap\u00f3s coment\u00e1rios de Merz\",\"datePublished\":\"2026-04-30T12:03:28+00:00\",\"mainEntityOfPage\":{\"@id\":\"https:\/\/portaltela.pt\/noticias\/2026\/04\/30\/trump-ameaca-retirar-tropas-da-alemanha-apos-comentarios-de-merz\/\"},\"wordCount\":165,\"image\":{\"@id\":\"https:\/\/portaltela.pt\/noticias\/2026\/04\/30\/trump-ameaca-retirar-tropas-da-alemanha-apos-comentarios-de-merz\/#primaryimage\"},\"thumbnailUrl\":\"https:\/\/portaltela.pt\/s.01k8rhncp4jt1\/2026\/04\/2085171.jpg\",\"keywords\":[\"Alemanha\",\"alian\u00e7as internacionais\",\"Donald Trump\",\"Estados Unidos\",\"guerra\",\"rela\u00e7\u00f5es internacionais\"],\"articleSection\":[\"Geopol\u00edtica\",\"Not\u00edcias\"],\"inLanguage\":\"pt-PT\"},{\"@type\":\"WebPage\",\"@id\":\"https:\/\/portaltela.pt\/noticias\/2026\/04\/30\/trump-ameaca-retirar-tropas-da-alemanha-apos-comentarios-de-merz\/\",\"url\":\"https:\/\/portaltela.pt\/noticias\/2026\/04\/30\/trump-ameaca-retirar-tropas-da-alemanha-apos-comentarios-de-merz\/\",\"name\":\"Trump amea\u00e7a retirar tropas da Alemanha ap\u00f3s coment\u00e1rios de Merz - Portal Tela Portugal\",\"isPartOf\":{\"@id\":\"https:\/\/portaltela.pt\/#website\"},\"primaryImageOfPage\":{\"@id\":\"https:\/\/portaltela.pt\/noticias\/2026\/04\/30\/trump-ameaca-retirar-tropas-da-alemanha-apos-comentarios-de-merz\/#primaryimage\"},\"image\":{\"@id\":\"https:\/\/portaltela.pt\/noticias\/2026\/04\/30\/trump-ameaca-retirar-tropas-da-alemanha-apos-comentarios-de-merz\/#primaryimage\"},\"thumbnailUrl\":\"https:\/\/portaltela.pt\/s.01k8rhncp4jt1\/2026\/04\/2085171.jpg\",\"datePublished\":\"2026-04-30T12:03:28+00:00\",\"author\":{\"@id\":\"https:\/\/portaltela.pt\/#\/schema\/person\/c4278d4a6028830caff9ee44b42d32ed\"},\"breadcrumb\":{\"@id\":\"https:\/\/portaltela.pt\/noticias\/2026\/04\/30\/trump-ameaca-retirar-tropas-da-alemanha-apos-comentarios-de-merz\/#breadcrumb\"},\"inLanguage\":\"pt-PT\",\"potentialAction\":[{\"@type\":\"ReadAction\",\"target\":[\"https:\/\/portaltela.pt\/noticias\/2026\/04\/30\/trump-ameaca-retirar-tropas-da-alemanha-apos-comentarios-de-merz\/\"]}]},{\"@type\":\"ImageObject\",\"inLanguage\":\"pt-PT\",\"@id\":\"https:\/\/portaltela.pt\/noticias\/2026\/04\/30\/trump-ameaca-retirar-tropas-da-alemanha-apos-comentarios-de-merz\/#primaryimage\",\"url\":\"https:\/\/portaltela.pt\/s.01k8rhncp4jt1\/2026\/04\/2085171.jpg\",\"contentUrl\":\"https:\/\/portaltela.pt\/s.01k8rhncp4jt1\/2026\/04\/2085171.jpg\",\"width\":796,\"height\":448,\"caption\":\"Merz rejeita que a rela\u00e7\u00e3o com Trump esteja mal\"},{\"@type\":\"BreadcrumbList\",\"@id\":\"https:\/\/portaltela.pt\/noticias\/2026\/04\/30\/trump-ameaca-retirar-tropas-da-alemanha-apos-comentarios-de-merz\/#breadcrumb\",\"itemListElement\":[{\"@type\":\"ListItem\",\"position\":1,\"name\":\"In\u00edcio\",\"item\":\"https:\/\/portaltela.pt\/\"},{\"@type\":\"ListItem\",\"position\":2,\"name\":\"Trump amea\u00e7a retirar tropas da Alemanha ap\u00f3s coment\u00e1rios de Merz\"}]},{\"@type\":\"WebSite\",\"@id\":\"https:\/\/portaltela.pt\/#website\",\"url\":\"https:\/\/portaltela.pt\/\",\"name\":\"Portal Tela Portugal\",\"description\":\"\",\"potentialAction\":[{\"@type\":\"SearchAction\",\"target\":{\"@type\":\"EntryPoint\",\"urlTemplate\":\"https:\/\/portaltela.pt\/?s={search_term_string}\"},\"query-input\":{\"@type\":\"PropertyValueSpecification\",\"valueRequired\":true,\"valueName\":\"search_term_string\"}}],\"inLanguage\":\"pt-PT\"},{\"@type\":\"Person\",\"@id\":\"https:\/\/portaltela.pt\/#\/schema\/person\/c4278d4a6028830caff9ee44b42d32ed\",\"name\":\"Telinha\",\"image\":{\"@type\":\"ImageObject\",\"inLanguage\":\"pt-PT\",\"@id\":\"https:\/\/portaltela.pt\/s.01k8rhncp4jt1\/2025\/11\/talking-bot-125x125.png\",\"url\":\"https:\/\/portaltela.pt\/s.01k8rhncp4jt1\/2025\/11\/talking-bot-125x125.png\",\"contentUrl\":\"https:\/\/portaltela.pt\/s.01k8rhncp4jt1\/2025\/11\/talking-bot-125x125.png\",\"caption\":\"Telinha\"},\"sameAs\":[\"https:\/\/portaltela.pt\/\"],\"url\":\"https:\/\/portaltela.pt\/por\/367410592786\/\"}]}<\/script>\n<!-- \/ Yoast SEO plugin. -->","yoast_head_json":{"title":"Trump amea\u00e7a retirar tropas da Alemanha ap\u00f3s coment\u00e1rios de Merz - Portal Tela Portugal","robots":{"index":"index","follow":"follow","max-snippet":"max-snippet:-1","max-image-preview":"max-image-preview:large","max-video-preview":"max-video-preview:-1"},"og_locale":"pt_PT","og_type":"article","og_title":"Trump amea\u00e7a retirar tropas da Alemanha ap\u00f3s coment\u00e1rios de Merz - Portal Tela Portugal","og_description":"O presidente dos EUA, Donald Trump, amea\u00e7ou retirar tropas da Alemanha. a amea\u00e7a ocorreu na sequ\u00eancia de coment\u00e1rios do chanceler alem\u00e3o Friedrich Merz sobre o Ir\u00e3o. Merz afirmou que os norte-americanos estavam a ser \u201chumilhados\u201d nas negocia\u00e7\u00f5es com o Ir\u00e3o. Trump acusou Merz de \u201cn\u00e3o saber do que est\u00e1 a falar\u201d sobre o tema. a declara\u00e7\u00e3o de retirada \u00e9 apresentada como retalia\u00e7\u00e3o \u00e0s cr\u00edticas de Merz.","og_url":"https:\/\/portaltela.pt\/noticias\/2026\/04\/30\/trump-ameaca-retirar-tropas-da-alemanha-apos-comentarios-de-merz\/","og_site_name":"Portal Tela Portugal","article_published_time":"2026-04-30T12:03:28+00:00","author":"Telinha","twitter_card":"summary_large_image","twitter_misc":{"Escrito por":"Telinha","Tempo estimado de leitura":"1 minuto"},"schema":{"@context":"https:\/\/schema.org","@graph":[{"@type":"Article","@id":"https:\/\/portaltela.pt\/noticias\/2026\/04\/30\/trump-ameaca-retirar-tropas-da-alemanha-apos-comentarios-de-merz\/#article","isPartOf":{"@id":"https:\/\/portaltela.pt\/noticias\/2026\/04\/30\/trump-ameaca-retirar-tropas-da-alemanha-apos-comentarios-de-merz\/"},"author":{"name":"Telinha","@id":"https:\/\/portaltela.pt\/#\/schema\/person\/c4278d4a6028830caff9ee44b42d32ed"},"headline":"Trump amea\u00e7a retirar tropas da Alemanha ap\u00f3s coment\u00e1rios de Merz","datePublished":"2026-04-30T12:03:28+00:00","mainEntityOfPage":{"@id":"https:\/\/portaltela.pt\/noticias\/2026\/04\/30\/trump-ameaca-retirar-tropas-da-alemanha-apos-comentarios-de-merz\/"},"wordCount":165,"image":{"@id":"https:\/\/portaltela.pt\/noticias\/2026\/04\/30\/trump-ameaca-retirar-tropas-da-alemanha-apos-comentarios-de-merz\/#primaryimage"},"thumbnailUrl":"https:\/\/portaltela.pt\/s.01k8rhncp4jt1\/2026\/04\/2085171.jpg","keywords":["Alemanha","alian\u00e7as internacionais","Donald Trump","Estados Unidos","guerra","rela\u00e7\u00f5es internacionais"],"articleSection":["Geopol\u00edtica","Not\u00edcias"],"inLanguage":"pt-PT"},{"@type":"WebPage","@id":"https:\/\/portaltela.pt\/noticias\/2026\/04\/30\/trump-ameaca-retirar-tropas-da-alemanha-apos-comentarios-de-merz\/","url":"https:\/\/portaltela.pt\/noticias\/2026\/04\/30\/trump-ameaca-retirar-tropas-da-alemanha-apos-comentarios-de-merz\/","name":"Trump amea\u00e7a retirar tropas da Alemanha ap\u00f3s coment\u00e1rios de Merz - Portal Tela Portugal","isPartOf":{"@id":"https:\/\/portaltela.pt\/#website"},"primaryImageOfPage":{"@id":"https:\/\/portaltela.pt\/noticias\/2026\/04\/30\/trump-ameaca-retirar-tropas-da-alemanha-apos-comentarios-de-merz\/#primaryimage"},"image":{"@id":"https:\/\/portaltela.pt\/noticias\/2026\/04\/30\/trump-ameaca-retirar-tropas-da-alemanha-apos-comentarios-de-merz\/#primaryimage"},"thumbnailUrl":"https:\/\/portaltela.pt\/s.01k8rhncp4jt1\/2026\/04\/2085171.jpg","datePublished":"2026-04-30T12:03:28+00:00","author":{"@id":"https:\/\/portaltela.pt\/#\/schema\/person\/c4278d4a6028830caff9ee44b42d32ed"},"breadcrumb":{"@id":"https:\/\/portaltela.pt\/noticias\/2026\/04\/30\/trump-ameaca-retirar-tropas-da-alemanha-apos-comentarios-de-merz\/#breadcrumb"},"inLanguage":"pt-PT","potentialAction":[{"@type":"ReadAction","target":["https:\/\/portaltela.pt\/noticias\/2026\/04\/30\/trump-ameaca-retirar-tropas-da-alemanha-apos-comentarios-de-merz\/"]}]},{"@type":"ImageObject","inLanguage":"pt-PT","@id":"https:\/\/portaltela.pt\/noticias\/2026\/04\/30\/trump-ameaca-retirar-tropas-da-alemanha-apos-comentarios-de-merz\/#primaryimage","url":"https:\/\/portaltela.pt\/s.01k8rhncp4jt1\/2026\/04\/2085171.jpg","contentUrl":"https:\/\/portaltela.pt\/s.01k8rhncp4jt1\/2026\/04\/2085171.jpg","width":796,"height":448,"caption":"Merz rejeita que a rela\u00e7\u00e3o com Trump esteja mal"},{"@type":"BreadcrumbList","@id":"https:\/\/portaltela.pt\/noticias\/2026\/04\/30\/trump-ameaca-retirar-tropas-da-alemanha-apos-comentarios-de-merz\/#breadcrumb","itemListElement":[{"@type":"ListItem","position":1,"name":"In\u00edcio","item":"https:\/\/portaltela.pt\/"},{"@type":"ListItem","position":2,"name":"Trump amea\u00e7a retirar tropas da Alemanha ap\u00f3s coment\u00e1rios de Merz"}]},{"@type":"WebSite","@id":"https:\/\/portaltela.pt\/#website","url":"https:\/\/portaltela.pt\/","name":"Portal Tela Portugal","description":"","potentialAction":[{"@type":"SearchAction","target":{"@type":"EntryPoint","urlTemplate":"https:\/\/portaltela.pt\/?s={search_term_string}"},"query-input":{"@type":"PropertyValueSpecification","valueRequired":true,"valueName":"search_term_string"}}],"inLanguage":"pt-PT"},{"@type":"Person","@id":"https:\/\/portaltela.pt\/#\/schema\/person\/c4278d4a6028830caff9ee44b42d32ed","name":"Telinha","image":{"@type":"ImageObject","inLanguage":"pt-PT","@id":"https:\/\/portaltela.pt\/s.01k8rhncp4jt1\/2025\/11\/talking-bot-125x125.png","url":"https:\/\/portaltela.pt\/s.01k8rhncp4jt1\/2025\/11\/talking-bot-125x125.png","contentUrl":"https:\/\/portaltela.pt\/s.01k8rhncp4jt1\/2025\/11\/talking-bot-125x125.png","caption":"Telinha"},"sameAs":["https:\/\/portaltela.pt\/"],"url":"https:\/\/portaltela.pt\/por\/367410592786\/"}]}},"_links":{"self":[{"href":"https:\/\/portaltela.pt\/api\/wp\/v2\/posts\/462344","targetHints":{"allow":["GET"]}}],"collection":[{"href":"https:\/\/portaltela.pt\/api\/wp\/v2\/posts"}],"about":[{"href":"https:\/\/portaltela.pt\/api\/wp\/v2\/types\/post"}],"author":[{"embeddable":true,"href":"https:\/\/portaltela.pt\/api\/wp\/v2\/users\/2"}],"replies":[{"embeddable":true,"href":"https:\/\/portaltela.pt\/api\/wp\/v2\/comments?post=462344"}],"version-history":[{"count":0,"href":"https:\/\/portaltela.pt\/api\/wp\/v2\/posts\/462344\/revisions"}],"wp:featuredmedia":[{"embeddable":true,"href":"https:\/\/portaltela.pt\/api\/wp\/v2\/media\/462349"}],"wp:attachment":[{"href":"https:\/\/portaltela.pt\/api\/wp\/v2\/media?parent=462344"}],"wp:term":[{"taxonomy":"category","embeddable":true,"href":"https:\/\/portaltela.pt\/api\/wp\/v2\/categories?post=462344"},{"taxonomy":"post_tag","embeddable":true,"href":"https:\/\/portaltela.pt\/api\/wp\/v2\/tags?post=462344"}],"curies":[{"name":"wp","href":"https:\/\/api.w.org\/{rel}","templated":true}]}}