{"id":462342,"date":"2026-04-30T09:03:21","date_gmt":"2026-04-30T12:03:21","guid":{"rendered":"https:\/\/portaltela.pt\/noticias\/2026\/04\/30\/musico-do-the-voice-morre-aos-24-anos\/"},"modified":"2026-04-30T09:03:21","modified_gmt":"2026-04-30T12:03:21","slug":"musico-do-the-voice-morre-aos-24-anos","status":"publish","type":"post","link":"https:\/\/portaltela.pt\/musica\/2026\/04\/30\/musico-do-the-voice-morre-aos-24-anos\/","title":{"rendered":"M\u00fasico do The Voice morre aos 24 anos"},"content":{"rendered":"<p>O m\u00fasico Dylan Carter, concorrente do The Voice norte-americano, morreu no s\u00e1bado, 25, na Carolina do Sul, aos 24 anos, num acidente de via\u00e7\u00e3o. A morte foi declarada acidental pelos investigadores.<\/p>\n<p>O carro em que seguia despistou-se por volta das 23h, saiu da estrada, colidiu com um poste de luz e uma cerca e capotou, referem as autoridades. Carter recebeu os primeiros socorros e foi transportado ao hospital, onde faleceu.<\/p>\n<p>O The Voice recebeu Carter em 2023, quando escolheu a m\u00fasica I Look to You, de Whitney Houston, para a prova. Na altura, indicou que Reba McEntire seria uma mentora que lhe poderia oferecer apoio emocional.<\/p>\n<p>A causa de morte foi confirmada como les\u00f5es provocadas por impacte de for\u00e7a contundente, pelo m\u00e9dico legista do Condado de Colleton, Richard M. Harvey. A avalia\u00e7\u00e3o concluiu que as circunst\u00e2ncias do acidente resultaram num \u00f3bito acidental.<\/p>\n","protected":false},"excerpt":{"rendered":"<ul>\n<li>Dylan Carter, concorrente do The Voice dos Estados Unidos, morreu no s\u00e1bado, 25, na Carolina do Sul, aos 24 anos.<\/li>\n<li>A causa de morte foi &#8220;les\u00f5es provocadas por impacto de for\u00e7a contundente&#8221;, conforme o m\u00e9dico legista do Condado de Colleton, Richard M. Harvey.<\/li>\n<li>A morte foi considerada acidental; o autom\u00f3vel despistou-se, saiu da estrada e colidiu com um poste de luz e uma cerca, antes de capotar.<\/li>\n<li>Carter recebeu primeiros socorros e foi levado ao hospital, mas n\u00e3o resistiu.<\/li>\n<li>No The Voice, em 2023, o cantor escolheu a m\u00fasica I Look to You, de Whitney Houston, e teve Reba McEntire como mentora, dizendo que ela poderia ser uma figura materna reconfortante; Carter tinha perdido a m\u00e3e h\u00e1 um ano.<\/li>\n<\/ul>\n","protected":false},"author":2,"featured_media":462348,"comment_status":"closed","ping_status":"closed","sticky":false,"template":"","format":"standard","meta":{"footnotes":""},"categories":[12,6676],"tags":[8341,7958,8320,8413,8233,1600],"class_list":["post-462342","post","type-post","status-publish","format-standard","has-post-thumbnail","hentry","category-entretenimento","category-musica","tag-_acidente","tag-_acidente-rodoviario","tag-_cantores","tag-_mortes","tag-_musica","tag-estados-unidos"],"yoast_head":"<!-- This site is optimized with the Yoast SEO plugin v27.2 - https:\/\/yoast.com\/product\/yoast-seo-wordpress\/ -->\n<title>M\u00fasico do The Voice morre aos 24 anos - Portal Tela Portugal<\/title>\n<meta name=\"robots\" content=\"index, follow, max-snippet:-1, max-image-preview:large, max-video-preview:-1\" \/>\n<meta property=\"og:locale\" content=\"pt_PT\" \/>\n<meta property=\"og:type\" content=\"article\" \/>\n<meta property=\"og:title\" content=\"M\u00fasico do The Voice morre aos 24 anos - Portal Tela Portugal\" \/>\n<meta property=\"og:description\" content=\"Dylan Carter, concorrente do The Voice dos Estados Unidos, morreu no s\u00e1bado, 25, na Carolina do Sul, aos 24 anos. A causa de morte foi &quot;les\u00f5es provocadas por impacto de for\u00e7a contundente&quot;, conforme o m\u00e9dico legista do Condado de Colleton, Richard M. Harvey. A morte foi considerada acidental; o autom\u00f3vel despistou-se, saiu da estrada e colidiu com um poste de luz e uma cerca, antes de capotar. Carter recebeu primeiros socorros e foi levado ao hospital, mas n\u00e3o resistiu. No The Voice, em 2023, o cantor escolheu a m\u00fasica I Look to You, de Whitney Houston, e teve Reba McEntire como mentora, dizendo que ela poderia ser uma figura materna reconfortante; Carter tinha perdido a m\u00e3e h\u00e1 um ano.\" \/>\n<meta property=\"og:url\" content=\"https:\/\/portaltela.pt\/noticias\/2026\/04\/30\/musico-do-the-voice-morre-aos-24-anos\/\" \/>\n<meta property=\"og:site_name\" content=\"Portal Tela Portugal\" \/>\n<meta property=\"article:published_time\" content=\"2026-04-30T12:03:21+00:00\" \/>\n<meta name=\"author\" content=\"Telinha\" \/>\n<meta name=\"twitter:card\" content=\"summary_large_image\" \/>\n<meta name=\"twitter:label1\" content=\"Escrito por\" \/>\n\t<meta name=\"twitter:data1\" content=\"Telinha\" \/>\n\t<meta name=\"twitter:label2\" content=\"Tempo estimado de leitura\" \/>\n\t<meta name=\"twitter:data2\" content=\"1 minuto\" \/>\n<script type=\"application\/ld+json\" class=\"yoast-schema-graph\">{\"@context\":\"https:\/\/schema.org\",\"@graph\":[{\"@type\":\"Article\",\"@id\":\"https:\/\/portaltela.pt\/noticias\/2026\/04\/30\/musico-do-the-voice-morre-aos-24-anos\/#article\",\"isPartOf\":{\"@id\":\"https:\/\/portaltela.pt\/noticias\/2026\/04\/30\/musico-do-the-voice-morre-aos-24-anos\/\"},\"author\":{\"name\":\"Telinha\",\"@id\":\"https:\/\/portaltela.pt\/#\/schema\/person\/c4278d4a6028830caff9ee44b42d32ed\"},\"headline\":\"M\u00fasico do The Voice morre aos 24 anos\",\"datePublished\":\"2026-04-30T12:03:21+00:00\",\"mainEntityOfPage\":{\"@id\":\"https:\/\/portaltela.pt\/noticias\/2026\/04\/30\/musico-do-the-voice-morre-aos-24-anos\/\"},\"wordCount\":156,\"image\":{\"@id\":\"https:\/\/portaltela.pt\/noticias\/2026\/04\/30\/musico-do-the-voice-morre-aos-24-anos\/#primaryimage\"},\"thumbnailUrl\":\"https:\/\/portaltela.pt\/s.01k8rhncp4jt1\/2026\/04\/img_1280x718uu2026-04-30-10-09-45-2281989-im-639131406009300475.jpg\",\"keywords\":[\"_acidente\",\"_acidente rodovi\u00e1rio\",\"_cantores\",\"_mortes\",\"_m\u00fasica\",\"Estados Unidos\"],\"articleSection\":[\"Entretenimento\",\"M\u00fasica\"],\"inLanguage\":\"pt-PT\"},{\"@type\":\"WebPage\",\"@id\":\"https:\/\/portaltela.pt\/noticias\/2026\/04\/30\/musico-do-the-voice-morre-aos-24-anos\/\",\"url\":\"https:\/\/portaltela.pt\/noticias\/2026\/04\/30\/musico-do-the-voice-morre-aos-24-anos\/\",\"name\":\"M\u00fasico do The Voice morre aos 24 anos - Portal Tela Portugal\",\"isPartOf\":{\"@id\":\"https:\/\/portaltela.pt\/#website\"},\"primaryImageOfPage\":{\"@id\":\"https:\/\/portaltela.pt\/noticias\/2026\/04\/30\/musico-do-the-voice-morre-aos-24-anos\/#primaryimage\"},\"image\":{\"@id\":\"https:\/\/portaltela.pt\/noticias\/2026\/04\/30\/musico-do-the-voice-morre-aos-24-anos\/#primaryimage\"},\"thumbnailUrl\":\"https:\/\/portaltela.pt\/s.01k8rhncp4jt1\/2026\/04\/img_1280x718uu2026-04-30-10-09-45-2281989-im-639131406009300475.jpg\",\"datePublished\":\"2026-04-30T12:03:21+00:00\",\"author\":{\"@id\":\"https:\/\/portaltela.pt\/#\/schema\/person\/c4278d4a6028830caff9ee44b42d32ed\"},\"breadcrumb\":{\"@id\":\"https:\/\/portaltela.pt\/noticias\/2026\/04\/30\/musico-do-the-voice-morre-aos-24-anos\/#breadcrumb\"},\"inLanguage\":\"pt-PT\",\"potentialAction\":[{\"@type\":\"ReadAction\",\"target\":[\"https:\/\/portaltela.pt\/noticias\/2026\/04\/30\/musico-do-the-voice-morre-aos-24-anos\/\"]}]},{\"@type\":\"ImageObject\",\"inLanguage\":\"pt-PT\",\"@id\":\"https:\/\/portaltela.pt\/noticias\/2026\/04\/30\/musico-do-the-voice-morre-aos-24-anos\/#primaryimage\",\"url\":\"https:\/\/portaltela.pt\/s.01k8rhncp4jt1\/2026\/04\/img_1280x718uu2026-04-30-10-09-45-2281989-im-639131406009300475.jpg\",\"contentUrl\":\"https:\/\/portaltela.pt\/s.01k8rhncp4jt1\/2026\/04\/img_1280x718uu2026-04-30-10-09-45-2281989-im-639131406009300475.jpg\",\"width\":1280,\"height\":718,\"caption\":\"Photo\"},{\"@type\":\"BreadcrumbList\",\"@id\":\"https:\/\/portaltela.pt\/noticias\/2026\/04\/30\/musico-do-the-voice-morre-aos-24-anos\/#breadcrumb\",\"itemListElement\":[{\"@type\":\"ListItem\",\"position\":1,\"name\":\"In\u00edcio\",\"item\":\"https:\/\/portaltela.pt\/\"},{\"@type\":\"ListItem\",\"position\":2,\"name\":\"M\u00fasico do The Voice morre aos 24 anos\"}]},{\"@type\":\"WebSite\",\"@id\":\"https:\/\/portaltela.pt\/#website\",\"url\":\"https:\/\/portaltela.pt\/\",\"name\":\"Portal Tela Portugal\",\"description\":\"\",\"potentialAction\":[{\"@type\":\"SearchAction\",\"target\":{\"@type\":\"EntryPoint\",\"urlTemplate\":\"https:\/\/portaltela.pt\/?s={search_term_string}\"},\"query-input\":{\"@type\":\"PropertyValueSpecification\",\"valueRequired\":true,\"valueName\":\"search_term_string\"}}],\"inLanguage\":\"pt-PT\"},{\"@type\":\"Person\",\"@id\":\"https:\/\/portaltela.pt\/#\/schema\/person\/c4278d4a6028830caff9ee44b42d32ed\",\"name\":\"Telinha\",\"image\":{\"@type\":\"ImageObject\",\"inLanguage\":\"pt-PT\",\"@id\":\"https:\/\/portaltela.pt\/s.01k8rhncp4jt1\/2025\/11\/talking-bot-125x125.png\",\"url\":\"https:\/\/portaltela.pt\/s.01k8rhncp4jt1\/2025\/11\/talking-bot-125x125.png\",\"contentUrl\":\"https:\/\/portaltela.pt\/s.01k8rhncp4jt1\/2025\/11\/talking-bot-125x125.png\",\"caption\":\"Telinha\"},\"sameAs\":[\"https:\/\/portaltela.pt\/\"],\"url\":\"https:\/\/portaltela.pt\/por\/367410592786\/\"}]}<\/script>\n<!-- \/ Yoast SEO plugin. -->","yoast_head_json":{"title":"M\u00fasico do The Voice morre aos 24 anos - Portal Tela Portugal","robots":{"index":"index","follow":"follow","max-snippet":"max-snippet:-1","max-image-preview":"max-image-preview:large","max-video-preview":"max-video-preview:-1"},"og_locale":"pt_PT","og_type":"article","og_title":"M\u00fasico do The Voice morre aos 24 anos - Portal Tela Portugal","og_description":"Dylan Carter, concorrente do The Voice dos Estados Unidos, morreu no s\u00e1bado, 25, na Carolina do Sul, aos 24 anos. A causa de morte foi \"les\u00f5es provocadas por impacto de for\u00e7a contundente\", conforme o m\u00e9dico legista do Condado de Colleton, Richard M. Harvey. A morte foi considerada acidental; o autom\u00f3vel despistou-se, saiu da estrada e colidiu com um poste de luz e uma cerca, antes de capotar. Carter recebeu primeiros socorros e foi levado ao hospital, mas n\u00e3o resistiu. No The Voice, em 2023, o cantor escolheu a m\u00fasica I Look to You, de Whitney Houston, e teve Reba McEntire como mentora, dizendo que ela poderia ser uma figura materna reconfortante; Carter tinha perdido a m\u00e3e h\u00e1 um ano.","og_url":"https:\/\/portaltela.pt\/noticias\/2026\/04\/30\/musico-do-the-voice-morre-aos-24-anos\/","og_site_name":"Portal Tela Portugal","article_published_time":"2026-04-30T12:03:21+00:00","author":"Telinha","twitter_card":"summary_large_image","twitter_misc":{"Escrito por":"Telinha","Tempo estimado de leitura":"1 minuto"},"schema":{"@context":"https:\/\/schema.org","@graph":[{"@type":"Article","@id":"https:\/\/portaltela.pt\/noticias\/2026\/04\/30\/musico-do-the-voice-morre-aos-24-anos\/#article","isPartOf":{"@id":"https:\/\/portaltela.pt\/noticias\/2026\/04\/30\/musico-do-the-voice-morre-aos-24-anos\/"},"author":{"name":"Telinha","@id":"https:\/\/portaltela.pt\/#\/schema\/person\/c4278d4a6028830caff9ee44b42d32ed"},"headline":"M\u00fasico do The Voice morre aos 24 anos","datePublished":"2026-04-30T12:03:21+00:00","mainEntityOfPage":{"@id":"https:\/\/portaltela.pt\/noticias\/2026\/04\/30\/musico-do-the-voice-morre-aos-24-anos\/"},"wordCount":156,"image":{"@id":"https:\/\/portaltela.pt\/noticias\/2026\/04\/30\/musico-do-the-voice-morre-aos-24-anos\/#primaryimage"},"thumbnailUrl":"https:\/\/portaltela.pt\/s.01k8rhncp4jt1\/2026\/04\/img_1280x718uu2026-04-30-10-09-45-2281989-im-639131406009300475.jpg","keywords":["_acidente","_acidente rodovi\u00e1rio","_cantores","_mortes","_m\u00fasica","Estados Unidos"],"articleSection":["Entretenimento","M\u00fasica"],"inLanguage":"pt-PT"},{"@type":"WebPage","@id":"https:\/\/portaltela.pt\/noticias\/2026\/04\/30\/musico-do-the-voice-morre-aos-24-anos\/","url":"https:\/\/portaltela.pt\/noticias\/2026\/04\/30\/musico-do-the-voice-morre-aos-24-anos\/","name":"M\u00fasico do The Voice morre aos 24 anos - Portal Tela Portugal","isPartOf":{"@id":"https:\/\/portaltela.pt\/#website"},"primaryImageOfPage":{"@id":"https:\/\/portaltela.pt\/noticias\/2026\/04\/30\/musico-do-the-voice-morre-aos-24-anos\/#primaryimage"},"image":{"@id":"https:\/\/portaltela.pt\/noticias\/2026\/04\/30\/musico-do-the-voice-morre-aos-24-anos\/#primaryimage"},"thumbnailUrl":"https:\/\/portaltela.pt\/s.01k8rhncp4jt1\/2026\/04\/img_1280x718uu2026-04-30-10-09-45-2281989-im-639131406009300475.jpg","datePublished":"2026-04-30T12:03:21+00:00","author":{"@id":"https:\/\/portaltela.pt\/#\/schema\/person\/c4278d4a6028830caff9ee44b42d32ed"},"breadcrumb":{"@id":"https:\/\/portaltela.pt\/noticias\/2026\/04\/30\/musico-do-the-voice-morre-aos-24-anos\/#breadcrumb"},"inLanguage":"pt-PT","potentialAction":[{"@type":"ReadAction","target":["https:\/\/portaltela.pt\/noticias\/2026\/04\/30\/musico-do-the-voice-morre-aos-24-anos\/"]}]},{"@type":"ImageObject","inLanguage":"pt-PT","@id":"https:\/\/portaltela.pt\/noticias\/2026\/04\/30\/musico-do-the-voice-morre-aos-24-anos\/#primaryimage","url":"https:\/\/portaltela.pt\/s.01k8rhncp4jt1\/2026\/04\/img_1280x718uu2026-04-30-10-09-45-2281989-im-639131406009300475.jpg","contentUrl":"https:\/\/portaltela.pt\/s.01k8rhncp4jt1\/2026\/04\/img_1280x718uu2026-04-30-10-09-45-2281989-im-639131406009300475.jpg","width":1280,"height":718,"caption":"Photo"},{"@type":"BreadcrumbList","@id":"https:\/\/portaltela.pt\/noticias\/2026\/04\/30\/musico-do-the-voice-morre-aos-24-anos\/#breadcrumb","itemListElement":[{"@type":"ListItem","position":1,"name":"In\u00edcio","item":"https:\/\/portaltela.pt\/"},{"@type":"ListItem","position":2,"name":"M\u00fasico do The Voice morre aos 24 anos"}]},{"@type":"WebSite","@id":"https:\/\/portaltela.pt\/#website","url":"https:\/\/portaltela.pt\/","name":"Portal Tela Portugal","description":"","potentialAction":[{"@type":"SearchAction","target":{"@type":"EntryPoint","urlTemplate":"https:\/\/portaltela.pt\/?s={search_term_string}"},"query-input":{"@type":"PropertyValueSpecification","valueRequired":true,"valueName":"search_term_string"}}],"inLanguage":"pt-PT"},{"@type":"Person","@id":"https:\/\/portaltela.pt\/#\/schema\/person\/c4278d4a6028830caff9ee44b42d32ed","name":"Telinha","image":{"@type":"ImageObject","inLanguage":"pt-PT","@id":"https:\/\/portaltela.pt\/s.01k8rhncp4jt1\/2025\/11\/talking-bot-125x125.png","url":"https:\/\/portaltela.pt\/s.01k8rhncp4jt1\/2025\/11\/talking-bot-125x125.png","contentUrl":"https:\/\/portaltela.pt\/s.01k8rhncp4jt1\/2025\/11\/talking-bot-125x125.png","caption":"Telinha"},"sameAs":["https:\/\/portaltela.pt\/"],"url":"https:\/\/portaltela.pt\/por\/367410592786\/"}]}},"_links":{"self":[{"href":"https:\/\/portaltela.pt\/api\/wp\/v2\/posts\/462342","targetHints":{"allow":["GET"]}}],"collection":[{"href":"https:\/\/portaltela.pt\/api\/wp\/v2\/posts"}],"about":[{"href":"https:\/\/portaltela.pt\/api\/wp\/v2\/types\/post"}],"author":[{"embeddable":true,"href":"https:\/\/portaltela.pt\/api\/wp\/v2\/users\/2"}],"replies":[{"embeddable":true,"href":"https:\/\/portaltela.pt\/api\/wp\/v2\/comments?post=462342"}],"version-history":[{"count":0,"href":"https:\/\/portaltela.pt\/api\/wp\/v2\/posts\/462342\/revisions"}],"wp:featuredmedia":[{"embeddable":true,"href":"https:\/\/portaltela.pt\/api\/wp\/v2\/media\/462348"}],"wp:attachment":[{"href":"https:\/\/portaltela.pt\/api\/wp\/v2\/media?parent=462342"}],"wp:term":[{"taxonomy":"category","embeddable":true,"href":"https:\/\/portaltela.pt\/api\/wp\/v2\/categories?post=462342"},{"taxonomy":"post_tag","embeddable":true,"href":"https:\/\/portaltela.pt\/api\/wp\/v2\/tags?post=462342"}],"curies":[{"name":"wp","href":"https:\/\/api.w.org\/{rel}","templated":true}]}}