{"id":462336,"date":"2026-04-30T09:03:12","date_gmt":"2026-04-30T12:03:12","guid":{"rendered":"https:\/\/portaltela.pt\/noticias\/2026\/04\/30\/policia-judiciaria-faz-buscas-na-aima-dos-acores-por-corrupcao\/"},"modified":"2026-04-30T09:03:12","modified_gmt":"2026-04-30T12:03:12","slug":"policia-judiciaria-faz-buscas-na-aima-dos-acores-por-corrupcao","status":"publish","type":"post","link":"https:\/\/portaltela.pt\/justica\/2026\/04\/30\/policia-judiciaria-faz-buscas-na-aima-dos-acores-por-corrupcao\/","title":{"rendered":"Pol\u00edcia Judici\u00e1ria faz buscas na AIMA dos A\u00e7ores por corrup\u00e7\u00e3o"},"content":{"rendered":"<p>A Pol\u00edcia Judici\u00e1ria realizou buscas esta quarta-feira no escrit\u00f3rio da Ag\u00eancia para a Integra\u00e7\u00e3o, Migra\u00e7\u00f5es e Asilo (AIMA) em Ponta Delgada, A\u00e7ores. A opera\u00e7\u00e3o, batizada Linha Directa, mira suspeitas de corrup\u00e7\u00e3o envolvendo funcion\u00e1rios p\u00fablicos. Motiva\u00e7\u00f5es apontadas incluem a atribui\u00e7\u00e3o de prioridade a atendimentos mediante contrapartidas de natureza patrimonial.<\/p>\n<p>As buscas estenderam-se a tr\u00eas resid\u00eancias, segundo o comunicado da PJ. Foi poss\u00edvel apreender um acervo documental significativo, especialmente dados inform\u00e1ticos e correspond\u00eancia eletr\u00f4nica. O inqu\u00e9rito \u00e9 conduzido pelo Departamento de Investiga\u00e7\u00e3o e A\u00e7\u00e3o Penal da comarca dos A\u00e7ores.<\/p>\n<p>Entre os crimes em investiga\u00e7\u00e3o est\u00e3o corrup\u00e7\u00e3o, abuso de poder e recebimento indevido de vantagem. Ainda n\u00e3o h\u00e1 arguidos formalmente indicados. A PJ n\u00e3o revelou qual organismo p\u00fablico est\u00e1 visado nem se houve acelera\u00e7\u00e3o de vistos ou a atribui\u00e7\u00e3o de vistos a estrangeiros que n\u00e3o satisfaziam os requisitos legais.<\/p>\n","protected":false},"excerpt":{"rendered":"<ul>\n<li>A Pol\u00edcia Judici\u00e1ria realizou buscas no escrit\u00f3rio da Ag\u00eancia para a Integra\u00e7\u00e3o, Migra\u00e7\u00f5es e Asilo (AIMA) em Ponta Delgada, nos A\u00e7ores, na quarta-feira, no \u00e2mbito da opera\u00e7\u00e3o batizada Linha Directa.<\/li>\n<li>A investiga\u00e7\u00e3o indica suspeitas de actos il\u00edcitos por funcion\u00e1rios p\u00fablicos, com a atribui\u00e7\u00e3o indevida de prioridade a atendimentos e processos mediante contrapartidas de natureza patrimonial.<\/li>\n<li>Entre os casos em an\u00e1lise est\u00e3o vistos de resid\u00eancia por via de vistos Gold, n\u00e3o estando ainda claro se houve acelera\u00e7\u00e3o de processos ou atribui\u00e7\u00e3o a pessoas que n\u00e3o preenchiam as condi\u00e7\u00f5es legais.<\/li>\n<li>Al\u00e9m de corrup\u00e7\u00e3o, o inqu\u00e9rito aponta ainda para abuso de poder e recebimento indevido de vantagem, segundo o comunicado da PJ.<\/li>\n<li>Foram ainda realizadas buscas a tr\u00eas resid\u00eancias, com apreens\u00e3o de acervo documental, incluindo dados inform\u00e1ticos e correspond\u00eancia eletr\u00f3nica; a investiga\u00e7\u00e3o ainda n\u00e3o tem arguidos.<\/li>\n<\/ul>\n","protected":false},"author":2,"featured_media":462339,"comment_status":"closed","ping_status":"closed","sticky":false,"template":"","format":"standard","meta":{"footnotes":""},"categories":[6907,6815],"tags":[8223,8835,8118,8844,8052,8162],"class_list":["post-462336","post","type-post","status-publish","format-standard","has-post-thumbnail","hentry","category-crime","category-justica","tag-_abuso-de-autoridade","tag-_abuso-de-poder","tag-_acores","tag-_aima","tag-_corrupcao","tag-_policia-judiciaria"],"yoast_head":"<!-- This site is optimized with the Yoast SEO plugin v27.2 - https:\/\/yoast.com\/product\/yoast-seo-wordpress\/ -->\n<title>Pol\u00edcia Judici\u00e1ria faz buscas na AIMA dos A\u00e7ores por corrup\u00e7\u00e3o - Portal Tela Portugal<\/title>\n<meta name=\"robots\" content=\"index, follow, max-snippet:-1, max-image-preview:large, max-video-preview:-1\" \/>\n<meta property=\"og:locale\" content=\"pt_PT\" \/>\n<meta property=\"og:type\" content=\"article\" \/>\n<meta property=\"og:title\" content=\"Pol\u00edcia Judici\u00e1ria faz buscas na AIMA dos A\u00e7ores por corrup\u00e7\u00e3o - Portal Tela Portugal\" \/>\n<meta property=\"og:description\" content=\"A Pol\u00edcia Judici\u00e1ria realizou buscas no escrit\u00f3rio da Ag\u00eancia para a Integra\u00e7\u00e3o, Migra\u00e7\u00f5es e Asilo (AIMA) em Ponta Delgada, nos A\u00e7ores, na quarta-feira, no \u00e2mbito da opera\u00e7\u00e3o batizada Linha Directa. A investiga\u00e7\u00e3o indica suspeitas de actos il\u00edcitos por funcion\u00e1rios p\u00fablicos, com a atribui\u00e7\u00e3o indevida de prioridade a atendimentos e processos mediante contrapartidas de natureza patrimonial. Entre os casos em an\u00e1lise est\u00e3o vistos de resid\u00eancia por via de vistos Gold, n\u00e3o estando ainda claro se houve acelera\u00e7\u00e3o de processos ou atribui\u00e7\u00e3o a pessoas que n\u00e3o preenchiam as condi\u00e7\u00f5es legais. Al\u00e9m de corrup\u00e7\u00e3o, o inqu\u00e9rito aponta ainda para abuso de poder e recebimento indevido de vantagem, segundo o comunicado da PJ. Foram ainda realizadas buscas a tr\u00eas resid\u00eancias, com apreens\u00e3o de acervo documental, incluindo dados inform\u00e1ticos e correspond\u00eancia eletr\u00f3nica; a investiga\u00e7\u00e3o ainda n\u00e3o tem arguidos.\" \/>\n<meta property=\"og:url\" content=\"https:\/\/portaltela.pt\/noticias\/2026\/04\/30\/policia-judiciaria-faz-buscas-na-aima-dos-acores-por-corrupcao\/\" \/>\n<meta property=\"og:site_name\" content=\"Portal Tela Portugal\" \/>\n<meta property=\"article:published_time\" content=\"2026-04-30T12:03:12+00:00\" \/>\n<meta name=\"author\" content=\"Telinha\" \/>\n<meta name=\"twitter:card\" content=\"summary_large_image\" \/>\n<meta name=\"twitter:label1\" content=\"Escrito por\" \/>\n\t<meta name=\"twitter:data1\" content=\"Telinha\" \/>\n\t<meta name=\"twitter:label2\" content=\"Tempo estimado de leitura\" \/>\n\t<meta name=\"twitter:data2\" content=\"1 minuto\" \/>\n<script type=\"application\/ld+json\" class=\"yoast-schema-graph\">{\"@context\":\"https:\/\/schema.org\",\"@graph\":[{\"@type\":\"Article\",\"@id\":\"https:\/\/portaltela.pt\/noticias\/2026\/04\/30\/policia-judiciaria-faz-buscas-na-aima-dos-acores-por-corrupcao\/#article\",\"isPartOf\":{\"@id\":\"https:\/\/portaltela.pt\/noticias\/2026\/04\/30\/policia-judiciaria-faz-buscas-na-aima-dos-acores-por-corrupcao\/\"},\"author\":{\"name\":\"Telinha\",\"@id\":\"https:\/\/portaltela.pt\/#\/schema\/person\/c4278d4a6028830caff9ee44b42d32ed\"},\"headline\":\"Pol\u00edcia Judici\u00e1ria faz buscas na AIMA dos A\u00e7ores por corrup\u00e7\u00e3o\",\"datePublished\":\"2026-04-30T12:03:12+00:00\",\"mainEntityOfPage\":{\"@id\":\"https:\/\/portaltela.pt\/noticias\/2026\/04\/30\/policia-judiciaria-faz-buscas-na-aima-dos-acores-por-corrupcao\/\"},\"wordCount\":181,\"image\":{\"@id\":\"https:\/\/portaltela.pt\/noticias\/2026\/04\/30\/policia-judiciaria-faz-buscas-na-aima-dos-acores-por-corrupcao\/#primaryimage\"},\"thumbnailUrl\":\"https:\/\/portaltela.pt\/s.01k8rhncp4jt1\/2026\/04\/2085195.jpg\",\"keywords\":[\"_abuso de autoridade\",\"_abuso de poder\",\"_A\u00e7ores\",\"_AIMA\",\"_corrup\u00e7\u00e3o\",\"_Pol\u00edcia Judici\u00e1ria\"],\"articleSection\":[\"Crime\",\"Justi\u00e7a\"],\"inLanguage\":\"pt-PT\"},{\"@type\":\"WebPage\",\"@id\":\"https:\/\/portaltela.pt\/noticias\/2026\/04\/30\/policia-judiciaria-faz-buscas-na-aima-dos-acores-por-corrupcao\/\",\"url\":\"https:\/\/portaltela.pt\/noticias\/2026\/04\/30\/policia-judiciaria-faz-buscas-na-aima-dos-acores-por-corrupcao\/\",\"name\":\"Pol\u00edcia Judici\u00e1ria faz buscas na AIMA dos A\u00e7ores por corrup\u00e7\u00e3o - Portal Tela Portugal\",\"isPartOf\":{\"@id\":\"https:\/\/portaltela.pt\/#website\"},\"primaryImageOfPage\":{\"@id\":\"https:\/\/portaltela.pt\/noticias\/2026\/04\/30\/policia-judiciaria-faz-buscas-na-aima-dos-acores-por-corrupcao\/#primaryimage\"},\"image\":{\"@id\":\"https:\/\/portaltela.pt\/noticias\/2026\/04\/30\/policia-judiciaria-faz-buscas-na-aima-dos-acores-por-corrupcao\/#primaryimage\"},\"thumbnailUrl\":\"https:\/\/portaltela.pt\/s.01k8rhncp4jt1\/2026\/04\/2085195.jpg\",\"datePublished\":\"2026-04-30T12:03:12+00:00\",\"author\":{\"@id\":\"https:\/\/portaltela.pt\/#\/schema\/person\/c4278d4a6028830caff9ee44b42d32ed\"},\"breadcrumb\":{\"@id\":\"https:\/\/portaltela.pt\/noticias\/2026\/04\/30\/policia-judiciaria-faz-buscas-na-aima-dos-acores-por-corrupcao\/#breadcrumb\"},\"inLanguage\":\"pt-PT\",\"potentialAction\":[{\"@type\":\"ReadAction\",\"target\":[\"https:\/\/portaltela.pt\/noticias\/2026\/04\/30\/policia-judiciaria-faz-buscas-na-aima-dos-acores-por-corrupcao\/\"]}]},{\"@type\":\"ImageObject\",\"inLanguage\":\"pt-PT\",\"@id\":\"https:\/\/portaltela.pt\/noticias\/2026\/04\/30\/policia-judiciaria-faz-buscas-na-aima-dos-acores-por-corrupcao\/#primaryimage\",\"url\":\"https:\/\/portaltela.pt\/s.01k8rhncp4jt1\/2026\/04\/2085195.jpg\",\"contentUrl\":\"https:\/\/portaltela.pt\/s.01k8rhncp4jt1\/2026\/04\/2085195.jpg\",\"width\":796,\"height\":448,\"caption\":\"Est\u00e1 em causa, entre outras coisas, a atribui\u00e7\u00e3o de vistos gold\"},{\"@type\":\"BreadcrumbList\",\"@id\":\"https:\/\/portaltela.pt\/noticias\/2026\/04\/30\/policia-judiciaria-faz-buscas-na-aima-dos-acores-por-corrupcao\/#breadcrumb\",\"itemListElement\":[{\"@type\":\"ListItem\",\"position\":1,\"name\":\"In\u00edcio\",\"item\":\"https:\/\/portaltela.pt\/\"},{\"@type\":\"ListItem\",\"position\":2,\"name\":\"Pol\u00edcia Judici\u00e1ria faz buscas na AIMA dos A\u00e7ores por corrup\u00e7\u00e3o\"}]},{\"@type\":\"WebSite\",\"@id\":\"https:\/\/portaltela.pt\/#website\",\"url\":\"https:\/\/portaltela.pt\/\",\"name\":\"Portal Tela Portugal\",\"description\":\"\",\"potentialAction\":[{\"@type\":\"SearchAction\",\"target\":{\"@type\":\"EntryPoint\",\"urlTemplate\":\"https:\/\/portaltela.pt\/?s={search_term_string}\"},\"query-input\":{\"@type\":\"PropertyValueSpecification\",\"valueRequired\":true,\"valueName\":\"search_term_string\"}}],\"inLanguage\":\"pt-PT\"},{\"@type\":\"Person\",\"@id\":\"https:\/\/portaltela.pt\/#\/schema\/person\/c4278d4a6028830caff9ee44b42d32ed\",\"name\":\"Telinha\",\"image\":{\"@type\":\"ImageObject\",\"inLanguage\":\"pt-PT\",\"@id\":\"https:\/\/portaltela.pt\/s.01k8rhncp4jt1\/2025\/11\/talking-bot-125x125.png\",\"url\":\"https:\/\/portaltela.pt\/s.01k8rhncp4jt1\/2025\/11\/talking-bot-125x125.png\",\"contentUrl\":\"https:\/\/portaltela.pt\/s.01k8rhncp4jt1\/2025\/11\/talking-bot-125x125.png\",\"caption\":\"Telinha\"},\"sameAs\":[\"https:\/\/portaltela.pt\/\"],\"url\":\"https:\/\/portaltela.pt\/por\/367410592786\/\"}]}<\/script>\n<!-- \/ Yoast SEO plugin. -->","yoast_head_json":{"title":"Pol\u00edcia Judici\u00e1ria faz buscas na AIMA dos A\u00e7ores por corrup\u00e7\u00e3o - Portal Tela Portugal","robots":{"index":"index","follow":"follow","max-snippet":"max-snippet:-1","max-image-preview":"max-image-preview:large","max-video-preview":"max-video-preview:-1"},"og_locale":"pt_PT","og_type":"article","og_title":"Pol\u00edcia Judici\u00e1ria faz buscas na AIMA dos A\u00e7ores por corrup\u00e7\u00e3o - Portal Tela Portugal","og_description":"A Pol\u00edcia Judici\u00e1ria realizou buscas no escrit\u00f3rio da Ag\u00eancia para a Integra\u00e7\u00e3o, Migra\u00e7\u00f5es e Asilo (AIMA) em Ponta Delgada, nos A\u00e7ores, na quarta-feira, no \u00e2mbito da opera\u00e7\u00e3o batizada Linha Directa. A investiga\u00e7\u00e3o indica suspeitas de actos il\u00edcitos por funcion\u00e1rios p\u00fablicos, com a atribui\u00e7\u00e3o indevida de prioridade a atendimentos e processos mediante contrapartidas de natureza patrimonial. Entre os casos em an\u00e1lise est\u00e3o vistos de resid\u00eancia por via de vistos Gold, n\u00e3o estando ainda claro se houve acelera\u00e7\u00e3o de processos ou atribui\u00e7\u00e3o a pessoas que n\u00e3o preenchiam as condi\u00e7\u00f5es legais. Al\u00e9m de corrup\u00e7\u00e3o, o inqu\u00e9rito aponta ainda para abuso de poder e recebimento indevido de vantagem, segundo o comunicado da PJ. Foram ainda realizadas buscas a tr\u00eas resid\u00eancias, com apreens\u00e3o de acervo documental, incluindo dados inform\u00e1ticos e correspond\u00eancia eletr\u00f3nica; a investiga\u00e7\u00e3o ainda n\u00e3o tem arguidos.","og_url":"https:\/\/portaltela.pt\/noticias\/2026\/04\/30\/policia-judiciaria-faz-buscas-na-aima-dos-acores-por-corrupcao\/","og_site_name":"Portal Tela Portugal","article_published_time":"2026-04-30T12:03:12+00:00","author":"Telinha","twitter_card":"summary_large_image","twitter_misc":{"Escrito por":"Telinha","Tempo estimado de leitura":"1 minuto"},"schema":{"@context":"https:\/\/schema.org","@graph":[{"@type":"Article","@id":"https:\/\/portaltela.pt\/noticias\/2026\/04\/30\/policia-judiciaria-faz-buscas-na-aima-dos-acores-por-corrupcao\/#article","isPartOf":{"@id":"https:\/\/portaltela.pt\/noticias\/2026\/04\/30\/policia-judiciaria-faz-buscas-na-aima-dos-acores-por-corrupcao\/"},"author":{"name":"Telinha","@id":"https:\/\/portaltela.pt\/#\/schema\/person\/c4278d4a6028830caff9ee44b42d32ed"},"headline":"Pol\u00edcia Judici\u00e1ria faz buscas na AIMA dos A\u00e7ores por corrup\u00e7\u00e3o","datePublished":"2026-04-30T12:03:12+00:00","mainEntityOfPage":{"@id":"https:\/\/portaltela.pt\/noticias\/2026\/04\/30\/policia-judiciaria-faz-buscas-na-aima-dos-acores-por-corrupcao\/"},"wordCount":181,"image":{"@id":"https:\/\/portaltela.pt\/noticias\/2026\/04\/30\/policia-judiciaria-faz-buscas-na-aima-dos-acores-por-corrupcao\/#primaryimage"},"thumbnailUrl":"https:\/\/portaltela.pt\/s.01k8rhncp4jt1\/2026\/04\/2085195.jpg","keywords":["_abuso de autoridade","_abuso de poder","_A\u00e7ores","_AIMA","_corrup\u00e7\u00e3o","_Pol\u00edcia Judici\u00e1ria"],"articleSection":["Crime","Justi\u00e7a"],"inLanguage":"pt-PT"},{"@type":"WebPage","@id":"https:\/\/portaltela.pt\/noticias\/2026\/04\/30\/policia-judiciaria-faz-buscas-na-aima-dos-acores-por-corrupcao\/","url":"https:\/\/portaltela.pt\/noticias\/2026\/04\/30\/policia-judiciaria-faz-buscas-na-aima-dos-acores-por-corrupcao\/","name":"Pol\u00edcia Judici\u00e1ria faz buscas na AIMA dos A\u00e7ores por corrup\u00e7\u00e3o - Portal Tela Portugal","isPartOf":{"@id":"https:\/\/portaltela.pt\/#website"},"primaryImageOfPage":{"@id":"https:\/\/portaltela.pt\/noticias\/2026\/04\/30\/policia-judiciaria-faz-buscas-na-aima-dos-acores-por-corrupcao\/#primaryimage"},"image":{"@id":"https:\/\/portaltela.pt\/noticias\/2026\/04\/30\/policia-judiciaria-faz-buscas-na-aima-dos-acores-por-corrupcao\/#primaryimage"},"thumbnailUrl":"https:\/\/portaltela.pt\/s.01k8rhncp4jt1\/2026\/04\/2085195.jpg","datePublished":"2026-04-30T12:03:12+00:00","author":{"@id":"https:\/\/portaltela.pt\/#\/schema\/person\/c4278d4a6028830caff9ee44b42d32ed"},"breadcrumb":{"@id":"https:\/\/portaltela.pt\/noticias\/2026\/04\/30\/policia-judiciaria-faz-buscas-na-aima-dos-acores-por-corrupcao\/#breadcrumb"},"inLanguage":"pt-PT","potentialAction":[{"@type":"ReadAction","target":["https:\/\/portaltela.pt\/noticias\/2026\/04\/30\/policia-judiciaria-faz-buscas-na-aima-dos-acores-por-corrupcao\/"]}]},{"@type":"ImageObject","inLanguage":"pt-PT","@id":"https:\/\/portaltela.pt\/noticias\/2026\/04\/30\/policia-judiciaria-faz-buscas-na-aima-dos-acores-por-corrupcao\/#primaryimage","url":"https:\/\/portaltela.pt\/s.01k8rhncp4jt1\/2026\/04\/2085195.jpg","contentUrl":"https:\/\/portaltela.pt\/s.01k8rhncp4jt1\/2026\/04\/2085195.jpg","width":796,"height":448,"caption":"Est\u00e1 em causa, entre outras coisas, a atribui\u00e7\u00e3o de vistos gold"},{"@type":"BreadcrumbList","@id":"https:\/\/portaltela.pt\/noticias\/2026\/04\/30\/policia-judiciaria-faz-buscas-na-aima-dos-acores-por-corrupcao\/#breadcrumb","itemListElement":[{"@type":"ListItem","position":1,"name":"In\u00edcio","item":"https:\/\/portaltela.pt\/"},{"@type":"ListItem","position":2,"name":"Pol\u00edcia Judici\u00e1ria faz buscas na AIMA dos A\u00e7ores por corrup\u00e7\u00e3o"}]},{"@type":"WebSite","@id":"https:\/\/portaltela.pt\/#website","url":"https:\/\/portaltela.pt\/","name":"Portal Tela Portugal","description":"","potentialAction":[{"@type":"SearchAction","target":{"@type":"EntryPoint","urlTemplate":"https:\/\/portaltela.pt\/?s={search_term_string}"},"query-input":{"@type":"PropertyValueSpecification","valueRequired":true,"valueName":"search_term_string"}}],"inLanguage":"pt-PT"},{"@type":"Person","@id":"https:\/\/portaltela.pt\/#\/schema\/person\/c4278d4a6028830caff9ee44b42d32ed","name":"Telinha","image":{"@type":"ImageObject","inLanguage":"pt-PT","@id":"https:\/\/portaltela.pt\/s.01k8rhncp4jt1\/2025\/11\/talking-bot-125x125.png","url":"https:\/\/portaltela.pt\/s.01k8rhncp4jt1\/2025\/11\/talking-bot-125x125.png","contentUrl":"https:\/\/portaltela.pt\/s.01k8rhncp4jt1\/2025\/11\/talking-bot-125x125.png","caption":"Telinha"},"sameAs":["https:\/\/portaltela.pt\/"],"url":"https:\/\/portaltela.pt\/por\/367410592786\/"}]}},"_links":{"self":[{"href":"https:\/\/portaltela.pt\/api\/wp\/v2\/posts\/462336","targetHints":{"allow":["GET"]}}],"collection":[{"href":"https:\/\/portaltela.pt\/api\/wp\/v2\/posts"}],"about":[{"href":"https:\/\/portaltela.pt\/api\/wp\/v2\/types\/post"}],"author":[{"embeddable":true,"href":"https:\/\/portaltela.pt\/api\/wp\/v2\/users\/2"}],"replies":[{"embeddable":true,"href":"https:\/\/portaltela.pt\/api\/wp\/v2\/comments?post=462336"}],"version-history":[{"count":0,"href":"https:\/\/portaltela.pt\/api\/wp\/v2\/posts\/462336\/revisions"}],"wp:featuredmedia":[{"embeddable":true,"href":"https:\/\/portaltela.pt\/api\/wp\/v2\/media\/462339"}],"wp:attachment":[{"href":"https:\/\/portaltela.pt\/api\/wp\/v2\/media?parent=462336"}],"wp:term":[{"taxonomy":"category","embeddable":true,"href":"https:\/\/portaltela.pt\/api\/wp\/v2\/categories?post=462336"},{"taxonomy":"post_tag","embeddable":true,"href":"https:\/\/portaltela.pt\/api\/wp\/v2\/tags?post=462336"}],"curies":[{"name":"wp","href":"https:\/\/api.w.org\/{rel}","templated":true}]}}