{"id":462335,"date":"2026-04-30T09:03:10","date_gmt":"2026-04-30T12:03:10","guid":{"rendered":"https:\/\/portaltela.pt\/noticias\/2026\/04\/30\/psp-constitui-arguidos-tres-alunos-do-colegio-moderno-por-agressao-a-iraquiano\/"},"modified":"2026-04-30T09:03:10","modified_gmt":"2026-04-30T12:03:10","slug":"psp-constitui-arguidos-tres-alunos-do-colegio-moderno-por-agressao-a-iraquiano","status":"publish","type":"post","link":"https:\/\/portaltela.pt\/noticias\/2026\/04\/30\/psp-constitui-arguidos-tres-alunos-do-colegio-moderno-por-agressao-a-iraquiano\/","title":{"rendered":"PSP constitui arguidos tr\u00eas alunos do Col\u00e9gio Moderno por agress\u00e3o a iraquiano"},"content":{"rendered":"<p>O Instituto de Seguran\u00e7a P\u00fablica confirmou que a PSP constituiu tr\u00eas arguidos por agress\u00f5es envolvendo um refugiado iraquiano que vive em Portugal desde 2019. O incidente ocorreu na noite de 24 de Abril na zona da Alameda, em Lisboa, perto do metro, tendo o homem recebido atendimento hospitalar.<\/p>\n<p>A PSP identificou ainda oito jovens, com idades entre 16 e 17 anos, incluindo uma rapariga, como suspeitos de participa\u00e7\u00e3o nas agress\u00f5es. Todos s\u00e3o alunos do Col\u00e9gio Moderno. A direc\u00e7\u00e3o da institui\u00e7\u00e3o expressou preocupa\u00e7\u00e3o e reiterou o combate a qualquer forma de viol\u00eancia.<\/p>\n<p>O iraquiano Omar Al-Hayali, 27 anos, ficou ferido com gravidade durante o ataque, que envolveu estilha\u00e7os de vidro e agress\u00f5es repetidas. O hospital avaliou m\u00faltiplos ferimentos, incluindo um ferimento profundo na testa, suturado com 15 pontos, bem como ferimentos na cabe\u00e7a e no rosto.<\/p>\n<p>A agress\u00e3o ter\u00e1 terminado apenas quando o grupo deixou de sangrar, alegou Omar, que tamb\u00e9m sustentou ter tido a bicicleta roubada. Testemunhas filmaram parte do acontecimento e restam v\u00eddeos que poder\u00e3o servir de prova. A queixa foi apresentada a 27 de Abril na esquadra da Rua da Palma.<\/p>\n<h3>Rea\u00e7\u00e3o da escola<\/h3>\n<p>A dire\u00e7\u00e3o do Col\u00e9gio Moderno afirmou que condena qualquer viol\u00eancia e est\u00e1 preocupada com o caso. A respons\u00e1vel educativa indicou que apenas uma aluna tinha sido identificada at\u00e9 ao momento e que ser\u00e3o avaliadas medidas futuras, embora n\u00e3o tenham sido comunicadas decis\u00f5es ao p\u00fablico.<\/p>\n","protected":false},"excerpt":{"rendered":"<ul>\n<li>A PSP constituiu tr\u00eas jovens como arguidos por ofensas \u00e0 integridade f\u00edsica e identificou oito outros suspeitos, com idades entre 16 e 17 anos, entre os quais uma rapariga; todos s\u00e3o alunos do Col\u00e9gio Moderno.<\/li>\n<li>O caso envolve uma agress\u00e3o a Omar Al-Hayali, iraquiano que vive em Portugal desde 2019, ocorrida na noite de 24 de Abril, na zona da Alameda em Lisboa, perto do metro.<\/li>\n<li>Omar descreveu que, sem provoca\u00e7\u00e3o, foi cercado por um grupo de jovens que lhe desferiu golpes na bicicleta e no corpo; recebeu inj\u00farias n\u00e3o xen\u00f3fobas, cachos de vidro na cabe\u00e7a e uma pedra, causando ferimentos com pontos de sutura.<\/li>\n<li>A dire\u00e7\u00e3o do Col\u00e9gio Moderno disse estar preocupada e reiterou que n\u00e3o admite viol\u00eancia, afirmando que v\u00e3o avaliar medidas a tomar; at\u00e9 agora apenas uma aluna havia sido identificada pela institui\u00e7\u00e3o.<\/li>\n<li>A queixa foi apresentada no dia 27, na esquadra da Rua da Palma; h\u00e1 v\u00eddeos que registam parte do incidente e depoimentos que ajudam a identificar os suspeitos.<\/li>\n<\/ul>\n","protected":false},"author":2,"featured_media":462338,"comment_status":"closed","ping_status":"closed","sticky":false,"template":"","format":"standard","meta":{"footnotes":""},"categories":[7386,1],"tags":[5018,2754,2079,6668,981,8332],"class_list":["post-462335","post","type-post","status-publish","format-standard","has-post-thumbnail","hentry","category-crimes-contra-a-pessoa","category-noticias","tag-adolescentes","tag-agressao","tag-agressoes","tag-alameda","tag-lisboa","tag-refugiados"],"yoast_head":"<!-- This site is optimized with the Yoast SEO plugin v27.2 - https:\/\/yoast.com\/product\/yoast-seo-wordpress\/ -->\n<title>PSP constitui arguidos tr\u00eas alunos do Col\u00e9gio Moderno por agress\u00e3o a iraquiano - Portal Tela Portugal<\/title>\n<meta name=\"robots\" content=\"index, follow, max-snippet:-1, max-image-preview:large, max-video-preview:-1\" \/>\n<meta property=\"og:locale\" content=\"pt_PT\" \/>\n<meta property=\"og:type\" content=\"article\" \/>\n<meta property=\"og:title\" content=\"PSP constitui arguidos tr\u00eas alunos do Col\u00e9gio Moderno por agress\u00e3o a iraquiano - Portal Tela Portugal\" \/>\n<meta property=\"og:description\" content=\"A PSP constituiu tr\u00eas jovens como arguidos por ofensas \u00e0 integridade f\u00edsica e identificou oito outros suspeitos, com idades entre 16 e 17 anos, entre os quais uma rapariga; todos s\u00e3o alunos do Col\u00e9gio Moderno. O caso envolve uma agress\u00e3o a Omar Al-Hayali, iraquiano que vive em Portugal desde 2019, ocorrida na noite de 24 de Abril, na zona da Alameda em Lisboa, perto do metro. Omar descreveu que, sem provoca\u00e7\u00e3o, foi cercado por um grupo de jovens que lhe desferiu golpes na bicicleta e no corpo; recebeu inj\u00farias n\u00e3o xen\u00f3fobas, cachos de vidro na cabe\u00e7a e uma pedra, causando ferimentos com pontos de sutura. A dire\u00e7\u00e3o do Col\u00e9gio Moderno disse estar preocupada e reiterou que n\u00e3o admite viol\u00eancia, afirmando que v\u00e3o avaliar medidas a tomar; at\u00e9 agora apenas uma aluna havia sido identificada pela institui\u00e7\u00e3o. A queixa foi apresentada no dia 27, na esquadra da Rua da Palma; h\u00e1 v\u00eddeos que registam parte do incidente e depoimentos que ajudam a identificar os suspeitos.\" \/>\n<meta property=\"og:url\" content=\"https:\/\/portaltela.pt\/noticias\/2026\/04\/30\/psp-constitui-arguidos-tres-alunos-do-colegio-moderno-por-agressao-a-iraquiano\/\" \/>\n<meta property=\"og:site_name\" content=\"Portal Tela Portugal\" \/>\n<meta property=\"article:published_time\" content=\"2026-04-30T12:03:10+00:00\" \/>\n<meta name=\"author\" content=\"Telinha\" \/>\n<meta name=\"twitter:card\" content=\"summary_large_image\" \/>\n<meta name=\"twitter:label1\" content=\"Escrito por\" \/>\n\t<meta name=\"twitter:data1\" content=\"Telinha\" \/>\n\t<meta name=\"twitter:label2\" content=\"Tempo estimado de leitura\" \/>\n\t<meta name=\"twitter:data2\" content=\"1 minuto\" \/>\n<script type=\"application\/ld+json\" class=\"yoast-schema-graph\">{\"@context\":\"https:\/\/schema.org\",\"@graph\":[{\"@type\":\"Article\",\"@id\":\"https:\/\/portaltela.pt\/noticias\/2026\/04\/30\/psp-constitui-arguidos-tres-alunos-do-colegio-moderno-por-agressao-a-iraquiano\/#article\",\"isPartOf\":{\"@id\":\"https:\/\/portaltela.pt\/noticias\/2026\/04\/30\/psp-constitui-arguidos-tres-alunos-do-colegio-moderno-por-agressao-a-iraquiano\/\"},\"author\":{\"name\":\"Telinha\",\"@id\":\"https:\/\/portaltela.pt\/#\/schema\/person\/c4278d4a6028830caff9ee44b42d32ed\"},\"headline\":\"PSP constitui arguidos tr\u00eas alunos do Col\u00e9gio Moderno por agress\u00e3o a iraquiano\",\"datePublished\":\"2026-04-30T12:03:10+00:00\",\"mainEntityOfPage\":{\"@id\":\"https:\/\/portaltela.pt\/noticias\/2026\/04\/30\/psp-constitui-arguidos-tres-alunos-do-colegio-moderno-por-agressao-a-iraquiano\/\"},\"wordCount\":267,\"image\":{\"@id\":\"https:\/\/portaltela.pt\/noticias\/2026\/04\/30\/psp-constitui-arguidos-tres-alunos-do-colegio-moderno-por-agressao-a-iraquiano\/#primaryimage\"},\"thumbnailUrl\":\"https:\/\/portaltela.pt\/s.01k8rhncp4jt1\/2026\/04\/2085175.jpg\",\"keywords\":[\"adolescentes\",\"agress\u00e3o\",\"agress\u00f5es\",\"Alameda\",\"Lisboa\",\"refugiados\"],\"articleSection\":[\"Crimes contra a pessoa\",\"Not\u00edcias\"],\"inLanguage\":\"pt-PT\"},{\"@type\":\"WebPage\",\"@id\":\"https:\/\/portaltela.pt\/noticias\/2026\/04\/30\/psp-constitui-arguidos-tres-alunos-do-colegio-moderno-por-agressao-a-iraquiano\/\",\"url\":\"https:\/\/portaltela.pt\/noticias\/2026\/04\/30\/psp-constitui-arguidos-tres-alunos-do-colegio-moderno-por-agressao-a-iraquiano\/\",\"name\":\"PSP constitui arguidos tr\u00eas alunos do Col\u00e9gio Moderno por agress\u00e3o a iraquiano - Portal Tela Portugal\",\"isPartOf\":{\"@id\":\"https:\/\/portaltela.pt\/#website\"},\"primaryImageOfPage\":{\"@id\":\"https:\/\/portaltela.pt\/noticias\/2026\/04\/30\/psp-constitui-arguidos-tres-alunos-do-colegio-moderno-por-agressao-a-iraquiano\/#primaryimage\"},\"image\":{\"@id\":\"https:\/\/portaltela.pt\/noticias\/2026\/04\/30\/psp-constitui-arguidos-tres-alunos-do-colegio-moderno-por-agressao-a-iraquiano\/#primaryimage\"},\"thumbnailUrl\":\"https:\/\/portaltela.pt\/s.01k8rhncp4jt1\/2026\/04\/2085175.jpg\",\"datePublished\":\"2026-04-30T12:03:10+00:00\",\"author\":{\"@id\":\"https:\/\/portaltela.pt\/#\/schema\/person\/c4278d4a6028830caff9ee44b42d32ed\"},\"breadcrumb\":{\"@id\":\"https:\/\/portaltela.pt\/noticias\/2026\/04\/30\/psp-constitui-arguidos-tres-alunos-do-colegio-moderno-por-agressao-a-iraquiano\/#breadcrumb\"},\"inLanguage\":\"pt-PT\",\"potentialAction\":[{\"@type\":\"ReadAction\",\"target\":[\"https:\/\/portaltela.pt\/noticias\/2026\/04\/30\/psp-constitui-arguidos-tres-alunos-do-colegio-moderno-por-agressao-a-iraquiano\/\"]}]},{\"@type\":\"ImageObject\",\"inLanguage\":\"pt-PT\",\"@id\":\"https:\/\/portaltela.pt\/noticias\/2026\/04\/30\/psp-constitui-arguidos-tres-alunos-do-colegio-moderno-por-agressao-a-iraquiano\/#primaryimage\",\"url\":\"https:\/\/portaltela.pt\/s.01k8rhncp4jt1\/2026\/04\/2085175.jpg\",\"contentUrl\":\"https:\/\/portaltela.pt\/s.01k8rhncp4jt1\/2026\/04\/2085175.jpg\",\"width\":796,\"height\":448,\"caption\":\"O Col\u00e9gio Moderno tem alunos desde o infant\u00e1rio at\u00e9 ao secund\u00e1rio\"},{\"@type\":\"BreadcrumbList\",\"@id\":\"https:\/\/portaltela.pt\/noticias\/2026\/04\/30\/psp-constitui-arguidos-tres-alunos-do-colegio-moderno-por-agressao-a-iraquiano\/#breadcrumb\",\"itemListElement\":[{\"@type\":\"ListItem\",\"position\":1,\"name\":\"In\u00edcio\",\"item\":\"https:\/\/portaltela.pt\/\"},{\"@type\":\"ListItem\",\"position\":2,\"name\":\"PSP constitui arguidos tr\u00eas alunos do Col\u00e9gio Moderno por agress\u00e3o a iraquiano\"}]},{\"@type\":\"WebSite\",\"@id\":\"https:\/\/portaltela.pt\/#website\",\"url\":\"https:\/\/portaltela.pt\/\",\"name\":\"Portal Tela Portugal\",\"description\":\"\",\"potentialAction\":[{\"@type\":\"SearchAction\",\"target\":{\"@type\":\"EntryPoint\",\"urlTemplate\":\"https:\/\/portaltela.pt\/?s={search_term_string}\"},\"query-input\":{\"@type\":\"PropertyValueSpecification\",\"valueRequired\":true,\"valueName\":\"search_term_string\"}}],\"inLanguage\":\"pt-PT\"},{\"@type\":\"Person\",\"@id\":\"https:\/\/portaltela.pt\/#\/schema\/person\/c4278d4a6028830caff9ee44b42d32ed\",\"name\":\"Telinha\",\"image\":{\"@type\":\"ImageObject\",\"inLanguage\":\"pt-PT\",\"@id\":\"https:\/\/portaltela.pt\/s.01k8rhncp4jt1\/2025\/11\/talking-bot-125x125.png\",\"url\":\"https:\/\/portaltela.pt\/s.01k8rhncp4jt1\/2025\/11\/talking-bot-125x125.png\",\"contentUrl\":\"https:\/\/portaltela.pt\/s.01k8rhncp4jt1\/2025\/11\/talking-bot-125x125.png\",\"caption\":\"Telinha\"},\"sameAs\":[\"https:\/\/portaltela.pt\/\"],\"url\":\"https:\/\/portaltela.pt\/por\/367410592786\/\"}]}<\/script>\n<!-- \/ Yoast SEO plugin. -->","yoast_head_json":{"title":"PSP constitui arguidos tr\u00eas alunos do Col\u00e9gio Moderno por agress\u00e3o a iraquiano - Portal Tela Portugal","robots":{"index":"index","follow":"follow","max-snippet":"max-snippet:-1","max-image-preview":"max-image-preview:large","max-video-preview":"max-video-preview:-1"},"og_locale":"pt_PT","og_type":"article","og_title":"PSP constitui arguidos tr\u00eas alunos do Col\u00e9gio Moderno por agress\u00e3o a iraquiano - Portal Tela Portugal","og_description":"A PSP constituiu tr\u00eas jovens como arguidos por ofensas \u00e0 integridade f\u00edsica e identificou oito outros suspeitos, com idades entre 16 e 17 anos, entre os quais uma rapariga; todos s\u00e3o alunos do Col\u00e9gio Moderno. O caso envolve uma agress\u00e3o a Omar Al-Hayali, iraquiano que vive em Portugal desde 2019, ocorrida na noite de 24 de Abril, na zona da Alameda em Lisboa, perto do metro. Omar descreveu que, sem provoca\u00e7\u00e3o, foi cercado por um grupo de jovens que lhe desferiu golpes na bicicleta e no corpo; recebeu inj\u00farias n\u00e3o xen\u00f3fobas, cachos de vidro na cabe\u00e7a e uma pedra, causando ferimentos com pontos de sutura. A dire\u00e7\u00e3o do Col\u00e9gio Moderno disse estar preocupada e reiterou que n\u00e3o admite viol\u00eancia, afirmando que v\u00e3o avaliar medidas a tomar; at\u00e9 agora apenas uma aluna havia sido identificada pela institui\u00e7\u00e3o. A queixa foi apresentada no dia 27, na esquadra da Rua da Palma; h\u00e1 v\u00eddeos que registam parte do incidente e depoimentos que ajudam a identificar os suspeitos.","og_url":"https:\/\/portaltela.pt\/noticias\/2026\/04\/30\/psp-constitui-arguidos-tres-alunos-do-colegio-moderno-por-agressao-a-iraquiano\/","og_site_name":"Portal Tela Portugal","article_published_time":"2026-04-30T12:03:10+00:00","author":"Telinha","twitter_card":"summary_large_image","twitter_misc":{"Escrito por":"Telinha","Tempo estimado de leitura":"1 minuto"},"schema":{"@context":"https:\/\/schema.org","@graph":[{"@type":"Article","@id":"https:\/\/portaltela.pt\/noticias\/2026\/04\/30\/psp-constitui-arguidos-tres-alunos-do-colegio-moderno-por-agressao-a-iraquiano\/#article","isPartOf":{"@id":"https:\/\/portaltela.pt\/noticias\/2026\/04\/30\/psp-constitui-arguidos-tres-alunos-do-colegio-moderno-por-agressao-a-iraquiano\/"},"author":{"name":"Telinha","@id":"https:\/\/portaltela.pt\/#\/schema\/person\/c4278d4a6028830caff9ee44b42d32ed"},"headline":"PSP constitui arguidos tr\u00eas alunos do Col\u00e9gio Moderno por agress\u00e3o a iraquiano","datePublished":"2026-04-30T12:03:10+00:00","mainEntityOfPage":{"@id":"https:\/\/portaltela.pt\/noticias\/2026\/04\/30\/psp-constitui-arguidos-tres-alunos-do-colegio-moderno-por-agressao-a-iraquiano\/"},"wordCount":267,"image":{"@id":"https:\/\/portaltela.pt\/noticias\/2026\/04\/30\/psp-constitui-arguidos-tres-alunos-do-colegio-moderno-por-agressao-a-iraquiano\/#primaryimage"},"thumbnailUrl":"https:\/\/portaltela.pt\/s.01k8rhncp4jt1\/2026\/04\/2085175.jpg","keywords":["adolescentes","agress\u00e3o","agress\u00f5es","Alameda","Lisboa","refugiados"],"articleSection":["Crimes contra a pessoa","Not\u00edcias"],"inLanguage":"pt-PT"},{"@type":"WebPage","@id":"https:\/\/portaltela.pt\/noticias\/2026\/04\/30\/psp-constitui-arguidos-tres-alunos-do-colegio-moderno-por-agressao-a-iraquiano\/","url":"https:\/\/portaltela.pt\/noticias\/2026\/04\/30\/psp-constitui-arguidos-tres-alunos-do-colegio-moderno-por-agressao-a-iraquiano\/","name":"PSP constitui arguidos tr\u00eas alunos do Col\u00e9gio Moderno por agress\u00e3o a iraquiano - Portal Tela Portugal","isPartOf":{"@id":"https:\/\/portaltela.pt\/#website"},"primaryImageOfPage":{"@id":"https:\/\/portaltela.pt\/noticias\/2026\/04\/30\/psp-constitui-arguidos-tres-alunos-do-colegio-moderno-por-agressao-a-iraquiano\/#primaryimage"},"image":{"@id":"https:\/\/portaltela.pt\/noticias\/2026\/04\/30\/psp-constitui-arguidos-tres-alunos-do-colegio-moderno-por-agressao-a-iraquiano\/#primaryimage"},"thumbnailUrl":"https:\/\/portaltela.pt\/s.01k8rhncp4jt1\/2026\/04\/2085175.jpg","datePublished":"2026-04-30T12:03:10+00:00","author":{"@id":"https:\/\/portaltela.pt\/#\/schema\/person\/c4278d4a6028830caff9ee44b42d32ed"},"breadcrumb":{"@id":"https:\/\/portaltela.pt\/noticias\/2026\/04\/30\/psp-constitui-arguidos-tres-alunos-do-colegio-moderno-por-agressao-a-iraquiano\/#breadcrumb"},"inLanguage":"pt-PT","potentialAction":[{"@type":"ReadAction","target":["https:\/\/portaltela.pt\/noticias\/2026\/04\/30\/psp-constitui-arguidos-tres-alunos-do-colegio-moderno-por-agressao-a-iraquiano\/"]}]},{"@type":"ImageObject","inLanguage":"pt-PT","@id":"https:\/\/portaltela.pt\/noticias\/2026\/04\/30\/psp-constitui-arguidos-tres-alunos-do-colegio-moderno-por-agressao-a-iraquiano\/#primaryimage","url":"https:\/\/portaltela.pt\/s.01k8rhncp4jt1\/2026\/04\/2085175.jpg","contentUrl":"https:\/\/portaltela.pt\/s.01k8rhncp4jt1\/2026\/04\/2085175.jpg","width":796,"height":448,"caption":"O Col\u00e9gio Moderno tem alunos desde o infant\u00e1rio at\u00e9 ao secund\u00e1rio"},{"@type":"BreadcrumbList","@id":"https:\/\/portaltela.pt\/noticias\/2026\/04\/30\/psp-constitui-arguidos-tres-alunos-do-colegio-moderno-por-agressao-a-iraquiano\/#breadcrumb","itemListElement":[{"@type":"ListItem","position":1,"name":"In\u00edcio","item":"https:\/\/portaltela.pt\/"},{"@type":"ListItem","position":2,"name":"PSP constitui arguidos tr\u00eas alunos do Col\u00e9gio Moderno por agress\u00e3o a iraquiano"}]},{"@type":"WebSite","@id":"https:\/\/portaltela.pt\/#website","url":"https:\/\/portaltela.pt\/","name":"Portal Tela Portugal","description":"","potentialAction":[{"@type":"SearchAction","target":{"@type":"EntryPoint","urlTemplate":"https:\/\/portaltela.pt\/?s={search_term_string}"},"query-input":{"@type":"PropertyValueSpecification","valueRequired":true,"valueName":"search_term_string"}}],"inLanguage":"pt-PT"},{"@type":"Person","@id":"https:\/\/portaltela.pt\/#\/schema\/person\/c4278d4a6028830caff9ee44b42d32ed","name":"Telinha","image":{"@type":"ImageObject","inLanguage":"pt-PT","@id":"https:\/\/portaltela.pt\/s.01k8rhncp4jt1\/2025\/11\/talking-bot-125x125.png","url":"https:\/\/portaltela.pt\/s.01k8rhncp4jt1\/2025\/11\/talking-bot-125x125.png","contentUrl":"https:\/\/portaltela.pt\/s.01k8rhncp4jt1\/2025\/11\/talking-bot-125x125.png","caption":"Telinha"},"sameAs":["https:\/\/portaltela.pt\/"],"url":"https:\/\/portaltela.pt\/por\/367410592786\/"}]}},"_links":{"self":[{"href":"https:\/\/portaltela.pt\/api\/wp\/v2\/posts\/462335","targetHints":{"allow":["GET"]}}],"collection":[{"href":"https:\/\/portaltela.pt\/api\/wp\/v2\/posts"}],"about":[{"href":"https:\/\/portaltela.pt\/api\/wp\/v2\/types\/post"}],"author":[{"embeddable":true,"href":"https:\/\/portaltela.pt\/api\/wp\/v2\/users\/2"}],"replies":[{"embeddable":true,"href":"https:\/\/portaltela.pt\/api\/wp\/v2\/comments?post=462335"}],"version-history":[{"count":0,"href":"https:\/\/portaltela.pt\/api\/wp\/v2\/posts\/462335\/revisions"}],"wp:featuredmedia":[{"embeddable":true,"href":"https:\/\/portaltela.pt\/api\/wp\/v2\/media\/462338"}],"wp:attachment":[{"href":"https:\/\/portaltela.pt\/api\/wp\/v2\/media?parent=462335"}],"wp:term":[{"taxonomy":"category","embeddable":true,"href":"https:\/\/portaltela.pt\/api\/wp\/v2\/categories?post=462335"},{"taxonomy":"post_tag","embeddable":true,"href":"https:\/\/portaltela.pt\/api\/wp\/v2\/tags?post=462335"}],"curies":[{"name":"wp","href":"https:\/\/api.w.org\/{rel}","templated":true}]}}