{"id":462332,"date":"2026-04-30T09:02:56","date_gmt":"2026-04-30T12:02:56","guid":{"rendered":"https:\/\/portaltela.pt\/noticias\/2026\/04\/30\/processos-pendentes-nos-tribunais-de-1-a-instancia-aumentaram-em-2025\/"},"modified":"2026-04-30T09:02:56","modified_gmt":"2026-04-30T12:02:56","slug":"processos-pendentes-nos-tribunais-de-1-a-instancia-aumentaram-em-2025","status":"publish","type":"post","link":"https:\/\/portaltela.pt\/noticias\/2026\/04\/30\/processos-pendentes-nos-tribunais-de-1-a-instancia-aumentaram-em-2025\/","title":{"rendered":"Processos pendentes nos tribunais de 1.\u00aa inst\u00e2ncia aumentaram em 2025"},"content":{"rendered":"<p>Em 2025, os tribunais judiciais de 1.\u00aa inst\u00e2ncia registaram um aumento no n\u00famero de processos pendentes, de acordo com dados apresentados numa avalia\u00e7\u00e3o recente. O aumento aponta para maior volume de trabalho neste n\u00edvel de Justi\u00e7a.<\/p>\n<p>Quem est\u00e1 envolvido: o conjunto dos tribunais de 1.\u00aa inst\u00e2ncia em territ\u00f3rio nacional e os seus \u00f3rg\u00e3os judiciais. A leitura indicia impactos na gest\u00e3o de processos e no tempo de resposta aos casos.<\/p>\n<p>Quando e onde: o fen\u00f3meno, reportado para 2025, ocorre nos tribunais de 1.\u00aa inst\u00e2ncia em Portugal. Porqu\u00ea: as raz\u00f5es detalhadas n\u00e3o constam no conte\u00fado p\u00fablico dispon\u00edvel; o relat\u00f3rio completo \u00e9 acess\u00edvel apenas a subscritores.<\/p>\n","protected":false},"excerpt":{"rendered":"<ul>\n<li>Em 2025, os processos pendentes nos tribunais judiciais de 1.\u00aa inst\u00e2ncia aumentaram.<\/li>\n<li>A informa\u00e7\u00e3o completa est\u00e1 dispon\u00edvel apenas para subscritores, com acesso mediante entrar (signin).<\/li>\n<\/ul>\n","protected":false},"author":2,"featured_media":462333,"comment_status":"closed","ping_status":"closed","sticky":false,"template":"","format":"standard","meta":{"footnotes":""},"categories":[6815,1],"tags":[803,7781,3667,1221,6208,52],"class_list":["post-462332","post","type-post","status-publish","format-standard","has-post-thumbnail","hentry","category-justica","category-noticias","tag-justica","tag-litigios","tag-processos","tag-servicos-publicos","tag-tribunais","tag-tribunal"],"yoast_head":"<!-- This site is optimized with the Yoast SEO plugin v27.2 - https:\/\/yoast.com\/product\/yoast-seo-wordpress\/ -->\n<title>Processos pendentes nos tribunais de 1.\u00aa inst\u00e2ncia aumentaram em 2025 - Portal Tela Portugal<\/title>\n<meta name=\"robots\" content=\"index, follow, max-snippet:-1, max-image-preview:large, max-video-preview:-1\" \/>\n<meta property=\"og:locale\" content=\"pt_PT\" \/>\n<meta property=\"og:type\" content=\"article\" \/>\n<meta property=\"og:title\" content=\"Processos pendentes nos tribunais de 1.\u00aa inst\u00e2ncia aumentaram em 2025 - Portal Tela Portugal\" \/>\n<meta property=\"og:description\" content=\"Em 2025, os processos pendentes nos tribunais judiciais de 1.\u00aa inst\u00e2ncia aumentaram. A informa\u00e7\u00e3o completa est\u00e1 dispon\u00edvel apenas para subscritores, com acesso mediante entrar (signin).\" \/>\n<meta property=\"og:url\" content=\"https:\/\/portaltela.pt\/noticias\/2026\/04\/30\/processos-pendentes-nos-tribunais-de-1-a-instancia-aumentaram-em-2025\/\" \/>\n<meta property=\"og:site_name\" content=\"Portal Tela Portugal\" \/>\n<meta property=\"article:published_time\" content=\"2026-04-30T12:02:56+00:00\" \/>\n<meta name=\"author\" content=\"Telinha\" \/>\n<meta name=\"twitter:card\" content=\"summary_large_image\" \/>\n<meta name=\"twitter:label1\" content=\"Escrito por\" \/>\n\t<meta name=\"twitter:data1\" content=\"Telinha\" \/>\n\t<meta name=\"twitter:label2\" content=\"Tempo estimado de leitura\" \/>\n\t<meta name=\"twitter:data2\" content=\"1 minuto\" \/>\n<script type=\"application\/ld+json\" class=\"yoast-schema-graph\">{\"@context\":\"https:\/\/schema.org\",\"@graph\":[{\"@type\":\"Article\",\"@id\":\"https:\/\/portaltela.pt\/noticias\/2026\/04\/30\/processos-pendentes-nos-tribunais-de-1-a-instancia-aumentaram-em-2025\/#article\",\"isPartOf\":{\"@id\":\"https:\/\/portaltela.pt\/noticias\/2026\/04\/30\/processos-pendentes-nos-tribunais-de-1-a-instancia-aumentaram-em-2025\/\"},\"author\":{\"name\":\"Telinha\",\"@id\":\"https:\/\/portaltela.pt\/#\/schema\/person\/c4278d4a6028830caff9ee44b42d32ed\"},\"headline\":\"Processos pendentes nos tribunais de 1.\u00aa inst\u00e2ncia aumentaram em 2025\",\"datePublished\":\"2026-04-30T12:02:56+00:00\",\"mainEntityOfPage\":{\"@id\":\"https:\/\/portaltela.pt\/noticias\/2026\/04\/30\/processos-pendentes-nos-tribunais-de-1-a-instancia-aumentaram-em-2025\/\"},\"wordCount\":124,\"image\":{\"@id\":\"https:\/\/portaltela.pt\/noticias\/2026\/04\/30\/processos-pendentes-nos-tribunais-de-1-a-instancia-aumentaram-em-2025\/#primaryimage\"},\"thumbnailUrl\":\"https:\/\/portaltela.pt\/s.01k8rhncp4jt1\/2026\/04\/CACHE_780X1200_ANALOG_WATERMARKED_25161262_2059760_02032019091744.jpg\",\"keywords\":[\"justi\u00e7a\",\"lit\u00edgios\",\"processos\",\"servi\u00e7os p\u00fablicos\",\"Tribunais\",\"tribunal\"],\"articleSection\":[\"Justi\u00e7a\",\"Not\u00edcias\"],\"inLanguage\":\"pt-PT\"},{\"@type\":\"WebPage\",\"@id\":\"https:\/\/portaltela.pt\/noticias\/2026\/04\/30\/processos-pendentes-nos-tribunais-de-1-a-instancia-aumentaram-em-2025\/\",\"url\":\"https:\/\/portaltela.pt\/noticias\/2026\/04\/30\/processos-pendentes-nos-tribunais-de-1-a-instancia-aumentaram-em-2025\/\",\"name\":\"Processos pendentes nos tribunais de 1.\u00aa inst\u00e2ncia aumentaram em 2025 - Portal Tela Portugal\",\"isPartOf\":{\"@id\":\"https:\/\/portaltela.pt\/#website\"},\"primaryImageOfPage\":{\"@id\":\"https:\/\/portaltela.pt\/noticias\/2026\/04\/30\/processos-pendentes-nos-tribunais-de-1-a-instancia-aumentaram-em-2025\/#primaryimage\"},\"image\":{\"@id\":\"https:\/\/portaltela.pt\/noticias\/2026\/04\/30\/processos-pendentes-nos-tribunais-de-1-a-instancia-aumentaram-em-2025\/#primaryimage\"},\"thumbnailUrl\":\"https:\/\/portaltela.pt\/s.01k8rhncp4jt1\/2026\/04\/CACHE_780X1200_ANALOG_WATERMARKED_25161262_2059760_02032019091744.jpg\",\"datePublished\":\"2026-04-30T12:02:56+00:00\",\"author\":{\"@id\":\"https:\/\/portaltela.pt\/#\/schema\/person\/c4278d4a6028830caff9ee44b42d32ed\"},\"breadcrumb\":{\"@id\":\"https:\/\/portaltela.pt\/noticias\/2026\/04\/30\/processos-pendentes-nos-tribunais-de-1-a-instancia-aumentaram-em-2025\/#breadcrumb\"},\"inLanguage\":\"pt-PT\",\"potentialAction\":[{\"@type\":\"ReadAction\",\"target\":[\"https:\/\/portaltela.pt\/noticias\/2026\/04\/30\/processos-pendentes-nos-tribunais-de-1-a-instancia-aumentaram-em-2025\/\"]}]},{\"@type\":\"ImageObject\",\"inLanguage\":\"pt-PT\",\"@id\":\"https:\/\/portaltela.pt\/noticias\/2026\/04\/30\/processos-pendentes-nos-tribunais-de-1-a-instancia-aumentaram-em-2025\/#primaryimage\",\"url\":\"https:\/\/portaltela.pt\/s.01k8rhncp4jt1\/2026\/04\/CACHE_780X1200_ANALOG_WATERMARKED_25161262_2059760_02032019091744.jpg\",\"contentUrl\":\"https:\/\/portaltela.pt\/s.01k8rhncp4jt1\/2026\/04\/CACHE_780X1200_ANALOG_WATERMARKED_25161262_2059760_02032019091744.jpg\",\"width\":796,\"height\":448,\"caption\":\"Processos pendentes nos tribunais judiciais de 1.\u00aa inst\u00e2ncia aumentaram em 2025\"},{\"@type\":\"BreadcrumbList\",\"@id\":\"https:\/\/portaltela.pt\/noticias\/2026\/04\/30\/processos-pendentes-nos-tribunais-de-1-a-instancia-aumentaram-em-2025\/#breadcrumb\",\"itemListElement\":[{\"@type\":\"ListItem\",\"position\":1,\"name\":\"In\u00edcio\",\"item\":\"https:\/\/portaltela.pt\/\"},{\"@type\":\"ListItem\",\"position\":2,\"name\":\"Processos pendentes nos tribunais de 1.\u00aa inst\u00e2ncia aumentaram em 2025\"}]},{\"@type\":\"WebSite\",\"@id\":\"https:\/\/portaltela.pt\/#website\",\"url\":\"https:\/\/portaltela.pt\/\",\"name\":\"Portal Tela Portugal\",\"description\":\"\",\"potentialAction\":[{\"@type\":\"SearchAction\",\"target\":{\"@type\":\"EntryPoint\",\"urlTemplate\":\"https:\/\/portaltela.pt\/?s={search_term_string}\"},\"query-input\":{\"@type\":\"PropertyValueSpecification\",\"valueRequired\":true,\"valueName\":\"search_term_string\"}}],\"inLanguage\":\"pt-PT\"},{\"@type\":\"Person\",\"@id\":\"https:\/\/portaltela.pt\/#\/schema\/person\/c4278d4a6028830caff9ee44b42d32ed\",\"name\":\"Telinha\",\"image\":{\"@type\":\"ImageObject\",\"inLanguage\":\"pt-PT\",\"@id\":\"https:\/\/portaltela.pt\/s.01k8rhncp4jt1\/2025\/11\/talking-bot-125x125.png\",\"url\":\"https:\/\/portaltela.pt\/s.01k8rhncp4jt1\/2025\/11\/talking-bot-125x125.png\",\"contentUrl\":\"https:\/\/portaltela.pt\/s.01k8rhncp4jt1\/2025\/11\/talking-bot-125x125.png\",\"caption\":\"Telinha\"},\"sameAs\":[\"https:\/\/portaltela.pt\/\"],\"url\":\"https:\/\/portaltela.pt\/por\/367410592786\/\"}]}<\/script>\n<!-- \/ Yoast SEO plugin. -->","yoast_head_json":{"title":"Processos pendentes nos tribunais de 1.\u00aa inst\u00e2ncia aumentaram em 2025 - Portal Tela Portugal","robots":{"index":"index","follow":"follow","max-snippet":"max-snippet:-1","max-image-preview":"max-image-preview:large","max-video-preview":"max-video-preview:-1"},"og_locale":"pt_PT","og_type":"article","og_title":"Processos pendentes nos tribunais de 1.\u00aa inst\u00e2ncia aumentaram em 2025 - Portal Tela Portugal","og_description":"Em 2025, os processos pendentes nos tribunais judiciais de 1.\u00aa inst\u00e2ncia aumentaram. A informa\u00e7\u00e3o completa est\u00e1 dispon\u00edvel apenas para subscritores, com acesso mediante entrar (signin).","og_url":"https:\/\/portaltela.pt\/noticias\/2026\/04\/30\/processos-pendentes-nos-tribunais-de-1-a-instancia-aumentaram-em-2025\/","og_site_name":"Portal Tela Portugal","article_published_time":"2026-04-30T12:02:56+00:00","author":"Telinha","twitter_card":"summary_large_image","twitter_misc":{"Escrito por":"Telinha","Tempo estimado de leitura":"1 minuto"},"schema":{"@context":"https:\/\/schema.org","@graph":[{"@type":"Article","@id":"https:\/\/portaltela.pt\/noticias\/2026\/04\/30\/processos-pendentes-nos-tribunais-de-1-a-instancia-aumentaram-em-2025\/#article","isPartOf":{"@id":"https:\/\/portaltela.pt\/noticias\/2026\/04\/30\/processos-pendentes-nos-tribunais-de-1-a-instancia-aumentaram-em-2025\/"},"author":{"name":"Telinha","@id":"https:\/\/portaltela.pt\/#\/schema\/person\/c4278d4a6028830caff9ee44b42d32ed"},"headline":"Processos pendentes nos tribunais de 1.\u00aa inst\u00e2ncia aumentaram em 2025","datePublished":"2026-04-30T12:02:56+00:00","mainEntityOfPage":{"@id":"https:\/\/portaltela.pt\/noticias\/2026\/04\/30\/processos-pendentes-nos-tribunais-de-1-a-instancia-aumentaram-em-2025\/"},"wordCount":124,"image":{"@id":"https:\/\/portaltela.pt\/noticias\/2026\/04\/30\/processos-pendentes-nos-tribunais-de-1-a-instancia-aumentaram-em-2025\/#primaryimage"},"thumbnailUrl":"https:\/\/portaltela.pt\/s.01k8rhncp4jt1\/2026\/04\/CACHE_780X1200_ANALOG_WATERMARKED_25161262_2059760_02032019091744.jpg","keywords":["justi\u00e7a","lit\u00edgios","processos","servi\u00e7os p\u00fablicos","Tribunais","tribunal"],"articleSection":["Justi\u00e7a","Not\u00edcias"],"inLanguage":"pt-PT"},{"@type":"WebPage","@id":"https:\/\/portaltela.pt\/noticias\/2026\/04\/30\/processos-pendentes-nos-tribunais-de-1-a-instancia-aumentaram-em-2025\/","url":"https:\/\/portaltela.pt\/noticias\/2026\/04\/30\/processos-pendentes-nos-tribunais-de-1-a-instancia-aumentaram-em-2025\/","name":"Processos pendentes nos tribunais de 1.\u00aa inst\u00e2ncia aumentaram em 2025 - Portal Tela Portugal","isPartOf":{"@id":"https:\/\/portaltela.pt\/#website"},"primaryImageOfPage":{"@id":"https:\/\/portaltela.pt\/noticias\/2026\/04\/30\/processos-pendentes-nos-tribunais-de-1-a-instancia-aumentaram-em-2025\/#primaryimage"},"image":{"@id":"https:\/\/portaltela.pt\/noticias\/2026\/04\/30\/processos-pendentes-nos-tribunais-de-1-a-instancia-aumentaram-em-2025\/#primaryimage"},"thumbnailUrl":"https:\/\/portaltela.pt\/s.01k8rhncp4jt1\/2026\/04\/CACHE_780X1200_ANALOG_WATERMARKED_25161262_2059760_02032019091744.jpg","datePublished":"2026-04-30T12:02:56+00:00","author":{"@id":"https:\/\/portaltela.pt\/#\/schema\/person\/c4278d4a6028830caff9ee44b42d32ed"},"breadcrumb":{"@id":"https:\/\/portaltela.pt\/noticias\/2026\/04\/30\/processos-pendentes-nos-tribunais-de-1-a-instancia-aumentaram-em-2025\/#breadcrumb"},"inLanguage":"pt-PT","potentialAction":[{"@type":"ReadAction","target":["https:\/\/portaltela.pt\/noticias\/2026\/04\/30\/processos-pendentes-nos-tribunais-de-1-a-instancia-aumentaram-em-2025\/"]}]},{"@type":"ImageObject","inLanguage":"pt-PT","@id":"https:\/\/portaltela.pt\/noticias\/2026\/04\/30\/processos-pendentes-nos-tribunais-de-1-a-instancia-aumentaram-em-2025\/#primaryimage","url":"https:\/\/portaltela.pt\/s.01k8rhncp4jt1\/2026\/04\/CACHE_780X1200_ANALOG_WATERMARKED_25161262_2059760_02032019091744.jpg","contentUrl":"https:\/\/portaltela.pt\/s.01k8rhncp4jt1\/2026\/04\/CACHE_780X1200_ANALOG_WATERMARKED_25161262_2059760_02032019091744.jpg","width":796,"height":448,"caption":"Processos pendentes nos tribunais judiciais de 1.\u00aa inst\u00e2ncia aumentaram em 2025"},{"@type":"BreadcrumbList","@id":"https:\/\/portaltela.pt\/noticias\/2026\/04\/30\/processos-pendentes-nos-tribunais-de-1-a-instancia-aumentaram-em-2025\/#breadcrumb","itemListElement":[{"@type":"ListItem","position":1,"name":"In\u00edcio","item":"https:\/\/portaltela.pt\/"},{"@type":"ListItem","position":2,"name":"Processos pendentes nos tribunais de 1.\u00aa inst\u00e2ncia aumentaram em 2025"}]},{"@type":"WebSite","@id":"https:\/\/portaltela.pt\/#website","url":"https:\/\/portaltela.pt\/","name":"Portal Tela Portugal","description":"","potentialAction":[{"@type":"SearchAction","target":{"@type":"EntryPoint","urlTemplate":"https:\/\/portaltela.pt\/?s={search_term_string}"},"query-input":{"@type":"PropertyValueSpecification","valueRequired":true,"valueName":"search_term_string"}}],"inLanguage":"pt-PT"},{"@type":"Person","@id":"https:\/\/portaltela.pt\/#\/schema\/person\/c4278d4a6028830caff9ee44b42d32ed","name":"Telinha","image":{"@type":"ImageObject","inLanguage":"pt-PT","@id":"https:\/\/portaltela.pt\/s.01k8rhncp4jt1\/2025\/11\/talking-bot-125x125.png","url":"https:\/\/portaltela.pt\/s.01k8rhncp4jt1\/2025\/11\/talking-bot-125x125.png","contentUrl":"https:\/\/portaltela.pt\/s.01k8rhncp4jt1\/2025\/11\/talking-bot-125x125.png","caption":"Telinha"},"sameAs":["https:\/\/portaltela.pt\/"],"url":"https:\/\/portaltela.pt\/por\/367410592786\/"}]}},"_links":{"self":[{"href":"https:\/\/portaltela.pt\/api\/wp\/v2\/posts\/462332","targetHints":{"allow":["GET"]}}],"collection":[{"href":"https:\/\/portaltela.pt\/api\/wp\/v2\/posts"}],"about":[{"href":"https:\/\/portaltela.pt\/api\/wp\/v2\/types\/post"}],"author":[{"embeddable":true,"href":"https:\/\/portaltela.pt\/api\/wp\/v2\/users\/2"}],"replies":[{"embeddable":true,"href":"https:\/\/portaltela.pt\/api\/wp\/v2\/comments?post=462332"}],"version-history":[{"count":0,"href":"https:\/\/portaltela.pt\/api\/wp\/v2\/posts\/462332\/revisions"}],"wp:featuredmedia":[{"embeddable":true,"href":"https:\/\/portaltela.pt\/api\/wp\/v2\/media\/462333"}],"wp:attachment":[{"href":"https:\/\/portaltela.pt\/api\/wp\/v2\/media?parent=462332"}],"wp:term":[{"taxonomy":"category","embeddable":true,"href":"https:\/\/portaltela.pt\/api\/wp\/v2\/categories?post=462332"},{"taxonomy":"post_tag","embeddable":true,"href":"https:\/\/portaltela.pt\/api\/wp\/v2\/tags?post=462332"}],"curies":[{"name":"wp","href":"https:\/\/api.w.org\/{rel}","templated":true}]}}