{"id":462323,"date":"2026-04-30T08:48:31","date_gmt":"2026-04-30T11:48:31","guid":{"rendered":"https:\/\/portaltela.pt\/noticias\/2026\/04\/30\/comissao-de-acompanhamento-do-prr-duvida-que-alguns-problemas-sejam-corrigidos\/"},"modified":"2026-04-30T08:48:31","modified_gmt":"2026-04-30T11:48:31","slug":"comissao-de-acompanhamento-do-prr-duvida-que-alguns-problemas-sejam-corrigidos","status":"publish","type":"post","link":"https:\/\/portaltela.pt\/noticias\/politica\/2026\/04\/30\/comissao-de-acompanhamento-do-prr-duvida-que-alguns-problemas-sejam-corrigidos\/","title":{"rendered":"Comiss\u00e3o de Acompanhamento do PRR duvida que alguns problemas sejam corrigidos"},"content":{"rendered":"<p>A Comiss\u00e3o Nacional de Acompanhamento do PRR (CNA-PRR) admitiu ter muitas d\u00favidas sobre a possibilidade de corrigir, nos quatro meses que restam, os problemas identificados no plano. A avalia\u00e7\u00e3o foi feita ao final da apresenta\u00e7\u00e3o do novo relat\u00f3rio da comiss\u00e3o.<\/p>\n<p>No documento, a CNA-PRR aponta constrangimentos persistentes \u00e0 execu\u00e7\u00e3o desde 2023, incluindo atrasos na tomada de decis\u00e3o e press\u00e3o de tesouraria sobre os benefici\u00e1rios finais. As recomenda\u00e7\u00f5es de 2023, relativas a celeridade decis\u00f3ria, funcionamento das plataformas, simplifica\u00e7\u00e3o administrativa, refor\u00e7o de equipas e avalia\u00e7\u00e3o, mant\u00eam-se v\u00e1lidas em 2026.<\/p>\n<h3>Quest\u00f5es de execu\u00e7\u00e3o e pagamentos<\/h3>\n<p>O presidente da CNA-PRR destacou a necessidade de acelerar os pedidos de pagamento, com exemplos nos setores da energia e da habita\u00e7\u00e3o a custos acess\u00edveis. A entidade observou que algumas organiza\u00e7\u00f5es contrataram empresas para analisar os pedidos de pagamento. Se as entidades n\u00e3o tiverem liquidez, o processo de saldos finais pode ficar comprometido.<\/p>\n<p>A comiss\u00e3o sublinhou que, no fim do plano, o n\u00famero de pedidos tende a aumentar \u00e0 medida que as obras se aproximam do fim. Foi chamada a aten\u00e7\u00e3o para atrasos na an\u00e1lise e no pagamento de reembolsos, bem como para limita\u00e7\u00f5es estruturais das plataformas de gest\u00e3o e uma dissocia\u00e7\u00e3o entre o cumprimento formal e o funcionamento efetivo dos investimentos.<\/p>\n<h3>Articula\u00e7\u00e3o entre entidades<\/h3>\n<p>O respons\u00e1vel apontou a necessidade de fortalecer a articula\u00e7\u00e3o entre entidades envolvidas. Como exemplo, citou uma obra de uma resid\u00eancia de estudantes em Oliveira do Hospital, onde a instala\u00e7\u00e3o de um cabo el\u00e9trico atravessou a rua e demorou sete meses. A CNA-PRR antev\u00ea milhares de obras entre julho e agosto, o que refor\u00e7a a urg\u00eancia de melhorias.<\/p>\n<p>Para enfrentar este cen\u00e1rio, o presidente prop\u00f4s a cria\u00e7\u00e3o de uma task-force que envolva as v\u00e1rias entidades, com o objetivo de concentrar a energia necess\u00e1ria nos quatro meses que faltam at\u00e9 ao t\u00e9rmino do plano. O PRR visa, atrav\u00e9s de reformas e investimentos, apoiar o crescimento econ\u00f3mico, reparar danos provocados pela covid-19, gerar emprego e estimular investimentos.<\/p>\n","protected":false},"excerpt":{"rendered":"<ul>\n<li>A Comiss\u00e3o Nacional de Acompanhamento do PRR admitiu ter muitas d\u00favidas de que alguns problemas identificados ser\u00e3o corrigidos nos quatro meses que faltam para o prazo final.<\/li>\n<li>O relat\u00f3rio indica constrangimentos persistentes \u00e0 execu\u00e7\u00e3o, como atrasos na decis\u00e3o, press\u00e3o de tesouraria nos benefici\u00e1rios finais, atrasos na an\u00e1lise e pagamento de reembolsos, limita\u00e7\u00f5es das plataformas de gest\u00e3o e dissocia\u00e7\u00e3o entre cumprimento formal e funcionamento dos investimentos.<\/li>\n<li>As recomenda\u00e7\u00f5es de 2023, relacionadas com celeridade de decis\u00e3o, funcionamento das plataformas, simplifica\u00e7\u00e3o administrativa, refor\u00e7o de equipas e avalia\u00e7\u00e3o, continuam v\u00e1lidas em 2026.<\/li>\n<li>O presidente da CNA-PRR, Pedro Dominguinhos, pediu acelerar os pedidos de pagamento, especialmente em energia e habita\u00e7\u00e3o a custos acess\u00edveis, destacando que algumas entidades contrataram empresas para analisar pagamentos.<\/li>\n<li>Prop\u00f5e-se a cria\u00e7\u00e3o de uma for\u00e7a-tarefa entre entidades para acelerar o esfor\u00e7o nos quatro meses restantes, diante de um aumento de pedidos de pagamento na fase final.<\/li>\n<\/ul>\n","protected":false},"author":2,"featured_media":462327,"comment_status":"closed","ping_status":"closed","sticky":false,"template":"","format":"standard","meta":{"footnotes":""},"categories":[1,5],"tags":[168,174,150,316,5691,4693],"class_list":["post-462323","post","type-post","status-publish","format-standard","has-post-thumbnail","hentry","category-noticias","category-politica","tag-administracao-publica","tag-energia","tag-habitacao","tag-investimento","tag-obras","tag-pagamentos"],"yoast_head":"<!-- This site is optimized with the Yoast SEO plugin v27.2 - https:\/\/yoast.com\/product\/yoast-seo-wordpress\/ -->\n<title>Comiss\u00e3o de Acompanhamento do PRR duvida que alguns problemas sejam corrigidos - Portal Tela Portugal<\/title>\n<meta name=\"robots\" content=\"index, follow, max-snippet:-1, max-image-preview:large, max-video-preview:-1\" \/>\n<meta property=\"og:locale\" content=\"pt_PT\" \/>\n<meta property=\"og:type\" content=\"article\" \/>\n<meta property=\"og:title\" content=\"Comiss\u00e3o de Acompanhamento do PRR duvida que alguns problemas sejam corrigidos - Portal Tela Portugal\" \/>\n<meta property=\"og:description\" content=\"A Comiss\u00e3o Nacional de Acompanhamento do PRR admitiu ter muitas d\u00favidas de que alguns problemas identificados ser\u00e3o corrigidos nos quatro meses que faltam para o prazo final. O relat\u00f3rio indica constrangimentos persistentes \u00e0 execu\u00e7\u00e3o, como atrasos na decis\u00e3o, press\u00e3o de tesouraria nos benefici\u00e1rios finais, atrasos na an\u00e1lise e pagamento de reembolsos, limita\u00e7\u00f5es das plataformas de gest\u00e3o e dissocia\u00e7\u00e3o entre cumprimento formal e funcionamento dos investimentos. As recomenda\u00e7\u00f5es de 2023, relacionadas com celeridade de decis\u00e3o, funcionamento das plataformas, simplifica\u00e7\u00e3o administrativa, refor\u00e7o de equipas e avalia\u00e7\u00e3o, continuam v\u00e1lidas em 2026. O presidente da CNA-PRR, Pedro Dominguinhos, pediu acelerar os pedidos de pagamento, especialmente em energia e habita\u00e7\u00e3o a custos acess\u00edveis, destacando que algumas entidades contrataram empresas para analisar pagamentos. Prop\u00f5e-se a cria\u00e7\u00e3o de uma for\u00e7a-tarefa entre entidades para acelerar o esfor\u00e7o nos quatro meses restantes, diante de um aumento de pedidos de pagamento na fase final.\" \/>\n<meta property=\"og:url\" content=\"https:\/\/portaltela.pt\/noticias\/2026\/04\/30\/comissao-de-acompanhamento-do-prr-duvida-que-alguns-problemas-sejam-corrigidos\/\" \/>\n<meta property=\"og:site_name\" content=\"Portal Tela Portugal\" \/>\n<meta property=\"article:published_time\" content=\"2026-04-30T11:48:31+00:00\" \/>\n<meta name=\"author\" content=\"Telinha\" \/>\n<meta name=\"twitter:card\" content=\"summary_large_image\" \/>\n<meta name=\"twitter:label1\" content=\"Escrito por\" \/>\n\t<meta name=\"twitter:data1\" content=\"Telinha\" \/>\n\t<meta name=\"twitter:label2\" content=\"Tempo estimado de leitura\" \/>\n\t<meta name=\"twitter:data2\" content=\"2 minutos\" \/>\n<script type=\"application\/ld+json\" class=\"yoast-schema-graph\">{\"@context\":\"https:\/\/schema.org\",\"@graph\":[{\"@type\":\"Article\",\"@id\":\"https:\/\/portaltela.pt\/noticias\/2026\/04\/30\/comissao-de-acompanhamento-do-prr-duvida-que-alguns-problemas-sejam-corrigidos\/#article\",\"isPartOf\":{\"@id\":\"https:\/\/portaltela.pt\/noticias\/2026\/04\/30\/comissao-de-acompanhamento-do-prr-duvida-que-alguns-problemas-sejam-corrigidos\/\"},\"author\":{\"name\":\"Telinha\",\"@id\":\"https:\/\/portaltela.pt\/#\/schema\/person\/c4278d4a6028830caff9ee44b42d32ed\"},\"headline\":\"Comiss\u00e3o de Acompanhamento do PRR duvida que alguns problemas sejam corrigidos\",\"datePublished\":\"2026-04-30T11:48:31+00:00\",\"mainEntityOfPage\":{\"@id\":\"https:\/\/portaltela.pt\/noticias\/2026\/04\/30\/comissao-de-acompanhamento-do-prr-duvida-que-alguns-problemas-sejam-corrigidos\/\"},\"wordCount\":374,\"image\":{\"@id\":\"https:\/\/portaltela.pt\/noticias\/2026\/04\/30\/comissao-de-acompanhamento-do-prr-duvida-que-alguns-problemas-sejam-corrigidos\/#primaryimage\"},\"thumbnailUrl\":\"https:\/\/portaltela.pt\/s.01k8rhncp4jt1\/2026\/04\/img_1500x1000uu2024-01-30-22-01-12-1557192.jpg\",\"keywords\":[\"administra\u00e7\u00e3o p\u00fablica\",\"energia\",\"habita\u00e7\u00e3o\",\"investimento\",\"obras\",\"pagamentos\"],\"articleSection\":[\"Not\u00edcias\",\"Pol\u00edtica\"],\"inLanguage\":\"pt-PT\"},{\"@type\":\"WebPage\",\"@id\":\"https:\/\/portaltela.pt\/noticias\/2026\/04\/30\/comissao-de-acompanhamento-do-prr-duvida-que-alguns-problemas-sejam-corrigidos\/\",\"url\":\"https:\/\/portaltela.pt\/noticias\/2026\/04\/30\/comissao-de-acompanhamento-do-prr-duvida-que-alguns-problemas-sejam-corrigidos\/\",\"name\":\"Comiss\u00e3o de Acompanhamento do PRR duvida que alguns problemas sejam corrigidos - Portal Tela Portugal\",\"isPartOf\":{\"@id\":\"https:\/\/portaltela.pt\/#website\"},\"primaryImageOfPage\":{\"@id\":\"https:\/\/portaltela.pt\/noticias\/2026\/04\/30\/comissao-de-acompanhamento-do-prr-duvida-que-alguns-problemas-sejam-corrigidos\/#primaryimage\"},\"image\":{\"@id\":\"https:\/\/portaltela.pt\/noticias\/2026\/04\/30\/comissao-de-acompanhamento-do-prr-duvida-que-alguns-problemas-sejam-corrigidos\/#primaryimage\"},\"thumbnailUrl\":\"https:\/\/portaltela.pt\/s.01k8rhncp4jt1\/2026\/04\/img_1500x1000uu2024-01-30-22-01-12-1557192.jpg\",\"datePublished\":\"2026-04-30T11:48:31+00:00\",\"author\":{\"@id\":\"https:\/\/portaltela.pt\/#\/schema\/person\/c4278d4a6028830caff9ee44b42d32ed\"},\"breadcrumb\":{\"@id\":\"https:\/\/portaltela.pt\/noticias\/2026\/04\/30\/comissao-de-acompanhamento-do-prr-duvida-que-alguns-problemas-sejam-corrigidos\/#breadcrumb\"},\"inLanguage\":\"pt-PT\",\"potentialAction\":[{\"@type\":\"ReadAction\",\"target\":[\"https:\/\/portaltela.pt\/noticias\/2026\/04\/30\/comissao-de-acompanhamento-do-prr-duvida-que-alguns-problemas-sejam-corrigidos\/\"]}]},{\"@type\":\"ImageObject\",\"inLanguage\":\"pt-PT\",\"@id\":\"https:\/\/portaltela.pt\/noticias\/2026\/04\/30\/comissao-de-acompanhamento-do-prr-duvida-que-alguns-problemas-sejam-corrigidos\/#primaryimage\",\"url\":\"https:\/\/portaltela.pt\/s.01k8rhncp4jt1\/2026\/04\/img_1500x1000uu2024-01-30-22-01-12-1557192.jpg\",\"contentUrl\":\"https:\/\/portaltela.pt\/s.01k8rhncp4jt1\/2026\/04\/img_1500x1000uu2024-01-30-22-01-12-1557192.jpg\",\"width\":796,\"height\":448,\"caption\":\"Pessoas, economia\"},{\"@type\":\"BreadcrumbList\",\"@id\":\"https:\/\/portaltela.pt\/noticias\/2026\/04\/30\/comissao-de-acompanhamento-do-prr-duvida-que-alguns-problemas-sejam-corrigidos\/#breadcrumb\",\"itemListElement\":[{\"@type\":\"ListItem\",\"position\":1,\"name\":\"In\u00edcio\",\"item\":\"https:\/\/portaltela.pt\/\"},{\"@type\":\"ListItem\",\"position\":2,\"name\":\"Comiss\u00e3o de Acompanhamento do PRR duvida que alguns problemas sejam corrigidos\"}]},{\"@type\":\"WebSite\",\"@id\":\"https:\/\/portaltela.pt\/#website\",\"url\":\"https:\/\/portaltela.pt\/\",\"name\":\"Portal Tela Portugal\",\"description\":\"\",\"potentialAction\":[{\"@type\":\"SearchAction\",\"target\":{\"@type\":\"EntryPoint\",\"urlTemplate\":\"https:\/\/portaltela.pt\/?s={search_term_string}\"},\"query-input\":{\"@type\":\"PropertyValueSpecification\",\"valueRequired\":true,\"valueName\":\"search_term_string\"}}],\"inLanguage\":\"pt-PT\"},{\"@type\":\"Person\",\"@id\":\"https:\/\/portaltela.pt\/#\/schema\/person\/c4278d4a6028830caff9ee44b42d32ed\",\"name\":\"Telinha\",\"image\":{\"@type\":\"ImageObject\",\"inLanguage\":\"pt-PT\",\"@id\":\"https:\/\/portaltela.pt\/s.01k8rhncp4jt1\/2025\/11\/talking-bot-125x125.png\",\"url\":\"https:\/\/portaltela.pt\/s.01k8rhncp4jt1\/2025\/11\/talking-bot-125x125.png\",\"contentUrl\":\"https:\/\/portaltela.pt\/s.01k8rhncp4jt1\/2025\/11\/talking-bot-125x125.png\",\"caption\":\"Telinha\"},\"sameAs\":[\"https:\/\/portaltela.pt\/\"],\"url\":\"https:\/\/portaltela.pt\/por\/367410592786\/\"}]}<\/script>\n<!-- \/ Yoast SEO plugin. -->","yoast_head_json":{"title":"Comiss\u00e3o de Acompanhamento do PRR duvida que alguns problemas sejam corrigidos - Portal Tela Portugal","robots":{"index":"index","follow":"follow","max-snippet":"max-snippet:-1","max-image-preview":"max-image-preview:large","max-video-preview":"max-video-preview:-1"},"og_locale":"pt_PT","og_type":"article","og_title":"Comiss\u00e3o de Acompanhamento do PRR duvida que alguns problemas sejam corrigidos - Portal Tela Portugal","og_description":"A Comiss\u00e3o Nacional de Acompanhamento do PRR admitiu ter muitas d\u00favidas de que alguns problemas identificados ser\u00e3o corrigidos nos quatro meses que faltam para o prazo final. O relat\u00f3rio indica constrangimentos persistentes \u00e0 execu\u00e7\u00e3o, como atrasos na decis\u00e3o, press\u00e3o de tesouraria nos benefici\u00e1rios finais, atrasos na an\u00e1lise e pagamento de reembolsos, limita\u00e7\u00f5es das plataformas de gest\u00e3o e dissocia\u00e7\u00e3o entre cumprimento formal e funcionamento dos investimentos. As recomenda\u00e7\u00f5es de 2023, relacionadas com celeridade de decis\u00e3o, funcionamento das plataformas, simplifica\u00e7\u00e3o administrativa, refor\u00e7o de equipas e avalia\u00e7\u00e3o, continuam v\u00e1lidas em 2026. O presidente da CNA-PRR, Pedro Dominguinhos, pediu acelerar os pedidos de pagamento, especialmente em energia e habita\u00e7\u00e3o a custos acess\u00edveis, destacando que algumas entidades contrataram empresas para analisar pagamentos. Prop\u00f5e-se a cria\u00e7\u00e3o de uma for\u00e7a-tarefa entre entidades para acelerar o esfor\u00e7o nos quatro meses restantes, diante de um aumento de pedidos de pagamento na fase final.","og_url":"https:\/\/portaltela.pt\/noticias\/2026\/04\/30\/comissao-de-acompanhamento-do-prr-duvida-que-alguns-problemas-sejam-corrigidos\/","og_site_name":"Portal Tela Portugal","article_published_time":"2026-04-30T11:48:31+00:00","author":"Telinha","twitter_card":"summary_large_image","twitter_misc":{"Escrito por":"Telinha","Tempo estimado de leitura":"2 minutos"},"schema":{"@context":"https:\/\/schema.org","@graph":[{"@type":"Article","@id":"https:\/\/portaltela.pt\/noticias\/2026\/04\/30\/comissao-de-acompanhamento-do-prr-duvida-que-alguns-problemas-sejam-corrigidos\/#article","isPartOf":{"@id":"https:\/\/portaltela.pt\/noticias\/2026\/04\/30\/comissao-de-acompanhamento-do-prr-duvida-que-alguns-problemas-sejam-corrigidos\/"},"author":{"name":"Telinha","@id":"https:\/\/portaltela.pt\/#\/schema\/person\/c4278d4a6028830caff9ee44b42d32ed"},"headline":"Comiss\u00e3o de Acompanhamento do PRR duvida que alguns problemas sejam corrigidos","datePublished":"2026-04-30T11:48:31+00:00","mainEntityOfPage":{"@id":"https:\/\/portaltela.pt\/noticias\/2026\/04\/30\/comissao-de-acompanhamento-do-prr-duvida-que-alguns-problemas-sejam-corrigidos\/"},"wordCount":374,"image":{"@id":"https:\/\/portaltela.pt\/noticias\/2026\/04\/30\/comissao-de-acompanhamento-do-prr-duvida-que-alguns-problemas-sejam-corrigidos\/#primaryimage"},"thumbnailUrl":"https:\/\/portaltela.pt\/s.01k8rhncp4jt1\/2026\/04\/img_1500x1000uu2024-01-30-22-01-12-1557192.jpg","keywords":["administra\u00e7\u00e3o p\u00fablica","energia","habita\u00e7\u00e3o","investimento","obras","pagamentos"],"articleSection":["Not\u00edcias","Pol\u00edtica"],"inLanguage":"pt-PT"},{"@type":"WebPage","@id":"https:\/\/portaltela.pt\/noticias\/2026\/04\/30\/comissao-de-acompanhamento-do-prr-duvida-que-alguns-problemas-sejam-corrigidos\/","url":"https:\/\/portaltela.pt\/noticias\/2026\/04\/30\/comissao-de-acompanhamento-do-prr-duvida-que-alguns-problemas-sejam-corrigidos\/","name":"Comiss\u00e3o de Acompanhamento do PRR duvida que alguns problemas sejam corrigidos - Portal Tela Portugal","isPartOf":{"@id":"https:\/\/portaltela.pt\/#website"},"primaryImageOfPage":{"@id":"https:\/\/portaltela.pt\/noticias\/2026\/04\/30\/comissao-de-acompanhamento-do-prr-duvida-que-alguns-problemas-sejam-corrigidos\/#primaryimage"},"image":{"@id":"https:\/\/portaltela.pt\/noticias\/2026\/04\/30\/comissao-de-acompanhamento-do-prr-duvida-que-alguns-problemas-sejam-corrigidos\/#primaryimage"},"thumbnailUrl":"https:\/\/portaltela.pt\/s.01k8rhncp4jt1\/2026\/04\/img_1500x1000uu2024-01-30-22-01-12-1557192.jpg","datePublished":"2026-04-30T11:48:31+00:00","author":{"@id":"https:\/\/portaltela.pt\/#\/schema\/person\/c4278d4a6028830caff9ee44b42d32ed"},"breadcrumb":{"@id":"https:\/\/portaltela.pt\/noticias\/2026\/04\/30\/comissao-de-acompanhamento-do-prr-duvida-que-alguns-problemas-sejam-corrigidos\/#breadcrumb"},"inLanguage":"pt-PT","potentialAction":[{"@type":"ReadAction","target":["https:\/\/portaltela.pt\/noticias\/2026\/04\/30\/comissao-de-acompanhamento-do-prr-duvida-que-alguns-problemas-sejam-corrigidos\/"]}]},{"@type":"ImageObject","inLanguage":"pt-PT","@id":"https:\/\/portaltela.pt\/noticias\/2026\/04\/30\/comissao-de-acompanhamento-do-prr-duvida-que-alguns-problemas-sejam-corrigidos\/#primaryimage","url":"https:\/\/portaltela.pt\/s.01k8rhncp4jt1\/2026\/04\/img_1500x1000uu2024-01-30-22-01-12-1557192.jpg","contentUrl":"https:\/\/portaltela.pt\/s.01k8rhncp4jt1\/2026\/04\/img_1500x1000uu2024-01-30-22-01-12-1557192.jpg","width":796,"height":448,"caption":"Pessoas, economia"},{"@type":"BreadcrumbList","@id":"https:\/\/portaltela.pt\/noticias\/2026\/04\/30\/comissao-de-acompanhamento-do-prr-duvida-que-alguns-problemas-sejam-corrigidos\/#breadcrumb","itemListElement":[{"@type":"ListItem","position":1,"name":"In\u00edcio","item":"https:\/\/portaltela.pt\/"},{"@type":"ListItem","position":2,"name":"Comiss\u00e3o de Acompanhamento do PRR duvida que alguns problemas sejam corrigidos"}]},{"@type":"WebSite","@id":"https:\/\/portaltela.pt\/#website","url":"https:\/\/portaltela.pt\/","name":"Portal Tela Portugal","description":"","potentialAction":[{"@type":"SearchAction","target":{"@type":"EntryPoint","urlTemplate":"https:\/\/portaltela.pt\/?s={search_term_string}"},"query-input":{"@type":"PropertyValueSpecification","valueRequired":true,"valueName":"search_term_string"}}],"inLanguage":"pt-PT"},{"@type":"Person","@id":"https:\/\/portaltela.pt\/#\/schema\/person\/c4278d4a6028830caff9ee44b42d32ed","name":"Telinha","image":{"@type":"ImageObject","inLanguage":"pt-PT","@id":"https:\/\/portaltela.pt\/s.01k8rhncp4jt1\/2025\/11\/talking-bot-125x125.png","url":"https:\/\/portaltela.pt\/s.01k8rhncp4jt1\/2025\/11\/talking-bot-125x125.png","contentUrl":"https:\/\/portaltela.pt\/s.01k8rhncp4jt1\/2025\/11\/talking-bot-125x125.png","caption":"Telinha"},"sameAs":["https:\/\/portaltela.pt\/"],"url":"https:\/\/portaltela.pt\/por\/367410592786\/"}]}},"_links":{"self":[{"href":"https:\/\/portaltela.pt\/api\/wp\/v2\/posts\/462323","targetHints":{"allow":["GET"]}}],"collection":[{"href":"https:\/\/portaltela.pt\/api\/wp\/v2\/posts"}],"about":[{"href":"https:\/\/portaltela.pt\/api\/wp\/v2\/types\/post"}],"author":[{"embeddable":true,"href":"https:\/\/portaltela.pt\/api\/wp\/v2\/users\/2"}],"replies":[{"embeddable":true,"href":"https:\/\/portaltela.pt\/api\/wp\/v2\/comments?post=462323"}],"version-history":[{"count":0,"href":"https:\/\/portaltela.pt\/api\/wp\/v2\/posts\/462323\/revisions"}],"wp:featuredmedia":[{"embeddable":true,"href":"https:\/\/portaltela.pt\/api\/wp\/v2\/media\/462327"}],"wp:attachment":[{"href":"https:\/\/portaltela.pt\/api\/wp\/v2\/media?parent=462323"}],"wp:term":[{"taxonomy":"category","embeddable":true,"href":"https:\/\/portaltela.pt\/api\/wp\/v2\/categories?post=462323"},{"taxonomy":"post_tag","embeddable":true,"href":"https:\/\/portaltela.pt\/api\/wp\/v2\/tags?post=462323"}],"curies":[{"name":"wp","href":"https:\/\/api.w.org\/{rel}","templated":true}]}}