{"id":462322,"date":"2026-04-30T08:48:29","date_gmt":"2026-04-30T11:48:29","guid":{"rendered":"https:\/\/portaltela.pt\/noticias\/2026\/04\/30\/liberdade-de-imprensa-global-atinge-minimo-de-25-anos-portugal-cai-dois-lugares\/"},"modified":"2026-04-30T08:48:29","modified_gmt":"2026-04-30T11:48:29","slug":"liberdade-de-imprensa-global-atinge-minimo-de-25-anos-portugal-cai-dois-lugares","status":"publish","type":"post","link":"https:\/\/portaltela.pt\/noticias\/politica\/2026\/04\/30\/liberdade-de-imprensa-global-atinge-minimo-de-25-anos-portugal-cai-dois-lugares\/","title":{"rendered":"Liberdade de imprensa global atinge m\u00ednimo de 25 anos; Portugal cai dois lugares"},"content":{"rendered":"<p>A liberdade de imprensa global atingiu um m\u00ednimo de 25 anos, segundo a classifica\u00e7\u00e3o de Rep\u00f3rteres Sem Fronteiras (RSF) para 2026. Portugal caiu duas posi\u00e7\u00f5es e ocupa o 10.\u00ba lugar, com classifica\u00e7\u00e3o de \u201csatisfat\u00f3rio\u201d (83,71 em 100). A Noruega lidera o ranking pela segunda vez consecutiva.<\/p>\n<p>A RSF aponta que a m\u00e9dia entre 180 pa\u00edses analisados nunca foi t\u00e3o baixa neste \u00faltimo quarto de s\u00e9culo. No topo, a Noruega alcan\u00e7a 92,72, seguida pelos Pa\u00edses Baixos, Est\u00f3nia, Dinamarca, Su\u00e9cia e Finl\u00e2ndia.<\/p>\n<p>Menos de 1% da popula\u00e7\u00e3o mundial vive em condi\u00e7\u00f5es consideradas \u201cboas\u201d de liberdade de imprensa, recorda a organiza\u00e7\u00e3o, em contraste com 2002, quando essa parcela era de 20%. No extremo oposto, 52,2% dos pa\u00edses encontram-se em posi\u00e7\u00f5es de dificuldade.<\/p>\n<h3>Gasposi\u00e7\u00e3o regional e casos-limite<\/h3>\n<p>O estudo encerra o ranking com Ar\u00e1bia Saudita (176.\u00ba), Ir\u00e3o (177.\u00ba), China (178.\u00ba), Coreia do Norte (179.\u00ba) e Eritreia (180.\u00ba). Entre regimes mais restritivos, a R\u00fassia fica em 172.\u00ba, citada pela utiliza\u00e7\u00e3o de leis anti-terrorismo para restringir a imprensa.<\/p>\n<p>A maior piora em 2026 verifica-se no N\u00edger, a descer 37 posi\u00e7\u00f5es para o 120.\u00ba lugar, refletindo a deteriora\u00e7\u00e3o da liberdade de imprensa na regi\u00e3o do Sahel, com ataques de v\u00e1rios grupos armados e juntas militares no poder.<\/p>\n<h3>Diferen\u00e7as regionais e impactos na Am\u00e9rica Latina<\/h3>\n<p>Na S\u00edria, a subida de Bashar al-Assad da 177.\u00ba para a 144.\u00aa posi\u00e7\u00e3o deve-se \u00e0 melhoria registada num contexto de mudan\u00e7as pol\u00edticas. Na Am\u00e9rica Latina, muitas na\u00e7\u00f5es recuaram, com destaque para o Equador (125.\u00ba, queda de 31), ap\u00f3s epis\u00f3dios de viol\u00eancia ligada ao crime organizado.<\/p>\n<p>A Argentina recuou 11 posi\u00e7\u00f5es, indo para o 98.\u00ba lugar, enquanto El Salvador desceu dois d\u00edgitos, chegando ao 143.\u00ba. Venezuela manteve-se entre as ca\u00eddas, ocupando o 159.\u00ba lugar, Cuba est\u00e1 no 160.\u00ba e a Nicar\u00e1gua no 168.\u00ba, com panorama medi\u00e1tico considerado em ru\u00ednas.<\/p>\n<p>No Brasil, observa-se uma melhoria s\u00f3lida, subindo do 63.\u00ba lugar em 2025 para o 52.\u00ba em 2026. A Col\u00f4mbia destacou-se na regi\u00e3o com avan\u00e7o de 13 posi\u00e7\u00f5es, chegando ao 102.\u00ba lugar, ainda abaixo de pa\u00edses com melhor desempenho.<\/p>\n","protected":false},"excerpt":{"rendered":"<ul>\n<li>A classifica\u00e7\u00e3o global da liberdade de imprensa para 2026, da RSF, aponta m\u00ednimos em 25 anos; Portugal caiu duas posi\u00e7\u00f5es para a 10.\u00aa posi\u00e7\u00e3o, com 83,71 em 100, enquanto a Noruega lidera com 92,72.<\/li>\n<li>Portugal desceu do 8.\u00ba para o 10.\u00ba lugar, mantendo o r\u00f3tulo de classifica\u00e7\u00e3o \u201csatisfat\u00f3rio\u201d; no topo est\u00e3o, pela ordem, Noruega, Pa\u00edses Baixos, Est\u00f3nia, Dinamarca, Su\u00e9cia e Finl\u00e2ndia.<\/li>\n<li>O grupo de cauda permanece com regimes fortemente restritivos: Ar\u00e1bia Saudita (176.\u00ba), Ir\u00e3o (177.\u00ba), China (178.\u00ba), Coreia do Norte (179.\u00ba) e Eritreia (180.\u00ba). A R\u00fassia continua entre os menos abertos, em 172.\u00ba lugar.<\/li>\n<li>A maior queda de 2026 \u00e9 a do N\u00edger, que recuou 37 posi\u00e7\u00f5es para o 120.\u00ba lugar, refletindo a deteriora\u00e7\u00e3o na regi\u00e3o do Sahel; a S\u00edria, sob Bashar al\u2011Assad, subiu do 177.\u00ba para o 144.\u00ba lugar.<\/li>\n<li>Brasil sobe de 63.\u00ba para 52.\u00ba; na Am\u00e9rica Latina, v\u00e1rias oscila\u00e7\u00f5es: Equador 125.\u00ba, Peru 144.\u00ba, Argentina 98.\u00ba, El Salvador 143.\u00ba, Venezuela 159.\u00ba, Cuba 160.\u00ba e Nicar\u00e1gua 168.\u00ba.<\/li>\n<\/ul>\n","protected":false},"author":2,"featured_media":462326,"comment_status":"closed","ping_status":"closed","sticky":false,"template":"","format":"standard","meta":{"footnotes":""},"categories":[6912,5],"tags":[2469,506,2920,3512,1014,2066],"class_list":["post-462322","post","type-post","status-publish","format-standard","has-post-thumbnail","hentry","category-internacionais","category-politica","tag-colombia","tag-imprensa","tag-liberdade-de-expressao","tag-liberdade-de-imprensa","tag-portugal","tag-siria"],"yoast_head":"<!-- This site is optimized with the Yoast SEO plugin v27.2 - https:\/\/yoast.com\/product\/yoast-seo-wordpress\/ -->\n<title>Liberdade de imprensa global atinge m\u00ednimo de 25 anos; Portugal cai dois lugares - Portal Tela Portugal<\/title>\n<meta name=\"robots\" content=\"index, follow, max-snippet:-1, max-image-preview:large, max-video-preview:-1\" \/>\n<meta property=\"og:locale\" content=\"pt_PT\" \/>\n<meta property=\"og:type\" content=\"article\" \/>\n<meta property=\"og:title\" content=\"Liberdade de imprensa global atinge m\u00ednimo de 25 anos; Portugal cai dois lugares - Portal Tela Portugal\" \/>\n<meta property=\"og:description\" content=\"A classifica\u00e7\u00e3o global da liberdade de imprensa para 2026, da RSF, aponta m\u00ednimos em 25 anos; Portugal caiu duas posi\u00e7\u00f5es para a 10.\u00aa posi\u00e7\u00e3o, com 83,71 em 100, enquanto a Noruega lidera com 92,72. Portugal desceu do 8.\u00ba para o 10.\u00ba lugar, mantendo o r\u00f3tulo de classifica\u00e7\u00e3o \u201csatisfat\u00f3rio\u201d; no topo est\u00e3o, pela ordem, Noruega, Pa\u00edses Baixos, Est\u00f3nia, Dinamarca, Su\u00e9cia e Finl\u00e2ndia. O grupo de cauda permanece com regimes fortemente restritivos: Ar\u00e1bia Saudita (176.\u00ba), Ir\u00e3o (177.\u00ba), China (178.\u00ba), Coreia do Norte (179.\u00ba) e Eritreia (180.\u00ba). A R\u00fassia continua entre os menos abertos, em 172.\u00ba lugar. A maior queda de 2026 \u00e9 a do N\u00edger, que recuou 37 posi\u00e7\u00f5es para o 120.\u00ba lugar, refletindo a deteriora\u00e7\u00e3o na regi\u00e3o do Sahel; a S\u00edria, sob Bashar al\u2011Assad, subiu do 177.\u00ba para o 144.\u00ba lugar. Brasil sobe de 63.\u00ba para 52.\u00ba; na Am\u00e9rica Latina, v\u00e1rias oscila\u00e7\u00f5es: Equador 125.\u00ba, Peru 144.\u00ba, Argentina 98.\u00ba, El Salvador 143.\u00ba, Venezuela 159.\u00ba, Cuba 160.\u00ba e Nicar\u00e1gua 168.\u00ba.\" \/>\n<meta property=\"og:url\" content=\"https:\/\/portaltela.pt\/noticias\/2026\/04\/30\/liberdade-de-imprensa-global-atinge-minimo-de-25-anos-portugal-cai-dois-lugares\/\" \/>\n<meta property=\"og:site_name\" content=\"Portal Tela Portugal\" \/>\n<meta property=\"article:published_time\" content=\"2026-04-30T11:48:29+00:00\" \/>\n<meta name=\"author\" content=\"Telinha\" \/>\n<meta name=\"twitter:card\" content=\"summary_large_image\" \/>\n<meta name=\"twitter:label1\" content=\"Escrito por\" \/>\n\t<meta name=\"twitter:data1\" content=\"Telinha\" \/>\n\t<meta name=\"twitter:label2\" content=\"Tempo estimado de leitura\" \/>\n\t<meta name=\"twitter:data2\" content=\"2 minutos\" \/>\n<script type=\"application\/ld+json\" class=\"yoast-schema-graph\">{\"@context\":\"https:\/\/schema.org\",\"@graph\":[{\"@type\":\"Article\",\"@id\":\"https:\/\/portaltela.pt\/noticias\/2026\/04\/30\/liberdade-de-imprensa-global-atinge-minimo-de-25-anos-portugal-cai-dois-lugares\/#article\",\"isPartOf\":{\"@id\":\"https:\/\/portaltela.pt\/noticias\/2026\/04\/30\/liberdade-de-imprensa-global-atinge-minimo-de-25-anos-portugal-cai-dois-lugares\/\"},\"author\":{\"name\":\"Telinha\",\"@id\":\"https:\/\/portaltela.pt\/#\/schema\/person\/c4278d4a6028830caff9ee44b42d32ed\"},\"headline\":\"Liberdade de imprensa global atinge m\u00ednimo de 25 anos; Portugal cai dois lugares\",\"datePublished\":\"2026-04-30T11:48:29+00:00\",\"mainEntityOfPage\":{\"@id\":\"https:\/\/portaltela.pt\/noticias\/2026\/04\/30\/liberdade-de-imprensa-global-atinge-minimo-de-25-anos-portugal-cai-dois-lugares\/\"},\"wordCount\":362,\"image\":{\"@id\":\"https:\/\/portaltela.pt\/noticias\/2026\/04\/30\/liberdade-de-imprensa-global-atinge-minimo-de-25-anos-portugal-cai-dois-lugares\/#primaryimage\"},\"thumbnailUrl\":\"https:\/\/portaltela.pt\/s.01k8rhncp4jt1\/2026\/04\/2085146.jpg\",\"keywords\":[\"Col\u00f4mbia\",\"imprensa\",\"liberdade de express\u00e3o\",\"liberdade de imprensa\",\"Portugal\",\"S\u00edria\"],\"articleSection\":[\"Internacionais\",\"Pol\u00edtica\"],\"inLanguage\":\"pt-PT\"},{\"@type\":\"WebPage\",\"@id\":\"https:\/\/portaltela.pt\/noticias\/2026\/04\/30\/liberdade-de-imprensa-global-atinge-minimo-de-25-anos-portugal-cai-dois-lugares\/\",\"url\":\"https:\/\/portaltela.pt\/noticias\/2026\/04\/30\/liberdade-de-imprensa-global-atinge-minimo-de-25-anos-portugal-cai-dois-lugares\/\",\"name\":\"Liberdade de imprensa global atinge m\u00ednimo de 25 anos; Portugal cai dois lugares - Portal Tela Portugal\",\"isPartOf\":{\"@id\":\"https:\/\/portaltela.pt\/#website\"},\"primaryImageOfPage\":{\"@id\":\"https:\/\/portaltela.pt\/noticias\/2026\/04\/30\/liberdade-de-imprensa-global-atinge-minimo-de-25-anos-portugal-cai-dois-lugares\/#primaryimage\"},\"image\":{\"@id\":\"https:\/\/portaltela.pt\/noticias\/2026\/04\/30\/liberdade-de-imprensa-global-atinge-minimo-de-25-anos-portugal-cai-dois-lugares\/#primaryimage\"},\"thumbnailUrl\":\"https:\/\/portaltela.pt\/s.01k8rhncp4jt1\/2026\/04\/2085146.jpg\",\"datePublished\":\"2026-04-30T11:48:29+00:00\",\"author\":{\"@id\":\"https:\/\/portaltela.pt\/#\/schema\/person\/c4278d4a6028830caff9ee44b42d32ed\"},\"breadcrumb\":{\"@id\":\"https:\/\/portaltela.pt\/noticias\/2026\/04\/30\/liberdade-de-imprensa-global-atinge-minimo-de-25-anos-portugal-cai-dois-lugares\/#breadcrumb\"},\"inLanguage\":\"pt-PT\",\"potentialAction\":[{\"@type\":\"ReadAction\",\"target\":[\"https:\/\/portaltela.pt\/noticias\/2026\/04\/30\/liberdade-de-imprensa-global-atinge-minimo-de-25-anos-portugal-cai-dois-lugares\/\"]}]},{\"@type\":\"ImageObject\",\"inLanguage\":\"pt-PT\",\"@id\":\"https:\/\/portaltela.pt\/noticias\/2026\/04\/30\/liberdade-de-imprensa-global-atinge-minimo-de-25-anos-portugal-cai-dois-lugares\/#primaryimage\",\"url\":\"https:\/\/portaltela.pt\/s.01k8rhncp4jt1\/2026\/04\/2085146.jpg\",\"contentUrl\":\"https:\/\/portaltela.pt\/s.01k8rhncp4jt1\/2026\/04\/2085146.jpg\",\"width\":796,\"height\":448,\"caption\":\"No topo da lista, mais um ano, est\u00e1 a Noruega, o \u00fanico pa\u00eds a obter uma classifica\u00e7\u00e3o de \\\"excelente\\\" (92,72 em 100), seguida dos Pa\u00edses Baixos, Est\u00f3nia, Dinamarca, Su\u00e9cia e Finl\u00e2ndia\"},{\"@type\":\"BreadcrumbList\",\"@id\":\"https:\/\/portaltela.pt\/noticias\/2026\/04\/30\/liberdade-de-imprensa-global-atinge-minimo-de-25-anos-portugal-cai-dois-lugares\/#breadcrumb\",\"itemListElement\":[{\"@type\":\"ListItem\",\"position\":1,\"name\":\"In\u00edcio\",\"item\":\"https:\/\/portaltela.pt\/\"},{\"@type\":\"ListItem\",\"position\":2,\"name\":\"Liberdade de imprensa global atinge m\u00ednimo de 25 anos; Portugal cai dois lugares\"}]},{\"@type\":\"WebSite\",\"@id\":\"https:\/\/portaltela.pt\/#website\",\"url\":\"https:\/\/portaltela.pt\/\",\"name\":\"Portal Tela Portugal\",\"description\":\"\",\"potentialAction\":[{\"@type\":\"SearchAction\",\"target\":{\"@type\":\"EntryPoint\",\"urlTemplate\":\"https:\/\/portaltela.pt\/?s={search_term_string}\"},\"query-input\":{\"@type\":\"PropertyValueSpecification\",\"valueRequired\":true,\"valueName\":\"search_term_string\"}}],\"inLanguage\":\"pt-PT\"},{\"@type\":\"Person\",\"@id\":\"https:\/\/portaltela.pt\/#\/schema\/person\/c4278d4a6028830caff9ee44b42d32ed\",\"name\":\"Telinha\",\"image\":{\"@type\":\"ImageObject\",\"inLanguage\":\"pt-PT\",\"@id\":\"https:\/\/portaltela.pt\/s.01k8rhncp4jt1\/2025\/11\/talking-bot-125x125.png\",\"url\":\"https:\/\/portaltela.pt\/s.01k8rhncp4jt1\/2025\/11\/talking-bot-125x125.png\",\"contentUrl\":\"https:\/\/portaltela.pt\/s.01k8rhncp4jt1\/2025\/11\/talking-bot-125x125.png\",\"caption\":\"Telinha\"},\"sameAs\":[\"https:\/\/portaltela.pt\/\"],\"url\":\"https:\/\/portaltela.pt\/por\/367410592786\/\"}]}<\/script>\n<!-- \/ Yoast SEO plugin. -->","yoast_head_json":{"title":"Liberdade de imprensa global atinge m\u00ednimo de 25 anos; Portugal cai dois lugares - Portal Tela Portugal","robots":{"index":"index","follow":"follow","max-snippet":"max-snippet:-1","max-image-preview":"max-image-preview:large","max-video-preview":"max-video-preview:-1"},"og_locale":"pt_PT","og_type":"article","og_title":"Liberdade de imprensa global atinge m\u00ednimo de 25 anos; Portugal cai dois lugares - Portal Tela Portugal","og_description":"A classifica\u00e7\u00e3o global da liberdade de imprensa para 2026, da RSF, aponta m\u00ednimos em 25 anos; Portugal caiu duas posi\u00e7\u00f5es para a 10.\u00aa posi\u00e7\u00e3o, com 83,71 em 100, enquanto a Noruega lidera com 92,72. Portugal desceu do 8.\u00ba para o 10.\u00ba lugar, mantendo o r\u00f3tulo de classifica\u00e7\u00e3o \u201csatisfat\u00f3rio\u201d; no topo est\u00e3o, pela ordem, Noruega, Pa\u00edses Baixos, Est\u00f3nia, Dinamarca, Su\u00e9cia e Finl\u00e2ndia. O grupo de cauda permanece com regimes fortemente restritivos: Ar\u00e1bia Saudita (176.\u00ba), Ir\u00e3o (177.\u00ba), China (178.\u00ba), Coreia do Norte (179.\u00ba) e Eritreia (180.\u00ba). A R\u00fassia continua entre os menos abertos, em 172.\u00ba lugar. A maior queda de 2026 \u00e9 a do N\u00edger, que recuou 37 posi\u00e7\u00f5es para o 120.\u00ba lugar, refletindo a deteriora\u00e7\u00e3o na regi\u00e3o do Sahel; a S\u00edria, sob Bashar al\u2011Assad, subiu do 177.\u00ba para o 144.\u00ba lugar. Brasil sobe de 63.\u00ba para 52.\u00ba; na Am\u00e9rica Latina, v\u00e1rias oscila\u00e7\u00f5es: Equador 125.\u00ba, Peru 144.\u00ba, Argentina 98.\u00ba, El Salvador 143.\u00ba, Venezuela 159.\u00ba, Cuba 160.\u00ba e Nicar\u00e1gua 168.\u00ba.","og_url":"https:\/\/portaltela.pt\/noticias\/2026\/04\/30\/liberdade-de-imprensa-global-atinge-minimo-de-25-anos-portugal-cai-dois-lugares\/","og_site_name":"Portal Tela Portugal","article_published_time":"2026-04-30T11:48:29+00:00","author":"Telinha","twitter_card":"summary_large_image","twitter_misc":{"Escrito por":"Telinha","Tempo estimado de leitura":"2 minutos"},"schema":{"@context":"https:\/\/schema.org","@graph":[{"@type":"Article","@id":"https:\/\/portaltela.pt\/noticias\/2026\/04\/30\/liberdade-de-imprensa-global-atinge-minimo-de-25-anos-portugal-cai-dois-lugares\/#article","isPartOf":{"@id":"https:\/\/portaltela.pt\/noticias\/2026\/04\/30\/liberdade-de-imprensa-global-atinge-minimo-de-25-anos-portugal-cai-dois-lugares\/"},"author":{"name":"Telinha","@id":"https:\/\/portaltela.pt\/#\/schema\/person\/c4278d4a6028830caff9ee44b42d32ed"},"headline":"Liberdade de imprensa global atinge m\u00ednimo de 25 anos; Portugal cai dois lugares","datePublished":"2026-04-30T11:48:29+00:00","mainEntityOfPage":{"@id":"https:\/\/portaltela.pt\/noticias\/2026\/04\/30\/liberdade-de-imprensa-global-atinge-minimo-de-25-anos-portugal-cai-dois-lugares\/"},"wordCount":362,"image":{"@id":"https:\/\/portaltela.pt\/noticias\/2026\/04\/30\/liberdade-de-imprensa-global-atinge-minimo-de-25-anos-portugal-cai-dois-lugares\/#primaryimage"},"thumbnailUrl":"https:\/\/portaltela.pt\/s.01k8rhncp4jt1\/2026\/04\/2085146.jpg","keywords":["Col\u00f4mbia","imprensa","liberdade de express\u00e3o","liberdade de imprensa","Portugal","S\u00edria"],"articleSection":["Internacionais","Pol\u00edtica"],"inLanguage":"pt-PT"},{"@type":"WebPage","@id":"https:\/\/portaltela.pt\/noticias\/2026\/04\/30\/liberdade-de-imprensa-global-atinge-minimo-de-25-anos-portugal-cai-dois-lugares\/","url":"https:\/\/portaltela.pt\/noticias\/2026\/04\/30\/liberdade-de-imprensa-global-atinge-minimo-de-25-anos-portugal-cai-dois-lugares\/","name":"Liberdade de imprensa global atinge m\u00ednimo de 25 anos; Portugal cai dois lugares - Portal Tela Portugal","isPartOf":{"@id":"https:\/\/portaltela.pt\/#website"},"primaryImageOfPage":{"@id":"https:\/\/portaltela.pt\/noticias\/2026\/04\/30\/liberdade-de-imprensa-global-atinge-minimo-de-25-anos-portugal-cai-dois-lugares\/#primaryimage"},"image":{"@id":"https:\/\/portaltela.pt\/noticias\/2026\/04\/30\/liberdade-de-imprensa-global-atinge-minimo-de-25-anos-portugal-cai-dois-lugares\/#primaryimage"},"thumbnailUrl":"https:\/\/portaltela.pt\/s.01k8rhncp4jt1\/2026\/04\/2085146.jpg","datePublished":"2026-04-30T11:48:29+00:00","author":{"@id":"https:\/\/portaltela.pt\/#\/schema\/person\/c4278d4a6028830caff9ee44b42d32ed"},"breadcrumb":{"@id":"https:\/\/portaltela.pt\/noticias\/2026\/04\/30\/liberdade-de-imprensa-global-atinge-minimo-de-25-anos-portugal-cai-dois-lugares\/#breadcrumb"},"inLanguage":"pt-PT","potentialAction":[{"@type":"ReadAction","target":["https:\/\/portaltela.pt\/noticias\/2026\/04\/30\/liberdade-de-imprensa-global-atinge-minimo-de-25-anos-portugal-cai-dois-lugares\/"]}]},{"@type":"ImageObject","inLanguage":"pt-PT","@id":"https:\/\/portaltela.pt\/noticias\/2026\/04\/30\/liberdade-de-imprensa-global-atinge-minimo-de-25-anos-portugal-cai-dois-lugares\/#primaryimage","url":"https:\/\/portaltela.pt\/s.01k8rhncp4jt1\/2026\/04\/2085146.jpg","contentUrl":"https:\/\/portaltela.pt\/s.01k8rhncp4jt1\/2026\/04\/2085146.jpg","width":796,"height":448,"caption":"No topo da lista, mais um ano, est\u00e1 a Noruega, o \u00fanico pa\u00eds a obter uma classifica\u00e7\u00e3o de \"excelente\" (92,72 em 100), seguida dos Pa\u00edses Baixos, Est\u00f3nia, Dinamarca, Su\u00e9cia e Finl\u00e2ndia"},{"@type":"BreadcrumbList","@id":"https:\/\/portaltela.pt\/noticias\/2026\/04\/30\/liberdade-de-imprensa-global-atinge-minimo-de-25-anos-portugal-cai-dois-lugares\/#breadcrumb","itemListElement":[{"@type":"ListItem","position":1,"name":"In\u00edcio","item":"https:\/\/portaltela.pt\/"},{"@type":"ListItem","position":2,"name":"Liberdade de imprensa global atinge m\u00ednimo de 25 anos; Portugal cai dois lugares"}]},{"@type":"WebSite","@id":"https:\/\/portaltela.pt\/#website","url":"https:\/\/portaltela.pt\/","name":"Portal Tela Portugal","description":"","potentialAction":[{"@type":"SearchAction","target":{"@type":"EntryPoint","urlTemplate":"https:\/\/portaltela.pt\/?s={search_term_string}"},"query-input":{"@type":"PropertyValueSpecification","valueRequired":true,"valueName":"search_term_string"}}],"inLanguage":"pt-PT"},{"@type":"Person","@id":"https:\/\/portaltela.pt\/#\/schema\/person\/c4278d4a6028830caff9ee44b42d32ed","name":"Telinha","image":{"@type":"ImageObject","inLanguage":"pt-PT","@id":"https:\/\/portaltela.pt\/s.01k8rhncp4jt1\/2025\/11\/talking-bot-125x125.png","url":"https:\/\/portaltela.pt\/s.01k8rhncp4jt1\/2025\/11\/talking-bot-125x125.png","contentUrl":"https:\/\/portaltela.pt\/s.01k8rhncp4jt1\/2025\/11\/talking-bot-125x125.png","caption":"Telinha"},"sameAs":["https:\/\/portaltela.pt\/"],"url":"https:\/\/portaltela.pt\/por\/367410592786\/"}]}},"_links":{"self":[{"href":"https:\/\/portaltela.pt\/api\/wp\/v2\/posts\/462322","targetHints":{"allow":["GET"]}}],"collection":[{"href":"https:\/\/portaltela.pt\/api\/wp\/v2\/posts"}],"about":[{"href":"https:\/\/portaltela.pt\/api\/wp\/v2\/types\/post"}],"author":[{"embeddable":true,"href":"https:\/\/portaltela.pt\/api\/wp\/v2\/users\/2"}],"replies":[{"embeddable":true,"href":"https:\/\/portaltela.pt\/api\/wp\/v2\/comments?post=462322"}],"version-history":[{"count":0,"href":"https:\/\/portaltela.pt\/api\/wp\/v2\/posts\/462322\/revisions"}],"wp:featuredmedia":[{"embeddable":true,"href":"https:\/\/portaltela.pt\/api\/wp\/v2\/media\/462326"}],"wp:attachment":[{"href":"https:\/\/portaltela.pt\/api\/wp\/v2\/media?parent=462322"}],"wp:term":[{"taxonomy":"category","embeddable":true,"href":"https:\/\/portaltela.pt\/api\/wp\/v2\/categories?post=462322"},{"taxonomy":"post_tag","embeddable":true,"href":"https:\/\/portaltela.pt\/api\/wp\/v2\/tags?post=462322"}],"curies":[{"name":"wp","href":"https:\/\/api.w.org\/{rel}","templated":true}]}}