{"id":462313,"date":"2026-04-30T08:48:15","date_gmt":"2026-04-30T11:48:15","guid":{"rendered":"https:\/\/portaltela.pt\/noticias\/2026\/04\/30\/bruxelas-abre-concurso-para-financiamento-de-interligacoes-energeticas-na-ue\/"},"modified":"2026-04-30T08:48:15","modified_gmt":"2026-04-30T11:48:15","slug":"bruxelas-abre-concurso-para-financiamento-de-interligacoes-energeticas-na-ue","status":"publish","type":"post","link":"https:\/\/portaltela.pt\/noticias\/2026\/04\/30\/bruxelas-abre-concurso-para-financiamento-de-interligacoes-energeticas-na-ue\/","title":{"rendered":"Bruxelas abre concurso para financiamento de interliga\u00e7\u00f5es energ\u00e9ticas na UE"},"content":{"rendered":"<p>A Comiss\u00e3o Europeia abriu candidaturas no espa\u00e7o do Mecanismo Interligar a Europa (MIE-E), com uma dota\u00e7\u00e3o de 600 milh\u00f5es de euros para financiar infraestruturas energ\u00e9ticas transfronteiri\u00e7as. O an\u00fancio ocorreu nesta quinta-feira, visando apoiar projetos de interconex\u00e3o na UE. O objetivo \u00e9 acelerar a consolida\u00e7\u00e3o de redes transfronteiri\u00e7as e aumentar a seguran\u00e7a de abastecimento.<\/p>\n<p>O convite est\u00e1 aberto at\u00e9 30 de setembro e dirige-se aos Projetos de Interesse Comum (PIC) e aos Projetos de Interesse M\u00fatuo (PIM) que constam das listas oficiais da Uni\u00e3o Europeia. As propostas devem cumprir crit\u00e9rios t\u00e9cnicos e de conformidade com as metas de energia, clima e integra\u00e7\u00e3o de mercados.<\/p>\n<p>Portugal pode concorrer a dois projetos de interliga\u00e7\u00e3o el\u00e9ctrica com a Espanha, dentro do \u00e2mbito do MIE-E. As liga\u00e7\u00f5es eleg\u00edveis s\u00e3o Beariz-Fontefr\u00eda (ES), Fontefr\u00eda (ES)-Ponte de Lima (PT) e Ponte de Lima-Vila Nova de Famalic\u00e3o (PT). Est\u00e3o inclu\u00eddas subesta\u00e7\u00f5es em Beariz (ES), Fontefr\u00eda (ES) e Ponte de Lima (PT).<\/p>\n<h3>Condi\u00e7\u00f5es e prazos<\/h3>\n<p>A sele\u00e7\u00e3o de projetos ter\u00e1 em conta custos, impacto ambiental, cronogramas e benef\u00edcios para o mercado \u00fanico. As propostas devem estar alinhadas com as listas PIC e PIM e cumprir os crit\u00e9rios de elegibilidade definidos pela Comiss\u00e3o.<\/p>\n<p>Os investimentos visam facilitar o fluxo transfronteiri\u00e7o de energia, melhorar a resili\u00eancia das redes e promover a integra\u00e7\u00e3o regional no mercado interno da UE. As candidaturas devem ser submetidas pelas entidades competentes respons\u00e1veis pelos projetos.<\/p>\n","protected":false},"excerpt":{"rendered":"<ul>\n<li>A Comiss\u00e3o Europeia abriu candidaturas no \u00e2mbito do Mecanismo Interligar a Europa (MIE-E) com uma dota\u00e7\u00e3o de seiscentos milh\u00f5es de euros para projetos de infraestruturas energ\u00e9ticas transfronteiri\u00e7as.<\/li>\n<li>O convite est\u00e1 aberto at\u00e9 30 de setembro e destina-se a Projetos de Interesse Comum (PIC) e Projetos de Interesse M\u00fatuo (PIM) constantes na lista da Uni\u00e3o Europeia.<\/li>\n<li>Portugal pode ficar abrangido por dois dos projetos de interliga\u00e7\u00e3o el\u00e9trica mencionados na lista, com liga\u00e7\u00f5es a Espanha (ES).<\/li>\n<li>Os projetos em causa s\u00e3o Beariz-Fontefr\u00eda (ES), Fontefr\u00eda (ES)-Ponte de Lima (PT) e Ponte de Lima-Vila Nova de Famalic\u00e3o (PT), incluindo subesta\u00e7\u00f5es em Beariz, Fontefr\u00eda e Ponte de Lima.<\/li>\n<\/ul>\n","protected":false},"author":2,"featured_media":462320,"comment_status":"closed","ping_status":"closed","sticky":false,"template":"","format":"standard","meta":{"footnotes":""},"categories":[6806,1],"tags":[8557,7775,8657,8313,8062,8056],"class_list":["post-462313","post","type-post","status-publish","format-standard","has-post-thumbnail","hentry","category-energia","category-noticias","tag-_abastecimento-de-energia","tag-_energia","tag-_espanha","tag-_infraestruturas","tag-_portugal","tag-_uniao-europeia"],"yoast_head":"<!-- This site is optimized with the Yoast SEO plugin v27.2 - https:\/\/yoast.com\/product\/yoast-seo-wordpress\/ -->\n<title>Bruxelas abre concurso para financiamento de interliga\u00e7\u00f5es energ\u00e9ticas na UE - Portal Tela Portugal<\/title>\n<meta name=\"robots\" content=\"index, follow, max-snippet:-1, max-image-preview:large, max-video-preview:-1\" \/>\n<meta property=\"og:locale\" content=\"pt_PT\" \/>\n<meta property=\"og:type\" content=\"article\" \/>\n<meta property=\"og:title\" content=\"Bruxelas abre concurso para financiamento de interliga\u00e7\u00f5es energ\u00e9ticas na UE - Portal Tela Portugal\" \/>\n<meta property=\"og:description\" content=\"A Comiss\u00e3o Europeia abriu candidaturas no \u00e2mbito do Mecanismo Interligar a Europa (MIE-E) com uma dota\u00e7\u00e3o de seiscentos milh\u00f5es de euros para projetos de infraestruturas energ\u00e9ticas transfronteiri\u00e7as. O convite est\u00e1 aberto at\u00e9 30 de setembro e destina-se a Projetos de Interesse Comum (PIC) e Projetos de Interesse M\u00fatuo (PIM) constantes na lista da Uni\u00e3o Europeia. Portugal pode ficar abrangido por dois dos projetos de interliga\u00e7\u00e3o el\u00e9trica mencionados na lista, com liga\u00e7\u00f5es a Espanha (ES). Os projetos em causa s\u00e3o Beariz-Fontefr\u00eda (ES), Fontefr\u00eda (ES)-Ponte de Lima (PT) e Ponte de Lima-Vila Nova de Famalic\u00e3o (PT), incluindo subesta\u00e7\u00f5es em Beariz, Fontefr\u00eda e Ponte de Lima.\" \/>\n<meta property=\"og:url\" content=\"https:\/\/portaltela.pt\/noticias\/2026\/04\/30\/bruxelas-abre-concurso-para-financiamento-de-interligacoes-energeticas-na-ue\/\" \/>\n<meta property=\"og:site_name\" content=\"Portal Tela Portugal\" \/>\n<meta property=\"article:published_time\" content=\"2026-04-30T11:48:15+00:00\" \/>\n<meta name=\"author\" content=\"Telinha\" \/>\n<meta name=\"twitter:card\" content=\"summary_large_image\" \/>\n<meta name=\"twitter:label1\" content=\"Escrito por\" \/>\n\t<meta name=\"twitter:data1\" content=\"Telinha\" \/>\n\t<meta name=\"twitter:label2\" content=\"Tempo estimado de leitura\" \/>\n\t<meta name=\"twitter:data2\" content=\"1 minuto\" \/>\n<script type=\"application\/ld+json\" class=\"yoast-schema-graph\">{\"@context\":\"https:\/\/schema.org\",\"@graph\":[{\"@type\":\"Article\",\"@id\":\"https:\/\/portaltela.pt\/noticias\/2026\/04\/30\/bruxelas-abre-concurso-para-financiamento-de-interligacoes-energeticas-na-ue\/#article\",\"isPartOf\":{\"@id\":\"https:\/\/portaltela.pt\/noticias\/2026\/04\/30\/bruxelas-abre-concurso-para-financiamento-de-interligacoes-energeticas-na-ue\/\"},\"author\":{\"name\":\"Telinha\",\"@id\":\"https:\/\/portaltela.pt\/#\/schema\/person\/c4278d4a6028830caff9ee44b42d32ed\"},\"headline\":\"Bruxelas abre concurso para financiamento de interliga\u00e7\u00f5es energ\u00e9ticas na UE\",\"datePublished\":\"2026-04-30T11:48:15+00:00\",\"mainEntityOfPage\":{\"@id\":\"https:\/\/portaltela.pt\/noticias\/2026\/04\/30\/bruxelas-abre-concurso-para-financiamento-de-interligacoes-energeticas-na-ue\/\"},\"wordCount\":274,\"image\":{\"@id\":\"https:\/\/portaltela.pt\/noticias\/2026\/04\/30\/bruxelas-abre-concurso-para-financiamento-de-interligacoes-energeticas-na-ue\/#primaryimage\"},\"thumbnailUrl\":\"https:\/\/portaltela.pt\/s.01k8rhncp4jt1\/2026\/04\/img_1500x1000uu2026-02-18-13-21-11-2233243-2.jpg\",\"keywords\":[\"_abastecimento de energia\",\"_energia\",\"_Espanha\",\"_infraestruturas\",\"_Portugal\",\"_Uni\u00e3o Europeia\"],\"articleSection\":[\"Energia\",\"Not\u00edcias\"],\"inLanguage\":\"pt-PT\"},{\"@type\":\"WebPage\",\"@id\":\"https:\/\/portaltela.pt\/noticias\/2026\/04\/30\/bruxelas-abre-concurso-para-financiamento-de-interligacoes-energeticas-na-ue\/\",\"url\":\"https:\/\/portaltela.pt\/noticias\/2026\/04\/30\/bruxelas-abre-concurso-para-financiamento-de-interligacoes-energeticas-na-ue\/\",\"name\":\"Bruxelas abre concurso para financiamento de interliga\u00e7\u00f5es energ\u00e9ticas na UE - Portal Tela Portugal\",\"isPartOf\":{\"@id\":\"https:\/\/portaltela.pt\/#website\"},\"primaryImageOfPage\":{\"@id\":\"https:\/\/portaltela.pt\/noticias\/2026\/04\/30\/bruxelas-abre-concurso-para-financiamento-de-interligacoes-energeticas-na-ue\/#primaryimage\"},\"image\":{\"@id\":\"https:\/\/portaltela.pt\/noticias\/2026\/04\/30\/bruxelas-abre-concurso-para-financiamento-de-interligacoes-energeticas-na-ue\/#primaryimage\"},\"thumbnailUrl\":\"https:\/\/portaltela.pt\/s.01k8rhncp4jt1\/2026\/04\/img_1500x1000uu2026-02-18-13-21-11-2233243-2.jpg\",\"datePublished\":\"2026-04-30T11:48:15+00:00\",\"author\":{\"@id\":\"https:\/\/portaltela.pt\/#\/schema\/person\/c4278d4a6028830caff9ee44b42d32ed\"},\"breadcrumb\":{\"@id\":\"https:\/\/portaltela.pt\/noticias\/2026\/04\/30\/bruxelas-abre-concurso-para-financiamento-de-interligacoes-energeticas-na-ue\/#breadcrumb\"},\"inLanguage\":\"pt-PT\",\"potentialAction\":[{\"@type\":\"ReadAction\",\"target\":[\"https:\/\/portaltela.pt\/noticias\/2026\/04\/30\/bruxelas-abre-concurso-para-financiamento-de-interligacoes-energeticas-na-ue\/\"]}]},{\"@type\":\"ImageObject\",\"inLanguage\":\"pt-PT\",\"@id\":\"https:\/\/portaltela.pt\/noticias\/2026\/04\/30\/bruxelas-abre-concurso-para-financiamento-de-interligacoes-energeticas-na-ue\/#primaryimage\",\"url\":\"https:\/\/portaltela.pt\/s.01k8rhncp4jt1\/2026\/04\/img_1500x1000uu2026-02-18-13-21-11-2233243-2.jpg\",\"contentUrl\":\"https:\/\/portaltela.pt\/s.01k8rhncp4jt1\/2026\/04\/img_1500x1000uu2026-02-18-13-21-11-2233243-2.jpg\",\"width\":796,\"height\":448,\"caption\":\"Bandeiras da Uni\u00e3o Europeia hasteadas em frente ao edif\u00edcio Berlaymont, em Bruxelas\"},{\"@type\":\"BreadcrumbList\",\"@id\":\"https:\/\/portaltela.pt\/noticias\/2026\/04\/30\/bruxelas-abre-concurso-para-financiamento-de-interligacoes-energeticas-na-ue\/#breadcrumb\",\"itemListElement\":[{\"@type\":\"ListItem\",\"position\":1,\"name\":\"In\u00edcio\",\"item\":\"https:\/\/portaltela.pt\/\"},{\"@type\":\"ListItem\",\"position\":2,\"name\":\"Bruxelas abre concurso para financiamento de interliga\u00e7\u00f5es energ\u00e9ticas na UE\"}]},{\"@type\":\"WebSite\",\"@id\":\"https:\/\/portaltela.pt\/#website\",\"url\":\"https:\/\/portaltela.pt\/\",\"name\":\"Portal Tela Portugal\",\"description\":\"\",\"potentialAction\":[{\"@type\":\"SearchAction\",\"target\":{\"@type\":\"EntryPoint\",\"urlTemplate\":\"https:\/\/portaltela.pt\/?s={search_term_string}\"},\"query-input\":{\"@type\":\"PropertyValueSpecification\",\"valueRequired\":true,\"valueName\":\"search_term_string\"}}],\"inLanguage\":\"pt-PT\"},{\"@type\":\"Person\",\"@id\":\"https:\/\/portaltela.pt\/#\/schema\/person\/c4278d4a6028830caff9ee44b42d32ed\",\"name\":\"Telinha\",\"image\":{\"@type\":\"ImageObject\",\"inLanguage\":\"pt-PT\",\"@id\":\"https:\/\/portaltela.pt\/s.01k8rhncp4jt1\/2025\/11\/talking-bot-125x125.png\",\"url\":\"https:\/\/portaltela.pt\/s.01k8rhncp4jt1\/2025\/11\/talking-bot-125x125.png\",\"contentUrl\":\"https:\/\/portaltela.pt\/s.01k8rhncp4jt1\/2025\/11\/talking-bot-125x125.png\",\"caption\":\"Telinha\"},\"sameAs\":[\"https:\/\/portaltela.pt\/\"],\"url\":\"https:\/\/portaltela.pt\/por\/367410592786\/\"}]}<\/script>\n<!-- \/ Yoast SEO plugin. -->","yoast_head_json":{"title":"Bruxelas abre concurso para financiamento de interliga\u00e7\u00f5es energ\u00e9ticas na UE - Portal Tela Portugal","robots":{"index":"index","follow":"follow","max-snippet":"max-snippet:-1","max-image-preview":"max-image-preview:large","max-video-preview":"max-video-preview:-1"},"og_locale":"pt_PT","og_type":"article","og_title":"Bruxelas abre concurso para financiamento de interliga\u00e7\u00f5es energ\u00e9ticas na UE - Portal Tela Portugal","og_description":"A Comiss\u00e3o Europeia abriu candidaturas no \u00e2mbito do Mecanismo Interligar a Europa (MIE-E) com uma dota\u00e7\u00e3o de seiscentos milh\u00f5es de euros para projetos de infraestruturas energ\u00e9ticas transfronteiri\u00e7as. O convite est\u00e1 aberto at\u00e9 30 de setembro e destina-se a Projetos de Interesse Comum (PIC) e Projetos de Interesse M\u00fatuo (PIM) constantes na lista da Uni\u00e3o Europeia. Portugal pode ficar abrangido por dois dos projetos de interliga\u00e7\u00e3o el\u00e9trica mencionados na lista, com liga\u00e7\u00f5es a Espanha (ES). Os projetos em causa s\u00e3o Beariz-Fontefr\u00eda (ES), Fontefr\u00eda (ES)-Ponte de Lima (PT) e Ponte de Lima-Vila Nova de Famalic\u00e3o (PT), incluindo subesta\u00e7\u00f5es em Beariz, Fontefr\u00eda e Ponte de Lima.","og_url":"https:\/\/portaltela.pt\/noticias\/2026\/04\/30\/bruxelas-abre-concurso-para-financiamento-de-interligacoes-energeticas-na-ue\/","og_site_name":"Portal Tela Portugal","article_published_time":"2026-04-30T11:48:15+00:00","author":"Telinha","twitter_card":"summary_large_image","twitter_misc":{"Escrito por":"Telinha","Tempo estimado de leitura":"1 minuto"},"schema":{"@context":"https:\/\/schema.org","@graph":[{"@type":"Article","@id":"https:\/\/portaltela.pt\/noticias\/2026\/04\/30\/bruxelas-abre-concurso-para-financiamento-de-interligacoes-energeticas-na-ue\/#article","isPartOf":{"@id":"https:\/\/portaltela.pt\/noticias\/2026\/04\/30\/bruxelas-abre-concurso-para-financiamento-de-interligacoes-energeticas-na-ue\/"},"author":{"name":"Telinha","@id":"https:\/\/portaltela.pt\/#\/schema\/person\/c4278d4a6028830caff9ee44b42d32ed"},"headline":"Bruxelas abre concurso para financiamento de interliga\u00e7\u00f5es energ\u00e9ticas na UE","datePublished":"2026-04-30T11:48:15+00:00","mainEntityOfPage":{"@id":"https:\/\/portaltela.pt\/noticias\/2026\/04\/30\/bruxelas-abre-concurso-para-financiamento-de-interligacoes-energeticas-na-ue\/"},"wordCount":274,"image":{"@id":"https:\/\/portaltela.pt\/noticias\/2026\/04\/30\/bruxelas-abre-concurso-para-financiamento-de-interligacoes-energeticas-na-ue\/#primaryimage"},"thumbnailUrl":"https:\/\/portaltela.pt\/s.01k8rhncp4jt1\/2026\/04\/img_1500x1000uu2026-02-18-13-21-11-2233243-2.jpg","keywords":["_abastecimento de energia","_energia","_Espanha","_infraestruturas","_Portugal","_Uni\u00e3o Europeia"],"articleSection":["Energia","Not\u00edcias"],"inLanguage":"pt-PT"},{"@type":"WebPage","@id":"https:\/\/portaltela.pt\/noticias\/2026\/04\/30\/bruxelas-abre-concurso-para-financiamento-de-interligacoes-energeticas-na-ue\/","url":"https:\/\/portaltela.pt\/noticias\/2026\/04\/30\/bruxelas-abre-concurso-para-financiamento-de-interligacoes-energeticas-na-ue\/","name":"Bruxelas abre concurso para financiamento de interliga\u00e7\u00f5es energ\u00e9ticas na UE - Portal Tela Portugal","isPartOf":{"@id":"https:\/\/portaltela.pt\/#website"},"primaryImageOfPage":{"@id":"https:\/\/portaltela.pt\/noticias\/2026\/04\/30\/bruxelas-abre-concurso-para-financiamento-de-interligacoes-energeticas-na-ue\/#primaryimage"},"image":{"@id":"https:\/\/portaltela.pt\/noticias\/2026\/04\/30\/bruxelas-abre-concurso-para-financiamento-de-interligacoes-energeticas-na-ue\/#primaryimage"},"thumbnailUrl":"https:\/\/portaltela.pt\/s.01k8rhncp4jt1\/2026\/04\/img_1500x1000uu2026-02-18-13-21-11-2233243-2.jpg","datePublished":"2026-04-30T11:48:15+00:00","author":{"@id":"https:\/\/portaltela.pt\/#\/schema\/person\/c4278d4a6028830caff9ee44b42d32ed"},"breadcrumb":{"@id":"https:\/\/portaltela.pt\/noticias\/2026\/04\/30\/bruxelas-abre-concurso-para-financiamento-de-interligacoes-energeticas-na-ue\/#breadcrumb"},"inLanguage":"pt-PT","potentialAction":[{"@type":"ReadAction","target":["https:\/\/portaltela.pt\/noticias\/2026\/04\/30\/bruxelas-abre-concurso-para-financiamento-de-interligacoes-energeticas-na-ue\/"]}]},{"@type":"ImageObject","inLanguage":"pt-PT","@id":"https:\/\/portaltela.pt\/noticias\/2026\/04\/30\/bruxelas-abre-concurso-para-financiamento-de-interligacoes-energeticas-na-ue\/#primaryimage","url":"https:\/\/portaltela.pt\/s.01k8rhncp4jt1\/2026\/04\/img_1500x1000uu2026-02-18-13-21-11-2233243-2.jpg","contentUrl":"https:\/\/portaltela.pt\/s.01k8rhncp4jt1\/2026\/04\/img_1500x1000uu2026-02-18-13-21-11-2233243-2.jpg","width":796,"height":448,"caption":"Bandeiras da Uni\u00e3o Europeia hasteadas em frente ao edif\u00edcio Berlaymont, em Bruxelas"},{"@type":"BreadcrumbList","@id":"https:\/\/portaltela.pt\/noticias\/2026\/04\/30\/bruxelas-abre-concurso-para-financiamento-de-interligacoes-energeticas-na-ue\/#breadcrumb","itemListElement":[{"@type":"ListItem","position":1,"name":"In\u00edcio","item":"https:\/\/portaltela.pt\/"},{"@type":"ListItem","position":2,"name":"Bruxelas abre concurso para financiamento de interliga\u00e7\u00f5es energ\u00e9ticas na UE"}]},{"@type":"WebSite","@id":"https:\/\/portaltela.pt\/#website","url":"https:\/\/portaltela.pt\/","name":"Portal Tela Portugal","description":"","potentialAction":[{"@type":"SearchAction","target":{"@type":"EntryPoint","urlTemplate":"https:\/\/portaltela.pt\/?s={search_term_string}"},"query-input":{"@type":"PropertyValueSpecification","valueRequired":true,"valueName":"search_term_string"}}],"inLanguage":"pt-PT"},{"@type":"Person","@id":"https:\/\/portaltela.pt\/#\/schema\/person\/c4278d4a6028830caff9ee44b42d32ed","name":"Telinha","image":{"@type":"ImageObject","inLanguage":"pt-PT","@id":"https:\/\/portaltela.pt\/s.01k8rhncp4jt1\/2025\/11\/talking-bot-125x125.png","url":"https:\/\/portaltela.pt\/s.01k8rhncp4jt1\/2025\/11\/talking-bot-125x125.png","contentUrl":"https:\/\/portaltela.pt\/s.01k8rhncp4jt1\/2025\/11\/talking-bot-125x125.png","caption":"Telinha"},"sameAs":["https:\/\/portaltela.pt\/"],"url":"https:\/\/portaltela.pt\/por\/367410592786\/"}]}},"_links":{"self":[{"href":"https:\/\/portaltela.pt\/api\/wp\/v2\/posts\/462313","targetHints":{"allow":["GET"]}}],"collection":[{"href":"https:\/\/portaltela.pt\/api\/wp\/v2\/posts"}],"about":[{"href":"https:\/\/portaltela.pt\/api\/wp\/v2\/types\/post"}],"author":[{"embeddable":true,"href":"https:\/\/portaltela.pt\/api\/wp\/v2\/users\/2"}],"replies":[{"embeddable":true,"href":"https:\/\/portaltela.pt\/api\/wp\/v2\/comments?post=462313"}],"version-history":[{"count":0,"href":"https:\/\/portaltela.pt\/api\/wp\/v2\/posts\/462313\/revisions"}],"wp:featuredmedia":[{"embeddable":true,"href":"https:\/\/portaltela.pt\/api\/wp\/v2\/media\/462320"}],"wp:attachment":[{"href":"https:\/\/portaltela.pt\/api\/wp\/v2\/media?parent=462313"}],"wp:term":[{"taxonomy":"category","embeddable":true,"href":"https:\/\/portaltela.pt\/api\/wp\/v2\/categories?post=462313"},{"taxonomy":"post_tag","embeddable":true,"href":"https:\/\/portaltela.pt\/api\/wp\/v2\/tags?post=462313"}],"curies":[{"name":"wp","href":"https:\/\/api.w.org\/{rel}","templated":true}]}}