{"id":462307,"date":"2026-04-30T08:48:09","date_gmt":"2026-04-30T11:48:09","guid":{"rendered":"https:\/\/portaltela.pt\/noticias\/2026\/04\/30\/ashley-young-encerra-carreira-aos-40-anos\/"},"modified":"2026-04-30T08:48:09","modified_gmt":"2026-04-30T11:48:09","slug":"ashley-young-encerra-carreira-aos-40-anos","status":"publish","type":"post","link":"https:\/\/portaltela.pt\/desporto\/futebol\/2026\/04\/30\/ashley-young-encerra-carreira-aos-40-anos\/","title":{"rendered":"Ashley Young encerra carreira aos 40 anos"},"content":{"rendered":"<p>Ashley Young anunciou hoje, via redes sociais, que vai terminar a carreira aos 40 anos. O adeus ao futebol ser\u00e1 no pr\u00f3ximo s\u00e1bado, no jogo entre Ipswich e QPR, que pode confirmar a promo\u00e7\u00e3o do Ipswich \u00e0 Premier League. A publica\u00e7\u00e3o fala numa pausa definitiva, encerrando uma carreira de 23 anos.<\/p>\n<p>O lateral iniciou em Watford, transferiu-se para o Aston Villa em 2007 e depois teve uma longa passagem pelo Manchester United. Entre 2014 e 2020 somou mais de 261 jogos pelo clube ingl\u00eas, com v\u00e1rias ta\u00e7as conquistadas, incluindo a Premier League e a Liga Europa.<\/p>\n<p>Entre 2020 e 2024, jogou pelo Inter, regressou ao Villa em 2021\/22, transferiu-se para o Everton em 2023\/24 e, no in\u00edcio desta temporada, chegou ao Ipswich, onde j\u00e1 disputou 15 partidas. Pela sele\u00e7\u00e3o inglesa, soma 39 apari\u00e7\u00f5es e 9 golos.<\/p>\n<h3>Carreira de clube<\/h3>\n<p>Durante o percurso, Young atuou ainda pelo Watford, Villa e United, onde viveu os momentos de maior proje\u00e7\u00e3o e de vit\u00f3rias expressivas. A passagem pelo Inter consolidou o seu estatuto internacional fora de Inglaterra, antes de regressar ao futebol ingl\u00eas.<\/p>\n<h3>N\u00edvel internacional e marcas<\/h3>\n<p>Pela Inglaterra, o jogador registou 39 internacionaliza\u00e7\u00f5es e marcou 9 golos. A decis\u00e3o de pendurar as botas chega numa altura em que o Ipswich encara um teste decisivo para regressar \u00e0 primeira liga inglesa, com a confirma\u00e7\u00e3o da sa\u00edda a partir de s\u00e1bado.<\/p>\n","protected":false},"excerpt":{"rendered":"<ul>\n<li>O lateral Ashley Young, aos 40 anos, anunciou a sua retirada e o \u00faltimo jogo dever\u00e1 acontecer no s\u00e1bado, numa partida do Ipswich contra o QPR.<\/li>\n<li>A desloca\u00e7\u00e3o do Ipswich a Portman Road para enfrentar o QPR pode confirmar o regresso \u00e0 Premier League, caso haja vit\u00f3ria.<\/li>\n<li>Na publica\u00e7\u00e3o partilhada nas redes sociais, Young recorda os est\u00e1dios e clubes pela carreira, mencionando o sonho de mi\u00fado e o poss\u00edvel adeus aos relvados.<\/li>\n<li>Iniciou no Watford, passou pelo Aston Villa, teve uma longa passagem pelo Manchester United (2014-2020), conquistando v\u00e1rios trof\u00e9us, depois jogou no Inter, voltou ao Aston Villa, seguiu para o Everton e, nesta temporada, est\u00e1 no Ipswich, com 15 jogos.<\/li>\n<li>Ao servi\u00e7o da sele\u00e7\u00e3o inglesa, realizou 39 jogos e marcou 9 golos.<\/li>\n<\/ul>\n","protected":false},"author":2,"featured_media":462314,"comment_status":"closed","ping_status":"closed","sticky":false,"template":"","format":"standard","meta":{"footnotes":""},"categories":[21,24],"tags":[32,4591,242,3187,3369,2057],"class_list":["post-462307","post","type-post","status-publish","format-standard","has-post-thumbnail","hentry","category-desporto","category-futebol","tag-futebol","tag-inglaterra","tag-jogadores","tag-manchester-united","tag-premier-league","tag-selecao-nacional"],"yoast_head":"<!-- This site is optimized with the Yoast SEO plugin v27.2 - https:\/\/yoast.com\/product\/yoast-seo-wordpress\/ -->\n<title>Ashley Young encerra carreira aos 40 anos - Portal Tela Portugal<\/title>\n<meta name=\"robots\" content=\"index, follow, max-snippet:-1, max-image-preview:large, max-video-preview:-1\" \/>\n<meta property=\"og:locale\" content=\"pt_PT\" \/>\n<meta property=\"og:type\" content=\"article\" \/>\n<meta property=\"og:title\" content=\"Ashley Young encerra carreira aos 40 anos - Portal Tela Portugal\" \/>\n<meta property=\"og:description\" content=\"O lateral Ashley Young, aos 40 anos, anunciou a sua retirada e o \u00faltimo jogo dever\u00e1 acontecer no s\u00e1bado, numa partida do Ipswich contra o QPR. A desloca\u00e7\u00e3o do Ipswich a Portman Road para enfrentar o QPR pode confirmar o regresso \u00e0 Premier League, caso haja vit\u00f3ria. Na publica\u00e7\u00e3o partilhada nas redes sociais, Young recorda os est\u00e1dios e clubes pela carreira, mencionando o sonho de mi\u00fado e o poss\u00edvel adeus aos relvados. Iniciou no Watford, passou pelo Aston Villa, teve uma longa passagem pelo Manchester United (2014-2020), conquistando v\u00e1rios trof\u00e9us, depois jogou no Inter, voltou ao Aston Villa, seguiu para o Everton e, nesta temporada, est\u00e1 no Ipswich, com 15 jogos. Ao servi\u00e7o da sele\u00e7\u00e3o inglesa, realizou 39 jogos e marcou 9 golos.\" \/>\n<meta property=\"og:url\" content=\"https:\/\/portaltela.pt\/noticias\/2026\/04\/30\/ashley-young-encerra-carreira-aos-40-anos\/\" \/>\n<meta property=\"og:site_name\" content=\"Portal Tela Portugal\" \/>\n<meta property=\"article:published_time\" content=\"2026-04-30T11:48:09+00:00\" \/>\n<meta name=\"author\" content=\"Telinha\" \/>\n<meta name=\"twitter:card\" content=\"summary_large_image\" \/>\n<meta name=\"twitter:label1\" content=\"Escrito por\" \/>\n\t<meta name=\"twitter:data1\" content=\"Telinha\" \/>\n\t<meta name=\"twitter:label2\" content=\"Tempo estimado de leitura\" \/>\n\t<meta name=\"twitter:data2\" content=\"1 minuto\" \/>\n<script type=\"application\/ld+json\" class=\"yoast-schema-graph\">{\"@context\":\"https:\/\/schema.org\",\"@graph\":[{\"@type\":\"Article\",\"@id\":\"https:\/\/portaltela.pt\/noticias\/2026\/04\/30\/ashley-young-encerra-carreira-aos-40-anos\/#article\",\"isPartOf\":{\"@id\":\"https:\/\/portaltela.pt\/noticias\/2026\/04\/30\/ashley-young-encerra-carreira-aos-40-anos\/\"},\"author\":{\"name\":\"Telinha\",\"@id\":\"https:\/\/portaltela.pt\/#\/schema\/person\/c4278d4a6028830caff9ee44b42d32ed\"},\"headline\":\"Ashley Young encerra carreira aos 40 anos\",\"datePublished\":\"2026-04-30T11:48:09+00:00\",\"mainEntityOfPage\":{\"@id\":\"https:\/\/portaltela.pt\/noticias\/2026\/04\/30\/ashley-young-encerra-carreira-aos-40-anos\/\"},\"wordCount\":234,\"image\":{\"@id\":\"https:\/\/portaltela.pt\/noticias\/2026\/04\/30\/ashley-young-encerra-carreira-aos-40-anos\/#primaryimage\"},\"thumbnailUrl\":\"https:\/\/portaltela.pt\/s.01k8rhncp4jt1\/2026\/04\/img_920x518uu2026-04-30-12-41-09-2436089.jpg\",\"keywords\":[\"futebol\",\"Inglaterra\",\"jogadores\",\"Manchester United\",\"Premier League\",\"Sele\u00e7\u00e3o Nacional\"],\"articleSection\":[\"Desporto\",\"Futebol\"],\"inLanguage\":\"pt-PT\"},{\"@type\":\"WebPage\",\"@id\":\"https:\/\/portaltela.pt\/noticias\/2026\/04\/30\/ashley-young-encerra-carreira-aos-40-anos\/\",\"url\":\"https:\/\/portaltela.pt\/noticias\/2026\/04\/30\/ashley-young-encerra-carreira-aos-40-anos\/\",\"name\":\"Ashley Young encerra carreira aos 40 anos - Portal Tela Portugal\",\"isPartOf\":{\"@id\":\"https:\/\/portaltela.pt\/#website\"},\"primaryImageOfPage\":{\"@id\":\"https:\/\/portaltela.pt\/noticias\/2026\/04\/30\/ashley-young-encerra-carreira-aos-40-anos\/#primaryimage\"},\"image\":{\"@id\":\"https:\/\/portaltela.pt\/noticias\/2026\/04\/30\/ashley-young-encerra-carreira-aos-40-anos\/#primaryimage\"},\"thumbnailUrl\":\"https:\/\/portaltela.pt\/s.01k8rhncp4jt1\/2026\/04\/img_920x518uu2026-04-30-12-41-09-2436089.jpg\",\"datePublished\":\"2026-04-30T11:48:09+00:00\",\"author\":{\"@id\":\"https:\/\/portaltela.pt\/#\/schema\/person\/c4278d4a6028830caff9ee44b42d32ed\"},\"breadcrumb\":{\"@id\":\"https:\/\/portaltela.pt\/noticias\/2026\/04\/30\/ashley-young-encerra-carreira-aos-40-anos\/#breadcrumb\"},\"inLanguage\":\"pt-PT\",\"potentialAction\":[{\"@type\":\"ReadAction\",\"target\":[\"https:\/\/portaltela.pt\/noticias\/2026\/04\/30\/ashley-young-encerra-carreira-aos-40-anos\/\"]}]},{\"@type\":\"ImageObject\",\"inLanguage\":\"pt-PT\",\"@id\":\"https:\/\/portaltela.pt\/noticias\/2026\/04\/30\/ashley-young-encerra-carreira-aos-40-anos\/#primaryimage\",\"url\":\"https:\/\/portaltela.pt\/s.01k8rhncp4jt1\/2026\/04\/img_920x518uu2026-04-30-12-41-09-2436089.jpg\",\"contentUrl\":\"https:\/\/portaltela.pt\/s.01k8rhncp4jt1\/2026\/04\/img_920x518uu2026-04-30-12-41-09-2436089.jpg\",\"width\":796,\"height\":448,\"caption\":\"Ashley Young\"},{\"@type\":\"BreadcrumbList\",\"@id\":\"https:\/\/portaltela.pt\/noticias\/2026\/04\/30\/ashley-young-encerra-carreira-aos-40-anos\/#breadcrumb\",\"itemListElement\":[{\"@type\":\"ListItem\",\"position\":1,\"name\":\"In\u00edcio\",\"item\":\"https:\/\/portaltela.pt\/\"},{\"@type\":\"ListItem\",\"position\":2,\"name\":\"Ashley Young encerra carreira aos 40 anos\"}]},{\"@type\":\"WebSite\",\"@id\":\"https:\/\/portaltela.pt\/#website\",\"url\":\"https:\/\/portaltela.pt\/\",\"name\":\"Portal Tela Portugal\",\"description\":\"\",\"potentialAction\":[{\"@type\":\"SearchAction\",\"target\":{\"@type\":\"EntryPoint\",\"urlTemplate\":\"https:\/\/portaltela.pt\/?s={search_term_string}\"},\"query-input\":{\"@type\":\"PropertyValueSpecification\",\"valueRequired\":true,\"valueName\":\"search_term_string\"}}],\"inLanguage\":\"pt-PT\"},{\"@type\":\"Person\",\"@id\":\"https:\/\/portaltela.pt\/#\/schema\/person\/c4278d4a6028830caff9ee44b42d32ed\",\"name\":\"Telinha\",\"image\":{\"@type\":\"ImageObject\",\"inLanguage\":\"pt-PT\",\"@id\":\"https:\/\/portaltela.pt\/s.01k8rhncp4jt1\/2025\/11\/talking-bot-125x125.png\",\"url\":\"https:\/\/portaltela.pt\/s.01k8rhncp4jt1\/2025\/11\/talking-bot-125x125.png\",\"contentUrl\":\"https:\/\/portaltela.pt\/s.01k8rhncp4jt1\/2025\/11\/talking-bot-125x125.png\",\"caption\":\"Telinha\"},\"sameAs\":[\"https:\/\/portaltela.pt\/\"],\"url\":\"https:\/\/portaltela.pt\/por\/367410592786\/\"}]}<\/script>\n<!-- \/ Yoast SEO plugin. -->","yoast_head_json":{"title":"Ashley Young encerra carreira aos 40 anos - Portal Tela Portugal","robots":{"index":"index","follow":"follow","max-snippet":"max-snippet:-1","max-image-preview":"max-image-preview:large","max-video-preview":"max-video-preview:-1"},"og_locale":"pt_PT","og_type":"article","og_title":"Ashley Young encerra carreira aos 40 anos - Portal Tela Portugal","og_description":"O lateral Ashley Young, aos 40 anos, anunciou a sua retirada e o \u00faltimo jogo dever\u00e1 acontecer no s\u00e1bado, numa partida do Ipswich contra o QPR. A desloca\u00e7\u00e3o do Ipswich a Portman Road para enfrentar o QPR pode confirmar o regresso \u00e0 Premier League, caso haja vit\u00f3ria. Na publica\u00e7\u00e3o partilhada nas redes sociais, Young recorda os est\u00e1dios e clubes pela carreira, mencionando o sonho de mi\u00fado e o poss\u00edvel adeus aos relvados. Iniciou no Watford, passou pelo Aston Villa, teve uma longa passagem pelo Manchester United (2014-2020), conquistando v\u00e1rios trof\u00e9us, depois jogou no Inter, voltou ao Aston Villa, seguiu para o Everton e, nesta temporada, est\u00e1 no Ipswich, com 15 jogos. Ao servi\u00e7o da sele\u00e7\u00e3o inglesa, realizou 39 jogos e marcou 9 golos.","og_url":"https:\/\/portaltela.pt\/noticias\/2026\/04\/30\/ashley-young-encerra-carreira-aos-40-anos\/","og_site_name":"Portal Tela Portugal","article_published_time":"2026-04-30T11:48:09+00:00","author":"Telinha","twitter_card":"summary_large_image","twitter_misc":{"Escrito por":"Telinha","Tempo estimado de leitura":"1 minuto"},"schema":{"@context":"https:\/\/schema.org","@graph":[{"@type":"Article","@id":"https:\/\/portaltela.pt\/noticias\/2026\/04\/30\/ashley-young-encerra-carreira-aos-40-anos\/#article","isPartOf":{"@id":"https:\/\/portaltela.pt\/noticias\/2026\/04\/30\/ashley-young-encerra-carreira-aos-40-anos\/"},"author":{"name":"Telinha","@id":"https:\/\/portaltela.pt\/#\/schema\/person\/c4278d4a6028830caff9ee44b42d32ed"},"headline":"Ashley Young encerra carreira aos 40 anos","datePublished":"2026-04-30T11:48:09+00:00","mainEntityOfPage":{"@id":"https:\/\/portaltela.pt\/noticias\/2026\/04\/30\/ashley-young-encerra-carreira-aos-40-anos\/"},"wordCount":234,"image":{"@id":"https:\/\/portaltela.pt\/noticias\/2026\/04\/30\/ashley-young-encerra-carreira-aos-40-anos\/#primaryimage"},"thumbnailUrl":"https:\/\/portaltela.pt\/s.01k8rhncp4jt1\/2026\/04\/img_920x518uu2026-04-30-12-41-09-2436089.jpg","keywords":["futebol","Inglaterra","jogadores","Manchester United","Premier League","Sele\u00e7\u00e3o Nacional"],"articleSection":["Desporto","Futebol"],"inLanguage":"pt-PT"},{"@type":"WebPage","@id":"https:\/\/portaltela.pt\/noticias\/2026\/04\/30\/ashley-young-encerra-carreira-aos-40-anos\/","url":"https:\/\/portaltela.pt\/noticias\/2026\/04\/30\/ashley-young-encerra-carreira-aos-40-anos\/","name":"Ashley Young encerra carreira aos 40 anos - Portal Tela Portugal","isPartOf":{"@id":"https:\/\/portaltela.pt\/#website"},"primaryImageOfPage":{"@id":"https:\/\/portaltela.pt\/noticias\/2026\/04\/30\/ashley-young-encerra-carreira-aos-40-anos\/#primaryimage"},"image":{"@id":"https:\/\/portaltela.pt\/noticias\/2026\/04\/30\/ashley-young-encerra-carreira-aos-40-anos\/#primaryimage"},"thumbnailUrl":"https:\/\/portaltela.pt\/s.01k8rhncp4jt1\/2026\/04\/img_920x518uu2026-04-30-12-41-09-2436089.jpg","datePublished":"2026-04-30T11:48:09+00:00","author":{"@id":"https:\/\/portaltela.pt\/#\/schema\/person\/c4278d4a6028830caff9ee44b42d32ed"},"breadcrumb":{"@id":"https:\/\/portaltela.pt\/noticias\/2026\/04\/30\/ashley-young-encerra-carreira-aos-40-anos\/#breadcrumb"},"inLanguage":"pt-PT","potentialAction":[{"@type":"ReadAction","target":["https:\/\/portaltela.pt\/noticias\/2026\/04\/30\/ashley-young-encerra-carreira-aos-40-anos\/"]}]},{"@type":"ImageObject","inLanguage":"pt-PT","@id":"https:\/\/portaltela.pt\/noticias\/2026\/04\/30\/ashley-young-encerra-carreira-aos-40-anos\/#primaryimage","url":"https:\/\/portaltela.pt\/s.01k8rhncp4jt1\/2026\/04\/img_920x518uu2026-04-30-12-41-09-2436089.jpg","contentUrl":"https:\/\/portaltela.pt\/s.01k8rhncp4jt1\/2026\/04\/img_920x518uu2026-04-30-12-41-09-2436089.jpg","width":796,"height":448,"caption":"Ashley Young"},{"@type":"BreadcrumbList","@id":"https:\/\/portaltela.pt\/noticias\/2026\/04\/30\/ashley-young-encerra-carreira-aos-40-anos\/#breadcrumb","itemListElement":[{"@type":"ListItem","position":1,"name":"In\u00edcio","item":"https:\/\/portaltela.pt\/"},{"@type":"ListItem","position":2,"name":"Ashley Young encerra carreira aos 40 anos"}]},{"@type":"WebSite","@id":"https:\/\/portaltela.pt\/#website","url":"https:\/\/portaltela.pt\/","name":"Portal Tela Portugal","description":"","potentialAction":[{"@type":"SearchAction","target":{"@type":"EntryPoint","urlTemplate":"https:\/\/portaltela.pt\/?s={search_term_string}"},"query-input":{"@type":"PropertyValueSpecification","valueRequired":true,"valueName":"search_term_string"}}],"inLanguage":"pt-PT"},{"@type":"Person","@id":"https:\/\/portaltela.pt\/#\/schema\/person\/c4278d4a6028830caff9ee44b42d32ed","name":"Telinha","image":{"@type":"ImageObject","inLanguage":"pt-PT","@id":"https:\/\/portaltela.pt\/s.01k8rhncp4jt1\/2025\/11\/talking-bot-125x125.png","url":"https:\/\/portaltela.pt\/s.01k8rhncp4jt1\/2025\/11\/talking-bot-125x125.png","contentUrl":"https:\/\/portaltela.pt\/s.01k8rhncp4jt1\/2025\/11\/talking-bot-125x125.png","caption":"Telinha"},"sameAs":["https:\/\/portaltela.pt\/"],"url":"https:\/\/portaltela.pt\/por\/367410592786\/"}]}},"_links":{"self":[{"href":"https:\/\/portaltela.pt\/api\/wp\/v2\/posts\/462307","targetHints":{"allow":["GET"]}}],"collection":[{"href":"https:\/\/portaltela.pt\/api\/wp\/v2\/posts"}],"about":[{"href":"https:\/\/portaltela.pt\/api\/wp\/v2\/types\/post"}],"author":[{"embeddable":true,"href":"https:\/\/portaltela.pt\/api\/wp\/v2\/users\/2"}],"replies":[{"embeddable":true,"href":"https:\/\/portaltela.pt\/api\/wp\/v2\/comments?post=462307"}],"version-history":[{"count":0,"href":"https:\/\/portaltela.pt\/api\/wp\/v2\/posts\/462307\/revisions"}],"wp:featuredmedia":[{"embeddable":true,"href":"https:\/\/portaltela.pt\/api\/wp\/v2\/media\/462314"}],"wp:attachment":[{"href":"https:\/\/portaltela.pt\/api\/wp\/v2\/media?parent=462307"}],"wp:term":[{"taxonomy":"category","embeddable":true,"href":"https:\/\/portaltela.pt\/api\/wp\/v2\/categories?post=462307"},{"taxonomy":"post_tag","embeddable":true,"href":"https:\/\/portaltela.pt\/api\/wp\/v2\/tags?post=462307"}],"curies":[{"name":"wp","href":"https:\/\/api.w.org\/{rel}","templated":true}]}}