{"id":462298,"date":"2026-04-30T08:33:58","date_gmt":"2026-04-30T11:33:58","guid":{"rendered":"https:\/\/portaltela.pt\/noticias\/2026\/04\/30\/nascimentos-em-portugal-sobem-um-terco-de-bebes-tem-maes-estrangeiras\/"},"modified":"2026-04-30T08:33:58","modified_gmt":"2026-04-30T11:33:58","slug":"nascimentos-em-portugal-sobem-um-terco-de-bebes-tem-maes-estrangeiras","status":"publish","type":"post","link":"https:\/\/portaltela.pt\/sociedade\/2026\/04\/30\/nascimentos-em-portugal-sobem-um-terco-de-bebes-tem-maes-estrangeiras\/","title":{"rendered":"Nascimentos em Portugal sobem; um ter\u00e7o de beb\u00e9s t\u00eam m\u00e3es estrangeiras"},"content":{"rendered":"<p>O n\u00famero de crian\u00e7as nascidas em Portugal aumentou 3,7% em 2025, para 87.764. Quase um ter\u00e7o dos beb\u00e9s s\u00e3o filhos de m\u00e3es estrangeiras, segundo o Instituto Nacional de Estat\u00edstica (INE). Os dados oficiais foram divulgados esta quinta-feira.<\/p>\n<p>O saldo natural agravou-se em 2025, estando a regi\u00e3o da Grande Lisboa novamente com saldo positivo pelo terceiro ano consecutivo, numa conjuntura em que o total de \u00f3bitos subiu para 121.817.<\/p>\n<p>A idade das m\u00e3es continua a evoluir: 66,2% dos nascimentos foram de m\u00e3es entre 20 e 34 anos, 32,1% de 35 ou mais, e 1,8% de menos de 20. Entre 2016 e 2025 houve queda de 0,8 pontos percentuais na propor\u00e7\u00e3o de filhos de m\u00e3es com menos de 20.<\/p>\n<h3>Casamentos<\/h3>\n<p>Em 2025 registaram-se 37.714 casamentos, mais 1.081 que em 2024. Destes, 36.651 foram entre pessoas de sexo oposto e 1.063 entre pessoas do mesmo sexo. A informa\u00e7\u00e3o refor\u00e7a mudan\u00e7as na composi\u00e7\u00e3o familiar e nas din\u00e2micas de casamento no pa\u00eds.<\/p>\n","protected":false},"excerpt":{"rendered":"<ul>\n<li>O n\u00famero de nascimentos em Portugal subiu 3,7% em 2025, para 87.764, com cerca de um ter\u00e7o dos beb\u00e9s a nascerem de m\u00e3es estrangeiras.<\/li>\n<li>O saldo natural agravou-se para -34.053, principalmente pela subida do n\u00famero de \u00f3bitos; a Grande Lisboa manteve saldo natural positivo pelo terceiro ano consecutivo (+414).<\/li>\n<li>O total de \u00f3bitos em 2025 foi de 121.817, mais 2,9% face a 2024; houve 246 \u00f3bitos de crian\u00e7as com menos de um ano.<\/li>\n<li>A mortalidade infantil ficou em 2,8 \u00f3bitos por mil nados-vivos (3,0 em 2024).<\/li>\n<li>Em rela\u00e7\u00e3o \u00e0 idade das m\u00e3es, 66,2% dos nascimentos foram de m\u00e3es entre os 20 e os 34 anos, 32,1% de 35 anos ou mais e 1,8% de menos de 20; os casamentos foram 37.714, mais 1.081 que em 2024 (36.651 entre pessoas de sexo oposto, 1.063 entre pessoas do mesmo sexo).<\/li>\n<\/ul>\n","protected":false},"author":2,"featured_media":462301,"comment_status":"closed","ping_status":"closed","sticky":false,"template":"","format":"standard","meta":{"footnotes":""},"categories":[6745,6871],"tags":[8340,7924,8792,7909,8627,8062],"class_list":["post-462298","post","type-post","status-publish","format-standard","has-post-thumbnail","hentry","category-saude","category-sociedade","tag-_casamentos","tag-_familia","tag-_grande-lisboa","tag-_imigracao","tag-_natalidade","tag-_portugal"],"yoast_head":"<!-- This site is optimized with the Yoast SEO plugin v27.2 - https:\/\/yoast.com\/product\/yoast-seo-wordpress\/ -->\n<title>Nascimentos em Portugal sobem; um ter\u00e7o de beb\u00e9s t\u00eam m\u00e3es estrangeiras - Portal Tela Portugal<\/title>\n<meta name=\"robots\" content=\"index, follow, max-snippet:-1, max-image-preview:large, max-video-preview:-1\" \/>\n<meta property=\"og:locale\" content=\"pt_PT\" \/>\n<meta property=\"og:type\" content=\"article\" \/>\n<meta property=\"og:title\" content=\"Nascimentos em Portugal sobem; um ter\u00e7o de beb\u00e9s t\u00eam m\u00e3es estrangeiras - Portal Tela Portugal\" \/>\n<meta property=\"og:description\" content=\"O n\u00famero de nascimentos em Portugal subiu 3,7% em 2025, para 87.764, com cerca de um ter\u00e7o dos beb\u00e9s a nascerem de m\u00e3es estrangeiras. O saldo natural agravou-se para -34.053, principalmente pela subida do n\u00famero de \u00f3bitos; a Grande Lisboa manteve saldo natural positivo pelo terceiro ano consecutivo (+414). O total de \u00f3bitos em 2025 foi de 121.817, mais 2,9% face a 2024; houve 246 \u00f3bitos de crian\u00e7as com menos de um ano. A mortalidade infantil ficou em 2,8 \u00f3bitos por mil nados-vivos (3,0 em 2024). Em rela\u00e7\u00e3o \u00e0 idade das m\u00e3es, 66,2% dos nascimentos foram de m\u00e3es entre os 20 e os 34 anos, 32,1% de 35 anos ou mais e 1,8% de menos de 20; os casamentos foram 37.714, mais 1.081 que em 2024 (36.651 entre pessoas de sexo oposto, 1.063 entre pessoas do mesmo sexo).\" \/>\n<meta property=\"og:url\" content=\"https:\/\/portaltela.pt\/noticias\/2026\/04\/30\/nascimentos-em-portugal-sobem-um-terco-de-bebes-tem-maes-estrangeiras\/\" \/>\n<meta property=\"og:site_name\" content=\"Portal Tela Portugal\" \/>\n<meta property=\"article:published_time\" content=\"2026-04-30T11:33:58+00:00\" \/>\n<meta name=\"author\" content=\"Telinha\" \/>\n<meta name=\"twitter:card\" content=\"summary_large_image\" \/>\n<meta name=\"twitter:label1\" content=\"Escrito por\" \/>\n\t<meta name=\"twitter:data1\" content=\"Telinha\" \/>\n\t<meta name=\"twitter:label2\" content=\"Tempo estimado de leitura\" \/>\n\t<meta name=\"twitter:data2\" content=\"1 minuto\" \/>\n<script type=\"application\/ld+json\" class=\"yoast-schema-graph\">{\"@context\":\"https:\/\/schema.org\",\"@graph\":[{\"@type\":\"Article\",\"@id\":\"https:\/\/portaltela.pt\/noticias\/2026\/04\/30\/nascimentos-em-portugal-sobem-um-terco-de-bebes-tem-maes-estrangeiras\/#article\",\"isPartOf\":{\"@id\":\"https:\/\/portaltela.pt\/noticias\/2026\/04\/30\/nascimentos-em-portugal-sobem-um-terco-de-bebes-tem-maes-estrangeiras\/\"},\"author\":{\"name\":\"Telinha\",\"@id\":\"https:\/\/portaltela.pt\/#\/schema\/person\/c4278d4a6028830caff9ee44b42d32ed\"},\"headline\":\"Nascimentos em Portugal sobem; um ter\u00e7o de beb\u00e9s t\u00eam m\u00e3es estrangeiras\",\"datePublished\":\"2026-04-30T11:33:58+00:00\",\"mainEntityOfPage\":{\"@id\":\"https:\/\/portaltela.pt\/noticias\/2026\/04\/30\/nascimentos-em-portugal-sobem-um-terco-de-bebes-tem-maes-estrangeiras\/\"},\"wordCount\":168,\"image\":{\"@id\":\"https:\/\/portaltela.pt\/noticias\/2026\/04\/30\/nascimentos-em-portugal-sobem-um-terco-de-bebes-tem-maes-estrangeiras\/#primaryimage\"},\"thumbnailUrl\":\"https:\/\/portaltela.pt\/s.01k8rhncp4jt1\/2026\/04\/img_1500x1000uu2014-05-04-19-34-00-85499.jpg\",\"keywords\":[\"_casamentos\",\"_fam\u00edlia\",\"_Grande Lisboa\",\"_imigra\u00e7\u00e3o\",\"_natalidade\",\"_Portugal\"],\"articleSection\":[\"Sa\u00fade\",\"Sociedade\"],\"inLanguage\":\"pt-PT\"},{\"@type\":\"WebPage\",\"@id\":\"https:\/\/portaltela.pt\/noticias\/2026\/04\/30\/nascimentos-em-portugal-sobem-um-terco-de-bebes-tem-maes-estrangeiras\/\",\"url\":\"https:\/\/portaltela.pt\/noticias\/2026\/04\/30\/nascimentos-em-portugal-sobem-um-terco-de-bebes-tem-maes-estrangeiras\/\",\"name\":\"Nascimentos em Portugal sobem; um ter\u00e7o de beb\u00e9s t\u00eam m\u00e3es estrangeiras - Portal Tela Portugal\",\"isPartOf\":{\"@id\":\"https:\/\/portaltela.pt\/#website\"},\"primaryImageOfPage\":{\"@id\":\"https:\/\/portaltela.pt\/noticias\/2026\/04\/30\/nascimentos-em-portugal-sobem-um-terco-de-bebes-tem-maes-estrangeiras\/#primaryimage\"},\"image\":{\"@id\":\"https:\/\/portaltela.pt\/noticias\/2026\/04\/30\/nascimentos-em-portugal-sobem-um-terco-de-bebes-tem-maes-estrangeiras\/#primaryimage\"},\"thumbnailUrl\":\"https:\/\/portaltela.pt\/s.01k8rhncp4jt1\/2026\/04\/img_1500x1000uu2014-05-04-19-34-00-85499.jpg\",\"datePublished\":\"2026-04-30T11:33:58+00:00\",\"author\":{\"@id\":\"https:\/\/portaltela.pt\/#\/schema\/person\/c4278d4a6028830caff9ee44b42d32ed\"},\"breadcrumb\":{\"@id\":\"https:\/\/portaltela.pt\/noticias\/2026\/04\/30\/nascimentos-em-portugal-sobem-um-terco-de-bebes-tem-maes-estrangeiras\/#breadcrumb\"},\"inLanguage\":\"pt-PT\",\"potentialAction\":[{\"@type\":\"ReadAction\",\"target\":[\"https:\/\/portaltela.pt\/noticias\/2026\/04\/30\/nascimentos-em-portugal-sobem-um-terco-de-bebes-tem-maes-estrangeiras\/\"]}]},{\"@type\":\"ImageObject\",\"inLanguage\":\"pt-PT\",\"@id\":\"https:\/\/portaltela.pt\/noticias\/2026\/04\/30\/nascimentos-em-portugal-sobem-um-terco-de-bebes-tem-maes-estrangeiras\/#primaryimage\",\"url\":\"https:\/\/portaltela.pt\/s.01k8rhncp4jt1\/2026\/04\/img_1500x1000uu2014-05-04-19-34-00-85499.jpg\",\"contentUrl\":\"https:\/\/portaltela.pt\/s.01k8rhncp4jt1\/2026\/04\/img_1500x1000uu2014-05-04-19-34-00-85499.jpg\",\"width\":796,\"height\":448,\"caption\":\"Nascimentos\"},{\"@type\":\"BreadcrumbList\",\"@id\":\"https:\/\/portaltela.pt\/noticias\/2026\/04\/30\/nascimentos-em-portugal-sobem-um-terco-de-bebes-tem-maes-estrangeiras\/#breadcrumb\",\"itemListElement\":[{\"@type\":\"ListItem\",\"position\":1,\"name\":\"In\u00edcio\",\"item\":\"https:\/\/portaltela.pt\/\"},{\"@type\":\"ListItem\",\"position\":2,\"name\":\"Nascimentos em Portugal sobem; um ter\u00e7o de beb\u00e9s t\u00eam m\u00e3es estrangeiras\"}]},{\"@type\":\"WebSite\",\"@id\":\"https:\/\/portaltela.pt\/#website\",\"url\":\"https:\/\/portaltela.pt\/\",\"name\":\"Portal Tela Portugal\",\"description\":\"\",\"potentialAction\":[{\"@type\":\"SearchAction\",\"target\":{\"@type\":\"EntryPoint\",\"urlTemplate\":\"https:\/\/portaltela.pt\/?s={search_term_string}\"},\"query-input\":{\"@type\":\"PropertyValueSpecification\",\"valueRequired\":true,\"valueName\":\"search_term_string\"}}],\"inLanguage\":\"pt-PT\"},{\"@type\":\"Person\",\"@id\":\"https:\/\/portaltela.pt\/#\/schema\/person\/c4278d4a6028830caff9ee44b42d32ed\",\"name\":\"Telinha\",\"image\":{\"@type\":\"ImageObject\",\"inLanguage\":\"pt-PT\",\"@id\":\"https:\/\/portaltela.pt\/s.01k8rhncp4jt1\/2025\/11\/talking-bot-125x125.png\",\"url\":\"https:\/\/portaltela.pt\/s.01k8rhncp4jt1\/2025\/11\/talking-bot-125x125.png\",\"contentUrl\":\"https:\/\/portaltela.pt\/s.01k8rhncp4jt1\/2025\/11\/talking-bot-125x125.png\",\"caption\":\"Telinha\"},\"sameAs\":[\"https:\/\/portaltela.pt\/\"],\"url\":\"https:\/\/portaltela.pt\/por\/367410592786\/\"}]}<\/script>\n<!-- \/ Yoast SEO plugin. -->","yoast_head_json":{"title":"Nascimentos em Portugal sobem; um ter\u00e7o de beb\u00e9s t\u00eam m\u00e3es estrangeiras - Portal Tela Portugal","robots":{"index":"index","follow":"follow","max-snippet":"max-snippet:-1","max-image-preview":"max-image-preview:large","max-video-preview":"max-video-preview:-1"},"og_locale":"pt_PT","og_type":"article","og_title":"Nascimentos em Portugal sobem; um ter\u00e7o de beb\u00e9s t\u00eam m\u00e3es estrangeiras - Portal Tela Portugal","og_description":"O n\u00famero de nascimentos em Portugal subiu 3,7% em 2025, para 87.764, com cerca de um ter\u00e7o dos beb\u00e9s a nascerem de m\u00e3es estrangeiras. O saldo natural agravou-se para -34.053, principalmente pela subida do n\u00famero de \u00f3bitos; a Grande Lisboa manteve saldo natural positivo pelo terceiro ano consecutivo (+414). O total de \u00f3bitos em 2025 foi de 121.817, mais 2,9% face a 2024; houve 246 \u00f3bitos de crian\u00e7as com menos de um ano. A mortalidade infantil ficou em 2,8 \u00f3bitos por mil nados-vivos (3,0 em 2024). Em rela\u00e7\u00e3o \u00e0 idade das m\u00e3es, 66,2% dos nascimentos foram de m\u00e3es entre os 20 e os 34 anos, 32,1% de 35 anos ou mais e 1,8% de menos de 20; os casamentos foram 37.714, mais 1.081 que em 2024 (36.651 entre pessoas de sexo oposto, 1.063 entre pessoas do mesmo sexo).","og_url":"https:\/\/portaltela.pt\/noticias\/2026\/04\/30\/nascimentos-em-portugal-sobem-um-terco-de-bebes-tem-maes-estrangeiras\/","og_site_name":"Portal Tela Portugal","article_published_time":"2026-04-30T11:33:58+00:00","author":"Telinha","twitter_card":"summary_large_image","twitter_misc":{"Escrito por":"Telinha","Tempo estimado de leitura":"1 minuto"},"schema":{"@context":"https:\/\/schema.org","@graph":[{"@type":"Article","@id":"https:\/\/portaltela.pt\/noticias\/2026\/04\/30\/nascimentos-em-portugal-sobem-um-terco-de-bebes-tem-maes-estrangeiras\/#article","isPartOf":{"@id":"https:\/\/portaltela.pt\/noticias\/2026\/04\/30\/nascimentos-em-portugal-sobem-um-terco-de-bebes-tem-maes-estrangeiras\/"},"author":{"name":"Telinha","@id":"https:\/\/portaltela.pt\/#\/schema\/person\/c4278d4a6028830caff9ee44b42d32ed"},"headline":"Nascimentos em Portugal sobem; um ter\u00e7o de beb\u00e9s t\u00eam m\u00e3es estrangeiras","datePublished":"2026-04-30T11:33:58+00:00","mainEntityOfPage":{"@id":"https:\/\/portaltela.pt\/noticias\/2026\/04\/30\/nascimentos-em-portugal-sobem-um-terco-de-bebes-tem-maes-estrangeiras\/"},"wordCount":168,"image":{"@id":"https:\/\/portaltela.pt\/noticias\/2026\/04\/30\/nascimentos-em-portugal-sobem-um-terco-de-bebes-tem-maes-estrangeiras\/#primaryimage"},"thumbnailUrl":"https:\/\/portaltela.pt\/s.01k8rhncp4jt1\/2026\/04\/img_1500x1000uu2014-05-04-19-34-00-85499.jpg","keywords":["_casamentos","_fam\u00edlia","_Grande Lisboa","_imigra\u00e7\u00e3o","_natalidade","_Portugal"],"articleSection":["Sa\u00fade","Sociedade"],"inLanguage":"pt-PT"},{"@type":"WebPage","@id":"https:\/\/portaltela.pt\/noticias\/2026\/04\/30\/nascimentos-em-portugal-sobem-um-terco-de-bebes-tem-maes-estrangeiras\/","url":"https:\/\/portaltela.pt\/noticias\/2026\/04\/30\/nascimentos-em-portugal-sobem-um-terco-de-bebes-tem-maes-estrangeiras\/","name":"Nascimentos em Portugal sobem; um ter\u00e7o de beb\u00e9s t\u00eam m\u00e3es estrangeiras - Portal Tela Portugal","isPartOf":{"@id":"https:\/\/portaltela.pt\/#website"},"primaryImageOfPage":{"@id":"https:\/\/portaltela.pt\/noticias\/2026\/04\/30\/nascimentos-em-portugal-sobem-um-terco-de-bebes-tem-maes-estrangeiras\/#primaryimage"},"image":{"@id":"https:\/\/portaltela.pt\/noticias\/2026\/04\/30\/nascimentos-em-portugal-sobem-um-terco-de-bebes-tem-maes-estrangeiras\/#primaryimage"},"thumbnailUrl":"https:\/\/portaltela.pt\/s.01k8rhncp4jt1\/2026\/04\/img_1500x1000uu2014-05-04-19-34-00-85499.jpg","datePublished":"2026-04-30T11:33:58+00:00","author":{"@id":"https:\/\/portaltela.pt\/#\/schema\/person\/c4278d4a6028830caff9ee44b42d32ed"},"breadcrumb":{"@id":"https:\/\/portaltela.pt\/noticias\/2026\/04\/30\/nascimentos-em-portugal-sobem-um-terco-de-bebes-tem-maes-estrangeiras\/#breadcrumb"},"inLanguage":"pt-PT","potentialAction":[{"@type":"ReadAction","target":["https:\/\/portaltela.pt\/noticias\/2026\/04\/30\/nascimentos-em-portugal-sobem-um-terco-de-bebes-tem-maes-estrangeiras\/"]}]},{"@type":"ImageObject","inLanguage":"pt-PT","@id":"https:\/\/portaltela.pt\/noticias\/2026\/04\/30\/nascimentos-em-portugal-sobem-um-terco-de-bebes-tem-maes-estrangeiras\/#primaryimage","url":"https:\/\/portaltela.pt\/s.01k8rhncp4jt1\/2026\/04\/img_1500x1000uu2014-05-04-19-34-00-85499.jpg","contentUrl":"https:\/\/portaltela.pt\/s.01k8rhncp4jt1\/2026\/04\/img_1500x1000uu2014-05-04-19-34-00-85499.jpg","width":796,"height":448,"caption":"Nascimentos"},{"@type":"BreadcrumbList","@id":"https:\/\/portaltela.pt\/noticias\/2026\/04\/30\/nascimentos-em-portugal-sobem-um-terco-de-bebes-tem-maes-estrangeiras\/#breadcrumb","itemListElement":[{"@type":"ListItem","position":1,"name":"In\u00edcio","item":"https:\/\/portaltela.pt\/"},{"@type":"ListItem","position":2,"name":"Nascimentos em Portugal sobem; um ter\u00e7o de beb\u00e9s t\u00eam m\u00e3es estrangeiras"}]},{"@type":"WebSite","@id":"https:\/\/portaltela.pt\/#website","url":"https:\/\/portaltela.pt\/","name":"Portal Tela Portugal","description":"","potentialAction":[{"@type":"SearchAction","target":{"@type":"EntryPoint","urlTemplate":"https:\/\/portaltela.pt\/?s={search_term_string}"},"query-input":{"@type":"PropertyValueSpecification","valueRequired":true,"valueName":"search_term_string"}}],"inLanguage":"pt-PT"},{"@type":"Person","@id":"https:\/\/portaltela.pt\/#\/schema\/person\/c4278d4a6028830caff9ee44b42d32ed","name":"Telinha","image":{"@type":"ImageObject","inLanguage":"pt-PT","@id":"https:\/\/portaltela.pt\/s.01k8rhncp4jt1\/2025\/11\/talking-bot-125x125.png","url":"https:\/\/portaltela.pt\/s.01k8rhncp4jt1\/2025\/11\/talking-bot-125x125.png","contentUrl":"https:\/\/portaltela.pt\/s.01k8rhncp4jt1\/2025\/11\/talking-bot-125x125.png","caption":"Telinha"},"sameAs":["https:\/\/portaltela.pt\/"],"url":"https:\/\/portaltela.pt\/por\/367410592786\/"}]}},"_links":{"self":[{"href":"https:\/\/portaltela.pt\/api\/wp\/v2\/posts\/462298","targetHints":{"allow":["GET"]}}],"collection":[{"href":"https:\/\/portaltela.pt\/api\/wp\/v2\/posts"}],"about":[{"href":"https:\/\/portaltela.pt\/api\/wp\/v2\/types\/post"}],"author":[{"embeddable":true,"href":"https:\/\/portaltela.pt\/api\/wp\/v2\/users\/2"}],"replies":[{"embeddable":true,"href":"https:\/\/portaltela.pt\/api\/wp\/v2\/comments?post=462298"}],"version-history":[{"count":0,"href":"https:\/\/portaltela.pt\/api\/wp\/v2\/posts\/462298\/revisions"}],"wp:featuredmedia":[{"embeddable":true,"href":"https:\/\/portaltela.pt\/api\/wp\/v2\/media\/462301"}],"wp:attachment":[{"href":"https:\/\/portaltela.pt\/api\/wp\/v2\/media?parent=462298"}],"wp:term":[{"taxonomy":"category","embeddable":true,"href":"https:\/\/portaltela.pt\/api\/wp\/v2\/categories?post=462298"},{"taxonomy":"post_tag","embeddable":true,"href":"https:\/\/portaltela.pt\/api\/wp\/v2\/tags?post=462298"}],"curies":[{"name":"wp","href":"https:\/\/api.w.org\/{rel}","templated":true}]}}