{"id":462290,"date":"2026-04-30T08:33:51","date_gmt":"2026-04-30T11:33:51","guid":{"rendered":"https:\/\/portaltela.pt\/noticias\/2026\/04\/30\/tjue-admite-que-pacto-entre-liga-portugal-e-clubes-pode-violar-concorrencia\/"},"modified":"2026-04-30T08:33:51","modified_gmt":"2026-04-30T11:33:51","slug":"tjue-admite-que-pacto-entre-liga-portugal-e-clubes-pode-violar-concorrencia","status":"publish","type":"post","link":"https:\/\/portaltela.pt\/desporto\/futebol\/2026\/04\/30\/tjue-admite-que-pacto-entre-liga-portugal-e-clubes-pode-violar-concorrencia\/","title":{"rendered":"TJUE admite que pacto entre Liga Portugal e clubes pode violar concorr\u00eancia"},"content":{"rendered":"<p>O Tribunal de Justi\u00e7a da Uni\u00e3o Europeia (TJUE) considerou que o acordo entre a Liga portuguesa e os clubes, na pandemia, para impedir a contrata\u00e7\u00e3o de futebolistas que rescindissem contratos pode violar as regras da concorr\u00eancia da UE. O ac\u00f3rd\u00e3o, de acesso pela Lusa, analisa o acordo assinado a 7 de abril de 2020.<\/p>\n<p>O objetivo era manter a estabilidade competitiva no futebol profissional durante a crise sanit\u00e1ria, impedindo transfer\u00eancias de jogadores que terminassem v\u00ednculos por motivos associados \u00e0 covid-19. O TJUE reconhece que a avalia\u00e7\u00e3o final depende do contexto concreto e da demonstra\u00e7\u00e3o de leg\u00edtima necessidade.<\/p>\n<p>A decis\u00e3o sublinha ainda que o futebol profissional \u00e9 uma atividade econ\u00f3mica sujeita \u00e0s normas da concorr\u00eancia da UE, e que o acordo pode limitar a mobilidade e o poder negocial dos jogadores perante os clubes. O tribunal admite que a medida pode ser justificada se favorecer um objetivo de interesse geral, ser adequado, necess\u00e1rio e proporcionado.<\/p>\n<h3>Contexto e consequ\u00eancias<\/h3>\n<p>Em abril de 2020, a AdC considerou o acordo de n\u00e3o contrata\u00e7\u00e3o restritivo da concorr\u00eancia no mercado laboral, aplicando multas a v\u00e1rias entidades. A Liga foi multada em 141 mil euros, com penaliza\u00e7\u00f5es significativas para Benfica, FC Porto e Sporting.<\/p>\n<p>Os clubes e a Liga recorreram da decis\u00e3o para o TJUE, questionando a qualifica\u00e7\u00e3o do acordo como restri\u00e7\u00e3o \u00e0 concorr\u00eancia por objeto, dado o contexto excecional provocado pela pandemia e pela extens\u00e3o da \u00e9poca desportiva. O objetivo alegado pelos signat\u00e1rios era manter a estabilidade competitiva.<\/p>\n<p>O ac\u00f3rd\u00e3o deixa em aberto uma avalia\u00e7\u00e3o final sobre a legalidade do acordo, destacando que a an\u00e1lise depender\u00e1 de elementos factuais e da pondera\u00e7\u00e3o entre o impacto na concorr\u00eancia e os objetivos de combate \u00e0 interrup\u00e7\u00e3o abrupta do campeonato.<\/p>\n","protected":false},"excerpt":{"rendered":"<ul>\n<li>O Tribunal de Justi\u00e7a da Uni\u00e3o Europeia (TJUE) considerou que o acordo entre a Liga portuguesa e os clubes, em abril de 2020, para impedir contrata\u00e7\u00f5es de jogadores que rescindissem por motivos relacionados com a Covid-19, pode violar regras de concorr\u00eancia da UE.<\/li>\n<li>O ac\u00f3rd\u00e3o afirma que o acordo constitui uma restri\u00e7\u00e3o manifesta da concorr\u00eancia no mercado de contrata\u00e7\u00e3o de jogadores, cabendo agora ao \u00f3rg\u00e3o judicial nacional avaliar os elementos concretos do caso.<\/li>\n<li>O TJUE tamb\u00e9m aponta que a proibi\u00e7\u00e3o pode n\u00e3o aplicar-se se ficar demonstrado que n\u00e3o visa restringir a concorr\u00eancia e se se justificar por um objetivo leg\u00edtimo de interesse geral, proporcionado e necess\u00e1rio.<\/li>\n<li>A decis\u00e3o ressalva que o futebol profissional \u00e9 uma atividade econ\u00f3mica sujeita \u00e0s normas de concorr\u00eancia da UE, podendo o acordo limitar a mobilidade dos jogadores e reduzir o seu poder negocial.<\/li>\n<li>Em abril de 2020, a Autoridade da Concorr\u00eancia multou a Liga em 141 mil euros, com as mesmas penaliza\u00e7\u00f5es para os clubes; Benfica, FC Porto e Sporting foram os mais penalizados.<\/li>\n<\/ul>\n","protected":false},"author":2,"featured_media":462294,"comment_status":"closed","ping_status":"closed","sticky":false,"template":"","format":"standard","meta":{"footnotes":""},"categories":[21,24],"tags":[8566,8631,8249,8315,7755,8096],"class_list":["post-462290","post","type-post","status-publish","format-standard","has-post-thumbnail","hentry","category-desporto","category-futebol","tag-_benfica","tag-_concorrencia","tag-_contratos","tag-_fc-porto","tag-_futebol","tag-_liga"],"yoast_head":"<!-- This site is optimized with the Yoast SEO plugin v27.2 - https:\/\/yoast.com\/product\/yoast-seo-wordpress\/ -->\n<title>TJUE admite que pacto entre Liga Portugal e clubes pode violar concorr\u00eancia - Portal Tela Portugal<\/title>\n<meta name=\"robots\" content=\"index, follow, max-snippet:-1, max-image-preview:large, max-video-preview:-1\" \/>\n<meta property=\"og:locale\" content=\"pt_PT\" \/>\n<meta property=\"og:type\" content=\"article\" \/>\n<meta property=\"og:title\" content=\"TJUE admite que pacto entre Liga Portugal e clubes pode violar concorr\u00eancia - Portal Tela Portugal\" \/>\n<meta property=\"og:description\" content=\"O Tribunal de Justi\u00e7a da Uni\u00e3o Europeia (TJUE) considerou que o acordo entre a Liga portuguesa e os clubes, em abril de 2020, para impedir contrata\u00e7\u00f5es de jogadores que rescindissem por motivos relacionados com a Covid-19, pode violar regras de concorr\u00eancia da UE. O ac\u00f3rd\u00e3o afirma que o acordo constitui uma restri\u00e7\u00e3o manifesta da concorr\u00eancia no mercado de contrata\u00e7\u00e3o de jogadores, cabendo agora ao \u00f3rg\u00e3o judicial nacional avaliar os elementos concretos do caso. O TJUE tamb\u00e9m aponta que a proibi\u00e7\u00e3o pode n\u00e3o aplicar-se se ficar demonstrado que n\u00e3o visa restringir a concorr\u00eancia e se se justificar por um objetivo leg\u00edtimo de interesse geral, proporcionado e necess\u00e1rio. A decis\u00e3o ressalva que o futebol profissional \u00e9 uma atividade econ\u00f3mica sujeita \u00e0s normas de concorr\u00eancia da UE, podendo o acordo limitar a mobilidade dos jogadores e reduzir o seu poder negocial. Em abril de 2020, a Autoridade da Concorr\u00eancia multou a Liga em 141 mil euros, com as mesmas penaliza\u00e7\u00f5es para os clubes; Benfica, FC Porto e Sporting foram os mais penalizados.\" \/>\n<meta property=\"og:url\" content=\"https:\/\/portaltela.pt\/noticias\/2026\/04\/30\/tjue-admite-que-pacto-entre-liga-portugal-e-clubes-pode-violar-concorrencia\/\" \/>\n<meta property=\"og:site_name\" content=\"Portal Tela Portugal\" \/>\n<meta property=\"article:published_time\" content=\"2026-04-30T11:33:51+00:00\" \/>\n<meta name=\"author\" content=\"Telinha\" \/>\n<meta name=\"twitter:card\" content=\"summary_large_image\" \/>\n<meta name=\"twitter:label1\" content=\"Escrito por\" \/>\n\t<meta name=\"twitter:data1\" content=\"Telinha\" \/>\n\t<meta name=\"twitter:label2\" content=\"Tempo estimado de leitura\" \/>\n\t<meta name=\"twitter:data2\" content=\"2 minutos\" \/>\n<script type=\"application\/ld+json\" class=\"yoast-schema-graph\">{\"@context\":\"https:\/\/schema.org\",\"@graph\":[{\"@type\":\"Article\",\"@id\":\"https:\/\/portaltela.pt\/noticias\/2026\/04\/30\/tjue-admite-que-pacto-entre-liga-portugal-e-clubes-pode-violar-concorrencia\/#article\",\"isPartOf\":{\"@id\":\"https:\/\/portaltela.pt\/noticias\/2026\/04\/30\/tjue-admite-que-pacto-entre-liga-portugal-e-clubes-pode-violar-concorrencia\/\"},\"author\":{\"name\":\"Telinha\",\"@id\":\"https:\/\/portaltela.pt\/#\/schema\/person\/c4278d4a6028830caff9ee44b42d32ed\"},\"headline\":\"TJUE admite que pacto entre Liga Portugal e clubes pode violar concorr\u00eancia\",\"datePublished\":\"2026-04-30T11:33:51+00:00\",\"mainEntityOfPage\":{\"@id\":\"https:\/\/portaltela.pt\/noticias\/2026\/04\/30\/tjue-admite-que-pacto-entre-liga-portugal-e-clubes-pode-violar-concorrencia\/\"},\"wordCount\":321,\"image\":{\"@id\":\"https:\/\/portaltela.pt\/noticias\/2026\/04\/30\/tjue-admite-que-pacto-entre-liga-portugal-e-clubes-pode-violar-concorrencia\/#primaryimage\"},\"thumbnailUrl\":\"https:\/\/portaltela.pt\/s.01k8rhncp4jt1\/2026\/04\/img_920x518uu2025-06-06-18-18-42-2367838.jpg\",\"keywords\":[\"_Benfica\",\"_concorr\u00eancia\",\"_contratos\",\"_FC Porto\",\"_futebol\",\"_Liga\"],\"articleSection\":[\"Desporto\",\"Futebol\"],\"inLanguage\":\"pt-PT\"},{\"@type\":\"WebPage\",\"@id\":\"https:\/\/portaltela.pt\/noticias\/2026\/04\/30\/tjue-admite-que-pacto-entre-liga-portugal-e-clubes-pode-violar-concorrencia\/\",\"url\":\"https:\/\/portaltela.pt\/noticias\/2026\/04\/30\/tjue-admite-que-pacto-entre-liga-portugal-e-clubes-pode-violar-concorrencia\/\",\"name\":\"TJUE admite que pacto entre Liga Portugal e clubes pode violar concorr\u00eancia - Portal Tela Portugal\",\"isPartOf\":{\"@id\":\"https:\/\/portaltela.pt\/#website\"},\"primaryImageOfPage\":{\"@id\":\"https:\/\/portaltela.pt\/noticias\/2026\/04\/30\/tjue-admite-que-pacto-entre-liga-portugal-e-clubes-pode-violar-concorrencia\/#primaryimage\"},\"image\":{\"@id\":\"https:\/\/portaltela.pt\/noticias\/2026\/04\/30\/tjue-admite-que-pacto-entre-liga-portugal-e-clubes-pode-violar-concorrencia\/#primaryimage\"},\"thumbnailUrl\":\"https:\/\/portaltela.pt\/s.01k8rhncp4jt1\/2026\/04\/img_920x518uu2025-06-06-18-18-42-2367838.jpg\",\"datePublished\":\"2026-04-30T11:33:51+00:00\",\"author\":{\"@id\":\"https:\/\/portaltela.pt\/#\/schema\/person\/c4278d4a6028830caff9ee44b42d32ed\"},\"breadcrumb\":{\"@id\":\"https:\/\/portaltela.pt\/noticias\/2026\/04\/30\/tjue-admite-que-pacto-entre-liga-portugal-e-clubes-pode-violar-concorrencia\/#breadcrumb\"},\"inLanguage\":\"pt-PT\",\"potentialAction\":[{\"@type\":\"ReadAction\",\"target\":[\"https:\/\/portaltela.pt\/noticias\/2026\/04\/30\/tjue-admite-que-pacto-entre-liga-portugal-e-clubes-pode-violar-concorrencia\/\"]}]},{\"@type\":\"ImageObject\",\"inLanguage\":\"pt-PT\",\"@id\":\"https:\/\/portaltela.pt\/noticias\/2026\/04\/30\/tjue-admite-que-pacto-entre-liga-portugal-e-clubes-pode-violar-concorrencia\/#primaryimage\",\"url\":\"https:\/\/portaltela.pt\/s.01k8rhncp4jt1\/2026\/04\/img_920x518uu2025-06-06-18-18-42-2367838.jpg\",\"contentUrl\":\"https:\/\/portaltela.pt\/s.01k8rhncp4jt1\/2026\/04\/img_920x518uu2025-06-06-18-18-42-2367838.jpg\",\"width\":796,\"height\":448,\"caption\":\"A bola oficial da Liga Portugal Betclic para a \u00e9poca de 2025\/26\"},{\"@type\":\"BreadcrumbList\",\"@id\":\"https:\/\/portaltela.pt\/noticias\/2026\/04\/30\/tjue-admite-que-pacto-entre-liga-portugal-e-clubes-pode-violar-concorrencia\/#breadcrumb\",\"itemListElement\":[{\"@type\":\"ListItem\",\"position\":1,\"name\":\"In\u00edcio\",\"item\":\"https:\/\/portaltela.pt\/\"},{\"@type\":\"ListItem\",\"position\":2,\"name\":\"TJUE admite que pacto entre Liga Portugal e clubes pode violar concorr\u00eancia\"}]},{\"@type\":\"WebSite\",\"@id\":\"https:\/\/portaltela.pt\/#website\",\"url\":\"https:\/\/portaltela.pt\/\",\"name\":\"Portal Tela Portugal\",\"description\":\"\",\"potentialAction\":[{\"@type\":\"SearchAction\",\"target\":{\"@type\":\"EntryPoint\",\"urlTemplate\":\"https:\/\/portaltela.pt\/?s={search_term_string}\"},\"query-input\":{\"@type\":\"PropertyValueSpecification\",\"valueRequired\":true,\"valueName\":\"search_term_string\"}}],\"inLanguage\":\"pt-PT\"},{\"@type\":\"Person\",\"@id\":\"https:\/\/portaltela.pt\/#\/schema\/person\/c4278d4a6028830caff9ee44b42d32ed\",\"name\":\"Telinha\",\"image\":{\"@type\":\"ImageObject\",\"inLanguage\":\"pt-PT\",\"@id\":\"https:\/\/portaltela.pt\/s.01k8rhncp4jt1\/2025\/11\/talking-bot-125x125.png\",\"url\":\"https:\/\/portaltela.pt\/s.01k8rhncp4jt1\/2025\/11\/talking-bot-125x125.png\",\"contentUrl\":\"https:\/\/portaltela.pt\/s.01k8rhncp4jt1\/2025\/11\/talking-bot-125x125.png\",\"caption\":\"Telinha\"},\"sameAs\":[\"https:\/\/portaltela.pt\/\"],\"url\":\"https:\/\/portaltela.pt\/por\/367410592786\/\"}]}<\/script>\n<!-- \/ Yoast SEO plugin. -->","yoast_head_json":{"title":"TJUE admite que pacto entre Liga Portugal e clubes pode violar concorr\u00eancia - Portal Tela Portugal","robots":{"index":"index","follow":"follow","max-snippet":"max-snippet:-1","max-image-preview":"max-image-preview:large","max-video-preview":"max-video-preview:-1"},"og_locale":"pt_PT","og_type":"article","og_title":"TJUE admite que pacto entre Liga Portugal e clubes pode violar concorr\u00eancia - Portal Tela Portugal","og_description":"O Tribunal de Justi\u00e7a da Uni\u00e3o Europeia (TJUE) considerou que o acordo entre a Liga portuguesa e os clubes, em abril de 2020, para impedir contrata\u00e7\u00f5es de jogadores que rescindissem por motivos relacionados com a Covid-19, pode violar regras de concorr\u00eancia da UE. O ac\u00f3rd\u00e3o afirma que o acordo constitui uma restri\u00e7\u00e3o manifesta da concorr\u00eancia no mercado de contrata\u00e7\u00e3o de jogadores, cabendo agora ao \u00f3rg\u00e3o judicial nacional avaliar os elementos concretos do caso. O TJUE tamb\u00e9m aponta que a proibi\u00e7\u00e3o pode n\u00e3o aplicar-se se ficar demonstrado que n\u00e3o visa restringir a concorr\u00eancia e se se justificar por um objetivo leg\u00edtimo de interesse geral, proporcionado e necess\u00e1rio. A decis\u00e3o ressalva que o futebol profissional \u00e9 uma atividade econ\u00f3mica sujeita \u00e0s normas de concorr\u00eancia da UE, podendo o acordo limitar a mobilidade dos jogadores e reduzir o seu poder negocial. Em abril de 2020, a Autoridade da Concorr\u00eancia multou a Liga em 141 mil euros, com as mesmas penaliza\u00e7\u00f5es para os clubes; Benfica, FC Porto e Sporting foram os mais penalizados.","og_url":"https:\/\/portaltela.pt\/noticias\/2026\/04\/30\/tjue-admite-que-pacto-entre-liga-portugal-e-clubes-pode-violar-concorrencia\/","og_site_name":"Portal Tela Portugal","article_published_time":"2026-04-30T11:33:51+00:00","author":"Telinha","twitter_card":"summary_large_image","twitter_misc":{"Escrito por":"Telinha","Tempo estimado de leitura":"2 minutos"},"schema":{"@context":"https:\/\/schema.org","@graph":[{"@type":"Article","@id":"https:\/\/portaltela.pt\/noticias\/2026\/04\/30\/tjue-admite-que-pacto-entre-liga-portugal-e-clubes-pode-violar-concorrencia\/#article","isPartOf":{"@id":"https:\/\/portaltela.pt\/noticias\/2026\/04\/30\/tjue-admite-que-pacto-entre-liga-portugal-e-clubes-pode-violar-concorrencia\/"},"author":{"name":"Telinha","@id":"https:\/\/portaltela.pt\/#\/schema\/person\/c4278d4a6028830caff9ee44b42d32ed"},"headline":"TJUE admite que pacto entre Liga Portugal e clubes pode violar concorr\u00eancia","datePublished":"2026-04-30T11:33:51+00:00","mainEntityOfPage":{"@id":"https:\/\/portaltela.pt\/noticias\/2026\/04\/30\/tjue-admite-que-pacto-entre-liga-portugal-e-clubes-pode-violar-concorrencia\/"},"wordCount":321,"image":{"@id":"https:\/\/portaltela.pt\/noticias\/2026\/04\/30\/tjue-admite-que-pacto-entre-liga-portugal-e-clubes-pode-violar-concorrencia\/#primaryimage"},"thumbnailUrl":"https:\/\/portaltela.pt\/s.01k8rhncp4jt1\/2026\/04\/img_920x518uu2025-06-06-18-18-42-2367838.jpg","keywords":["_Benfica","_concorr\u00eancia","_contratos","_FC Porto","_futebol","_Liga"],"articleSection":["Desporto","Futebol"],"inLanguage":"pt-PT"},{"@type":"WebPage","@id":"https:\/\/portaltela.pt\/noticias\/2026\/04\/30\/tjue-admite-que-pacto-entre-liga-portugal-e-clubes-pode-violar-concorrencia\/","url":"https:\/\/portaltela.pt\/noticias\/2026\/04\/30\/tjue-admite-que-pacto-entre-liga-portugal-e-clubes-pode-violar-concorrencia\/","name":"TJUE admite que pacto entre Liga Portugal e clubes pode violar concorr\u00eancia - Portal Tela Portugal","isPartOf":{"@id":"https:\/\/portaltela.pt\/#website"},"primaryImageOfPage":{"@id":"https:\/\/portaltela.pt\/noticias\/2026\/04\/30\/tjue-admite-que-pacto-entre-liga-portugal-e-clubes-pode-violar-concorrencia\/#primaryimage"},"image":{"@id":"https:\/\/portaltela.pt\/noticias\/2026\/04\/30\/tjue-admite-que-pacto-entre-liga-portugal-e-clubes-pode-violar-concorrencia\/#primaryimage"},"thumbnailUrl":"https:\/\/portaltela.pt\/s.01k8rhncp4jt1\/2026\/04\/img_920x518uu2025-06-06-18-18-42-2367838.jpg","datePublished":"2026-04-30T11:33:51+00:00","author":{"@id":"https:\/\/portaltela.pt\/#\/schema\/person\/c4278d4a6028830caff9ee44b42d32ed"},"breadcrumb":{"@id":"https:\/\/portaltela.pt\/noticias\/2026\/04\/30\/tjue-admite-que-pacto-entre-liga-portugal-e-clubes-pode-violar-concorrencia\/#breadcrumb"},"inLanguage":"pt-PT","potentialAction":[{"@type":"ReadAction","target":["https:\/\/portaltela.pt\/noticias\/2026\/04\/30\/tjue-admite-que-pacto-entre-liga-portugal-e-clubes-pode-violar-concorrencia\/"]}]},{"@type":"ImageObject","inLanguage":"pt-PT","@id":"https:\/\/portaltela.pt\/noticias\/2026\/04\/30\/tjue-admite-que-pacto-entre-liga-portugal-e-clubes-pode-violar-concorrencia\/#primaryimage","url":"https:\/\/portaltela.pt\/s.01k8rhncp4jt1\/2026\/04\/img_920x518uu2025-06-06-18-18-42-2367838.jpg","contentUrl":"https:\/\/portaltela.pt\/s.01k8rhncp4jt1\/2026\/04\/img_920x518uu2025-06-06-18-18-42-2367838.jpg","width":796,"height":448,"caption":"A bola oficial da Liga Portugal Betclic para a \u00e9poca de 2025\/26"},{"@type":"BreadcrumbList","@id":"https:\/\/portaltela.pt\/noticias\/2026\/04\/30\/tjue-admite-que-pacto-entre-liga-portugal-e-clubes-pode-violar-concorrencia\/#breadcrumb","itemListElement":[{"@type":"ListItem","position":1,"name":"In\u00edcio","item":"https:\/\/portaltela.pt\/"},{"@type":"ListItem","position":2,"name":"TJUE admite que pacto entre Liga Portugal e clubes pode violar concorr\u00eancia"}]},{"@type":"WebSite","@id":"https:\/\/portaltela.pt\/#website","url":"https:\/\/portaltela.pt\/","name":"Portal Tela Portugal","description":"","potentialAction":[{"@type":"SearchAction","target":{"@type":"EntryPoint","urlTemplate":"https:\/\/portaltela.pt\/?s={search_term_string}"},"query-input":{"@type":"PropertyValueSpecification","valueRequired":true,"valueName":"search_term_string"}}],"inLanguage":"pt-PT"},{"@type":"Person","@id":"https:\/\/portaltela.pt\/#\/schema\/person\/c4278d4a6028830caff9ee44b42d32ed","name":"Telinha","image":{"@type":"ImageObject","inLanguage":"pt-PT","@id":"https:\/\/portaltela.pt\/s.01k8rhncp4jt1\/2025\/11\/talking-bot-125x125.png","url":"https:\/\/portaltela.pt\/s.01k8rhncp4jt1\/2025\/11\/talking-bot-125x125.png","contentUrl":"https:\/\/portaltela.pt\/s.01k8rhncp4jt1\/2025\/11\/talking-bot-125x125.png","caption":"Telinha"},"sameAs":["https:\/\/portaltela.pt\/"],"url":"https:\/\/portaltela.pt\/por\/367410592786\/"}]}},"_links":{"self":[{"href":"https:\/\/portaltela.pt\/api\/wp\/v2\/posts\/462290","targetHints":{"allow":["GET"]}}],"collection":[{"href":"https:\/\/portaltela.pt\/api\/wp\/v2\/posts"}],"about":[{"href":"https:\/\/portaltela.pt\/api\/wp\/v2\/types\/post"}],"author":[{"embeddable":true,"href":"https:\/\/portaltela.pt\/api\/wp\/v2\/users\/2"}],"replies":[{"embeddable":true,"href":"https:\/\/portaltela.pt\/api\/wp\/v2\/comments?post=462290"}],"version-history":[{"count":0,"href":"https:\/\/portaltela.pt\/api\/wp\/v2\/posts\/462290\/revisions"}],"wp:featuredmedia":[{"embeddable":true,"href":"https:\/\/portaltela.pt\/api\/wp\/v2\/media\/462294"}],"wp:attachment":[{"href":"https:\/\/portaltela.pt\/api\/wp\/v2\/media?parent=462290"}],"wp:term":[{"taxonomy":"category","embeddable":true,"href":"https:\/\/portaltela.pt\/api\/wp\/v2\/categories?post=462290"},{"taxonomy":"post_tag","embeddable":true,"href":"https:\/\/portaltela.pt\/api\/wp\/v2\/tags?post=462290"}],"curies":[{"name":"wp","href":"https:\/\/api.w.org\/{rel}","templated":true}]}}