{"id":462281,"date":"2026-04-30T08:33:34","date_gmt":"2026-04-30T11:33:34","guid":{"rendered":"https:\/\/portaltela.pt\/noticias\/2026\/04\/30\/luciano-darderi-junta-se-aos-nomes-confirmados-no-estoril-open\/"},"modified":"2026-04-30T08:33:34","modified_gmt":"2026-04-30T11:33:34","slug":"luciano-darderi-junta-se-aos-nomes-confirmados-no-estoril-open","status":"publish","type":"post","link":"https:\/\/portaltela.pt\/desporto\/futebol\/2026\/04\/30\/luciano-darderi-junta-se-aos-nomes-confirmados-no-estoril-open\/","title":{"rendered":"Luciano Darderi junta-se aos nomes confirmados no Estoril Open"},"content":{"rendered":"<p>Luciano Darderi foi confirmado no Estoril Open, torneio que se realiza de 18 a 26 de julho em Portugal. O italiano passa a integrar a lista de jogadores que integram o top-30 mundial, aumentando o elenco de destaque no Clube de T\u00e9nis do Estoril.<\/p>\n<p>No grupo j\u00e1 anunciado est\u00e3o nomes entre os 30 melhores, incluindo Andrey Rublev (12\u00ba), Casper Ruud (15\u00ba) e Alejandro Davidovich Fokina (23\u00ba). Darderi ocupa o 22.\u00ba lugar no ranking, refor\u00e7ando a presen\u00e7a de tenistas de alto rendimento no evento.<\/p>\n<p>O Estoril Open retorna ao circuito principal este ano, depois de ter sido um Challenger em 2025. As novas datas v\u00e3o de 18 a 26 de julho, com a participa\u00e7\u00e3o de outros atletas j\u00e1 confirmados, como Nuno Borges (49\u00ba) e Stan Wawrinka (106\u00ba), em fim de carreira.<\/p>\n<h3>Participantes-chave e retorno ao circuito<\/h3>\n<p>A presen\u00e7a de quatro jogadores do top-30 real\u00e7a a qualidade do torneio portugu\u00eas. Darderi junta-se a Rublev, Ruud e Fokina na lista de cabe\u00e7as de cartaz, num certame que promete competir em alto n\u00edvel no calend\u00e1rio europeu de ver\u00e3o.<\/p>\n<p>Nuno Borges e Stan Wawrinka completam o leque de nomes locais e veteranos j\u00e1 anunciados, contribuindo para a atratividade do evento no Estoril. A organiza\u00e7\u00e3o mant\u00e9m o foco na alta competitividade e na participa\u00e7\u00e3o de veteranos com experi\u00eancia significativa.<\/p>\n","protected":false},"excerpt":{"rendered":"<ul>\n<li>O italiano Luciano Darderi foi confirmado no Estoril Open, que se realiza de 18 a 26 de julho.<\/li>\n<li>O torneio passa a ter quatro tenistas do top-30: Darderi (23.\u00ba? no texto indica 22.\u00ba), Rubev (12.\u00ba), Casper Ruud (15.\u00ba) e Alejandro Davidovich Fokina (23.\u00ba).<\/li>\n<li>J\u00e1 tinham sido anunciados no Estoril: Nuno Borges (49.\u00ba) e Stan Wawrinka (106.\u00ba).<\/li>\n<li>Darderi afirmou estar feliz por atuar no Estoril pela primeira vez e demonstrou entusiasmo, mencionando ter cinco t\u00edtulos em terra batida.<\/li>\n<li>O Estoril Open regressa ao circuito principal este ano, com novas datas, ap\u00f3s ter sido challenger em 2025.<\/li>\n<\/ul>\n","protected":false},"author":2,"featured_media":462282,"comment_status":"closed","ping_status":"closed","sticky":false,"template":"","format":"standard","meta":{"footnotes":""},"categories":[21,24],"tags":[10006,10002,10004,999,2873,94],"class_list":["post-462281","post","type-post","status-publish","format-standard","has-post-thumbnail","hentry","category-desporto","category-futebol","tag-alejandro-davidovich-fokina","tag-andrey-rublev","tag-casper-ruud","tag-estoril","tag-nuno-borges","tag-tenis"],"yoast_head":"<!-- This site is optimized with the Yoast SEO plugin v27.2 - https:\/\/yoast.com\/product\/yoast-seo-wordpress\/ -->\n<title>Luciano Darderi junta-se aos nomes confirmados no Estoril Open - Portal Tela Portugal<\/title>\n<meta name=\"robots\" content=\"index, follow, max-snippet:-1, max-image-preview:large, max-video-preview:-1\" \/>\n<meta property=\"og:locale\" content=\"pt_PT\" \/>\n<meta property=\"og:type\" content=\"article\" \/>\n<meta property=\"og:title\" content=\"Luciano Darderi junta-se aos nomes confirmados no Estoril Open - Portal Tela Portugal\" \/>\n<meta property=\"og:description\" content=\"O italiano Luciano Darderi foi confirmado no Estoril Open, que se realiza de 18 a 26 de julho. O torneio passa a ter quatro tenistas do top-30: Darderi (23.\u00ba? no texto indica 22.\u00ba), Rubev (12.\u00ba), Casper Ruud (15.\u00ba) e Alejandro Davidovich Fokina (23.\u00ba). J\u00e1 tinham sido anunciados no Estoril: Nuno Borges (49.\u00ba) e Stan Wawrinka (106.\u00ba). Darderi afirmou estar feliz por atuar no Estoril pela primeira vez e demonstrou entusiasmo, mencionando ter cinco t\u00edtulos em terra batida. O Estoril Open regressa ao circuito principal este ano, com novas datas, ap\u00f3s ter sido challenger em 2025.\" \/>\n<meta property=\"og:url\" content=\"https:\/\/portaltela.pt\/noticias\/2026\/04\/30\/luciano-darderi-junta-se-aos-nomes-confirmados-no-estoril-open\/\" \/>\n<meta property=\"og:site_name\" content=\"Portal Tela Portugal\" \/>\n<meta property=\"article:published_time\" content=\"2026-04-30T11:33:34+00:00\" \/>\n<meta name=\"author\" content=\"Telinha\" \/>\n<meta name=\"twitter:card\" content=\"summary_large_image\" \/>\n<meta name=\"twitter:label1\" content=\"Escrito por\" \/>\n\t<meta name=\"twitter:data1\" content=\"Telinha\" \/>\n\t<meta name=\"twitter:label2\" content=\"Tempo estimado de leitura\" \/>\n\t<meta name=\"twitter:data2\" content=\"1 minuto\" \/>\n<script type=\"application\/ld+json\" class=\"yoast-schema-graph\">{\"@context\":\"https:\/\/schema.org\",\"@graph\":[{\"@type\":\"Article\",\"@id\":\"https:\/\/portaltela.pt\/noticias\/2026\/04\/30\/luciano-darderi-junta-se-aos-nomes-confirmados-no-estoril-open\/#article\",\"isPartOf\":{\"@id\":\"https:\/\/portaltela.pt\/noticias\/2026\/04\/30\/luciano-darderi-junta-se-aos-nomes-confirmados-no-estoril-open\/\"},\"author\":{\"name\":\"Telinha\",\"@id\":\"https:\/\/portaltela.pt\/#\/schema\/person\/c4278d4a6028830caff9ee44b42d32ed\"},\"headline\":\"Luciano Darderi junta-se aos nomes confirmados no Estoril Open\",\"datePublished\":\"2026-04-30T11:33:34+00:00\",\"mainEntityOfPage\":{\"@id\":\"https:\/\/portaltela.pt\/noticias\/2026\/04\/30\/luciano-darderi-junta-se-aos-nomes-confirmados-no-estoril-open\/\"},\"wordCount\":227,\"image\":{\"@id\":\"https:\/\/portaltela.pt\/noticias\/2026\/04\/30\/luciano-darderi-junta-se-aos-nomes-confirmados-no-estoril-open\/#primaryimage\"},\"thumbnailUrl\":\"https:\/\/portaltela.pt\/s.01k8rhncp4jt1\/2026\/04\/img_920x518uu2026-04-30-12-18-38-2436088.jpg\",\"keywords\":[\"Alejandro Davidovich Fokina\",\"Andrey Rublev\",\"Casper Ruud\",\"Estoril\",\"Nuno Borges\",\"t\u00eanis\"],\"articleSection\":[\"Desporto\",\"Futebol\"],\"inLanguage\":\"pt-PT\"},{\"@type\":\"WebPage\",\"@id\":\"https:\/\/portaltela.pt\/noticias\/2026\/04\/30\/luciano-darderi-junta-se-aos-nomes-confirmados-no-estoril-open\/\",\"url\":\"https:\/\/portaltela.pt\/noticias\/2026\/04\/30\/luciano-darderi-junta-se-aos-nomes-confirmados-no-estoril-open\/\",\"name\":\"Luciano Darderi junta-se aos nomes confirmados no Estoril Open - Portal Tela Portugal\",\"isPartOf\":{\"@id\":\"https:\/\/portaltela.pt\/#website\"},\"primaryImageOfPage\":{\"@id\":\"https:\/\/portaltela.pt\/noticias\/2026\/04\/30\/luciano-darderi-junta-se-aos-nomes-confirmados-no-estoril-open\/#primaryimage\"},\"image\":{\"@id\":\"https:\/\/portaltela.pt\/noticias\/2026\/04\/30\/luciano-darderi-junta-se-aos-nomes-confirmados-no-estoril-open\/#primaryimage\"},\"thumbnailUrl\":\"https:\/\/portaltela.pt\/s.01k8rhncp4jt1\/2026\/04\/img_920x518uu2026-04-30-12-18-38-2436088.jpg\",\"datePublished\":\"2026-04-30T11:33:34+00:00\",\"author\":{\"@id\":\"https:\/\/portaltela.pt\/#\/schema\/person\/c4278d4a6028830caff9ee44b42d32ed\"},\"breadcrumb\":{\"@id\":\"https:\/\/portaltela.pt\/noticias\/2026\/04\/30\/luciano-darderi-junta-se-aos-nomes-confirmados-no-estoril-open\/#breadcrumb\"},\"inLanguage\":\"pt-PT\",\"potentialAction\":[{\"@type\":\"ReadAction\",\"target\":[\"https:\/\/portaltela.pt\/noticias\/2026\/04\/30\/luciano-darderi-junta-se-aos-nomes-confirmados-no-estoril-open\/\"]}]},{\"@type\":\"ImageObject\",\"inLanguage\":\"pt-PT\",\"@id\":\"https:\/\/portaltela.pt\/noticias\/2026\/04\/30\/luciano-darderi-junta-se-aos-nomes-confirmados-no-estoril-open\/#primaryimage\",\"url\":\"https:\/\/portaltela.pt\/s.01k8rhncp4jt1\/2026\/04\/img_920x518uu2026-04-30-12-18-38-2436088.jpg\",\"contentUrl\":\"https:\/\/portaltela.pt\/s.01k8rhncp4jt1\/2026\/04\/img_920x518uu2026-04-30-12-18-38-2436088.jpg\",\"width\":796,\"height\":448,\"caption\":\"Luciano Darderi\"},{\"@type\":\"BreadcrumbList\",\"@id\":\"https:\/\/portaltela.pt\/noticias\/2026\/04\/30\/luciano-darderi-junta-se-aos-nomes-confirmados-no-estoril-open\/#breadcrumb\",\"itemListElement\":[{\"@type\":\"ListItem\",\"position\":1,\"name\":\"In\u00edcio\",\"item\":\"https:\/\/portaltela.pt\/\"},{\"@type\":\"ListItem\",\"position\":2,\"name\":\"Luciano Darderi junta-se aos nomes confirmados no Estoril Open\"}]},{\"@type\":\"WebSite\",\"@id\":\"https:\/\/portaltela.pt\/#website\",\"url\":\"https:\/\/portaltela.pt\/\",\"name\":\"Portal Tela Portugal\",\"description\":\"\",\"potentialAction\":[{\"@type\":\"SearchAction\",\"target\":{\"@type\":\"EntryPoint\",\"urlTemplate\":\"https:\/\/portaltela.pt\/?s={search_term_string}\"},\"query-input\":{\"@type\":\"PropertyValueSpecification\",\"valueRequired\":true,\"valueName\":\"search_term_string\"}}],\"inLanguage\":\"pt-PT\"},{\"@type\":\"Person\",\"@id\":\"https:\/\/portaltela.pt\/#\/schema\/person\/c4278d4a6028830caff9ee44b42d32ed\",\"name\":\"Telinha\",\"image\":{\"@type\":\"ImageObject\",\"inLanguage\":\"pt-PT\",\"@id\":\"https:\/\/portaltela.pt\/s.01k8rhncp4jt1\/2025\/11\/talking-bot-125x125.png\",\"url\":\"https:\/\/portaltela.pt\/s.01k8rhncp4jt1\/2025\/11\/talking-bot-125x125.png\",\"contentUrl\":\"https:\/\/portaltela.pt\/s.01k8rhncp4jt1\/2025\/11\/talking-bot-125x125.png\",\"caption\":\"Telinha\"},\"sameAs\":[\"https:\/\/portaltela.pt\/\"],\"url\":\"https:\/\/portaltela.pt\/por\/367410592786\/\"}]}<\/script>\n<!-- \/ Yoast SEO plugin. -->","yoast_head_json":{"title":"Luciano Darderi junta-se aos nomes confirmados no Estoril Open - Portal Tela Portugal","robots":{"index":"index","follow":"follow","max-snippet":"max-snippet:-1","max-image-preview":"max-image-preview:large","max-video-preview":"max-video-preview:-1"},"og_locale":"pt_PT","og_type":"article","og_title":"Luciano Darderi junta-se aos nomes confirmados no Estoril Open - Portal Tela Portugal","og_description":"O italiano Luciano Darderi foi confirmado no Estoril Open, que se realiza de 18 a 26 de julho. O torneio passa a ter quatro tenistas do top-30: Darderi (23.\u00ba? no texto indica 22.\u00ba), Rubev (12.\u00ba), Casper Ruud (15.\u00ba) e Alejandro Davidovich Fokina (23.\u00ba). J\u00e1 tinham sido anunciados no Estoril: Nuno Borges (49.\u00ba) e Stan Wawrinka (106.\u00ba). Darderi afirmou estar feliz por atuar no Estoril pela primeira vez e demonstrou entusiasmo, mencionando ter cinco t\u00edtulos em terra batida. O Estoril Open regressa ao circuito principal este ano, com novas datas, ap\u00f3s ter sido challenger em 2025.","og_url":"https:\/\/portaltela.pt\/noticias\/2026\/04\/30\/luciano-darderi-junta-se-aos-nomes-confirmados-no-estoril-open\/","og_site_name":"Portal Tela Portugal","article_published_time":"2026-04-30T11:33:34+00:00","author":"Telinha","twitter_card":"summary_large_image","twitter_misc":{"Escrito por":"Telinha","Tempo estimado de leitura":"1 minuto"},"schema":{"@context":"https:\/\/schema.org","@graph":[{"@type":"Article","@id":"https:\/\/portaltela.pt\/noticias\/2026\/04\/30\/luciano-darderi-junta-se-aos-nomes-confirmados-no-estoril-open\/#article","isPartOf":{"@id":"https:\/\/portaltela.pt\/noticias\/2026\/04\/30\/luciano-darderi-junta-se-aos-nomes-confirmados-no-estoril-open\/"},"author":{"name":"Telinha","@id":"https:\/\/portaltela.pt\/#\/schema\/person\/c4278d4a6028830caff9ee44b42d32ed"},"headline":"Luciano Darderi junta-se aos nomes confirmados no Estoril Open","datePublished":"2026-04-30T11:33:34+00:00","mainEntityOfPage":{"@id":"https:\/\/portaltela.pt\/noticias\/2026\/04\/30\/luciano-darderi-junta-se-aos-nomes-confirmados-no-estoril-open\/"},"wordCount":227,"image":{"@id":"https:\/\/portaltela.pt\/noticias\/2026\/04\/30\/luciano-darderi-junta-se-aos-nomes-confirmados-no-estoril-open\/#primaryimage"},"thumbnailUrl":"https:\/\/portaltela.pt\/s.01k8rhncp4jt1\/2026\/04\/img_920x518uu2026-04-30-12-18-38-2436088.jpg","keywords":["Alejandro Davidovich Fokina","Andrey Rublev","Casper Ruud","Estoril","Nuno Borges","t\u00eanis"],"articleSection":["Desporto","Futebol"],"inLanguage":"pt-PT"},{"@type":"WebPage","@id":"https:\/\/portaltela.pt\/noticias\/2026\/04\/30\/luciano-darderi-junta-se-aos-nomes-confirmados-no-estoril-open\/","url":"https:\/\/portaltela.pt\/noticias\/2026\/04\/30\/luciano-darderi-junta-se-aos-nomes-confirmados-no-estoril-open\/","name":"Luciano Darderi junta-se aos nomes confirmados no Estoril Open - Portal Tela Portugal","isPartOf":{"@id":"https:\/\/portaltela.pt\/#website"},"primaryImageOfPage":{"@id":"https:\/\/portaltela.pt\/noticias\/2026\/04\/30\/luciano-darderi-junta-se-aos-nomes-confirmados-no-estoril-open\/#primaryimage"},"image":{"@id":"https:\/\/portaltela.pt\/noticias\/2026\/04\/30\/luciano-darderi-junta-se-aos-nomes-confirmados-no-estoril-open\/#primaryimage"},"thumbnailUrl":"https:\/\/portaltela.pt\/s.01k8rhncp4jt1\/2026\/04\/img_920x518uu2026-04-30-12-18-38-2436088.jpg","datePublished":"2026-04-30T11:33:34+00:00","author":{"@id":"https:\/\/portaltela.pt\/#\/schema\/person\/c4278d4a6028830caff9ee44b42d32ed"},"breadcrumb":{"@id":"https:\/\/portaltela.pt\/noticias\/2026\/04\/30\/luciano-darderi-junta-se-aos-nomes-confirmados-no-estoril-open\/#breadcrumb"},"inLanguage":"pt-PT","potentialAction":[{"@type":"ReadAction","target":["https:\/\/portaltela.pt\/noticias\/2026\/04\/30\/luciano-darderi-junta-se-aos-nomes-confirmados-no-estoril-open\/"]}]},{"@type":"ImageObject","inLanguage":"pt-PT","@id":"https:\/\/portaltela.pt\/noticias\/2026\/04\/30\/luciano-darderi-junta-se-aos-nomes-confirmados-no-estoril-open\/#primaryimage","url":"https:\/\/portaltela.pt\/s.01k8rhncp4jt1\/2026\/04\/img_920x518uu2026-04-30-12-18-38-2436088.jpg","contentUrl":"https:\/\/portaltela.pt\/s.01k8rhncp4jt1\/2026\/04\/img_920x518uu2026-04-30-12-18-38-2436088.jpg","width":796,"height":448,"caption":"Luciano Darderi"},{"@type":"BreadcrumbList","@id":"https:\/\/portaltela.pt\/noticias\/2026\/04\/30\/luciano-darderi-junta-se-aos-nomes-confirmados-no-estoril-open\/#breadcrumb","itemListElement":[{"@type":"ListItem","position":1,"name":"In\u00edcio","item":"https:\/\/portaltela.pt\/"},{"@type":"ListItem","position":2,"name":"Luciano Darderi junta-se aos nomes confirmados no Estoril Open"}]},{"@type":"WebSite","@id":"https:\/\/portaltela.pt\/#website","url":"https:\/\/portaltela.pt\/","name":"Portal Tela Portugal","description":"","potentialAction":[{"@type":"SearchAction","target":{"@type":"EntryPoint","urlTemplate":"https:\/\/portaltela.pt\/?s={search_term_string}"},"query-input":{"@type":"PropertyValueSpecification","valueRequired":true,"valueName":"search_term_string"}}],"inLanguage":"pt-PT"},{"@type":"Person","@id":"https:\/\/portaltela.pt\/#\/schema\/person\/c4278d4a6028830caff9ee44b42d32ed","name":"Telinha","image":{"@type":"ImageObject","inLanguage":"pt-PT","@id":"https:\/\/portaltela.pt\/s.01k8rhncp4jt1\/2025\/11\/talking-bot-125x125.png","url":"https:\/\/portaltela.pt\/s.01k8rhncp4jt1\/2025\/11\/talking-bot-125x125.png","contentUrl":"https:\/\/portaltela.pt\/s.01k8rhncp4jt1\/2025\/11\/talking-bot-125x125.png","caption":"Telinha"},"sameAs":["https:\/\/portaltela.pt\/"],"url":"https:\/\/portaltela.pt\/por\/367410592786\/"}]}},"_links":{"self":[{"href":"https:\/\/portaltela.pt\/api\/wp\/v2\/posts\/462281","targetHints":{"allow":["GET"]}}],"collection":[{"href":"https:\/\/portaltela.pt\/api\/wp\/v2\/posts"}],"about":[{"href":"https:\/\/portaltela.pt\/api\/wp\/v2\/types\/post"}],"author":[{"embeddable":true,"href":"https:\/\/portaltela.pt\/api\/wp\/v2\/users\/2"}],"replies":[{"embeddable":true,"href":"https:\/\/portaltela.pt\/api\/wp\/v2\/comments?post=462281"}],"version-history":[{"count":0,"href":"https:\/\/portaltela.pt\/api\/wp\/v2\/posts\/462281\/revisions"}],"wp:featuredmedia":[{"embeddable":true,"href":"https:\/\/portaltela.pt\/api\/wp\/v2\/media\/462282"}],"wp:attachment":[{"href":"https:\/\/portaltela.pt\/api\/wp\/v2\/media?parent=462281"}],"wp:term":[{"taxonomy":"category","embeddable":true,"href":"https:\/\/portaltela.pt\/api\/wp\/v2\/categories?post=462281"},{"taxonomy":"post_tag","embeddable":true,"href":"https:\/\/portaltela.pt\/api\/wp\/v2\/tags?post=462281"}],"curies":[{"name":"wp","href":"https:\/\/api.w.org\/{rel}","templated":true}]}}