{"id":462278,"date":"2026-04-30T08:33:03","date_gmt":"2026-04-30T11:33:03","guid":{"rendered":"https:\/\/portaltela.pt\/noticias\/2026\/04\/30\/eleicao-do-reitor-da-nova-volta-a-nao-se-realizar\/"},"modified":"2026-04-30T08:33:03","modified_gmt":"2026-04-30T11:33:03","slug":"eleicao-do-reitor-da-nova-volta-a-nao-se-realizar","status":"publish","type":"post","link":"https:\/\/portaltela.pt\/noticias\/politica\/2026\/04\/30\/eleicao-do-reitor-da-nova-volta-a-nao-se-realizar\/","title":{"rendered":"Elei\u00e7\u00e3o do reitor da NOVA volta a n\u00e3o se realizar"},"content":{"rendered":"<p>A elei\u00e7\u00e3o do reitor da Universidade NOVA de Lisboa n\u00e3o se realizou esta quinta-feira, devido \u00e0 falta de qu\u00f3rum no Conselho Geral, confirmou a institui\u00e7\u00e3o. A falta de participa\u00e7\u00e3o impediu a marca\u00e7\u00e3o do ato eleitoral no campus de Lisboa.<\/p>\n<p>\u00c9 a segunda vez que o processo n\u00e3o avan\u00e7a nas condi\u00e7\u00f5es definidas pelo Tribunal, que determinou a repeti\u00e7\u00e3o do escrut\u00ednio. O Conselho Geral ainda n\u00e3o fixou uma nova data para a vota\u00e7\u00e3o.<\/p>\n<p>A NOVA esclarece, em nota enviada \u00e0 Lusa, que desenvolveu todas as dilig\u00eancias necess\u00e1rias para cumprir a decis\u00e3o judicial que ordenou a repeti\u00e7\u00e3o do processo. A institui\u00e7\u00e3o mant\u00e9m o compromisso de atuar dentro da lei.<\/p>\n","protected":false},"excerpt":{"rendered":"<ul>\n<li>A elei\u00e7\u00e3o do reitor da Universidade NOVA de Lisboa n\u00e3o se realizou esta quinta-feira de manh\u00e3 por falta de qu\u00f3rum no Conselho Geral.<\/li>\n<li>\u00c9 a segunda vez que o ato eleitoral n\u00e3o ocorre nas condi\u00e7\u00f5es definidas pelo Tribunal.<\/li>\n<li>A NOVA afirma ter garantido todas as dilig\u00eancias para cumprir a decis\u00e3o judicial que determinou a repeti\u00e7\u00e3o do processo.<\/li>\n<li>A universidade sustenta ter atuado em estrito cumprimento da lei durante todo o processo.<\/li>\n<\/ul>\n","protected":false},"author":2,"featured_media":462279,"comment_status":"closed","ping_status":"closed","sticky":false,"template":"","format":"standard","meta":{"footnotes":""},"categories":[1,5],"tags":[7940,873,981,6208,58],"class_list":["post-462278","post","type-post","status-publish","format-standard","has-post-thumbnail","hentry","category-noticias","category-politica","tag-_eleicoes","tag-conselho-geral","tag-lisboa","tag-tribunais","tag-universidades"],"yoast_head":"<!-- This site is optimized with the Yoast SEO plugin v27.2 - https:\/\/yoast.com\/product\/yoast-seo-wordpress\/ -->\n<title>Elei\u00e7\u00e3o do reitor da NOVA volta a n\u00e3o se realizar - Portal Tela Portugal<\/title>\n<meta name=\"robots\" content=\"index, follow, max-snippet:-1, max-image-preview:large, max-video-preview:-1\" \/>\n<meta property=\"og:locale\" content=\"pt_PT\" \/>\n<meta property=\"og:type\" content=\"article\" \/>\n<meta property=\"og:title\" content=\"Elei\u00e7\u00e3o do reitor da NOVA volta a n\u00e3o se realizar - Portal Tela Portugal\" \/>\n<meta property=\"og:description\" content=\"A elei\u00e7\u00e3o do reitor da Universidade NOVA de Lisboa n\u00e3o se realizou esta quinta-feira de manh\u00e3 por falta de qu\u00f3rum no Conselho Geral. \u00c9 a segunda vez que o ato eleitoral n\u00e3o ocorre nas condi\u00e7\u00f5es definidas pelo Tribunal. A NOVA afirma ter garantido todas as dilig\u00eancias para cumprir a decis\u00e3o judicial que determinou a repeti\u00e7\u00e3o do processo. A universidade sustenta ter atuado em estrito cumprimento da lei durante todo o processo.\" \/>\n<meta property=\"og:url\" content=\"https:\/\/portaltela.pt\/noticias\/2026\/04\/30\/eleicao-do-reitor-da-nova-volta-a-nao-se-realizar\/\" \/>\n<meta property=\"og:site_name\" content=\"Portal Tela Portugal\" \/>\n<meta property=\"article:published_time\" content=\"2026-04-30T11:33:03+00:00\" \/>\n<meta name=\"author\" content=\"Telinha\" \/>\n<meta name=\"twitter:card\" content=\"summary_large_image\" \/>\n<meta name=\"twitter:label1\" content=\"Escrito por\" \/>\n\t<meta name=\"twitter:data1\" content=\"Telinha\" \/>\n\t<meta name=\"twitter:label2\" content=\"Tempo estimado de leitura\" \/>\n\t<meta name=\"twitter:data2\" content=\"1 minuto\" \/>\n<script type=\"application\/ld+json\" class=\"yoast-schema-graph\">{\"@context\":\"https:\/\/schema.org\",\"@graph\":[{\"@type\":\"Article\",\"@id\":\"https:\/\/portaltela.pt\/noticias\/2026\/04\/30\/eleicao-do-reitor-da-nova-volta-a-nao-se-realizar\/#article\",\"isPartOf\":{\"@id\":\"https:\/\/portaltela.pt\/noticias\/2026\/04\/30\/eleicao-do-reitor-da-nova-volta-a-nao-se-realizar\/\"},\"author\":{\"name\":\"Telinha\",\"@id\":\"https:\/\/portaltela.pt\/#\/schema\/person\/c4278d4a6028830caff9ee44b42d32ed\"},\"headline\":\"Elei\u00e7\u00e3o do reitor da NOVA volta a n\u00e3o se realizar\",\"datePublished\":\"2026-04-30T11:33:03+00:00\",\"mainEntityOfPage\":{\"@id\":\"https:\/\/portaltela.pt\/noticias\/2026\/04\/30\/eleicao-do-reitor-da-nova-volta-a-nao-se-realizar\/\"},\"wordCount\":134,\"image\":{\"@id\":\"https:\/\/portaltela.pt\/noticias\/2026\/04\/30\/eleicao-do-reitor-da-nova-volta-a-nao-se-realizar\/#primaryimage\"},\"thumbnailUrl\":\"https:\/\/portaltela.pt\/s.01k8rhncp4jt1\/2026\/04\/img_1280x721uu2020-03-07-13-59-01-929722.jpg\",\"keywords\":[\"_elei\u00e7\u00f5es\",\"Conselho Geral\",\"Lisboa\",\"Tribunais\",\"universidades\"],\"articleSection\":[\"Not\u00edcias\",\"Pol\u00edtica\"],\"inLanguage\":\"pt-PT\"},{\"@type\":\"WebPage\",\"@id\":\"https:\/\/portaltela.pt\/noticias\/2026\/04\/30\/eleicao-do-reitor-da-nova-volta-a-nao-se-realizar\/\",\"url\":\"https:\/\/portaltela.pt\/noticias\/2026\/04\/30\/eleicao-do-reitor-da-nova-volta-a-nao-se-realizar\/\",\"name\":\"Elei\u00e7\u00e3o do reitor da NOVA volta a n\u00e3o se realizar - Portal Tela Portugal\",\"isPartOf\":{\"@id\":\"https:\/\/portaltela.pt\/#website\"},\"primaryImageOfPage\":{\"@id\":\"https:\/\/portaltela.pt\/noticias\/2026\/04\/30\/eleicao-do-reitor-da-nova-volta-a-nao-se-realizar\/#primaryimage\"},\"image\":{\"@id\":\"https:\/\/portaltela.pt\/noticias\/2026\/04\/30\/eleicao-do-reitor-da-nova-volta-a-nao-se-realizar\/#primaryimage\"},\"thumbnailUrl\":\"https:\/\/portaltela.pt\/s.01k8rhncp4jt1\/2026\/04\/img_1280x721uu2020-03-07-13-59-01-929722.jpg\",\"datePublished\":\"2026-04-30T11:33:03+00:00\",\"author\":{\"@id\":\"https:\/\/portaltela.pt\/#\/schema\/person\/c4278d4a6028830caff9ee44b42d32ed\"},\"breadcrumb\":{\"@id\":\"https:\/\/portaltela.pt\/noticias\/2026\/04\/30\/eleicao-do-reitor-da-nova-volta-a-nao-se-realizar\/#breadcrumb\"},\"inLanguage\":\"pt-PT\",\"potentialAction\":[{\"@type\":\"ReadAction\",\"target\":[\"https:\/\/portaltela.pt\/noticias\/2026\/04\/30\/eleicao-do-reitor-da-nova-volta-a-nao-se-realizar\/\"]}]},{\"@type\":\"ImageObject\",\"inLanguage\":\"pt-PT\",\"@id\":\"https:\/\/portaltela.pt\/noticias\/2026\/04\/30\/eleicao-do-reitor-da-nova-volta-a-nao-se-realizar\/#primaryimage\",\"url\":\"https:\/\/portaltela.pt\/s.01k8rhncp4jt1\/2026\/04\/img_1280x721uu2020-03-07-13-59-01-929722.jpg\",\"contentUrl\":\"https:\/\/portaltela.pt\/s.01k8rhncp4jt1\/2026\/04\/img_1280x721uu2020-03-07-13-59-01-929722.jpg\",\"width\":796,\"height\":448,\"caption\":\"Universidade Nova de Lisboa\"},{\"@type\":\"BreadcrumbList\",\"@id\":\"https:\/\/portaltela.pt\/noticias\/2026\/04\/30\/eleicao-do-reitor-da-nova-volta-a-nao-se-realizar\/#breadcrumb\",\"itemListElement\":[{\"@type\":\"ListItem\",\"position\":1,\"name\":\"In\u00edcio\",\"item\":\"https:\/\/portaltela.pt\/\"},{\"@type\":\"ListItem\",\"position\":2,\"name\":\"Elei\u00e7\u00e3o do reitor da NOVA volta a n\u00e3o se realizar\"}]},{\"@type\":\"WebSite\",\"@id\":\"https:\/\/portaltela.pt\/#website\",\"url\":\"https:\/\/portaltela.pt\/\",\"name\":\"Portal Tela Portugal\",\"description\":\"\",\"potentialAction\":[{\"@type\":\"SearchAction\",\"target\":{\"@type\":\"EntryPoint\",\"urlTemplate\":\"https:\/\/portaltela.pt\/?s={search_term_string}\"},\"query-input\":{\"@type\":\"PropertyValueSpecification\",\"valueRequired\":true,\"valueName\":\"search_term_string\"}}],\"inLanguage\":\"pt-PT\"},{\"@type\":\"Person\",\"@id\":\"https:\/\/portaltela.pt\/#\/schema\/person\/c4278d4a6028830caff9ee44b42d32ed\",\"name\":\"Telinha\",\"image\":{\"@type\":\"ImageObject\",\"inLanguage\":\"pt-PT\",\"@id\":\"https:\/\/portaltela.pt\/s.01k8rhncp4jt1\/2025\/11\/talking-bot-125x125.png\",\"url\":\"https:\/\/portaltela.pt\/s.01k8rhncp4jt1\/2025\/11\/talking-bot-125x125.png\",\"contentUrl\":\"https:\/\/portaltela.pt\/s.01k8rhncp4jt1\/2025\/11\/talking-bot-125x125.png\",\"caption\":\"Telinha\"},\"sameAs\":[\"https:\/\/portaltela.pt\/\"],\"url\":\"https:\/\/portaltela.pt\/por\/367410592786\/\"}]}<\/script>\n<!-- \/ Yoast SEO plugin. -->","yoast_head_json":{"title":"Elei\u00e7\u00e3o do reitor da NOVA volta a n\u00e3o se realizar - Portal Tela Portugal","robots":{"index":"index","follow":"follow","max-snippet":"max-snippet:-1","max-image-preview":"max-image-preview:large","max-video-preview":"max-video-preview:-1"},"og_locale":"pt_PT","og_type":"article","og_title":"Elei\u00e7\u00e3o do reitor da NOVA volta a n\u00e3o se realizar - Portal Tela Portugal","og_description":"A elei\u00e7\u00e3o do reitor da Universidade NOVA de Lisboa n\u00e3o se realizou esta quinta-feira de manh\u00e3 por falta de qu\u00f3rum no Conselho Geral. \u00c9 a segunda vez que o ato eleitoral n\u00e3o ocorre nas condi\u00e7\u00f5es definidas pelo Tribunal. A NOVA afirma ter garantido todas as dilig\u00eancias para cumprir a decis\u00e3o judicial que determinou a repeti\u00e7\u00e3o do processo. A universidade sustenta ter atuado em estrito cumprimento da lei durante todo o processo.","og_url":"https:\/\/portaltela.pt\/noticias\/2026\/04\/30\/eleicao-do-reitor-da-nova-volta-a-nao-se-realizar\/","og_site_name":"Portal Tela Portugal","article_published_time":"2026-04-30T11:33:03+00:00","author":"Telinha","twitter_card":"summary_large_image","twitter_misc":{"Escrito por":"Telinha","Tempo estimado de leitura":"1 minuto"},"schema":{"@context":"https:\/\/schema.org","@graph":[{"@type":"Article","@id":"https:\/\/portaltela.pt\/noticias\/2026\/04\/30\/eleicao-do-reitor-da-nova-volta-a-nao-se-realizar\/#article","isPartOf":{"@id":"https:\/\/portaltela.pt\/noticias\/2026\/04\/30\/eleicao-do-reitor-da-nova-volta-a-nao-se-realizar\/"},"author":{"name":"Telinha","@id":"https:\/\/portaltela.pt\/#\/schema\/person\/c4278d4a6028830caff9ee44b42d32ed"},"headline":"Elei\u00e7\u00e3o do reitor da NOVA volta a n\u00e3o se realizar","datePublished":"2026-04-30T11:33:03+00:00","mainEntityOfPage":{"@id":"https:\/\/portaltela.pt\/noticias\/2026\/04\/30\/eleicao-do-reitor-da-nova-volta-a-nao-se-realizar\/"},"wordCount":134,"image":{"@id":"https:\/\/portaltela.pt\/noticias\/2026\/04\/30\/eleicao-do-reitor-da-nova-volta-a-nao-se-realizar\/#primaryimage"},"thumbnailUrl":"https:\/\/portaltela.pt\/s.01k8rhncp4jt1\/2026\/04\/img_1280x721uu2020-03-07-13-59-01-929722.jpg","keywords":["_elei\u00e7\u00f5es","Conselho Geral","Lisboa","Tribunais","universidades"],"articleSection":["Not\u00edcias","Pol\u00edtica"],"inLanguage":"pt-PT"},{"@type":"WebPage","@id":"https:\/\/portaltela.pt\/noticias\/2026\/04\/30\/eleicao-do-reitor-da-nova-volta-a-nao-se-realizar\/","url":"https:\/\/portaltela.pt\/noticias\/2026\/04\/30\/eleicao-do-reitor-da-nova-volta-a-nao-se-realizar\/","name":"Elei\u00e7\u00e3o do reitor da NOVA volta a n\u00e3o se realizar - Portal Tela Portugal","isPartOf":{"@id":"https:\/\/portaltela.pt\/#website"},"primaryImageOfPage":{"@id":"https:\/\/portaltela.pt\/noticias\/2026\/04\/30\/eleicao-do-reitor-da-nova-volta-a-nao-se-realizar\/#primaryimage"},"image":{"@id":"https:\/\/portaltela.pt\/noticias\/2026\/04\/30\/eleicao-do-reitor-da-nova-volta-a-nao-se-realizar\/#primaryimage"},"thumbnailUrl":"https:\/\/portaltela.pt\/s.01k8rhncp4jt1\/2026\/04\/img_1280x721uu2020-03-07-13-59-01-929722.jpg","datePublished":"2026-04-30T11:33:03+00:00","author":{"@id":"https:\/\/portaltela.pt\/#\/schema\/person\/c4278d4a6028830caff9ee44b42d32ed"},"breadcrumb":{"@id":"https:\/\/portaltela.pt\/noticias\/2026\/04\/30\/eleicao-do-reitor-da-nova-volta-a-nao-se-realizar\/#breadcrumb"},"inLanguage":"pt-PT","potentialAction":[{"@type":"ReadAction","target":["https:\/\/portaltela.pt\/noticias\/2026\/04\/30\/eleicao-do-reitor-da-nova-volta-a-nao-se-realizar\/"]}]},{"@type":"ImageObject","inLanguage":"pt-PT","@id":"https:\/\/portaltela.pt\/noticias\/2026\/04\/30\/eleicao-do-reitor-da-nova-volta-a-nao-se-realizar\/#primaryimage","url":"https:\/\/portaltela.pt\/s.01k8rhncp4jt1\/2026\/04\/img_1280x721uu2020-03-07-13-59-01-929722.jpg","contentUrl":"https:\/\/portaltela.pt\/s.01k8rhncp4jt1\/2026\/04\/img_1280x721uu2020-03-07-13-59-01-929722.jpg","width":796,"height":448,"caption":"Universidade Nova de Lisboa"},{"@type":"BreadcrumbList","@id":"https:\/\/portaltela.pt\/noticias\/2026\/04\/30\/eleicao-do-reitor-da-nova-volta-a-nao-se-realizar\/#breadcrumb","itemListElement":[{"@type":"ListItem","position":1,"name":"In\u00edcio","item":"https:\/\/portaltela.pt\/"},{"@type":"ListItem","position":2,"name":"Elei\u00e7\u00e3o do reitor da NOVA volta a n\u00e3o se realizar"}]},{"@type":"WebSite","@id":"https:\/\/portaltela.pt\/#website","url":"https:\/\/portaltela.pt\/","name":"Portal Tela Portugal","description":"","potentialAction":[{"@type":"SearchAction","target":{"@type":"EntryPoint","urlTemplate":"https:\/\/portaltela.pt\/?s={search_term_string}"},"query-input":{"@type":"PropertyValueSpecification","valueRequired":true,"valueName":"search_term_string"}}],"inLanguage":"pt-PT"},{"@type":"Person","@id":"https:\/\/portaltela.pt\/#\/schema\/person\/c4278d4a6028830caff9ee44b42d32ed","name":"Telinha","image":{"@type":"ImageObject","inLanguage":"pt-PT","@id":"https:\/\/portaltela.pt\/s.01k8rhncp4jt1\/2025\/11\/talking-bot-125x125.png","url":"https:\/\/portaltela.pt\/s.01k8rhncp4jt1\/2025\/11\/talking-bot-125x125.png","contentUrl":"https:\/\/portaltela.pt\/s.01k8rhncp4jt1\/2025\/11\/talking-bot-125x125.png","caption":"Telinha"},"sameAs":["https:\/\/portaltela.pt\/"],"url":"https:\/\/portaltela.pt\/por\/367410592786\/"}]}},"_links":{"self":[{"href":"https:\/\/portaltela.pt\/api\/wp\/v2\/posts\/462278","targetHints":{"allow":["GET"]}}],"collection":[{"href":"https:\/\/portaltela.pt\/api\/wp\/v2\/posts"}],"about":[{"href":"https:\/\/portaltela.pt\/api\/wp\/v2\/types\/post"}],"author":[{"embeddable":true,"href":"https:\/\/portaltela.pt\/api\/wp\/v2\/users\/2"}],"replies":[{"embeddable":true,"href":"https:\/\/portaltela.pt\/api\/wp\/v2\/comments?post=462278"}],"version-history":[{"count":0,"href":"https:\/\/portaltela.pt\/api\/wp\/v2\/posts\/462278\/revisions"}],"wp:featuredmedia":[{"embeddable":true,"href":"https:\/\/portaltela.pt\/api\/wp\/v2\/media\/462279"}],"wp:attachment":[{"href":"https:\/\/portaltela.pt\/api\/wp\/v2\/media?parent=462278"}],"wp:term":[{"taxonomy":"category","embeddable":true,"href":"https:\/\/portaltela.pt\/api\/wp\/v2\/categories?post=462278"},{"taxonomy":"post_tag","embeddable":true,"href":"https:\/\/portaltela.pt\/api\/wp\/v2\/tags?post=462278"}],"curies":[{"name":"wp","href":"https:\/\/api.w.org\/{rel}","templated":true}]}}