{"id":462272,"date":"2026-04-30T08:18:28","date_gmt":"2026-04-30T11:18:28","guid":{"rendered":"https:\/\/portaltela.pt\/noticias\/2026\/04\/30\/colombia-avanca-rumo-ao-fim-dos-combustiveis-fosseis-em-negociacoes-climaticas\/"},"modified":"2026-04-30T08:18:28","modified_gmt":"2026-04-30T11:18:28","slug":"colombia-avanca-rumo-ao-fim-dos-combustiveis-fosseis-em-negociacoes-climaticas","status":"publish","type":"post","link":"https:\/\/portaltela.pt\/noticias\/2026\/04\/30\/colombia-avanca-rumo-ao-fim-dos-combustiveis-fosseis-em-negociacoes-climaticas\/","title":{"rendered":"Col\u00f4mbia avan\u00e7a rumo ao fim dos combust\u00edveis f\u00f3sseis em negocia\u00e7\u00f5es clim\u00e1ticas"},"content":{"rendered":"<p>A confer\u00eancia em Santa Marta, Col\u00f4mbia, reuniu 56 pa\u00edses para debater uma transi\u00e7\u00e3o ordenada para fora dos combust\u00edveis f\u00f3sseis. O evento antecedeu a COP31, que ter\u00e1 lugar em Antalya, Turquia, de 9 a 20 de novembro de 2026. A finalidade \u00e9 avan\u00e7ar em direc\u00e7\u00e3o a uma transi\u00e7\u00e3o justa.<\/p>\n<p>A participa\u00e7\u00e3o foi marcada pela aus\u00eancia dos EUA, maior produtor global de petr\u00f3leo e g\u00e1s. A maioria europeia foi representada pela delega\u00e7\u00e3o continental mais numerosa. V\u00e1rios produtores de carv\u00e3o e petr\u00f3leo estiveram presentes, incluindo Austr\u00e1lia e Noruega.<\/p>\n<h3>Cimeira e participa\u00e7\u00e3o<\/h3>\n<p>A cimeira destacou a participa\u00e7\u00e3o da sociedade civil, com uma Cimeira Popular de quatro dias que reuniu mais de mil organiza\u00e7\u00f5es, cientistas e representantes de comunidades. O foco expandiu-se para al\u00e9m da energia, cobrindo impactos econ\u00f3micos e sociais.<\/p>\n<h3>Planos nacionais e compromissos<\/h3>\n<p>Fran\u00e7a apresentou o roteiro nacional para abandonar f\u00f3sseis, com fim do carv\u00e3o at\u00e9 2030, petr\u00f3leo at\u00e9 2045 e g\u00e1s at\u00e9 2050, no \u00e2mbito da neutralidade carb\u00f3nica. Medidas incluem proibi\u00e7\u00e3o de caldeiras a g\u00e1s em novos edif\u00edcios a partir de 2026.<\/p>\n<h3>Enquadramento jur\u00eddico e financeiro<\/h3>\n<p>Juristas defendem que abandonar f\u00f3sseis \u00e9 uma obriga\u00e7\u00e3o legal, n\u00e3o apenas pol\u00edtica. Uma carta aberta assinada por advogados e acad\u00e9micos solicita elimina\u00e7\u00e3o progressiva dos f\u00f3sseis e coopera\u00e7\u00e3o internacional para evitar danos clim\u00e1ticos.<\/p>\n<h3>Ci\u00eancia e inova\u00e7\u00e3o<\/h3>\n<p>Mais de 500 cientistas ajudam a construir um novo \u00f3rg\u00e3o consultivo para orientar a transi\u00e7\u00e3o, alimentando o relat\u00f3rio final da confer\u00eancia. O objetivo \u00e9 manter o aumento da temperatura abaixo de 1,5 \u00b0C e definir caminhos setoriais pr\u00e1ticos.<\/p>\n<h3>Financiamento da transi\u00e7\u00e3o<\/h3>\n<p>O financiamento permanece o principal desafio, sobretudo no Sul Global. Pa\u00edses exploram uso de receitas de f\u00f3sseis para financiar a transi\u00e7\u00e3o, enquanto comunidades ind\u00edgenas alertam contra depend\u00eancia de mercados de carbono e esquemas de compensa\u00e7\u00e3o.<\/p>\n<h3>Din\u00e2mica de negocia\u00e7\u00f5es<\/h3>\n<p>A exclus\u00e3o de lobistas de combust\u00edveis f\u00f3sseis mudou o tom das discuss\u00f5es, promovendo um espa\u00e7o mais centrado em solu\u00e7\u00f5es. O grupo presente pretende ir al\u00e9m de metas, buscando implementa\u00e7\u00e3o pr\u00e1tica.<\/p>\n<h3>Perspetivas futuras<\/h3>\n<p>Tuvalu anunciou que acolher\u00e1 a pr\u00f3xima confer\u00eancia. A ideia \u00e9 promover uma transi\u00e7\u00e3o que combine elimina\u00e7\u00e3o dos f\u00f3sseis, energia renov\u00e1vel para todos e prote\u00e7\u00e3o das comunidades locais, com \u00eanfase em a\u00e7\u00f5es concretas.<\/p>\n","protected":false},"excerpt":{"rendered":"<ul>\n<li>Cinquenta e seis pa\u00edses reuniram-se em Santa Marta, Col\u00f4mbia, para a primeira confer\u00eancia dedicada a uma transi\u00e7\u00e3o justa para longe dos combust\u00edveis f\u00f3sseis.<\/li>\n<li>A delega\u00e7\u00e3o europeia foi a mais numerosa, representando trinta por cento dos participantes; os Estados Unidos estiveram ausentes.<\/li>\n<li>A confer\u00eancia ocorre \u00e0 margem da COP31, marcada para Antalya, Turquia, de nove a vinte de novembro de 2026, sob lideran\u00e7a turca.<\/li>\n<li>A sociedade civil abriu espa\u00e7o central, com uma Cimeira Popular de quatro dias que reuniu mais de mil organiza\u00e7\u00f5es e outros grupos da sociedade.<\/li>\n<li>Fran\u00e7a apresentou o roteiro nacional para a transi\u00e7\u00e3o, com fim do carv\u00e3o at\u00e9 2030, petr\u00f3leo at\u00e9 2045 e g\u00e1s at\u00e9 2050, integrando medidas de apoio e novas metas.<\/li>\n<\/ul>\n","protected":false},"author":2,"featured_media":462275,"comment_status":"closed","ping_status":"closed","sticky":false,"template":"","format":"standard","meta":{"footnotes":""},"categories":[7380,1],"tags":[8302,7991,8051,8161,8648,8254],"class_list":["post-462272","post","type-post","status-publish","format-standard","has-post-thumbnail","hentry","category-clima","category-noticias","tag-_conferencia","tag-_cooperacao-internacional","tag-_energias-renovaveis","tag-_negociacoes-internacionais","tag-_neutralidade-carbonica","tag-_transicao-climatica"],"yoast_head":"<!-- This site is optimized with the Yoast SEO plugin v27.2 - https:\/\/yoast.com\/product\/yoast-seo-wordpress\/ -->\n<title>Col\u00f4mbia avan\u00e7a rumo ao fim dos combust\u00edveis f\u00f3sseis em negocia\u00e7\u00f5es clim\u00e1ticas - Portal Tela Portugal<\/title>\n<meta name=\"robots\" content=\"index, follow, max-snippet:-1, max-image-preview:large, max-video-preview:-1\" \/>\n<meta property=\"og:locale\" content=\"pt_PT\" \/>\n<meta property=\"og:type\" content=\"article\" \/>\n<meta property=\"og:title\" content=\"Col\u00f4mbia avan\u00e7a rumo ao fim dos combust\u00edveis f\u00f3sseis em negocia\u00e7\u00f5es clim\u00e1ticas - Portal Tela Portugal\" \/>\n<meta property=\"og:description\" content=\"Cinquenta e seis pa\u00edses reuniram-se em Santa Marta, Col\u00f4mbia, para a primeira confer\u00eancia dedicada a uma transi\u00e7\u00e3o justa para longe dos combust\u00edveis f\u00f3sseis. A delega\u00e7\u00e3o europeia foi a mais numerosa, representando trinta por cento dos participantes; os Estados Unidos estiveram ausentes. A confer\u00eancia ocorre \u00e0 margem da COP31, marcada para Antalya, Turquia, de nove a vinte de novembro de 2026, sob lideran\u00e7a turca. A sociedade civil abriu espa\u00e7o central, com uma Cimeira Popular de quatro dias que reuniu mais de mil organiza\u00e7\u00f5es e outros grupos da sociedade. Fran\u00e7a apresentou o roteiro nacional para a transi\u00e7\u00e3o, com fim do carv\u00e3o at\u00e9 2030, petr\u00f3leo at\u00e9 2045 e g\u00e1s at\u00e9 2050, integrando medidas de apoio e novas metas.\" \/>\n<meta property=\"og:url\" content=\"https:\/\/portaltela.pt\/noticias\/2026\/04\/30\/colombia-avanca-rumo-ao-fim-dos-combustiveis-fosseis-em-negociacoes-climaticas\/\" \/>\n<meta property=\"og:site_name\" content=\"Portal Tela Portugal\" \/>\n<meta property=\"article:published_time\" content=\"2026-04-30T11:18:28+00:00\" \/>\n<meta name=\"author\" content=\"Telinha\" \/>\n<meta name=\"twitter:card\" content=\"summary_large_image\" \/>\n<meta name=\"twitter:label1\" content=\"Escrito por\" \/>\n\t<meta name=\"twitter:data1\" content=\"Telinha\" \/>\n\t<meta name=\"twitter:label2\" content=\"Tempo estimado de leitura\" \/>\n\t<meta name=\"twitter:data2\" content=\"2 minutos\" \/>\n<script type=\"application\/ld+json\" class=\"yoast-schema-graph\">{\"@context\":\"https:\/\/schema.org\",\"@graph\":[{\"@type\":\"Article\",\"@id\":\"https:\/\/portaltela.pt\/noticias\/2026\/04\/30\/colombia-avanca-rumo-ao-fim-dos-combustiveis-fosseis-em-negociacoes-climaticas\/#article\",\"isPartOf\":{\"@id\":\"https:\/\/portaltela.pt\/noticias\/2026\/04\/30\/colombia-avanca-rumo-ao-fim-dos-combustiveis-fosseis-em-negociacoes-climaticas\/\"},\"author\":{\"name\":\"Telinha\",\"@id\":\"https:\/\/portaltela.pt\/#\/schema\/person\/c4278d4a6028830caff9ee44b42d32ed\"},\"headline\":\"Col\u00f4mbia avan\u00e7a rumo ao fim dos combust\u00edveis f\u00f3sseis em negocia\u00e7\u00f5es clim\u00e1ticas\",\"datePublished\":\"2026-04-30T11:18:28+00:00\",\"mainEntityOfPage\":{\"@id\":\"https:\/\/portaltela.pt\/noticias\/2026\/04\/30\/colombia-avanca-rumo-ao-fim-dos-combustiveis-fosseis-em-negociacoes-climaticas\/\"},\"wordCount\":430,\"image\":{\"@id\":\"https:\/\/portaltela.pt\/noticias\/2026\/04\/30\/colombia-avanca-rumo-ao-fim-dos-combustiveis-fosseis-em-negociacoes-climaticas\/#primaryimage\"},\"thumbnailUrl\":\"https:\/\/portaltela.pt\/s.01k8rhncp4jt1\/2026\/04\/1536x864_cmsv2_3e47c421-9a60-50ac-80d8-41dc5968365a-9740904.jpg\",\"keywords\":[\"_confer\u00eancia\",\"_coopera\u00e7\u00e3o internacional\",\"_energias renov\u00e1veis\",\"_negocia\u00e7\u00f5es internacionais\",\"_neutralidade carb\u00f3nica\",\"_transi\u00e7\u00e3o clim\u00e1tica\"],\"articleSection\":[\"Clima\",\"Not\u00edcias\"],\"inLanguage\":\"pt-PT\"},{\"@type\":\"WebPage\",\"@id\":\"https:\/\/portaltela.pt\/noticias\/2026\/04\/30\/colombia-avanca-rumo-ao-fim-dos-combustiveis-fosseis-em-negociacoes-climaticas\/\",\"url\":\"https:\/\/portaltela.pt\/noticias\/2026\/04\/30\/colombia-avanca-rumo-ao-fim-dos-combustiveis-fosseis-em-negociacoes-climaticas\/\",\"name\":\"Col\u00f4mbia avan\u00e7a rumo ao fim dos combust\u00edveis f\u00f3sseis em negocia\u00e7\u00f5es clim\u00e1ticas - Portal Tela Portugal\",\"isPartOf\":{\"@id\":\"https:\/\/portaltela.pt\/#website\"},\"primaryImageOfPage\":{\"@id\":\"https:\/\/portaltela.pt\/noticias\/2026\/04\/30\/colombia-avanca-rumo-ao-fim-dos-combustiveis-fosseis-em-negociacoes-climaticas\/#primaryimage\"},\"image\":{\"@id\":\"https:\/\/portaltela.pt\/noticias\/2026\/04\/30\/colombia-avanca-rumo-ao-fim-dos-combustiveis-fosseis-em-negociacoes-climaticas\/#primaryimage\"},\"thumbnailUrl\":\"https:\/\/portaltela.pt\/s.01k8rhncp4jt1\/2026\/04\/1536x864_cmsv2_3e47c421-9a60-50ac-80d8-41dc5968365a-9740904.jpg\",\"datePublished\":\"2026-04-30T11:18:28+00:00\",\"author\":{\"@id\":\"https:\/\/portaltela.pt\/#\/schema\/person\/c4278d4a6028830caff9ee44b42d32ed\"},\"breadcrumb\":{\"@id\":\"https:\/\/portaltela.pt\/noticias\/2026\/04\/30\/colombia-avanca-rumo-ao-fim-dos-combustiveis-fosseis-em-negociacoes-climaticas\/#breadcrumb\"},\"inLanguage\":\"pt-PT\",\"potentialAction\":[{\"@type\":\"ReadAction\",\"target\":[\"https:\/\/portaltela.pt\/noticias\/2026\/04\/30\/colombia-avanca-rumo-ao-fim-dos-combustiveis-fosseis-em-negociacoes-climaticas\/\"]}]},{\"@type\":\"ImageObject\",\"inLanguage\":\"pt-PT\",\"@id\":\"https:\/\/portaltela.pt\/noticias\/2026\/04\/30\/colombia-avanca-rumo-ao-fim-dos-combustiveis-fosseis-em-negociacoes-climaticas\/#primaryimage\",\"url\":\"https:\/\/portaltela.pt\/s.01k8rhncp4jt1\/2026\/04\/1536x864_cmsv2_3e47c421-9a60-50ac-80d8-41dc5968365a-9740904.jpg\",\"contentUrl\":\"https:\/\/portaltela.pt\/s.01k8rhncp4jt1\/2026\/04\/1536x864_cmsv2_3e47c421-9a60-50ac-80d8-41dc5968365a-9740904.jpg\",\"width\":796,\"height\":448,\"caption\":\"Ministros do Clima e do Ambiente da Col\u00f4mbia e dos Pa\u00edses Baixos, coanfitri\u00f5es da confer\u00eancia de Santa Marta, abra\u00e7am-se no palco\"},{\"@type\":\"BreadcrumbList\",\"@id\":\"https:\/\/portaltela.pt\/noticias\/2026\/04\/30\/colombia-avanca-rumo-ao-fim-dos-combustiveis-fosseis-em-negociacoes-climaticas\/#breadcrumb\",\"itemListElement\":[{\"@type\":\"ListItem\",\"position\":1,\"name\":\"In\u00edcio\",\"item\":\"https:\/\/portaltela.pt\/\"},{\"@type\":\"ListItem\",\"position\":2,\"name\":\"Col\u00f4mbia avan\u00e7a rumo ao fim dos combust\u00edveis f\u00f3sseis em negocia\u00e7\u00f5es clim\u00e1ticas\"}]},{\"@type\":\"WebSite\",\"@id\":\"https:\/\/portaltela.pt\/#website\",\"url\":\"https:\/\/portaltela.pt\/\",\"name\":\"Portal Tela Portugal\",\"description\":\"\",\"potentialAction\":[{\"@type\":\"SearchAction\",\"target\":{\"@type\":\"EntryPoint\",\"urlTemplate\":\"https:\/\/portaltela.pt\/?s={search_term_string}\"},\"query-input\":{\"@type\":\"PropertyValueSpecification\",\"valueRequired\":true,\"valueName\":\"search_term_string\"}}],\"inLanguage\":\"pt-PT\"},{\"@type\":\"Person\",\"@id\":\"https:\/\/portaltela.pt\/#\/schema\/person\/c4278d4a6028830caff9ee44b42d32ed\",\"name\":\"Telinha\",\"image\":{\"@type\":\"ImageObject\",\"inLanguage\":\"pt-PT\",\"@id\":\"https:\/\/portaltela.pt\/s.01k8rhncp4jt1\/2025\/11\/talking-bot-125x125.png\",\"url\":\"https:\/\/portaltela.pt\/s.01k8rhncp4jt1\/2025\/11\/talking-bot-125x125.png\",\"contentUrl\":\"https:\/\/portaltela.pt\/s.01k8rhncp4jt1\/2025\/11\/talking-bot-125x125.png\",\"caption\":\"Telinha\"},\"sameAs\":[\"https:\/\/portaltela.pt\/\"],\"url\":\"https:\/\/portaltela.pt\/por\/367410592786\/\"}]}<\/script>\n<!-- \/ Yoast SEO plugin. -->","yoast_head_json":{"title":"Col\u00f4mbia avan\u00e7a rumo ao fim dos combust\u00edveis f\u00f3sseis em negocia\u00e7\u00f5es clim\u00e1ticas - Portal Tela Portugal","robots":{"index":"index","follow":"follow","max-snippet":"max-snippet:-1","max-image-preview":"max-image-preview:large","max-video-preview":"max-video-preview:-1"},"og_locale":"pt_PT","og_type":"article","og_title":"Col\u00f4mbia avan\u00e7a rumo ao fim dos combust\u00edveis f\u00f3sseis em negocia\u00e7\u00f5es clim\u00e1ticas - Portal Tela Portugal","og_description":"Cinquenta e seis pa\u00edses reuniram-se em Santa Marta, Col\u00f4mbia, para a primeira confer\u00eancia dedicada a uma transi\u00e7\u00e3o justa para longe dos combust\u00edveis f\u00f3sseis. A delega\u00e7\u00e3o europeia foi a mais numerosa, representando trinta por cento dos participantes; os Estados Unidos estiveram ausentes. A confer\u00eancia ocorre \u00e0 margem da COP31, marcada para Antalya, Turquia, de nove a vinte de novembro de 2026, sob lideran\u00e7a turca. A sociedade civil abriu espa\u00e7o central, com uma Cimeira Popular de quatro dias que reuniu mais de mil organiza\u00e7\u00f5es e outros grupos da sociedade. Fran\u00e7a apresentou o roteiro nacional para a transi\u00e7\u00e3o, com fim do carv\u00e3o at\u00e9 2030, petr\u00f3leo at\u00e9 2045 e g\u00e1s at\u00e9 2050, integrando medidas de apoio e novas metas.","og_url":"https:\/\/portaltela.pt\/noticias\/2026\/04\/30\/colombia-avanca-rumo-ao-fim-dos-combustiveis-fosseis-em-negociacoes-climaticas\/","og_site_name":"Portal Tela Portugal","article_published_time":"2026-04-30T11:18:28+00:00","author":"Telinha","twitter_card":"summary_large_image","twitter_misc":{"Escrito por":"Telinha","Tempo estimado de leitura":"2 minutos"},"schema":{"@context":"https:\/\/schema.org","@graph":[{"@type":"Article","@id":"https:\/\/portaltela.pt\/noticias\/2026\/04\/30\/colombia-avanca-rumo-ao-fim-dos-combustiveis-fosseis-em-negociacoes-climaticas\/#article","isPartOf":{"@id":"https:\/\/portaltela.pt\/noticias\/2026\/04\/30\/colombia-avanca-rumo-ao-fim-dos-combustiveis-fosseis-em-negociacoes-climaticas\/"},"author":{"name":"Telinha","@id":"https:\/\/portaltela.pt\/#\/schema\/person\/c4278d4a6028830caff9ee44b42d32ed"},"headline":"Col\u00f4mbia avan\u00e7a rumo ao fim dos combust\u00edveis f\u00f3sseis em negocia\u00e7\u00f5es clim\u00e1ticas","datePublished":"2026-04-30T11:18:28+00:00","mainEntityOfPage":{"@id":"https:\/\/portaltela.pt\/noticias\/2026\/04\/30\/colombia-avanca-rumo-ao-fim-dos-combustiveis-fosseis-em-negociacoes-climaticas\/"},"wordCount":430,"image":{"@id":"https:\/\/portaltela.pt\/noticias\/2026\/04\/30\/colombia-avanca-rumo-ao-fim-dos-combustiveis-fosseis-em-negociacoes-climaticas\/#primaryimage"},"thumbnailUrl":"https:\/\/portaltela.pt\/s.01k8rhncp4jt1\/2026\/04\/1536x864_cmsv2_3e47c421-9a60-50ac-80d8-41dc5968365a-9740904.jpg","keywords":["_confer\u00eancia","_coopera\u00e7\u00e3o internacional","_energias renov\u00e1veis","_negocia\u00e7\u00f5es internacionais","_neutralidade carb\u00f3nica","_transi\u00e7\u00e3o clim\u00e1tica"],"articleSection":["Clima","Not\u00edcias"],"inLanguage":"pt-PT"},{"@type":"WebPage","@id":"https:\/\/portaltela.pt\/noticias\/2026\/04\/30\/colombia-avanca-rumo-ao-fim-dos-combustiveis-fosseis-em-negociacoes-climaticas\/","url":"https:\/\/portaltela.pt\/noticias\/2026\/04\/30\/colombia-avanca-rumo-ao-fim-dos-combustiveis-fosseis-em-negociacoes-climaticas\/","name":"Col\u00f4mbia avan\u00e7a rumo ao fim dos combust\u00edveis f\u00f3sseis em negocia\u00e7\u00f5es clim\u00e1ticas - Portal Tela Portugal","isPartOf":{"@id":"https:\/\/portaltela.pt\/#website"},"primaryImageOfPage":{"@id":"https:\/\/portaltela.pt\/noticias\/2026\/04\/30\/colombia-avanca-rumo-ao-fim-dos-combustiveis-fosseis-em-negociacoes-climaticas\/#primaryimage"},"image":{"@id":"https:\/\/portaltela.pt\/noticias\/2026\/04\/30\/colombia-avanca-rumo-ao-fim-dos-combustiveis-fosseis-em-negociacoes-climaticas\/#primaryimage"},"thumbnailUrl":"https:\/\/portaltela.pt\/s.01k8rhncp4jt1\/2026\/04\/1536x864_cmsv2_3e47c421-9a60-50ac-80d8-41dc5968365a-9740904.jpg","datePublished":"2026-04-30T11:18:28+00:00","author":{"@id":"https:\/\/portaltela.pt\/#\/schema\/person\/c4278d4a6028830caff9ee44b42d32ed"},"breadcrumb":{"@id":"https:\/\/portaltela.pt\/noticias\/2026\/04\/30\/colombia-avanca-rumo-ao-fim-dos-combustiveis-fosseis-em-negociacoes-climaticas\/#breadcrumb"},"inLanguage":"pt-PT","potentialAction":[{"@type":"ReadAction","target":["https:\/\/portaltela.pt\/noticias\/2026\/04\/30\/colombia-avanca-rumo-ao-fim-dos-combustiveis-fosseis-em-negociacoes-climaticas\/"]}]},{"@type":"ImageObject","inLanguage":"pt-PT","@id":"https:\/\/portaltela.pt\/noticias\/2026\/04\/30\/colombia-avanca-rumo-ao-fim-dos-combustiveis-fosseis-em-negociacoes-climaticas\/#primaryimage","url":"https:\/\/portaltela.pt\/s.01k8rhncp4jt1\/2026\/04\/1536x864_cmsv2_3e47c421-9a60-50ac-80d8-41dc5968365a-9740904.jpg","contentUrl":"https:\/\/portaltela.pt\/s.01k8rhncp4jt1\/2026\/04\/1536x864_cmsv2_3e47c421-9a60-50ac-80d8-41dc5968365a-9740904.jpg","width":796,"height":448,"caption":"Ministros do Clima e do Ambiente da Col\u00f4mbia e dos Pa\u00edses Baixos, coanfitri\u00f5es da confer\u00eancia de Santa Marta, abra\u00e7am-se no palco"},{"@type":"BreadcrumbList","@id":"https:\/\/portaltela.pt\/noticias\/2026\/04\/30\/colombia-avanca-rumo-ao-fim-dos-combustiveis-fosseis-em-negociacoes-climaticas\/#breadcrumb","itemListElement":[{"@type":"ListItem","position":1,"name":"In\u00edcio","item":"https:\/\/portaltela.pt\/"},{"@type":"ListItem","position":2,"name":"Col\u00f4mbia avan\u00e7a rumo ao fim dos combust\u00edveis f\u00f3sseis em negocia\u00e7\u00f5es clim\u00e1ticas"}]},{"@type":"WebSite","@id":"https:\/\/portaltela.pt\/#website","url":"https:\/\/portaltela.pt\/","name":"Portal Tela Portugal","description":"","potentialAction":[{"@type":"SearchAction","target":{"@type":"EntryPoint","urlTemplate":"https:\/\/portaltela.pt\/?s={search_term_string}"},"query-input":{"@type":"PropertyValueSpecification","valueRequired":true,"valueName":"search_term_string"}}],"inLanguage":"pt-PT"},{"@type":"Person","@id":"https:\/\/portaltela.pt\/#\/schema\/person\/c4278d4a6028830caff9ee44b42d32ed","name":"Telinha","image":{"@type":"ImageObject","inLanguage":"pt-PT","@id":"https:\/\/portaltela.pt\/s.01k8rhncp4jt1\/2025\/11\/talking-bot-125x125.png","url":"https:\/\/portaltela.pt\/s.01k8rhncp4jt1\/2025\/11\/talking-bot-125x125.png","contentUrl":"https:\/\/portaltela.pt\/s.01k8rhncp4jt1\/2025\/11\/talking-bot-125x125.png","caption":"Telinha"},"sameAs":["https:\/\/portaltela.pt\/"],"url":"https:\/\/portaltela.pt\/por\/367410592786\/"}]}},"_links":{"self":[{"href":"https:\/\/portaltela.pt\/api\/wp\/v2\/posts\/462272","targetHints":{"allow":["GET"]}}],"collection":[{"href":"https:\/\/portaltela.pt\/api\/wp\/v2\/posts"}],"about":[{"href":"https:\/\/portaltela.pt\/api\/wp\/v2\/types\/post"}],"author":[{"embeddable":true,"href":"https:\/\/portaltela.pt\/api\/wp\/v2\/users\/2"}],"replies":[{"embeddable":true,"href":"https:\/\/portaltela.pt\/api\/wp\/v2\/comments?post=462272"}],"version-history":[{"count":0,"href":"https:\/\/portaltela.pt\/api\/wp\/v2\/posts\/462272\/revisions"}],"wp:featuredmedia":[{"embeddable":true,"href":"https:\/\/portaltela.pt\/api\/wp\/v2\/media\/462275"}],"wp:attachment":[{"href":"https:\/\/portaltela.pt\/api\/wp\/v2\/media?parent=462272"}],"wp:term":[{"taxonomy":"category","embeddable":true,"href":"https:\/\/portaltela.pt\/api\/wp\/v2\/categories?post=462272"},{"taxonomy":"post_tag","embeddable":true,"href":"https:\/\/portaltela.pt\/api\/wp\/v2\/tags?post=462272"}],"curies":[{"name":"wp","href":"https:\/\/api.w.org\/{rel}","templated":true}]}}