{"id":462265,"date":"2026-04-30T08:18:12","date_gmt":"2026-04-30T11:18:12","guid":{"rendered":"https:\/\/portaltela.pt\/noticias\/2026\/04\/30\/antonio-caldeira-admite-que-correu-bem-queriam-que-ficasse\/"},"modified":"2026-04-30T08:18:12","modified_gmt":"2026-04-30T11:18:12","slug":"antonio-caldeira-admite-que-correu-bem-queriam-que-ficasse","status":"publish","type":"post","link":"https:\/\/portaltela.pt\/celebridades\/2026\/04\/30\/antonio-caldeira-admite-que-correu-bem-queriam-que-ficasse\/","title":{"rendered":"Ant\u00f3nio Caldeira admite que correu bem; queriam que ficasse"},"content":{"rendered":"<p>Ant\u00f3nio Caldeira foi o grande protagonista do 1\u00ba epis\u00f3dio da 2\u00aa temporada do programa Sem Limites. No segmento de Walking Football, o convidado participou com destaque, conseguindo marcar v\u00e1rios golos ao longo da sess\u00e3o. A atua\u00e7\u00e3o levou a que fosse convidado a ficar na equipa para epis\u00f3dios seguintes.<\/p>\n<p>O epis\u00f3dio teve lugar no decorrer das grava\u00e7\u00f5es associadas ao Sem Limites, com Caldeira a demonstrar sucesso t\u00e9cnico e impacto no jogo. O Walking Football voltou a desafiar os participantes com ritmo mais contido e foco na precis\u00e3o; o protagonista respondeu com dom\u00ednio t\u00e9cnico.<\/p>\n<p>O epis\u00f3dio ficou marcado pela influ\u00eancia de Caldeira no grupo, que j\u00e1 o acolheu com entusiasmo. A produ\u00e7\u00e3o n\u00e3o confirmou detalhes sobre futuros epis\u00f3dios nem sobre a dura\u00e7\u00e3o do envolvimento do atleta na equipa, limitando-se a sublinhar o desempenho conseguido.<\/p>\n","protected":false},"excerpt":{"rendered":"<ul>\n<li>Ant\u00f3nio Caldeira \u00e9 o protagonista do 1\u00ba epis\u00f3dio da segunda temporada do Sem Limites.<\/li>\n<li>Participou no Walking Football e marcou diversos golos.<\/li>\n<li>Foi convidado a ficar na equipa da emiss\u00e3o.<\/li>\n<li>A participa\u00e7\u00e3o foi descrita pela produ\u00e7\u00e3o como um luxo.<\/li>\n<li>O resumo destaca o desempenho dele no desafio de Walking Football durante o epis\u00f3dio.<\/li>\n<\/ul>\n","protected":false},"author":2,"featured_media":462270,"comment_status":"closed","ping_status":"closed","sticky":false,"template":"","format":"standard","meta":{"footnotes":""},"categories":[6675],"tags":[252,152,32,40,8958],"class_list":["post-462265","post","type-post","status-publish","format-standard","has-post-thumbnail","hentry","category-celebridades","tag-atletas","tag-desporto","tag-futebol","tag-pessoas","tag-televisao"],"yoast_head":"<!-- This site is optimized with the Yoast SEO plugin v27.2 - https:\/\/yoast.com\/product\/yoast-seo-wordpress\/ -->\n<title>Ant\u00f3nio Caldeira admite que correu bem; queriam que ficasse - Portal Tela Portugal<\/title>\n<meta name=\"robots\" content=\"index, follow, max-snippet:-1, max-image-preview:large, max-video-preview:-1\" \/>\n<meta property=\"og:locale\" content=\"pt_PT\" \/>\n<meta property=\"og:type\" content=\"article\" \/>\n<meta property=\"og:title\" content=\"Ant\u00f3nio Caldeira admite que correu bem; queriam que ficasse - Portal Tela Portugal\" \/>\n<meta property=\"og:description\" content=\"Ant\u00f3nio Caldeira \u00e9 o protagonista do 1\u00ba epis\u00f3dio da segunda temporada do Sem Limites. Participou no Walking Football e marcou diversos golos. Foi convidado a ficar na equipa da emiss\u00e3o. A participa\u00e7\u00e3o foi descrita pela produ\u00e7\u00e3o como um luxo. O resumo destaca o desempenho dele no desafio de Walking Football durante o epis\u00f3dio.\" \/>\n<meta property=\"og:url\" content=\"https:\/\/portaltela.pt\/noticias\/2026\/04\/30\/antonio-caldeira-admite-que-correu-bem-queriam-que-ficasse\/\" \/>\n<meta property=\"og:site_name\" content=\"Portal Tela Portugal\" \/>\n<meta property=\"article:published_time\" content=\"2026-04-30T11:18:12+00:00\" \/>\n<meta name=\"author\" content=\"Telinha\" \/>\n<meta name=\"twitter:card\" content=\"summary_large_image\" \/>\n<meta name=\"twitter:label1\" content=\"Escrito por\" \/>\n\t<meta name=\"twitter:data1\" content=\"Telinha\" \/>\n\t<meta name=\"twitter:label2\" content=\"Tempo estimado de leitura\" \/>\n\t<meta name=\"twitter:data2\" content=\"1 minuto\" \/>\n<script type=\"application\/ld+json\" class=\"yoast-schema-graph\">{\"@context\":\"https:\/\/schema.org\",\"@graph\":[{\"@type\":\"Article\",\"@id\":\"https:\/\/portaltela.pt\/noticias\/2026\/04\/30\/antonio-caldeira-admite-que-correu-bem-queriam-que-ficasse\/#article\",\"isPartOf\":{\"@id\":\"https:\/\/portaltela.pt\/noticias\/2026\/04\/30\/antonio-caldeira-admite-que-correu-bem-queriam-que-ficasse\/\"},\"author\":{\"name\":\"Telinha\",\"@id\":\"https:\/\/portaltela.pt\/#\/schema\/person\/c4278d4a6028830caff9ee44b42d32ed\"},\"headline\":\"Ant\u00f3nio Caldeira admite que correu bem; queriam que ficasse\",\"datePublished\":\"2026-04-30T11:18:12+00:00\",\"mainEntityOfPage\":{\"@id\":\"https:\/\/portaltela.pt\/noticias\/2026\/04\/30\/antonio-caldeira-admite-que-correu-bem-queriam-que-ficasse\/\"},\"wordCount\":158,\"image\":{\"@id\":\"https:\/\/portaltela.pt\/noticias\/2026\/04\/30\/antonio-caldeira-admite-que-correu-bem-queriam-que-ficasse\/#primaryimage\"},\"thumbnailUrl\":\"https:\/\/portaltela.pt\/s.01k8rhncp4jt1\/2026\/04\/img_1200x721uu2026-04-21-18-13-35-2434490.jpg\",\"keywords\":[\"atletas\",\"desporto\",\"futebol\",\"pessoas\",\"televis\u00e3o\"],\"articleSection\":[\"Celebridades\"],\"inLanguage\":\"pt-PT\"},{\"@type\":\"WebPage\",\"@id\":\"https:\/\/portaltela.pt\/noticias\/2026\/04\/30\/antonio-caldeira-admite-que-correu-bem-queriam-que-ficasse\/\",\"url\":\"https:\/\/portaltela.pt\/noticias\/2026\/04\/30\/antonio-caldeira-admite-que-correu-bem-queriam-que-ficasse\/\",\"name\":\"Ant\u00f3nio Caldeira admite que correu bem; queriam que ficasse - Portal Tela Portugal\",\"isPartOf\":{\"@id\":\"https:\/\/portaltela.pt\/#website\"},\"primaryImageOfPage\":{\"@id\":\"https:\/\/portaltela.pt\/noticias\/2026\/04\/30\/antonio-caldeira-admite-que-correu-bem-queriam-que-ficasse\/#primaryimage\"},\"image\":{\"@id\":\"https:\/\/portaltela.pt\/noticias\/2026\/04\/30\/antonio-caldeira-admite-que-correu-bem-queriam-que-ficasse\/#primaryimage\"},\"thumbnailUrl\":\"https:\/\/portaltela.pt\/s.01k8rhncp4jt1\/2026\/04\/img_1200x721uu2026-04-21-18-13-35-2434490.jpg\",\"datePublished\":\"2026-04-30T11:18:12+00:00\",\"author\":{\"@id\":\"https:\/\/portaltela.pt\/#\/schema\/person\/c4278d4a6028830caff9ee44b42d32ed\"},\"breadcrumb\":{\"@id\":\"https:\/\/portaltela.pt\/noticias\/2026\/04\/30\/antonio-caldeira-admite-que-correu-bem-queriam-que-ficasse\/#breadcrumb\"},\"inLanguage\":\"pt-PT\",\"potentialAction\":[{\"@type\":\"ReadAction\",\"target\":[\"https:\/\/portaltela.pt\/noticias\/2026\/04\/30\/antonio-caldeira-admite-que-correu-bem-queriam-que-ficasse\/\"]}]},{\"@type\":\"ImageObject\",\"inLanguage\":\"pt-PT\",\"@id\":\"https:\/\/portaltela.pt\/noticias\/2026\/04\/30\/antonio-caldeira-admite-que-correu-bem-queriam-que-ficasse\/#primaryimage\",\"url\":\"https:\/\/portaltela.pt\/s.01k8rhncp4jt1\/2026\/04\/img_1200x721uu2026-04-21-18-13-35-2434490.jpg\",\"contentUrl\":\"https:\/\/portaltela.pt\/s.01k8rhncp4jt1\/2026\/04\/img_1200x721uu2026-04-21-18-13-35-2434490.jpg\",\"width\":796,\"height\":448,\"caption\":\"Photo\"},{\"@type\":\"BreadcrumbList\",\"@id\":\"https:\/\/portaltela.pt\/noticias\/2026\/04\/30\/antonio-caldeira-admite-que-correu-bem-queriam-que-ficasse\/#breadcrumb\",\"itemListElement\":[{\"@type\":\"ListItem\",\"position\":1,\"name\":\"In\u00edcio\",\"item\":\"https:\/\/portaltela.pt\/\"},{\"@type\":\"ListItem\",\"position\":2,\"name\":\"Ant\u00f3nio Caldeira admite que correu bem; queriam que ficasse\"}]},{\"@type\":\"WebSite\",\"@id\":\"https:\/\/portaltela.pt\/#website\",\"url\":\"https:\/\/portaltela.pt\/\",\"name\":\"Portal Tela Portugal\",\"description\":\"\",\"potentialAction\":[{\"@type\":\"SearchAction\",\"target\":{\"@type\":\"EntryPoint\",\"urlTemplate\":\"https:\/\/portaltela.pt\/?s={search_term_string}\"},\"query-input\":{\"@type\":\"PropertyValueSpecification\",\"valueRequired\":true,\"valueName\":\"search_term_string\"}}],\"inLanguage\":\"pt-PT\"},{\"@type\":\"Person\",\"@id\":\"https:\/\/portaltela.pt\/#\/schema\/person\/c4278d4a6028830caff9ee44b42d32ed\",\"name\":\"Telinha\",\"image\":{\"@type\":\"ImageObject\",\"inLanguage\":\"pt-PT\",\"@id\":\"https:\/\/portaltela.pt\/s.01k8rhncp4jt1\/2025\/11\/talking-bot-125x125.png\",\"url\":\"https:\/\/portaltela.pt\/s.01k8rhncp4jt1\/2025\/11\/talking-bot-125x125.png\",\"contentUrl\":\"https:\/\/portaltela.pt\/s.01k8rhncp4jt1\/2025\/11\/talking-bot-125x125.png\",\"caption\":\"Telinha\"},\"sameAs\":[\"https:\/\/portaltela.pt\/\"],\"url\":\"https:\/\/portaltela.pt\/por\/367410592786\/\"}]}<\/script>\n<!-- \/ Yoast SEO plugin. -->","yoast_head_json":{"title":"Ant\u00f3nio Caldeira admite que correu bem; queriam que ficasse - Portal Tela Portugal","robots":{"index":"index","follow":"follow","max-snippet":"max-snippet:-1","max-image-preview":"max-image-preview:large","max-video-preview":"max-video-preview:-1"},"og_locale":"pt_PT","og_type":"article","og_title":"Ant\u00f3nio Caldeira admite que correu bem; queriam que ficasse - Portal Tela Portugal","og_description":"Ant\u00f3nio Caldeira \u00e9 o protagonista do 1\u00ba epis\u00f3dio da segunda temporada do Sem Limites. Participou no Walking Football e marcou diversos golos. Foi convidado a ficar na equipa da emiss\u00e3o. A participa\u00e7\u00e3o foi descrita pela produ\u00e7\u00e3o como um luxo. O resumo destaca o desempenho dele no desafio de Walking Football durante o epis\u00f3dio.","og_url":"https:\/\/portaltela.pt\/noticias\/2026\/04\/30\/antonio-caldeira-admite-que-correu-bem-queriam-que-ficasse\/","og_site_name":"Portal Tela Portugal","article_published_time":"2026-04-30T11:18:12+00:00","author":"Telinha","twitter_card":"summary_large_image","twitter_misc":{"Escrito por":"Telinha","Tempo estimado de leitura":"1 minuto"},"schema":{"@context":"https:\/\/schema.org","@graph":[{"@type":"Article","@id":"https:\/\/portaltela.pt\/noticias\/2026\/04\/30\/antonio-caldeira-admite-que-correu-bem-queriam-que-ficasse\/#article","isPartOf":{"@id":"https:\/\/portaltela.pt\/noticias\/2026\/04\/30\/antonio-caldeira-admite-que-correu-bem-queriam-que-ficasse\/"},"author":{"name":"Telinha","@id":"https:\/\/portaltela.pt\/#\/schema\/person\/c4278d4a6028830caff9ee44b42d32ed"},"headline":"Ant\u00f3nio Caldeira admite que correu bem; queriam que ficasse","datePublished":"2026-04-30T11:18:12+00:00","mainEntityOfPage":{"@id":"https:\/\/portaltela.pt\/noticias\/2026\/04\/30\/antonio-caldeira-admite-que-correu-bem-queriam-que-ficasse\/"},"wordCount":158,"image":{"@id":"https:\/\/portaltela.pt\/noticias\/2026\/04\/30\/antonio-caldeira-admite-que-correu-bem-queriam-que-ficasse\/#primaryimage"},"thumbnailUrl":"https:\/\/portaltela.pt\/s.01k8rhncp4jt1\/2026\/04\/img_1200x721uu2026-04-21-18-13-35-2434490.jpg","keywords":["atletas","desporto","futebol","pessoas","televis\u00e3o"],"articleSection":["Celebridades"],"inLanguage":"pt-PT"},{"@type":"WebPage","@id":"https:\/\/portaltela.pt\/noticias\/2026\/04\/30\/antonio-caldeira-admite-que-correu-bem-queriam-que-ficasse\/","url":"https:\/\/portaltela.pt\/noticias\/2026\/04\/30\/antonio-caldeira-admite-que-correu-bem-queriam-que-ficasse\/","name":"Ant\u00f3nio Caldeira admite que correu bem; queriam que ficasse - Portal Tela Portugal","isPartOf":{"@id":"https:\/\/portaltela.pt\/#website"},"primaryImageOfPage":{"@id":"https:\/\/portaltela.pt\/noticias\/2026\/04\/30\/antonio-caldeira-admite-que-correu-bem-queriam-que-ficasse\/#primaryimage"},"image":{"@id":"https:\/\/portaltela.pt\/noticias\/2026\/04\/30\/antonio-caldeira-admite-que-correu-bem-queriam-que-ficasse\/#primaryimage"},"thumbnailUrl":"https:\/\/portaltela.pt\/s.01k8rhncp4jt1\/2026\/04\/img_1200x721uu2026-04-21-18-13-35-2434490.jpg","datePublished":"2026-04-30T11:18:12+00:00","author":{"@id":"https:\/\/portaltela.pt\/#\/schema\/person\/c4278d4a6028830caff9ee44b42d32ed"},"breadcrumb":{"@id":"https:\/\/portaltela.pt\/noticias\/2026\/04\/30\/antonio-caldeira-admite-que-correu-bem-queriam-que-ficasse\/#breadcrumb"},"inLanguage":"pt-PT","potentialAction":[{"@type":"ReadAction","target":["https:\/\/portaltela.pt\/noticias\/2026\/04\/30\/antonio-caldeira-admite-que-correu-bem-queriam-que-ficasse\/"]}]},{"@type":"ImageObject","inLanguage":"pt-PT","@id":"https:\/\/portaltela.pt\/noticias\/2026\/04\/30\/antonio-caldeira-admite-que-correu-bem-queriam-que-ficasse\/#primaryimage","url":"https:\/\/portaltela.pt\/s.01k8rhncp4jt1\/2026\/04\/img_1200x721uu2026-04-21-18-13-35-2434490.jpg","contentUrl":"https:\/\/portaltela.pt\/s.01k8rhncp4jt1\/2026\/04\/img_1200x721uu2026-04-21-18-13-35-2434490.jpg","width":796,"height":448,"caption":"Photo"},{"@type":"BreadcrumbList","@id":"https:\/\/portaltela.pt\/noticias\/2026\/04\/30\/antonio-caldeira-admite-que-correu-bem-queriam-que-ficasse\/#breadcrumb","itemListElement":[{"@type":"ListItem","position":1,"name":"In\u00edcio","item":"https:\/\/portaltela.pt\/"},{"@type":"ListItem","position":2,"name":"Ant\u00f3nio Caldeira admite que correu bem; queriam que ficasse"}]},{"@type":"WebSite","@id":"https:\/\/portaltela.pt\/#website","url":"https:\/\/portaltela.pt\/","name":"Portal Tela Portugal","description":"","potentialAction":[{"@type":"SearchAction","target":{"@type":"EntryPoint","urlTemplate":"https:\/\/portaltela.pt\/?s={search_term_string}"},"query-input":{"@type":"PropertyValueSpecification","valueRequired":true,"valueName":"search_term_string"}}],"inLanguage":"pt-PT"},{"@type":"Person","@id":"https:\/\/portaltela.pt\/#\/schema\/person\/c4278d4a6028830caff9ee44b42d32ed","name":"Telinha","image":{"@type":"ImageObject","inLanguage":"pt-PT","@id":"https:\/\/portaltela.pt\/s.01k8rhncp4jt1\/2025\/11\/talking-bot-125x125.png","url":"https:\/\/portaltela.pt\/s.01k8rhncp4jt1\/2025\/11\/talking-bot-125x125.png","contentUrl":"https:\/\/portaltela.pt\/s.01k8rhncp4jt1\/2025\/11\/talking-bot-125x125.png","caption":"Telinha"},"sameAs":["https:\/\/portaltela.pt\/"],"url":"https:\/\/portaltela.pt\/por\/367410592786\/"}]}},"_links":{"self":[{"href":"https:\/\/portaltela.pt\/api\/wp\/v2\/posts\/462265","targetHints":{"allow":["GET"]}}],"collection":[{"href":"https:\/\/portaltela.pt\/api\/wp\/v2\/posts"}],"about":[{"href":"https:\/\/portaltela.pt\/api\/wp\/v2\/types\/post"}],"author":[{"embeddable":true,"href":"https:\/\/portaltela.pt\/api\/wp\/v2\/users\/2"}],"replies":[{"embeddable":true,"href":"https:\/\/portaltela.pt\/api\/wp\/v2\/comments?post=462265"}],"version-history":[{"count":0,"href":"https:\/\/portaltela.pt\/api\/wp\/v2\/posts\/462265\/revisions"}],"wp:featuredmedia":[{"embeddable":true,"href":"https:\/\/portaltela.pt\/api\/wp\/v2\/media\/462270"}],"wp:attachment":[{"href":"https:\/\/portaltela.pt\/api\/wp\/v2\/media?parent=462265"}],"wp:term":[{"taxonomy":"category","embeddable":true,"href":"https:\/\/portaltela.pt\/api\/wp\/v2\/categories?post=462265"},{"taxonomy":"post_tag","embeddable":true,"href":"https:\/\/portaltela.pt\/api\/wp\/v2\/tags?post=462265"}],"curies":[{"name":"wp","href":"https:\/\/api.w.org\/{rel}","templated":true}]}}