{"id":462264,"date":"2026-04-30T08:18:11","date_gmt":"2026-04-30T11:18:11","guid":{"rendered":"https:\/\/portaltela.pt\/noticias\/2026\/04\/30\/kiev-rejeita-tregua-de-moscovo-no-dia-da-vitoria-e-pede-cessar-fogo-duradouro\/"},"modified":"2026-04-30T08:18:11","modified_gmt":"2026-04-30T11:18:11","slug":"kiev-rejeita-tregua-de-moscovo-no-dia-da-vitoria-e-pede-cessar-fogo-duradouro","status":"publish","type":"post","link":"https:\/\/portaltela.pt\/guerra\/2026\/04\/30\/kiev-rejeita-tregua-de-moscovo-no-dia-da-vitoria-e-pede-cessar-fogo-duradouro\/","title":{"rendered":"Kiev rejeita tr\u00e9gua de Moscovo no Dia da Vit\u00f3ria e pede cessar-fogo duradouro"},"content":{"rendered":"<p>Kiev rejeita a tr\u00e9gua de Moscovo para o Dia da Vit\u00f3ria e pede um cessar-fogo a longo prazo. Zelenskyy quer uma seguran\u00e7a duradoura, n\u00e3o apenas algumas horas de sil\u00eancio. O pedido surge ap\u00f3s a proposta russa ter sido apresentada ao Presidente dos EUA, Donald Trump.<\/p>\n<p>A presidente ucraniana afirmou que ir\u00e1 esclarecer exatamente do que se trata a proposta, ap\u00f3s Putin sugerir uma tr\u00e9gua tempor\u00e1ria num telefonema com Trump. Kiev entende que se pode tratar de uma pausa para desfile ou algo mais profundo.<\/p>\n<p>Moscovo sustenta que a ideia de desfile do Dia da Vit\u00f3ria parte do Kremlin e que as datas do cessar-fogo ser\u00e3o anunciadas separadamente. Peskov, porta-voz de Putin, mencionou apoio de Trump \u00e0 iniciativa.<\/p>\n<p>Desfile em Moscovo sem tanques<\/p>\n<p>A R\u00fassia indicou um cessar-fogo curto para a P\u00e1scoa, j\u00e1 tendo valor simb\u00f3lico. Este ano, o desfile de 9 de maio dever\u00e1 ter menor aparato militar, segundo o Kremlin, por &#8220;situa\u00e7\u00e3o operacional&#8221; e riscos de seguran\u00e7a.<\/p>\n<p>O Kremlin descreve como medida para minimizar perigos a presen\u00e7a de ve\u00edculos militares e cadetes reduzida. Contudo, a redu\u00e7\u00e3o \u00e9 vista como sinal da atual capacidade das for\u00e7as russas e de eventual escassez de recursos.<\/p>\n<p>A narrativa russa tem sido utilizada para justificar a invas\u00e3o da Ucr\u00e2nia desde 2022, associando-a \u00e0 Segunda Guerra Mundial. S\u00edmbolos como a fita laranja-preta de S\u00e3o Jorge mant\u00eam-se entre os emblemas de apoio \u00e0 ofensiva.<\/p>\n<p>A Ucr\u00e2nia afastou-se das celebra\u00e7\u00f5es sovi\u00e9ticas. Zelenskyy assinou em 2023 uma lei que desloca a mem\u00f3ria da Segunda Guerra Mundial para 8 de maio, alinhando-se com a maior parte da Europa.<\/p>\n<p>Notas de contexto apontam baixas pesadas na Ucr\u00e2nia durante a Segunda Guerra Mundial. Estima-se que entre 6 e 8 milh\u00f5es de ucranianos tenham morrido, entre soldados e civis, sob ocupa\u00e7\u00e3o nazi.<\/p>\n","protected":false},"excerpt":{"rendered":"<ul>\n<li>A Ucr\u00e2nia rejeita a tr\u00e9gua de Moscovo para o Dia da Vit\u00f3ria e exige um cessar-fogo a longo prazo com paz duradoura.<\/li>\n<li>Zelensky diz que vai esclarecer do que se trata exactamente, antes de qualquer acordo, e ordenou aos negociadores que contactem os EUA para obter mais detalhes.<\/li>\n<li>Moscovo afirma que a proposta de desfile tem origem no Kremlin; as datas do cessar-fogo ser\u00e3o anunciadas separadamente.<\/li>\n<li>O secret\u00e1rio de imprensa de Putin indicou que Donald Trump apoiou a iniciativa, associando-a ao feriado que comemora a vit\u00f3ria sobre o nazismo.<\/li>\n<li>O desfile de Moscovo ser\u00e1 reduzido este ano, sem tanques nem cadetes, devido \u00e0 atual situa\u00e7\u00e3o operacional e \u00e0 amea\u00e7a percebida da Ucr\u00e2nia.<\/li>\n<\/ul>\n","protected":false},"author":2,"featured_media":462271,"comment_status":"closed","ping_status":"closed","sticky":false,"template":"","format":"standard","meta":{"footnotes":""},"categories":[6790,6804],"tags":[7934,8195,8035,7899,7994],"class_list":["post-462264","post","type-post","status-publish","format-standard","has-post-thumbnail","hentry","category-conflitos","category-guerra","tag-_conflitos-internacionais","tag-_guerra","tag-_russia","tag-_seguranca-internacional","tag-_ucrania"],"yoast_head":"<!-- This site is optimized with the Yoast SEO plugin v27.2 - https:\/\/yoast.com\/product\/yoast-seo-wordpress\/ -->\n<title>Kiev rejeita tr\u00e9gua de Moscovo no Dia da Vit\u00f3ria e pede cessar-fogo duradouro - Portal Tela Portugal<\/title>\n<meta name=\"robots\" content=\"index, follow, max-snippet:-1, max-image-preview:large, max-video-preview:-1\" \/>\n<meta property=\"og:locale\" content=\"pt_PT\" \/>\n<meta property=\"og:type\" content=\"article\" \/>\n<meta property=\"og:title\" content=\"Kiev rejeita tr\u00e9gua de Moscovo no Dia da Vit\u00f3ria e pede cessar-fogo duradouro - Portal Tela Portugal\" \/>\n<meta property=\"og:description\" content=\"A Ucr\u00e2nia rejeita a tr\u00e9gua de Moscovo para o Dia da Vit\u00f3ria e exige um cessar-fogo a longo prazo com paz duradoura. Zelensky diz que vai esclarecer do que se trata exactamente, antes de qualquer acordo, e ordenou aos negociadores que contactem os EUA para obter mais detalhes. Moscovo afirma que a proposta de desfile tem origem no Kremlin; as datas do cessar-fogo ser\u00e3o anunciadas separadamente. O secret\u00e1rio de imprensa de Putin indicou que Donald Trump apoiou a iniciativa, associando-a ao feriado que comemora a vit\u00f3ria sobre o nazismo. O desfile de Moscovo ser\u00e1 reduzido este ano, sem tanques nem cadetes, devido \u00e0 atual situa\u00e7\u00e3o operacional e \u00e0 amea\u00e7a percebida da Ucr\u00e2nia.\" \/>\n<meta property=\"og:url\" content=\"https:\/\/portaltela.pt\/noticias\/2026\/04\/30\/kiev-rejeita-tregua-de-moscovo-no-dia-da-vitoria-e-pede-cessar-fogo-duradouro\/\" \/>\n<meta property=\"og:site_name\" content=\"Portal Tela Portugal\" \/>\n<meta property=\"article:published_time\" content=\"2026-04-30T11:18:11+00:00\" \/>\n<meta name=\"author\" content=\"Telinha\" \/>\n<meta name=\"twitter:card\" content=\"summary_large_image\" \/>\n<meta name=\"twitter:label1\" content=\"Escrito por\" \/>\n\t<meta name=\"twitter:data1\" content=\"Telinha\" \/>\n\t<meta name=\"twitter:label2\" content=\"Tempo estimado de leitura\" \/>\n\t<meta name=\"twitter:data2\" content=\"2 minutos\" \/>\n<script type=\"application\/ld+json\" class=\"yoast-schema-graph\">{\"@context\":\"https:\/\/schema.org\",\"@graph\":[{\"@type\":\"Article\",\"@id\":\"https:\/\/portaltela.pt\/noticias\/2026\/04\/30\/kiev-rejeita-tregua-de-moscovo-no-dia-da-vitoria-e-pede-cessar-fogo-duradouro\/#article\",\"isPartOf\":{\"@id\":\"https:\/\/portaltela.pt\/noticias\/2026\/04\/30\/kiev-rejeita-tregua-de-moscovo-no-dia-da-vitoria-e-pede-cessar-fogo-duradouro\/\"},\"author\":{\"name\":\"Telinha\",\"@id\":\"https:\/\/portaltela.pt\/#\/schema\/person\/c4278d4a6028830caff9ee44b42d32ed\"},\"headline\":\"Kiev rejeita tr\u00e9gua de Moscovo no Dia da Vit\u00f3ria e pede cessar-fogo duradouro\",\"datePublished\":\"2026-04-30T11:18:11+00:00\",\"mainEntityOfPage\":{\"@id\":\"https:\/\/portaltela.pt\/noticias\/2026\/04\/30\/kiev-rejeita-tregua-de-moscovo-no-dia-da-vitoria-e-pede-cessar-fogo-duradouro\/\"},\"wordCount\":327,\"image\":{\"@id\":\"https:\/\/portaltela.pt\/noticias\/2026\/04\/30\/kiev-rejeita-tregua-de-moscovo-no-dia-da-vitoria-e-pede-cessar-fogo-duradouro\/#primaryimage\"},\"thumbnailUrl\":\"https:\/\/portaltela.pt\/s.01k8rhncp4jt1\/2026\/04\/1536x864_cmsv2_3f17029b-6697-58ec-a3fc-d4c8ca930add-9741580.jpg\",\"keywords\":[\"_conflitos internacionais\",\"_guerra\",\"_R\u00fassia\",\"_seguran\u00e7a internacional\",\"_Ucr\u00e2nia\"],\"articleSection\":[\"Conflitos\",\"Guerra\"],\"inLanguage\":\"pt-PT\"},{\"@type\":\"WebPage\",\"@id\":\"https:\/\/portaltela.pt\/noticias\/2026\/04\/30\/kiev-rejeita-tregua-de-moscovo-no-dia-da-vitoria-e-pede-cessar-fogo-duradouro\/\",\"url\":\"https:\/\/portaltela.pt\/noticias\/2026\/04\/30\/kiev-rejeita-tregua-de-moscovo-no-dia-da-vitoria-e-pede-cessar-fogo-duradouro\/\",\"name\":\"Kiev rejeita tr\u00e9gua de Moscovo no Dia da Vit\u00f3ria e pede cessar-fogo duradouro - Portal Tela Portugal\",\"isPartOf\":{\"@id\":\"https:\/\/portaltela.pt\/#website\"},\"primaryImageOfPage\":{\"@id\":\"https:\/\/portaltela.pt\/noticias\/2026\/04\/30\/kiev-rejeita-tregua-de-moscovo-no-dia-da-vitoria-e-pede-cessar-fogo-duradouro\/#primaryimage\"},\"image\":{\"@id\":\"https:\/\/portaltela.pt\/noticias\/2026\/04\/30\/kiev-rejeita-tregua-de-moscovo-no-dia-da-vitoria-e-pede-cessar-fogo-duradouro\/#primaryimage\"},\"thumbnailUrl\":\"https:\/\/portaltela.pt\/s.01k8rhncp4jt1\/2026\/04\/1536x864_cmsv2_3f17029b-6697-58ec-a3fc-d4c8ca930add-9741580.jpg\",\"datePublished\":\"2026-04-30T11:18:11+00:00\",\"author\":{\"@id\":\"https:\/\/portaltela.pt\/#\/schema\/person\/c4278d4a6028830caff9ee44b42d32ed\"},\"breadcrumb\":{\"@id\":\"https:\/\/portaltela.pt\/noticias\/2026\/04\/30\/kiev-rejeita-tregua-de-moscovo-no-dia-da-vitoria-e-pede-cessar-fogo-duradouro\/#breadcrumb\"},\"inLanguage\":\"pt-PT\",\"potentialAction\":[{\"@type\":\"ReadAction\",\"target\":[\"https:\/\/portaltela.pt\/noticias\/2026\/04\/30\/kiev-rejeita-tregua-de-moscovo-no-dia-da-vitoria-e-pede-cessar-fogo-duradouro\/\"]}]},{\"@type\":\"ImageObject\",\"inLanguage\":\"pt-PT\",\"@id\":\"https:\/\/portaltela.pt\/noticias\/2026\/04\/30\/kiev-rejeita-tregua-de-moscovo-no-dia-da-vitoria-e-pede-cessar-fogo-duradouro\/#primaryimage\",\"url\":\"https:\/\/portaltela.pt\/s.01k8rhncp4jt1\/2026\/04\/1536x864_cmsv2_3f17029b-6697-58ec-a3fc-d4c8ca930add-9741580.jpg\",\"contentUrl\":\"https:\/\/portaltela.pt\/s.01k8rhncp4jt1\/2026\/04\/1536x864_cmsv2_3f17029b-6697-58ec-a3fc-d4c8ca930add-9741580.jpg\",\"width\":796,\"height\":448,\"caption\":\"Militares russos re\u00fanem-se antes do ensaio da parada militar do Dia da Vit\u00f3ria em Moscovo, quarta-feira, 29 de abril de 2026\"},{\"@type\":\"BreadcrumbList\",\"@id\":\"https:\/\/portaltela.pt\/noticias\/2026\/04\/30\/kiev-rejeita-tregua-de-moscovo-no-dia-da-vitoria-e-pede-cessar-fogo-duradouro\/#breadcrumb\",\"itemListElement\":[{\"@type\":\"ListItem\",\"position\":1,\"name\":\"In\u00edcio\",\"item\":\"https:\/\/portaltela.pt\/\"},{\"@type\":\"ListItem\",\"position\":2,\"name\":\"Kiev rejeita tr\u00e9gua de Moscovo no Dia da Vit\u00f3ria e pede cessar-fogo duradouro\"}]},{\"@type\":\"WebSite\",\"@id\":\"https:\/\/portaltela.pt\/#website\",\"url\":\"https:\/\/portaltela.pt\/\",\"name\":\"Portal Tela Portugal\",\"description\":\"\",\"potentialAction\":[{\"@type\":\"SearchAction\",\"target\":{\"@type\":\"EntryPoint\",\"urlTemplate\":\"https:\/\/portaltela.pt\/?s={search_term_string}\"},\"query-input\":{\"@type\":\"PropertyValueSpecification\",\"valueRequired\":true,\"valueName\":\"search_term_string\"}}],\"inLanguage\":\"pt-PT\"},{\"@type\":\"Person\",\"@id\":\"https:\/\/portaltela.pt\/#\/schema\/person\/c4278d4a6028830caff9ee44b42d32ed\",\"name\":\"Telinha\",\"image\":{\"@type\":\"ImageObject\",\"inLanguage\":\"pt-PT\",\"@id\":\"https:\/\/portaltela.pt\/s.01k8rhncp4jt1\/2025\/11\/talking-bot-125x125.png\",\"url\":\"https:\/\/portaltela.pt\/s.01k8rhncp4jt1\/2025\/11\/talking-bot-125x125.png\",\"contentUrl\":\"https:\/\/portaltela.pt\/s.01k8rhncp4jt1\/2025\/11\/talking-bot-125x125.png\",\"caption\":\"Telinha\"},\"sameAs\":[\"https:\/\/portaltela.pt\/\"],\"url\":\"https:\/\/portaltela.pt\/por\/367410592786\/\"}]}<\/script>\n<!-- \/ Yoast SEO plugin. -->","yoast_head_json":{"title":"Kiev rejeita tr\u00e9gua de Moscovo no Dia da Vit\u00f3ria e pede cessar-fogo duradouro - Portal Tela Portugal","robots":{"index":"index","follow":"follow","max-snippet":"max-snippet:-1","max-image-preview":"max-image-preview:large","max-video-preview":"max-video-preview:-1"},"og_locale":"pt_PT","og_type":"article","og_title":"Kiev rejeita tr\u00e9gua de Moscovo no Dia da Vit\u00f3ria e pede cessar-fogo duradouro - Portal Tela Portugal","og_description":"A Ucr\u00e2nia rejeita a tr\u00e9gua de Moscovo para o Dia da Vit\u00f3ria e exige um cessar-fogo a longo prazo com paz duradoura. Zelensky diz que vai esclarecer do que se trata exactamente, antes de qualquer acordo, e ordenou aos negociadores que contactem os EUA para obter mais detalhes. Moscovo afirma que a proposta de desfile tem origem no Kremlin; as datas do cessar-fogo ser\u00e3o anunciadas separadamente. O secret\u00e1rio de imprensa de Putin indicou que Donald Trump apoiou a iniciativa, associando-a ao feriado que comemora a vit\u00f3ria sobre o nazismo. O desfile de Moscovo ser\u00e1 reduzido este ano, sem tanques nem cadetes, devido \u00e0 atual situa\u00e7\u00e3o operacional e \u00e0 amea\u00e7a percebida da Ucr\u00e2nia.","og_url":"https:\/\/portaltela.pt\/noticias\/2026\/04\/30\/kiev-rejeita-tregua-de-moscovo-no-dia-da-vitoria-e-pede-cessar-fogo-duradouro\/","og_site_name":"Portal Tela Portugal","article_published_time":"2026-04-30T11:18:11+00:00","author":"Telinha","twitter_card":"summary_large_image","twitter_misc":{"Escrito por":"Telinha","Tempo estimado de leitura":"2 minutos"},"schema":{"@context":"https:\/\/schema.org","@graph":[{"@type":"Article","@id":"https:\/\/portaltela.pt\/noticias\/2026\/04\/30\/kiev-rejeita-tregua-de-moscovo-no-dia-da-vitoria-e-pede-cessar-fogo-duradouro\/#article","isPartOf":{"@id":"https:\/\/portaltela.pt\/noticias\/2026\/04\/30\/kiev-rejeita-tregua-de-moscovo-no-dia-da-vitoria-e-pede-cessar-fogo-duradouro\/"},"author":{"name":"Telinha","@id":"https:\/\/portaltela.pt\/#\/schema\/person\/c4278d4a6028830caff9ee44b42d32ed"},"headline":"Kiev rejeita tr\u00e9gua de Moscovo no Dia da Vit\u00f3ria e pede cessar-fogo duradouro","datePublished":"2026-04-30T11:18:11+00:00","mainEntityOfPage":{"@id":"https:\/\/portaltela.pt\/noticias\/2026\/04\/30\/kiev-rejeita-tregua-de-moscovo-no-dia-da-vitoria-e-pede-cessar-fogo-duradouro\/"},"wordCount":327,"image":{"@id":"https:\/\/portaltela.pt\/noticias\/2026\/04\/30\/kiev-rejeita-tregua-de-moscovo-no-dia-da-vitoria-e-pede-cessar-fogo-duradouro\/#primaryimage"},"thumbnailUrl":"https:\/\/portaltela.pt\/s.01k8rhncp4jt1\/2026\/04\/1536x864_cmsv2_3f17029b-6697-58ec-a3fc-d4c8ca930add-9741580.jpg","keywords":["_conflitos internacionais","_guerra","_R\u00fassia","_seguran\u00e7a internacional","_Ucr\u00e2nia"],"articleSection":["Conflitos","Guerra"],"inLanguage":"pt-PT"},{"@type":"WebPage","@id":"https:\/\/portaltela.pt\/noticias\/2026\/04\/30\/kiev-rejeita-tregua-de-moscovo-no-dia-da-vitoria-e-pede-cessar-fogo-duradouro\/","url":"https:\/\/portaltela.pt\/noticias\/2026\/04\/30\/kiev-rejeita-tregua-de-moscovo-no-dia-da-vitoria-e-pede-cessar-fogo-duradouro\/","name":"Kiev rejeita tr\u00e9gua de Moscovo no Dia da Vit\u00f3ria e pede cessar-fogo duradouro - Portal Tela Portugal","isPartOf":{"@id":"https:\/\/portaltela.pt\/#website"},"primaryImageOfPage":{"@id":"https:\/\/portaltela.pt\/noticias\/2026\/04\/30\/kiev-rejeita-tregua-de-moscovo-no-dia-da-vitoria-e-pede-cessar-fogo-duradouro\/#primaryimage"},"image":{"@id":"https:\/\/portaltela.pt\/noticias\/2026\/04\/30\/kiev-rejeita-tregua-de-moscovo-no-dia-da-vitoria-e-pede-cessar-fogo-duradouro\/#primaryimage"},"thumbnailUrl":"https:\/\/portaltela.pt\/s.01k8rhncp4jt1\/2026\/04\/1536x864_cmsv2_3f17029b-6697-58ec-a3fc-d4c8ca930add-9741580.jpg","datePublished":"2026-04-30T11:18:11+00:00","author":{"@id":"https:\/\/portaltela.pt\/#\/schema\/person\/c4278d4a6028830caff9ee44b42d32ed"},"breadcrumb":{"@id":"https:\/\/portaltela.pt\/noticias\/2026\/04\/30\/kiev-rejeita-tregua-de-moscovo-no-dia-da-vitoria-e-pede-cessar-fogo-duradouro\/#breadcrumb"},"inLanguage":"pt-PT","potentialAction":[{"@type":"ReadAction","target":["https:\/\/portaltela.pt\/noticias\/2026\/04\/30\/kiev-rejeita-tregua-de-moscovo-no-dia-da-vitoria-e-pede-cessar-fogo-duradouro\/"]}]},{"@type":"ImageObject","inLanguage":"pt-PT","@id":"https:\/\/portaltela.pt\/noticias\/2026\/04\/30\/kiev-rejeita-tregua-de-moscovo-no-dia-da-vitoria-e-pede-cessar-fogo-duradouro\/#primaryimage","url":"https:\/\/portaltela.pt\/s.01k8rhncp4jt1\/2026\/04\/1536x864_cmsv2_3f17029b-6697-58ec-a3fc-d4c8ca930add-9741580.jpg","contentUrl":"https:\/\/portaltela.pt\/s.01k8rhncp4jt1\/2026\/04\/1536x864_cmsv2_3f17029b-6697-58ec-a3fc-d4c8ca930add-9741580.jpg","width":796,"height":448,"caption":"Militares russos re\u00fanem-se antes do ensaio da parada militar do Dia da Vit\u00f3ria em Moscovo, quarta-feira, 29 de abril de 2026"},{"@type":"BreadcrumbList","@id":"https:\/\/portaltela.pt\/noticias\/2026\/04\/30\/kiev-rejeita-tregua-de-moscovo-no-dia-da-vitoria-e-pede-cessar-fogo-duradouro\/#breadcrumb","itemListElement":[{"@type":"ListItem","position":1,"name":"In\u00edcio","item":"https:\/\/portaltela.pt\/"},{"@type":"ListItem","position":2,"name":"Kiev rejeita tr\u00e9gua de Moscovo no Dia da Vit\u00f3ria e pede cessar-fogo duradouro"}]},{"@type":"WebSite","@id":"https:\/\/portaltela.pt\/#website","url":"https:\/\/portaltela.pt\/","name":"Portal Tela Portugal","description":"","potentialAction":[{"@type":"SearchAction","target":{"@type":"EntryPoint","urlTemplate":"https:\/\/portaltela.pt\/?s={search_term_string}"},"query-input":{"@type":"PropertyValueSpecification","valueRequired":true,"valueName":"search_term_string"}}],"inLanguage":"pt-PT"},{"@type":"Person","@id":"https:\/\/portaltela.pt\/#\/schema\/person\/c4278d4a6028830caff9ee44b42d32ed","name":"Telinha","image":{"@type":"ImageObject","inLanguage":"pt-PT","@id":"https:\/\/portaltela.pt\/s.01k8rhncp4jt1\/2025\/11\/talking-bot-125x125.png","url":"https:\/\/portaltela.pt\/s.01k8rhncp4jt1\/2025\/11\/talking-bot-125x125.png","contentUrl":"https:\/\/portaltela.pt\/s.01k8rhncp4jt1\/2025\/11\/talking-bot-125x125.png","caption":"Telinha"},"sameAs":["https:\/\/portaltela.pt\/"],"url":"https:\/\/portaltela.pt\/por\/367410592786\/"}]}},"_links":{"self":[{"href":"https:\/\/portaltela.pt\/api\/wp\/v2\/posts\/462264","targetHints":{"allow":["GET"]}}],"collection":[{"href":"https:\/\/portaltela.pt\/api\/wp\/v2\/posts"}],"about":[{"href":"https:\/\/portaltela.pt\/api\/wp\/v2\/types\/post"}],"author":[{"embeddable":true,"href":"https:\/\/portaltela.pt\/api\/wp\/v2\/users\/2"}],"replies":[{"embeddable":true,"href":"https:\/\/portaltela.pt\/api\/wp\/v2\/comments?post=462264"}],"version-history":[{"count":0,"href":"https:\/\/portaltela.pt\/api\/wp\/v2\/posts\/462264\/revisions"}],"wp:featuredmedia":[{"embeddable":true,"href":"https:\/\/portaltela.pt\/api\/wp\/v2\/media\/462271"}],"wp:attachment":[{"href":"https:\/\/portaltela.pt\/api\/wp\/v2\/media?parent=462264"}],"wp:term":[{"taxonomy":"category","embeddable":true,"href":"https:\/\/portaltela.pt\/api\/wp\/v2\/categories?post=462264"},{"taxonomy":"post_tag","embeddable":true,"href":"https:\/\/portaltela.pt\/api\/wp\/v2\/tags?post=462264"}],"curies":[{"name":"wp","href":"https:\/\/api.w.org\/{rel}","templated":true}]}}