{"id":462255,"date":"2026-04-30T08:17:53","date_gmt":"2026-04-30T11:17:53","guid":{"rendered":"https:\/\/portaltela.pt\/noticias\/2026\/04\/30\/morre-craig-venter-um-dos-cientistas-que-descodificaram-o-genoma-humano\/"},"modified":"2026-04-30T08:17:53","modified_gmt":"2026-04-30T11:17:53","slug":"morre-craig-venter-um-dos-cientistas-que-descodificaram-o-genoma-humano","status":"publish","type":"post","link":"https:\/\/portaltela.pt\/noticias\/internacional\/2026\/04\/30\/morre-craig-venter-um-dos-cientistas-que-descodificaram-o-genoma-humano\/","title":{"rendered":"Morre Craig Venter, um dos cientistas que descodificaram o genoma humano"},"content":{"rendered":"<p>Craig Venter, empres\u00e1rio e bi\u00f3logo norte-americano, morreu aos 79 anos em San Diego, devido a complica\u00e7\u00f5es de tratamentos oncol\u00f3gicos, anunciou o Instituto J. Craig Venter. A not\u00edcia<\/p>\n<p>Chegou ao p\u00fablico em 26 de Junho de 2000, quando apresentou o primeiro rascunho do genoma humano, com mais de 90% da composi\u00e7\u00e3o decodificada. Venter liderou financiamento privado que acelerou o mapeamento do ADN.<\/p>\n<p>A sua trajet\u00f3ria ficou marcada pela competi\u00e7\u00e3o com o projecto p\u00fablico do Genoma Humano e pela cria\u00e7\u00e3o de ferramentas e empresas que avan\u00e7aram a biologia sint\u00e9tica. Em 1998 fundou a Celera, que anunciou resultados acelerados.<\/p>\n<h3>Contribui\u00e7\u00f5es-chave<\/h3>\n<p>A t\u00e9cnica de sequenciar ADN adotada por Venter envolve partir o ADN em fragmentos e remont\u00e1-los na ordem correta, segundo estudos de especialistas. O trabalho privado e o p\u00fablico funcionaram de forma complementar para mapear o genoma humano.<\/p>\n<p>Pela ci\u00eancia sint\u00e9tica, criou em 2010 a primeira c\u00e9lula sint\u00e9tica capaz de se multiplicar, constru\u00edda em laborat\u00f3rio. Em 2016, uma bact\u00e9ria com o menor n\u00famero de genes, 473, foi criada no laborat\u00f3rio.<\/p>\n<h3>Legado e alcance<\/h3>\n<p>Venter tamb\u00e9m liderou expedi\u00e7\u00f5es para sequenciar ADN de microrganismos marinhos. O seu ADN ficou registado no primeiro rascunho do genoma humano, destacando o papel central do cient\u00edfico na hist\u00f3ria gen\u00e9tica.<\/p>\n<p>A not\u00edcia sublinha a import\u00e2ncia de avan\u00e7os privados e p\u00fablicos na gen\u00e9tica, bem como a evolu\u00e7\u00e3o para a biologia sint\u00e9tica e a cria\u00e7\u00e3o de formas de vida em laborat\u00f3rio.<\/p>\n","protected":false},"excerpt":{"rendered":"<ul>\n<li>Morreu aos 79 anos, em San Diego, ap\u00f3s complica\u00e7\u00f5es nos tratamentos oncol\u00f3gicos, anunciou o Instituto J. Craig Venter.<\/li>\n<li>Em 26 de junho de 2000, foi apresentado o primeiro rascunho do genoma humano, com mais de noventa por cento da sua composi\u00e7\u00e3o descodificada.<\/li>\n<li>Venter fundou a Celera para competir com o projeto p\u00fablico de descodifica\u00e7\u00e3o, acelerando a obten\u00e7\u00e3o de resultados.<\/li>\n<li>No in\u00edcio dos anos dois mil, o seu grupo desenvolveu a biologia sint\u00e9tica e criou a primeira c\u00e9lula sint\u00e9tica capaz de se multiplicar em laborat\u00f3rio.<\/li>\n<li>O programa envolveu ainda expedi\u00e7\u00f5es de sequenciamento de ADN marinho, e o trabalho utilizou dados de cinco pessoas, sendo uma delas Craig Venter.<\/li>\n<\/ul>\n","protected":false},"author":2,"featured_media":462259,"comment_status":"closed","ping_status":"closed","sticky":false,"template":"","format":"standard","meta":{"footnotes":""},"categories":[4,1],"tags":[4277,241,1992,57,2628,2555],"class_list":["post-462255","post","type-post","status-publish","format-standard","has-post-thumbnail","hentry","category-internacional","category-noticias","tag-adn","tag-biotecnologia","tag-ciencia","tag-cientistas","tag-genetica","tag-genetica-humana"],"yoast_head":"<!-- This site is optimized with the Yoast SEO plugin v27.2 - https:\/\/yoast.com\/product\/yoast-seo-wordpress\/ -->\n<title>Morre Craig Venter, um dos cientistas que descodificaram o genoma humano - Portal Tela Portugal<\/title>\n<meta name=\"robots\" content=\"index, follow, max-snippet:-1, max-image-preview:large, max-video-preview:-1\" \/>\n<meta property=\"og:locale\" content=\"pt_PT\" \/>\n<meta property=\"og:type\" content=\"article\" \/>\n<meta property=\"og:title\" content=\"Morre Craig Venter, um dos cientistas que descodificaram o genoma humano - Portal Tela Portugal\" \/>\n<meta property=\"og:description\" content=\"Morreu aos 79 anos, em San Diego, ap\u00f3s complica\u00e7\u00f5es nos tratamentos oncol\u00f3gicos, anunciou o Instituto J. Craig Venter. Em 26 de junho de 2000, foi apresentado o primeiro rascunho do genoma humano, com mais de noventa por cento da sua composi\u00e7\u00e3o descodificada. Venter fundou a Celera para competir com o projeto p\u00fablico de descodifica\u00e7\u00e3o, acelerando a obten\u00e7\u00e3o de resultados. No in\u00edcio dos anos dois mil, o seu grupo desenvolveu a biologia sint\u00e9tica e criou a primeira c\u00e9lula sint\u00e9tica capaz de se multiplicar em laborat\u00f3rio. O programa envolveu ainda expedi\u00e7\u00f5es de sequenciamento de ADN marinho, e o trabalho utilizou dados de cinco pessoas, sendo uma delas Craig Venter.\" \/>\n<meta property=\"og:url\" content=\"https:\/\/portaltela.pt\/noticias\/2026\/04\/30\/morre-craig-venter-um-dos-cientistas-que-descodificaram-o-genoma-humano\/\" \/>\n<meta property=\"og:site_name\" content=\"Portal Tela Portugal\" \/>\n<meta property=\"article:published_time\" content=\"2026-04-30T11:17:53+00:00\" \/>\n<meta name=\"author\" content=\"Telinha\" \/>\n<meta name=\"twitter:card\" content=\"summary_large_image\" \/>\n<meta name=\"twitter:label1\" content=\"Escrito por\" \/>\n\t<meta name=\"twitter:data1\" content=\"Telinha\" \/>\n\t<meta name=\"twitter:label2\" content=\"Tempo estimado de leitura\" \/>\n\t<meta name=\"twitter:data2\" content=\"1 minuto\" \/>\n<script type=\"application\/ld+json\" class=\"yoast-schema-graph\">{\"@context\":\"https:\/\/schema.org\",\"@graph\":[{\"@type\":\"Article\",\"@id\":\"https:\/\/portaltela.pt\/noticias\/2026\/04\/30\/morre-craig-venter-um-dos-cientistas-que-descodificaram-o-genoma-humano\/#article\",\"isPartOf\":{\"@id\":\"https:\/\/portaltela.pt\/noticias\/2026\/04\/30\/morre-craig-venter-um-dos-cientistas-que-descodificaram-o-genoma-humano\/\"},\"author\":{\"name\":\"Telinha\",\"@id\":\"https:\/\/portaltela.pt\/#\/schema\/person\/c4278d4a6028830caff9ee44b42d32ed\"},\"headline\":\"Morre Craig Venter, um dos cientistas que descodificaram o genoma humano\",\"datePublished\":\"2026-04-30T11:17:53+00:00\",\"mainEntityOfPage\":{\"@id\":\"https:\/\/portaltela.pt\/noticias\/2026\/04\/30\/morre-craig-venter-um-dos-cientistas-que-descodificaram-o-genoma-humano\/\"},\"wordCount\":272,\"image\":{\"@id\":\"https:\/\/portaltela.pt\/noticias\/2026\/04\/30\/morre-craig-venter-um-dos-cientistas-que-descodificaram-o-genoma-humano\/#primaryimage\"},\"thumbnailUrl\":\"https:\/\/portaltela.pt\/s.01k8rhncp4jt1\/2026\/04\/2085148.jpg\",\"keywords\":[\"ADN\",\"biotecnologia\",\"ci\u00eancia\",\"cientistas\",\"gen\u00e9tica\",\"Gen\u00e9tica Humana\"],\"articleSection\":[\"Internacional\",\"Not\u00edcias\"],\"inLanguage\":\"pt-PT\"},{\"@type\":\"WebPage\",\"@id\":\"https:\/\/portaltela.pt\/noticias\/2026\/04\/30\/morre-craig-venter-um-dos-cientistas-que-descodificaram-o-genoma-humano\/\",\"url\":\"https:\/\/portaltela.pt\/noticias\/2026\/04\/30\/morre-craig-venter-um-dos-cientistas-que-descodificaram-o-genoma-humano\/\",\"name\":\"Morre Craig Venter, um dos cientistas que descodificaram o genoma humano - Portal Tela Portugal\",\"isPartOf\":{\"@id\":\"https:\/\/portaltela.pt\/#website\"},\"primaryImageOfPage\":{\"@id\":\"https:\/\/portaltela.pt\/noticias\/2026\/04\/30\/morre-craig-venter-um-dos-cientistas-que-descodificaram-o-genoma-humano\/#primaryimage\"},\"image\":{\"@id\":\"https:\/\/portaltela.pt\/noticias\/2026\/04\/30\/morre-craig-venter-um-dos-cientistas-que-descodificaram-o-genoma-humano\/#primaryimage\"},\"thumbnailUrl\":\"https:\/\/portaltela.pt\/s.01k8rhncp4jt1\/2026\/04\/2085148.jpg\",\"datePublished\":\"2026-04-30T11:17:53+00:00\",\"author\":{\"@id\":\"https:\/\/portaltela.pt\/#\/schema\/person\/c4278d4a6028830caff9ee44b42d32ed\"},\"breadcrumb\":{\"@id\":\"https:\/\/portaltela.pt\/noticias\/2026\/04\/30\/morre-craig-venter-um-dos-cientistas-que-descodificaram-o-genoma-humano\/#breadcrumb\"},\"inLanguage\":\"pt-PT\",\"potentialAction\":[{\"@type\":\"ReadAction\",\"target\":[\"https:\/\/portaltela.pt\/noticias\/2026\/04\/30\/morre-craig-venter-um-dos-cientistas-que-descodificaram-o-genoma-humano\/\"]}]},{\"@type\":\"ImageObject\",\"inLanguage\":\"pt-PT\",\"@id\":\"https:\/\/portaltela.pt\/noticias\/2026\/04\/30\/morre-craig-venter-um-dos-cientistas-que-descodificaram-o-genoma-humano\/#primaryimage\",\"url\":\"https:\/\/portaltela.pt\/s.01k8rhncp4jt1\/2026\/04\/2085148.jpg\",\"contentUrl\":\"https:\/\/portaltela.pt\/s.01k8rhncp4jt1\/2026\/04\/2085148.jpg\",\"width\":796,\"height\":448,\"caption\":\"Craig Venter em 2000, aquando do an\u00fancio da sequencia\u00e7\u00e3o do genoma humano pela primeira vez\"},{\"@type\":\"BreadcrumbList\",\"@id\":\"https:\/\/portaltela.pt\/noticias\/2026\/04\/30\/morre-craig-venter-um-dos-cientistas-que-descodificaram-o-genoma-humano\/#breadcrumb\",\"itemListElement\":[{\"@type\":\"ListItem\",\"position\":1,\"name\":\"In\u00edcio\",\"item\":\"https:\/\/portaltela.pt\/\"},{\"@type\":\"ListItem\",\"position\":2,\"name\":\"Morre Craig Venter, um dos cientistas que descodificaram o genoma humano\"}]},{\"@type\":\"WebSite\",\"@id\":\"https:\/\/portaltela.pt\/#website\",\"url\":\"https:\/\/portaltela.pt\/\",\"name\":\"Portal Tela Portugal\",\"description\":\"\",\"potentialAction\":[{\"@type\":\"SearchAction\",\"target\":{\"@type\":\"EntryPoint\",\"urlTemplate\":\"https:\/\/portaltela.pt\/?s={search_term_string}\"},\"query-input\":{\"@type\":\"PropertyValueSpecification\",\"valueRequired\":true,\"valueName\":\"search_term_string\"}}],\"inLanguage\":\"pt-PT\"},{\"@type\":\"Person\",\"@id\":\"https:\/\/portaltela.pt\/#\/schema\/person\/c4278d4a6028830caff9ee44b42d32ed\",\"name\":\"Telinha\",\"image\":{\"@type\":\"ImageObject\",\"inLanguage\":\"pt-PT\",\"@id\":\"https:\/\/portaltela.pt\/s.01k8rhncp4jt1\/2025\/11\/talking-bot-125x125.png\",\"url\":\"https:\/\/portaltela.pt\/s.01k8rhncp4jt1\/2025\/11\/talking-bot-125x125.png\",\"contentUrl\":\"https:\/\/portaltela.pt\/s.01k8rhncp4jt1\/2025\/11\/talking-bot-125x125.png\",\"caption\":\"Telinha\"},\"sameAs\":[\"https:\/\/portaltela.pt\/\"],\"url\":\"https:\/\/portaltela.pt\/por\/367410592786\/\"}]}<\/script>\n<!-- \/ Yoast SEO plugin. -->","yoast_head_json":{"title":"Morre Craig Venter, um dos cientistas que descodificaram o genoma humano - Portal Tela Portugal","robots":{"index":"index","follow":"follow","max-snippet":"max-snippet:-1","max-image-preview":"max-image-preview:large","max-video-preview":"max-video-preview:-1"},"og_locale":"pt_PT","og_type":"article","og_title":"Morre Craig Venter, um dos cientistas que descodificaram o genoma humano - Portal Tela Portugal","og_description":"Morreu aos 79 anos, em San Diego, ap\u00f3s complica\u00e7\u00f5es nos tratamentos oncol\u00f3gicos, anunciou o Instituto J. Craig Venter. Em 26 de junho de 2000, foi apresentado o primeiro rascunho do genoma humano, com mais de noventa por cento da sua composi\u00e7\u00e3o descodificada. Venter fundou a Celera para competir com o projeto p\u00fablico de descodifica\u00e7\u00e3o, acelerando a obten\u00e7\u00e3o de resultados. No in\u00edcio dos anos dois mil, o seu grupo desenvolveu a biologia sint\u00e9tica e criou a primeira c\u00e9lula sint\u00e9tica capaz de se multiplicar em laborat\u00f3rio. O programa envolveu ainda expedi\u00e7\u00f5es de sequenciamento de ADN marinho, e o trabalho utilizou dados de cinco pessoas, sendo uma delas Craig Venter.","og_url":"https:\/\/portaltela.pt\/noticias\/2026\/04\/30\/morre-craig-venter-um-dos-cientistas-que-descodificaram-o-genoma-humano\/","og_site_name":"Portal Tela Portugal","article_published_time":"2026-04-30T11:17:53+00:00","author":"Telinha","twitter_card":"summary_large_image","twitter_misc":{"Escrito por":"Telinha","Tempo estimado de leitura":"1 minuto"},"schema":{"@context":"https:\/\/schema.org","@graph":[{"@type":"Article","@id":"https:\/\/portaltela.pt\/noticias\/2026\/04\/30\/morre-craig-venter-um-dos-cientistas-que-descodificaram-o-genoma-humano\/#article","isPartOf":{"@id":"https:\/\/portaltela.pt\/noticias\/2026\/04\/30\/morre-craig-venter-um-dos-cientistas-que-descodificaram-o-genoma-humano\/"},"author":{"name":"Telinha","@id":"https:\/\/portaltela.pt\/#\/schema\/person\/c4278d4a6028830caff9ee44b42d32ed"},"headline":"Morre Craig Venter, um dos cientistas que descodificaram o genoma humano","datePublished":"2026-04-30T11:17:53+00:00","mainEntityOfPage":{"@id":"https:\/\/portaltela.pt\/noticias\/2026\/04\/30\/morre-craig-venter-um-dos-cientistas-que-descodificaram-o-genoma-humano\/"},"wordCount":272,"image":{"@id":"https:\/\/portaltela.pt\/noticias\/2026\/04\/30\/morre-craig-venter-um-dos-cientistas-que-descodificaram-o-genoma-humano\/#primaryimage"},"thumbnailUrl":"https:\/\/portaltela.pt\/s.01k8rhncp4jt1\/2026\/04\/2085148.jpg","keywords":["ADN","biotecnologia","ci\u00eancia","cientistas","gen\u00e9tica","Gen\u00e9tica Humana"],"articleSection":["Internacional","Not\u00edcias"],"inLanguage":"pt-PT"},{"@type":"WebPage","@id":"https:\/\/portaltela.pt\/noticias\/2026\/04\/30\/morre-craig-venter-um-dos-cientistas-que-descodificaram-o-genoma-humano\/","url":"https:\/\/portaltela.pt\/noticias\/2026\/04\/30\/morre-craig-venter-um-dos-cientistas-que-descodificaram-o-genoma-humano\/","name":"Morre Craig Venter, um dos cientistas que descodificaram o genoma humano - Portal Tela Portugal","isPartOf":{"@id":"https:\/\/portaltela.pt\/#website"},"primaryImageOfPage":{"@id":"https:\/\/portaltela.pt\/noticias\/2026\/04\/30\/morre-craig-venter-um-dos-cientistas-que-descodificaram-o-genoma-humano\/#primaryimage"},"image":{"@id":"https:\/\/portaltela.pt\/noticias\/2026\/04\/30\/morre-craig-venter-um-dos-cientistas-que-descodificaram-o-genoma-humano\/#primaryimage"},"thumbnailUrl":"https:\/\/portaltela.pt\/s.01k8rhncp4jt1\/2026\/04\/2085148.jpg","datePublished":"2026-04-30T11:17:53+00:00","author":{"@id":"https:\/\/portaltela.pt\/#\/schema\/person\/c4278d4a6028830caff9ee44b42d32ed"},"breadcrumb":{"@id":"https:\/\/portaltela.pt\/noticias\/2026\/04\/30\/morre-craig-venter-um-dos-cientistas-que-descodificaram-o-genoma-humano\/#breadcrumb"},"inLanguage":"pt-PT","potentialAction":[{"@type":"ReadAction","target":["https:\/\/portaltela.pt\/noticias\/2026\/04\/30\/morre-craig-venter-um-dos-cientistas-que-descodificaram-o-genoma-humano\/"]}]},{"@type":"ImageObject","inLanguage":"pt-PT","@id":"https:\/\/portaltela.pt\/noticias\/2026\/04\/30\/morre-craig-venter-um-dos-cientistas-que-descodificaram-o-genoma-humano\/#primaryimage","url":"https:\/\/portaltela.pt\/s.01k8rhncp4jt1\/2026\/04\/2085148.jpg","contentUrl":"https:\/\/portaltela.pt\/s.01k8rhncp4jt1\/2026\/04\/2085148.jpg","width":796,"height":448,"caption":"Craig Venter em 2000, aquando do an\u00fancio da sequencia\u00e7\u00e3o do genoma humano pela primeira vez"},{"@type":"BreadcrumbList","@id":"https:\/\/portaltela.pt\/noticias\/2026\/04\/30\/morre-craig-venter-um-dos-cientistas-que-descodificaram-o-genoma-humano\/#breadcrumb","itemListElement":[{"@type":"ListItem","position":1,"name":"In\u00edcio","item":"https:\/\/portaltela.pt\/"},{"@type":"ListItem","position":2,"name":"Morre Craig Venter, um dos cientistas que descodificaram o genoma humano"}]},{"@type":"WebSite","@id":"https:\/\/portaltela.pt\/#website","url":"https:\/\/portaltela.pt\/","name":"Portal Tela Portugal","description":"","potentialAction":[{"@type":"SearchAction","target":{"@type":"EntryPoint","urlTemplate":"https:\/\/portaltela.pt\/?s={search_term_string}"},"query-input":{"@type":"PropertyValueSpecification","valueRequired":true,"valueName":"search_term_string"}}],"inLanguage":"pt-PT"},{"@type":"Person","@id":"https:\/\/portaltela.pt\/#\/schema\/person\/c4278d4a6028830caff9ee44b42d32ed","name":"Telinha","image":{"@type":"ImageObject","inLanguage":"pt-PT","@id":"https:\/\/portaltela.pt\/s.01k8rhncp4jt1\/2025\/11\/talking-bot-125x125.png","url":"https:\/\/portaltela.pt\/s.01k8rhncp4jt1\/2025\/11\/talking-bot-125x125.png","contentUrl":"https:\/\/portaltela.pt\/s.01k8rhncp4jt1\/2025\/11\/talking-bot-125x125.png","caption":"Telinha"},"sameAs":["https:\/\/portaltela.pt\/"],"url":"https:\/\/portaltela.pt\/por\/367410592786\/"}]}},"_links":{"self":[{"href":"https:\/\/portaltela.pt\/api\/wp\/v2\/posts\/462255","targetHints":{"allow":["GET"]}}],"collection":[{"href":"https:\/\/portaltela.pt\/api\/wp\/v2\/posts"}],"about":[{"href":"https:\/\/portaltela.pt\/api\/wp\/v2\/types\/post"}],"author":[{"embeddable":true,"href":"https:\/\/portaltela.pt\/api\/wp\/v2\/users\/2"}],"replies":[{"embeddable":true,"href":"https:\/\/portaltela.pt\/api\/wp\/v2\/comments?post=462255"}],"version-history":[{"count":0,"href":"https:\/\/portaltela.pt\/api\/wp\/v2\/posts\/462255\/revisions"}],"wp:featuredmedia":[{"embeddable":true,"href":"https:\/\/portaltela.pt\/api\/wp\/v2\/media\/462259"}],"wp:attachment":[{"href":"https:\/\/portaltela.pt\/api\/wp\/v2\/media?parent=462255"}],"wp:term":[{"taxonomy":"category","embeddable":true,"href":"https:\/\/portaltela.pt\/api\/wp\/v2\/categories?post=462255"},{"taxonomy":"post_tag","embeddable":true,"href":"https:\/\/portaltela.pt\/api\/wp\/v2\/tags?post=462255"}],"curies":[{"name":"wp","href":"https:\/\/api.w.org\/{rel}","templated":true}]}}