{"id":462240,"date":"2026-04-30T08:03:28","date_gmt":"2026-04-30T11:03:28","guid":{"rendered":"https:\/\/portaltela.pt\/noticias\/2026\/04\/30\/familia-em-leiria-sem-telecomunicacoes-3-meses-apos-a-tempestade-kristin\/"},"modified":"2026-04-30T08:03:28","modified_gmt":"2026-04-30T11:03:28","slug":"familia-em-leiria-sem-telecomunicacoes-3-meses-apos-a-tempestade-kristin","status":"publish","type":"post","link":"https:\/\/portaltela.pt\/tecnologia\/2026\/04\/30\/familia-em-leiria-sem-telecomunicacoes-3-meses-apos-a-tempestade-kristin\/","title":{"rendered":"Fam\u00edlia em Leiria sem telecomunica\u00e7\u00f5es 3 meses ap\u00f3s a tempestade Kristin"},"content":{"rendered":"<p>Ainda hoje, tr\u00eas meses depois da tempestade Kristin, uma fam\u00edlia de Leiria continua sem acesso a telecomunica\u00e7\u00f5es, na Barreira. O dano \u00e0s infraestruturas deixou-as sem internet nem televis\u00e3o desde o dia anterior ao temporal.<\/p>\n<p>Segundo os moradores, as promessas de repara\u00e7\u00e3o r\u00e1pida nunca se materializaram. As falhas persistem, impedindo a rotina familiar e o trabalho que depende da internet, al\u00e9m de dificultar a comunica\u00e7\u00e3o com familiares.<\/p>\n<p>A situa\u00e7\u00e3o \u00e9 a principal queixa entre os residentes da regi\u00e3o, que continuam a aguardar uma resposta definitiva das autoridades locais e das operadoras de telecomunica\u00e7\u00f5es, sem indica\u00e7\u00e3o de prazos para a resolu\u00e7\u00e3o.<\/p>\n<h3>Impacto na comunidade<\/h3>\n<p>A aus\u00eancia de servi\u00e7os essenciais tem provocado transtornos di\u00e1rios, especialmente para quem trabalha em regime remoto ou precisa de acesso constante \u00e0 informa\u00e7\u00e3o e aos contactos do dia a dia.<\/p>\n","protected":false},"excerpt":{"rendered":"<ul>\n<li>Em Leiria, tr\u00eas meses ap\u00f3s a tempestade Kristin, a popula\u00e7\u00e3o ainda n\u00e3o tem acesso \u00e0s telecomunica\u00e7\u00f5es.<\/li>\n<li>A principal queixa \u00e9 falha e atraso na reposi\u00e7\u00e3o dos servi\u00e7os, com promessas de repara\u00e7\u00e3o que n\u00e3o foram cumpridas.<\/li>\n<li>Para a fam\u00edlia da Barreira, o dia anterior \u00e0 tempestade foi o \u00faltimo em que puderam ver televis\u00e3o e ter internet em casa.<\/li>\n<li>Dificuldades surgiram logo ap\u00f3s a tempestade, que destruiu infraestruturas e deixou v\u00e1rias \u00e1reas sem comunica\u00e7\u00e3o.<\/li>\n<li>Autoridades locais e operadoras n\u00e3o apresentaram uma solu\u00e7\u00e3o definitiva, mantendo os residentes na espera por uma resolu\u00e7\u00e3o.<\/li>\n<\/ul>\n","protected":false},"author":2,"featured_media":462243,"comment_status":"closed","ping_status":"closed","sticky":false,"template":"","format":"standard","meta":{"footnotes":""},"categories":[6871,6716],"tags":[7922,8198,8276,8134,8476,8400],"class_list":["post-462240","post","type-post","status-publish","format-standard","has-post-thumbnail","hentry","category-sociedade","category-tecnologia","tag-_catastrofes-naturais","tag-_leiria","tag-_pessoas","tag-_servicos-publicos","tag-_telecomunicacoes","tag-_tempestades"],"yoast_head":"<!-- This site is optimized with the Yoast SEO plugin v27.2 - https:\/\/yoast.com\/product\/yoast-seo-wordpress\/ -->\n<title>Fam\u00edlia em Leiria sem telecomunica\u00e7\u00f5es 3 meses ap\u00f3s a tempestade Kristin - Portal Tela Portugal<\/title>\n<meta name=\"robots\" content=\"index, follow, max-snippet:-1, max-image-preview:large, max-video-preview:-1\" \/>\n<meta property=\"og:locale\" content=\"pt_PT\" \/>\n<meta property=\"og:type\" content=\"article\" \/>\n<meta property=\"og:title\" content=\"Fam\u00edlia em Leiria sem telecomunica\u00e7\u00f5es 3 meses ap\u00f3s a tempestade Kristin - Portal Tela Portugal\" \/>\n<meta property=\"og:description\" content=\"Em Leiria, tr\u00eas meses ap\u00f3s a tempestade Kristin, a popula\u00e7\u00e3o ainda n\u00e3o tem acesso \u00e0s telecomunica\u00e7\u00f5es. A principal queixa \u00e9 falha e atraso na reposi\u00e7\u00e3o dos servi\u00e7os, com promessas de repara\u00e7\u00e3o que n\u00e3o foram cumpridas. Para a fam\u00edlia da Barreira, o dia anterior \u00e0 tempestade foi o \u00faltimo em que puderam ver televis\u00e3o e ter internet em casa. Dificuldades surgiram logo ap\u00f3s a tempestade, que destruiu infraestruturas e deixou v\u00e1rias \u00e1reas sem comunica\u00e7\u00e3o. Autoridades locais e operadoras n\u00e3o apresentaram uma solu\u00e7\u00e3o definitiva, mantendo os residentes na espera por uma resolu\u00e7\u00e3o.\" \/>\n<meta property=\"og:url\" content=\"https:\/\/portaltela.pt\/noticias\/2026\/04\/30\/familia-em-leiria-sem-telecomunicacoes-3-meses-apos-a-tempestade-kristin\/\" \/>\n<meta property=\"og:site_name\" content=\"Portal Tela Portugal\" \/>\n<meta property=\"article:published_time\" content=\"2026-04-30T11:03:28+00:00\" \/>\n<meta name=\"author\" content=\"Telinha\" \/>\n<meta name=\"twitter:card\" content=\"summary_large_image\" \/>\n<meta name=\"twitter:label1\" content=\"Escrito por\" \/>\n\t<meta name=\"twitter:data1\" content=\"Telinha\" \/>\n\t<meta name=\"twitter:label2\" content=\"Tempo estimado de leitura\" \/>\n\t<meta name=\"twitter:data2\" content=\"1 minuto\" \/>\n<script type=\"application\/ld+json\" class=\"yoast-schema-graph\">{\"@context\":\"https:\/\/schema.org\",\"@graph\":[{\"@type\":\"Article\",\"@id\":\"https:\/\/portaltela.pt\/noticias\/2026\/04\/30\/familia-em-leiria-sem-telecomunicacoes-3-meses-apos-a-tempestade-kristin\/#article\",\"isPartOf\":{\"@id\":\"https:\/\/portaltela.pt\/noticias\/2026\/04\/30\/familia-em-leiria-sem-telecomunicacoes-3-meses-apos-a-tempestade-kristin\/\"},\"author\":{\"name\":\"Telinha\",\"@id\":\"https:\/\/portaltela.pt\/#\/schema\/person\/c4278d4a6028830caff9ee44b42d32ed\"},\"headline\":\"Fam\u00edlia em Leiria sem telecomunica\u00e7\u00f5es 3 meses ap\u00f3s a tempestade Kristin\",\"datePublished\":\"2026-04-30T11:03:28+00:00\",\"mainEntityOfPage\":{\"@id\":\"https:\/\/portaltela.pt\/noticias\/2026\/04\/30\/familia-em-leiria-sem-telecomunicacoes-3-meses-apos-a-tempestade-kristin\/\"},\"wordCount\":160,\"image\":{\"@id\":\"https:\/\/portaltela.pt\/noticias\/2026\/04\/30\/familia-em-leiria-sem-telecomunicacoes-3-meses-apos-a-tempestade-kristin\/#primaryimage\"},\"thumbnailUrl\":\"https:\/\/portaltela.pt\/s.01k8rhncp4jt1\/2026\/04\/img_1280x722uu2026-04-30-11-51-10-2282010.jpg\",\"keywords\":[\"_cat\u00e1strofes naturais\",\"_Leiria\",\"_pessoas\",\"_servi\u00e7os p\u00fablicos\",\"_telecomunica\u00e7\u00f5es\",\"_tempestades\"],\"articleSection\":[\"Sociedade\",\"Tecnologia\"],\"inLanguage\":\"pt-PT\"},{\"@type\":\"WebPage\",\"@id\":\"https:\/\/portaltela.pt\/noticias\/2026\/04\/30\/familia-em-leiria-sem-telecomunicacoes-3-meses-apos-a-tempestade-kristin\/\",\"url\":\"https:\/\/portaltela.pt\/noticias\/2026\/04\/30\/familia-em-leiria-sem-telecomunicacoes-3-meses-apos-a-tempestade-kristin\/\",\"name\":\"Fam\u00edlia em Leiria sem telecomunica\u00e7\u00f5es 3 meses ap\u00f3s a tempestade Kristin - Portal Tela Portugal\",\"isPartOf\":{\"@id\":\"https:\/\/portaltela.pt\/#website\"},\"primaryImageOfPage\":{\"@id\":\"https:\/\/portaltela.pt\/noticias\/2026\/04\/30\/familia-em-leiria-sem-telecomunicacoes-3-meses-apos-a-tempestade-kristin\/#primaryimage\"},\"image\":{\"@id\":\"https:\/\/portaltela.pt\/noticias\/2026\/04\/30\/familia-em-leiria-sem-telecomunicacoes-3-meses-apos-a-tempestade-kristin\/#primaryimage\"},\"thumbnailUrl\":\"https:\/\/portaltela.pt\/s.01k8rhncp4jt1\/2026\/04\/img_1280x722uu2026-04-30-11-51-10-2282010.jpg\",\"datePublished\":\"2026-04-30T11:03:28+00:00\",\"author\":{\"@id\":\"https:\/\/portaltela.pt\/#\/schema\/person\/c4278d4a6028830caff9ee44b42d32ed\"},\"breadcrumb\":{\"@id\":\"https:\/\/portaltela.pt\/noticias\/2026\/04\/30\/familia-em-leiria-sem-telecomunicacoes-3-meses-apos-a-tempestade-kristin\/#breadcrumb\"},\"inLanguage\":\"pt-PT\",\"potentialAction\":[{\"@type\":\"ReadAction\",\"target\":[\"https:\/\/portaltela.pt\/noticias\/2026\/04\/30\/familia-em-leiria-sem-telecomunicacoes-3-meses-apos-a-tempestade-kristin\/\"]}]},{\"@type\":\"ImageObject\",\"inLanguage\":\"pt-PT\",\"@id\":\"https:\/\/portaltela.pt\/noticias\/2026\/04\/30\/familia-em-leiria-sem-telecomunicacoes-3-meses-apos-a-tempestade-kristin\/#primaryimage\",\"url\":\"https:\/\/portaltela.pt\/s.01k8rhncp4jt1\/2026\/04\/img_1280x722uu2026-04-30-11-51-10-2282010.jpg\",\"contentUrl\":\"https:\/\/portaltela.pt\/s.01k8rhncp4jt1\/2026\/04\/img_1280x722uu2026-04-30-11-51-10-2282010.jpg\",\"width\":796,\"height\":448,\"caption\":\"\u201cPromessas s\u00e3o feitas, mas nunca cumpriram nada\u201d: Fam\u00edlia em Leiria ainda n\u00e3o tem telecomunica\u00e7\u00f5es 3 meses depois da tempestade Kristin\"},{\"@type\":\"BreadcrumbList\",\"@id\":\"https:\/\/portaltela.pt\/noticias\/2026\/04\/30\/familia-em-leiria-sem-telecomunicacoes-3-meses-apos-a-tempestade-kristin\/#breadcrumb\",\"itemListElement\":[{\"@type\":\"ListItem\",\"position\":1,\"name\":\"In\u00edcio\",\"item\":\"https:\/\/portaltela.pt\/\"},{\"@type\":\"ListItem\",\"position\":2,\"name\":\"Fam\u00edlia em Leiria sem telecomunica\u00e7\u00f5es 3 meses ap\u00f3s a tempestade Kristin\"}]},{\"@type\":\"WebSite\",\"@id\":\"https:\/\/portaltela.pt\/#website\",\"url\":\"https:\/\/portaltela.pt\/\",\"name\":\"Portal Tela Portugal\",\"description\":\"\",\"potentialAction\":[{\"@type\":\"SearchAction\",\"target\":{\"@type\":\"EntryPoint\",\"urlTemplate\":\"https:\/\/portaltela.pt\/?s={search_term_string}\"},\"query-input\":{\"@type\":\"PropertyValueSpecification\",\"valueRequired\":true,\"valueName\":\"search_term_string\"}}],\"inLanguage\":\"pt-PT\"},{\"@type\":\"Person\",\"@id\":\"https:\/\/portaltela.pt\/#\/schema\/person\/c4278d4a6028830caff9ee44b42d32ed\",\"name\":\"Telinha\",\"image\":{\"@type\":\"ImageObject\",\"inLanguage\":\"pt-PT\",\"@id\":\"https:\/\/portaltela.pt\/s.01k8rhncp4jt1\/2025\/11\/talking-bot-125x125.png\",\"url\":\"https:\/\/portaltela.pt\/s.01k8rhncp4jt1\/2025\/11\/talking-bot-125x125.png\",\"contentUrl\":\"https:\/\/portaltela.pt\/s.01k8rhncp4jt1\/2025\/11\/talking-bot-125x125.png\",\"caption\":\"Telinha\"},\"sameAs\":[\"https:\/\/portaltela.pt\/\"],\"url\":\"https:\/\/portaltela.pt\/por\/367410592786\/\"}]}<\/script>\n<!-- \/ Yoast SEO plugin. -->","yoast_head_json":{"title":"Fam\u00edlia em Leiria sem telecomunica\u00e7\u00f5es 3 meses ap\u00f3s a tempestade Kristin - Portal Tela Portugal","robots":{"index":"index","follow":"follow","max-snippet":"max-snippet:-1","max-image-preview":"max-image-preview:large","max-video-preview":"max-video-preview:-1"},"og_locale":"pt_PT","og_type":"article","og_title":"Fam\u00edlia em Leiria sem telecomunica\u00e7\u00f5es 3 meses ap\u00f3s a tempestade Kristin - Portal Tela Portugal","og_description":"Em Leiria, tr\u00eas meses ap\u00f3s a tempestade Kristin, a popula\u00e7\u00e3o ainda n\u00e3o tem acesso \u00e0s telecomunica\u00e7\u00f5es. A principal queixa \u00e9 falha e atraso na reposi\u00e7\u00e3o dos servi\u00e7os, com promessas de repara\u00e7\u00e3o que n\u00e3o foram cumpridas. Para a fam\u00edlia da Barreira, o dia anterior \u00e0 tempestade foi o \u00faltimo em que puderam ver televis\u00e3o e ter internet em casa. Dificuldades surgiram logo ap\u00f3s a tempestade, que destruiu infraestruturas e deixou v\u00e1rias \u00e1reas sem comunica\u00e7\u00e3o. Autoridades locais e operadoras n\u00e3o apresentaram uma solu\u00e7\u00e3o definitiva, mantendo os residentes na espera por uma resolu\u00e7\u00e3o.","og_url":"https:\/\/portaltela.pt\/noticias\/2026\/04\/30\/familia-em-leiria-sem-telecomunicacoes-3-meses-apos-a-tempestade-kristin\/","og_site_name":"Portal Tela Portugal","article_published_time":"2026-04-30T11:03:28+00:00","author":"Telinha","twitter_card":"summary_large_image","twitter_misc":{"Escrito por":"Telinha","Tempo estimado de leitura":"1 minuto"},"schema":{"@context":"https:\/\/schema.org","@graph":[{"@type":"Article","@id":"https:\/\/portaltela.pt\/noticias\/2026\/04\/30\/familia-em-leiria-sem-telecomunicacoes-3-meses-apos-a-tempestade-kristin\/#article","isPartOf":{"@id":"https:\/\/portaltela.pt\/noticias\/2026\/04\/30\/familia-em-leiria-sem-telecomunicacoes-3-meses-apos-a-tempestade-kristin\/"},"author":{"name":"Telinha","@id":"https:\/\/portaltela.pt\/#\/schema\/person\/c4278d4a6028830caff9ee44b42d32ed"},"headline":"Fam\u00edlia em Leiria sem telecomunica\u00e7\u00f5es 3 meses ap\u00f3s a tempestade Kristin","datePublished":"2026-04-30T11:03:28+00:00","mainEntityOfPage":{"@id":"https:\/\/portaltela.pt\/noticias\/2026\/04\/30\/familia-em-leiria-sem-telecomunicacoes-3-meses-apos-a-tempestade-kristin\/"},"wordCount":160,"image":{"@id":"https:\/\/portaltela.pt\/noticias\/2026\/04\/30\/familia-em-leiria-sem-telecomunicacoes-3-meses-apos-a-tempestade-kristin\/#primaryimage"},"thumbnailUrl":"https:\/\/portaltela.pt\/s.01k8rhncp4jt1\/2026\/04\/img_1280x722uu2026-04-30-11-51-10-2282010.jpg","keywords":["_cat\u00e1strofes naturais","_Leiria","_pessoas","_servi\u00e7os p\u00fablicos","_telecomunica\u00e7\u00f5es","_tempestades"],"articleSection":["Sociedade","Tecnologia"],"inLanguage":"pt-PT"},{"@type":"WebPage","@id":"https:\/\/portaltela.pt\/noticias\/2026\/04\/30\/familia-em-leiria-sem-telecomunicacoes-3-meses-apos-a-tempestade-kristin\/","url":"https:\/\/portaltela.pt\/noticias\/2026\/04\/30\/familia-em-leiria-sem-telecomunicacoes-3-meses-apos-a-tempestade-kristin\/","name":"Fam\u00edlia em Leiria sem telecomunica\u00e7\u00f5es 3 meses ap\u00f3s a tempestade Kristin - Portal Tela Portugal","isPartOf":{"@id":"https:\/\/portaltela.pt\/#website"},"primaryImageOfPage":{"@id":"https:\/\/portaltela.pt\/noticias\/2026\/04\/30\/familia-em-leiria-sem-telecomunicacoes-3-meses-apos-a-tempestade-kristin\/#primaryimage"},"image":{"@id":"https:\/\/portaltela.pt\/noticias\/2026\/04\/30\/familia-em-leiria-sem-telecomunicacoes-3-meses-apos-a-tempestade-kristin\/#primaryimage"},"thumbnailUrl":"https:\/\/portaltela.pt\/s.01k8rhncp4jt1\/2026\/04\/img_1280x722uu2026-04-30-11-51-10-2282010.jpg","datePublished":"2026-04-30T11:03:28+00:00","author":{"@id":"https:\/\/portaltela.pt\/#\/schema\/person\/c4278d4a6028830caff9ee44b42d32ed"},"breadcrumb":{"@id":"https:\/\/portaltela.pt\/noticias\/2026\/04\/30\/familia-em-leiria-sem-telecomunicacoes-3-meses-apos-a-tempestade-kristin\/#breadcrumb"},"inLanguage":"pt-PT","potentialAction":[{"@type":"ReadAction","target":["https:\/\/portaltela.pt\/noticias\/2026\/04\/30\/familia-em-leiria-sem-telecomunicacoes-3-meses-apos-a-tempestade-kristin\/"]}]},{"@type":"ImageObject","inLanguage":"pt-PT","@id":"https:\/\/portaltela.pt\/noticias\/2026\/04\/30\/familia-em-leiria-sem-telecomunicacoes-3-meses-apos-a-tempestade-kristin\/#primaryimage","url":"https:\/\/portaltela.pt\/s.01k8rhncp4jt1\/2026\/04\/img_1280x722uu2026-04-30-11-51-10-2282010.jpg","contentUrl":"https:\/\/portaltela.pt\/s.01k8rhncp4jt1\/2026\/04\/img_1280x722uu2026-04-30-11-51-10-2282010.jpg","width":796,"height":448,"caption":"\u201cPromessas s\u00e3o feitas, mas nunca cumpriram nada\u201d: Fam\u00edlia em Leiria ainda n\u00e3o tem telecomunica\u00e7\u00f5es 3 meses depois da tempestade Kristin"},{"@type":"BreadcrumbList","@id":"https:\/\/portaltela.pt\/noticias\/2026\/04\/30\/familia-em-leiria-sem-telecomunicacoes-3-meses-apos-a-tempestade-kristin\/#breadcrumb","itemListElement":[{"@type":"ListItem","position":1,"name":"In\u00edcio","item":"https:\/\/portaltela.pt\/"},{"@type":"ListItem","position":2,"name":"Fam\u00edlia em Leiria sem telecomunica\u00e7\u00f5es 3 meses ap\u00f3s a tempestade Kristin"}]},{"@type":"WebSite","@id":"https:\/\/portaltela.pt\/#website","url":"https:\/\/portaltela.pt\/","name":"Portal Tela Portugal","description":"","potentialAction":[{"@type":"SearchAction","target":{"@type":"EntryPoint","urlTemplate":"https:\/\/portaltela.pt\/?s={search_term_string}"},"query-input":{"@type":"PropertyValueSpecification","valueRequired":true,"valueName":"search_term_string"}}],"inLanguage":"pt-PT"},{"@type":"Person","@id":"https:\/\/portaltela.pt\/#\/schema\/person\/c4278d4a6028830caff9ee44b42d32ed","name":"Telinha","image":{"@type":"ImageObject","inLanguage":"pt-PT","@id":"https:\/\/portaltela.pt\/s.01k8rhncp4jt1\/2025\/11\/talking-bot-125x125.png","url":"https:\/\/portaltela.pt\/s.01k8rhncp4jt1\/2025\/11\/talking-bot-125x125.png","contentUrl":"https:\/\/portaltela.pt\/s.01k8rhncp4jt1\/2025\/11\/talking-bot-125x125.png","caption":"Telinha"},"sameAs":["https:\/\/portaltela.pt\/"],"url":"https:\/\/portaltela.pt\/por\/367410592786\/"}]}},"_links":{"self":[{"href":"https:\/\/portaltela.pt\/api\/wp\/v2\/posts\/462240","targetHints":{"allow":["GET"]}}],"collection":[{"href":"https:\/\/portaltela.pt\/api\/wp\/v2\/posts"}],"about":[{"href":"https:\/\/portaltela.pt\/api\/wp\/v2\/types\/post"}],"author":[{"embeddable":true,"href":"https:\/\/portaltela.pt\/api\/wp\/v2\/users\/2"}],"replies":[{"embeddable":true,"href":"https:\/\/portaltela.pt\/api\/wp\/v2\/comments?post=462240"}],"version-history":[{"count":0,"href":"https:\/\/portaltela.pt\/api\/wp\/v2\/posts\/462240\/revisions"}],"wp:featuredmedia":[{"embeddable":true,"href":"https:\/\/portaltela.pt\/api\/wp\/v2\/media\/462243"}],"wp:attachment":[{"href":"https:\/\/portaltela.pt\/api\/wp\/v2\/media?parent=462240"}],"wp:term":[{"taxonomy":"category","embeddable":true,"href":"https:\/\/portaltela.pt\/api\/wp\/v2\/categories?post=462240"},{"taxonomy":"post_tag","embeddable":true,"href":"https:\/\/portaltela.pt\/api\/wp\/v2\/tags?post=462240"}],"curies":[{"name":"wp","href":"https:\/\/api.w.org\/{rel}","templated":true}]}}