{"id":462238,"date":"2026-04-30T08:03:22","date_gmt":"2026-04-30T11:03:22","guid":{"rendered":"https:\/\/portaltela.pt\/noticias\/2026\/04\/30\/documentario-revela-participacao-de-enfermeiras-portuguesas-na-i-guerra-mundial\/"},"modified":"2026-04-30T08:03:22","modified_gmt":"2026-04-30T11:03:22","slug":"documentario-revela-participacao-de-enfermeiras-portuguesas-na-i-guerra-mundial","status":"publish","type":"post","link":"https:\/\/portaltela.pt\/series-e-filmes\/2026\/04\/30\/documentario-revela-participacao-de-enfermeiras-portuguesas-na-i-guerra-mundial\/","title":{"rendered":"Document\u00e1rio revela participa\u00e7\u00e3o de enfermeiras portuguesas na I Guerra Mundial"},"content":{"rendered":"<p>Damas, o document\u00e1rio da realizadora portuguesa Cl\u00e1udia Alves, revela a participa\u00e7\u00e3o de enfermeiras portuguesas na Primeira Guerra Mundial. O projeto cruza arquivo, encena\u00e7\u00e3o e narra\u00e7\u00e3o ficcionada para contar a hist\u00f3ria das chamadas damas enfermeiras, que se voluntariaram para cuidar dos feridos e ajudaram a criar, no norte de Fran\u00e7a, um hospital inaugurado a 9 de abril de 1918, no in\u00edcio da Batalha de La Lys.<\/p>\n<p>A obra nasceu de uma descoberta junto da Cruz Vermelha Portuguesa: um esp\u00f3lio com cartas, fotografias, registos e cartas de identifica\u00e7\u00e3o das enfermeiras. A realizadora descreve a import\u00e2ncia de conhecer as vozes femininas na hist\u00f3ria da guerra, pouco presentes nos relatos tradicionais.<\/p>\n<h3>Origens de Damas<\/h3>\n<p>A pesquisadora de 2018, ao consultar arquivos da Cruz Vermelha em Lisboa, encontrou um conjunto de documentos que serviram de base ao filme. Em Portugal, as imagens dispon\u00edveis s\u00e3o escassas, pelo que o projeto recorreu a arquivos internacionais, incluindo o Imperial War Museum, em Londres.<\/p>\n<h3>Estrutura e abordagem<\/h3>\n<p>Para contornar a aus\u00eancia de di\u00e1rios pessoais, o document\u00e1rio recorre a uma narrativa ficcionada centrada numa personagem guia. O filme \u00e9 dividido em quatro partes: Di\u00e1rio de Portugal, Cr\u00f3nicas de Guerra, a constru\u00e7\u00e3o do hospital de Ambleteuse e o Ep\u00edlogo sobre o p\u00f3s-guerra.<\/p>\n<h3>Produ\u00e7\u00e3o e financiamento<\/h3>\n<p>A Ukbar Films produz o document\u00e1rio, que iniciou o desenvolvimento em 2018 e obteve apoio p\u00fablico em 2020. O processo enfrentou limita\u00e7\u00f5es or\u00e7amentais, especialmente na aquisi\u00e7\u00e3o de imagens de arquivo internacionais, com custos elevados.<\/p>\n<h3>Estreia e circula\u00e7\u00e3o<\/h3>\n<p>Damas estreou mundialmente em 2025 no Festival Internacional de Cine en Guadalajara, no M\u00e9xico, e integrou o Arch\u00e9 &#8211; Doclisboa, recebendo o Pr\u00e9mio de melhor filme em desenvolvimento. Em Portugal, chega \u00e0s salas ap\u00f3s um percurso de circula\u00e7\u00e3o marcado por dificuldades de acesso ao p\u00fablico.<\/p>\n<h3>Objetivo do projeto<\/h3>\n<p>A realizadora sublinha a invisibilidade hist\u00f3rica das mulheres na guerra e a relev\u00e2ncia de resgatar estas vozes. Damas pretende contribuir para uma leitura menos desigual da hist\u00f3ria, sem emitir ju\u00edzos ou conclus\u00f5es, apenas apresentar os factos e o contexto.<\/p>\n","protected":false},"excerpt":{"rendered":"<ul>\n<li>Damas reconstr\u00f3i a participa\u00e7\u00e3o de enfermeiras portuguesas na Primeira Guerra Mundial e a constru\u00e7\u00e3o de um hospital em Ambleteuse, no norte de Fran\u00e7a, inaugurado a nove de abril de mil oitocentos e dezoito, no in\u00edcio da Batalha de La Lys.<\/li>\n<li>A realizadora \u00e9 Cl\u00e1udia Alves, que encontrou o esp\u00f3lio nos arquivos da Cruz Vermelha Portuguesa, o que desencadeou o projeto.<\/li>\n<li>O document\u00e1rio mistura arquivo, encena\u00e7\u00e3o e narra\u00e7\u00e3o ficcionada, dividido em quatro partes, incluindo as sec\u00e7\u00f5es Di\u00e1rio de Portugal e Cr\u00f3nicas de Guerra.<\/li>\n<li>Estreou em Portugal a quarenta e 30 de abril; mundialmente, em mil novecentos e vinte e cinco, no Festival Internacional de Cine en Guadalajara (M\u00e9xico), e venceu o Pr\u00e9mio de Melhor Filme em Desenvolvimento no Arch\u00e9 \u2013 Doclisboa.<\/li>\n<li>A produ\u00e7\u00e3o \u00e9 da Ukbar Films e a equipa enfrentou custos elevados para adquirir imagens de arquivo internacionais.<\/li>\n<\/ul>\n","protected":false},"author":2,"featured_media":462247,"comment_status":"closed","ping_status":"closed","sticky":false,"template":"","format":"standard","meta":{"footnotes":""},"categories":[7375,7368],"tags":[2599,196,2662,62,299,2701],"class_list":["post-462238","post","type-post","status-publish","format-standard","has-post-thumbnail","hentry","category-cultura","category-series-e-filmes","tag-cruz-vermelha-portuguesa","tag-documentarios","tag-enfermagem","tag-guerra","tag-historia","tag-mulheres"],"yoast_head":"<!-- This site is optimized with the Yoast SEO plugin v27.2 - https:\/\/yoast.com\/product\/yoast-seo-wordpress\/ -->\n<title>Document\u00e1rio revela participa\u00e7\u00e3o de enfermeiras portuguesas na I Guerra Mundial - Portal Tela Portugal<\/title>\n<meta name=\"robots\" content=\"index, follow, max-snippet:-1, max-image-preview:large, max-video-preview:-1\" \/>\n<meta property=\"og:locale\" content=\"pt_PT\" \/>\n<meta property=\"og:type\" content=\"article\" \/>\n<meta property=\"og:title\" content=\"Document\u00e1rio revela participa\u00e7\u00e3o de enfermeiras portuguesas na I Guerra Mundial - Portal Tela Portugal\" \/>\n<meta property=\"og:description\" content=\"Damas reconstr\u00f3i a participa\u00e7\u00e3o de enfermeiras portuguesas na Primeira Guerra Mundial e a constru\u00e7\u00e3o de um hospital em Ambleteuse, no norte de Fran\u00e7a, inaugurado a nove de abril de mil oitocentos e dezoito, no in\u00edcio da Batalha de La Lys. A realizadora \u00e9 Cl\u00e1udia Alves, que encontrou o esp\u00f3lio nos arquivos da Cruz Vermelha Portuguesa, o que desencadeou o projeto. O document\u00e1rio mistura arquivo, encena\u00e7\u00e3o e narra\u00e7\u00e3o ficcionada, dividido em quatro partes, incluindo as sec\u00e7\u00f5es Di\u00e1rio de Portugal e Cr\u00f3nicas de Guerra. Estreou em Portugal a quarenta e 30 de abril; mundialmente, em mil novecentos e vinte e cinco, no Festival Internacional de Cine en Guadalajara (M\u00e9xico), e venceu o Pr\u00e9mio de Melhor Filme em Desenvolvimento no Arch\u00e9 \u2013 Doclisboa. A produ\u00e7\u00e3o \u00e9 da Ukbar Films e a equipa enfrentou custos elevados para adquirir imagens de arquivo internacionais.\" \/>\n<meta property=\"og:url\" content=\"https:\/\/portaltela.pt\/noticias\/2026\/04\/30\/documentario-revela-participacao-de-enfermeiras-portuguesas-na-i-guerra-mundial\/\" \/>\n<meta property=\"og:site_name\" content=\"Portal Tela Portugal\" \/>\n<meta property=\"article:published_time\" content=\"2026-04-30T11:03:22+00:00\" \/>\n<meta name=\"author\" content=\"Telinha\" \/>\n<meta name=\"twitter:card\" content=\"summary_large_image\" \/>\n<meta name=\"twitter:label1\" content=\"Escrito por\" \/>\n\t<meta name=\"twitter:data1\" content=\"Telinha\" \/>\n\t<meta name=\"twitter:label2\" content=\"Tempo estimado de leitura\" \/>\n\t<meta name=\"twitter:data2\" content=\"2 minutos\" \/>\n<script type=\"application\/ld+json\" class=\"yoast-schema-graph\">{\"@context\":\"https:\/\/schema.org\",\"@graph\":[{\"@type\":\"Article\",\"@id\":\"https:\/\/portaltela.pt\/noticias\/2026\/04\/30\/documentario-revela-participacao-de-enfermeiras-portuguesas-na-i-guerra-mundial\/#article\",\"isPartOf\":{\"@id\":\"https:\/\/portaltela.pt\/noticias\/2026\/04\/30\/documentario-revela-participacao-de-enfermeiras-portuguesas-na-i-guerra-mundial\/\"},\"author\":{\"name\":\"Telinha\",\"@id\":\"https:\/\/portaltela.pt\/#\/schema\/person\/c4278d4a6028830caff9ee44b42d32ed\"},\"headline\":\"Document\u00e1rio revela participa\u00e7\u00e3o de enfermeiras portuguesas na I Guerra Mundial\",\"datePublished\":\"2026-04-30T11:03:22+00:00\",\"mainEntityOfPage\":{\"@id\":\"https:\/\/portaltela.pt\/noticias\/2026\/04\/30\/documentario-revela-participacao-de-enfermeiras-portuguesas-na-i-guerra-mundial\/\"},\"wordCount\":372,\"image\":{\"@id\":\"https:\/\/portaltela.pt\/noticias\/2026\/04\/30\/documentario-revela-participacao-de-enfermeiras-portuguesas-na-i-guerra-mundial\/#primaryimage\"},\"thumbnailUrl\":\"https:\/\/portaltela.pt\/s.01k8rhncp4jt1\/2026\/04\/image-1713.jpg\",\"keywords\":[\"Cruz Vermelha Portuguesa\",\"document\u00e1rios\",\"Enfermagem\",\"guerra\",\"hist\u00f3ria\",\"Mulheres\"],\"articleSection\":[\"Cultura\",\"S\u00e9ries e filmes\"],\"inLanguage\":\"pt-PT\"},{\"@type\":\"WebPage\",\"@id\":\"https:\/\/portaltela.pt\/noticias\/2026\/04\/30\/documentario-revela-participacao-de-enfermeiras-portuguesas-na-i-guerra-mundial\/\",\"url\":\"https:\/\/portaltela.pt\/noticias\/2026\/04\/30\/documentario-revela-participacao-de-enfermeiras-portuguesas-na-i-guerra-mundial\/\",\"name\":\"Document\u00e1rio revela participa\u00e7\u00e3o de enfermeiras portuguesas na I Guerra Mundial - Portal Tela Portugal\",\"isPartOf\":{\"@id\":\"https:\/\/portaltela.pt\/#website\"},\"primaryImageOfPage\":{\"@id\":\"https:\/\/portaltela.pt\/noticias\/2026\/04\/30\/documentario-revela-participacao-de-enfermeiras-portuguesas-na-i-guerra-mundial\/#primaryimage\"},\"image\":{\"@id\":\"https:\/\/portaltela.pt\/noticias\/2026\/04\/30\/documentario-revela-participacao-de-enfermeiras-portuguesas-na-i-guerra-mundial\/#primaryimage\"},\"thumbnailUrl\":\"https:\/\/portaltela.pt\/s.01k8rhncp4jt1\/2026\/04\/image-1713.jpg\",\"datePublished\":\"2026-04-30T11:03:22+00:00\",\"author\":{\"@id\":\"https:\/\/portaltela.pt\/#\/schema\/person\/c4278d4a6028830caff9ee44b42d32ed\"},\"breadcrumb\":{\"@id\":\"https:\/\/portaltela.pt\/noticias\/2026\/04\/30\/documentario-revela-participacao-de-enfermeiras-portuguesas-na-i-guerra-mundial\/#breadcrumb\"},\"inLanguage\":\"pt-PT\",\"potentialAction\":[{\"@type\":\"ReadAction\",\"target\":[\"https:\/\/portaltela.pt\/noticias\/2026\/04\/30\/documentario-revela-participacao-de-enfermeiras-portuguesas-na-i-guerra-mundial\/\"]}]},{\"@type\":\"ImageObject\",\"inLanguage\":\"pt-PT\",\"@id\":\"https:\/\/portaltela.pt\/noticias\/2026\/04\/30\/documentario-revela-participacao-de-enfermeiras-portuguesas-na-i-guerra-mundial\/#primaryimage\",\"url\":\"https:\/\/portaltela.pt\/s.01k8rhncp4jt1\/2026\/04\/image-1713.jpg\",\"contentUrl\":\"https:\/\/portaltela.pt\/s.01k8rhncp4jt1\/2026\/04\/image-1713.jpg\",\"width\":796,\"height\":448,\"caption\":\"Imagem do document\u00e1rio \\\"Damas\\\"\"},{\"@type\":\"BreadcrumbList\",\"@id\":\"https:\/\/portaltela.pt\/noticias\/2026\/04\/30\/documentario-revela-participacao-de-enfermeiras-portuguesas-na-i-guerra-mundial\/#breadcrumb\",\"itemListElement\":[{\"@type\":\"ListItem\",\"position\":1,\"name\":\"In\u00edcio\",\"item\":\"https:\/\/portaltela.pt\/\"},{\"@type\":\"ListItem\",\"position\":2,\"name\":\"Document\u00e1rio revela participa\u00e7\u00e3o de enfermeiras portuguesas na I Guerra Mundial\"}]},{\"@type\":\"WebSite\",\"@id\":\"https:\/\/portaltela.pt\/#website\",\"url\":\"https:\/\/portaltela.pt\/\",\"name\":\"Portal Tela Portugal\",\"description\":\"\",\"potentialAction\":[{\"@type\":\"SearchAction\",\"target\":{\"@type\":\"EntryPoint\",\"urlTemplate\":\"https:\/\/portaltela.pt\/?s={search_term_string}\"},\"query-input\":{\"@type\":\"PropertyValueSpecification\",\"valueRequired\":true,\"valueName\":\"search_term_string\"}}],\"inLanguage\":\"pt-PT\"},{\"@type\":\"Person\",\"@id\":\"https:\/\/portaltela.pt\/#\/schema\/person\/c4278d4a6028830caff9ee44b42d32ed\",\"name\":\"Telinha\",\"image\":{\"@type\":\"ImageObject\",\"inLanguage\":\"pt-PT\",\"@id\":\"https:\/\/portaltela.pt\/s.01k8rhncp4jt1\/2025\/11\/talking-bot-125x125.png\",\"url\":\"https:\/\/portaltela.pt\/s.01k8rhncp4jt1\/2025\/11\/talking-bot-125x125.png\",\"contentUrl\":\"https:\/\/portaltela.pt\/s.01k8rhncp4jt1\/2025\/11\/talking-bot-125x125.png\",\"caption\":\"Telinha\"},\"sameAs\":[\"https:\/\/portaltela.pt\/\"],\"url\":\"https:\/\/portaltela.pt\/por\/367410592786\/\"}]}<\/script>\n<!-- \/ Yoast SEO plugin. -->","yoast_head_json":{"title":"Document\u00e1rio revela participa\u00e7\u00e3o de enfermeiras portuguesas na I Guerra Mundial - Portal Tela Portugal","robots":{"index":"index","follow":"follow","max-snippet":"max-snippet:-1","max-image-preview":"max-image-preview:large","max-video-preview":"max-video-preview:-1"},"og_locale":"pt_PT","og_type":"article","og_title":"Document\u00e1rio revela participa\u00e7\u00e3o de enfermeiras portuguesas na I Guerra Mundial - Portal Tela Portugal","og_description":"Damas reconstr\u00f3i a participa\u00e7\u00e3o de enfermeiras portuguesas na Primeira Guerra Mundial e a constru\u00e7\u00e3o de um hospital em Ambleteuse, no norte de Fran\u00e7a, inaugurado a nove de abril de mil oitocentos e dezoito, no in\u00edcio da Batalha de La Lys. A realizadora \u00e9 Cl\u00e1udia Alves, que encontrou o esp\u00f3lio nos arquivos da Cruz Vermelha Portuguesa, o que desencadeou o projeto. O document\u00e1rio mistura arquivo, encena\u00e7\u00e3o e narra\u00e7\u00e3o ficcionada, dividido em quatro partes, incluindo as sec\u00e7\u00f5es Di\u00e1rio de Portugal e Cr\u00f3nicas de Guerra. Estreou em Portugal a quarenta e 30 de abril; mundialmente, em mil novecentos e vinte e cinco, no Festival Internacional de Cine en Guadalajara (M\u00e9xico), e venceu o Pr\u00e9mio de Melhor Filme em Desenvolvimento no Arch\u00e9 \u2013 Doclisboa. A produ\u00e7\u00e3o \u00e9 da Ukbar Films e a equipa enfrentou custos elevados para adquirir imagens de arquivo internacionais.","og_url":"https:\/\/portaltela.pt\/noticias\/2026\/04\/30\/documentario-revela-participacao-de-enfermeiras-portuguesas-na-i-guerra-mundial\/","og_site_name":"Portal Tela Portugal","article_published_time":"2026-04-30T11:03:22+00:00","author":"Telinha","twitter_card":"summary_large_image","twitter_misc":{"Escrito por":"Telinha","Tempo estimado de leitura":"2 minutos"},"schema":{"@context":"https:\/\/schema.org","@graph":[{"@type":"Article","@id":"https:\/\/portaltela.pt\/noticias\/2026\/04\/30\/documentario-revela-participacao-de-enfermeiras-portuguesas-na-i-guerra-mundial\/#article","isPartOf":{"@id":"https:\/\/portaltela.pt\/noticias\/2026\/04\/30\/documentario-revela-participacao-de-enfermeiras-portuguesas-na-i-guerra-mundial\/"},"author":{"name":"Telinha","@id":"https:\/\/portaltela.pt\/#\/schema\/person\/c4278d4a6028830caff9ee44b42d32ed"},"headline":"Document\u00e1rio revela participa\u00e7\u00e3o de enfermeiras portuguesas na I Guerra Mundial","datePublished":"2026-04-30T11:03:22+00:00","mainEntityOfPage":{"@id":"https:\/\/portaltela.pt\/noticias\/2026\/04\/30\/documentario-revela-participacao-de-enfermeiras-portuguesas-na-i-guerra-mundial\/"},"wordCount":372,"image":{"@id":"https:\/\/portaltela.pt\/noticias\/2026\/04\/30\/documentario-revela-participacao-de-enfermeiras-portuguesas-na-i-guerra-mundial\/#primaryimage"},"thumbnailUrl":"https:\/\/portaltela.pt\/s.01k8rhncp4jt1\/2026\/04\/image-1713.jpg","keywords":["Cruz Vermelha Portuguesa","document\u00e1rios","Enfermagem","guerra","hist\u00f3ria","Mulheres"],"articleSection":["Cultura","S\u00e9ries e filmes"],"inLanguage":"pt-PT"},{"@type":"WebPage","@id":"https:\/\/portaltela.pt\/noticias\/2026\/04\/30\/documentario-revela-participacao-de-enfermeiras-portuguesas-na-i-guerra-mundial\/","url":"https:\/\/portaltela.pt\/noticias\/2026\/04\/30\/documentario-revela-participacao-de-enfermeiras-portuguesas-na-i-guerra-mundial\/","name":"Document\u00e1rio revela participa\u00e7\u00e3o de enfermeiras portuguesas na I Guerra Mundial - Portal Tela Portugal","isPartOf":{"@id":"https:\/\/portaltela.pt\/#website"},"primaryImageOfPage":{"@id":"https:\/\/portaltela.pt\/noticias\/2026\/04\/30\/documentario-revela-participacao-de-enfermeiras-portuguesas-na-i-guerra-mundial\/#primaryimage"},"image":{"@id":"https:\/\/portaltela.pt\/noticias\/2026\/04\/30\/documentario-revela-participacao-de-enfermeiras-portuguesas-na-i-guerra-mundial\/#primaryimage"},"thumbnailUrl":"https:\/\/portaltela.pt\/s.01k8rhncp4jt1\/2026\/04\/image-1713.jpg","datePublished":"2026-04-30T11:03:22+00:00","author":{"@id":"https:\/\/portaltela.pt\/#\/schema\/person\/c4278d4a6028830caff9ee44b42d32ed"},"breadcrumb":{"@id":"https:\/\/portaltela.pt\/noticias\/2026\/04\/30\/documentario-revela-participacao-de-enfermeiras-portuguesas-na-i-guerra-mundial\/#breadcrumb"},"inLanguage":"pt-PT","potentialAction":[{"@type":"ReadAction","target":["https:\/\/portaltela.pt\/noticias\/2026\/04\/30\/documentario-revela-participacao-de-enfermeiras-portuguesas-na-i-guerra-mundial\/"]}]},{"@type":"ImageObject","inLanguage":"pt-PT","@id":"https:\/\/portaltela.pt\/noticias\/2026\/04\/30\/documentario-revela-participacao-de-enfermeiras-portuguesas-na-i-guerra-mundial\/#primaryimage","url":"https:\/\/portaltela.pt\/s.01k8rhncp4jt1\/2026\/04\/image-1713.jpg","contentUrl":"https:\/\/portaltela.pt\/s.01k8rhncp4jt1\/2026\/04\/image-1713.jpg","width":796,"height":448,"caption":"Imagem do document\u00e1rio \"Damas\""},{"@type":"BreadcrumbList","@id":"https:\/\/portaltela.pt\/noticias\/2026\/04\/30\/documentario-revela-participacao-de-enfermeiras-portuguesas-na-i-guerra-mundial\/#breadcrumb","itemListElement":[{"@type":"ListItem","position":1,"name":"In\u00edcio","item":"https:\/\/portaltela.pt\/"},{"@type":"ListItem","position":2,"name":"Document\u00e1rio revela participa\u00e7\u00e3o de enfermeiras portuguesas na I Guerra Mundial"}]},{"@type":"WebSite","@id":"https:\/\/portaltela.pt\/#website","url":"https:\/\/portaltela.pt\/","name":"Portal Tela Portugal","description":"","potentialAction":[{"@type":"SearchAction","target":{"@type":"EntryPoint","urlTemplate":"https:\/\/portaltela.pt\/?s={search_term_string}"},"query-input":{"@type":"PropertyValueSpecification","valueRequired":true,"valueName":"search_term_string"}}],"inLanguage":"pt-PT"},{"@type":"Person","@id":"https:\/\/portaltela.pt\/#\/schema\/person\/c4278d4a6028830caff9ee44b42d32ed","name":"Telinha","image":{"@type":"ImageObject","inLanguage":"pt-PT","@id":"https:\/\/portaltela.pt\/s.01k8rhncp4jt1\/2025\/11\/talking-bot-125x125.png","url":"https:\/\/portaltela.pt\/s.01k8rhncp4jt1\/2025\/11\/talking-bot-125x125.png","contentUrl":"https:\/\/portaltela.pt\/s.01k8rhncp4jt1\/2025\/11\/talking-bot-125x125.png","caption":"Telinha"},"sameAs":["https:\/\/portaltela.pt\/"],"url":"https:\/\/portaltela.pt\/por\/367410592786\/"}]}},"_links":{"self":[{"href":"https:\/\/portaltela.pt\/api\/wp\/v2\/posts\/462238","targetHints":{"allow":["GET"]}}],"collection":[{"href":"https:\/\/portaltela.pt\/api\/wp\/v2\/posts"}],"about":[{"href":"https:\/\/portaltela.pt\/api\/wp\/v2\/types\/post"}],"author":[{"embeddable":true,"href":"https:\/\/portaltela.pt\/api\/wp\/v2\/users\/2"}],"replies":[{"embeddable":true,"href":"https:\/\/portaltela.pt\/api\/wp\/v2\/comments?post=462238"}],"version-history":[{"count":0,"href":"https:\/\/portaltela.pt\/api\/wp\/v2\/posts\/462238\/revisions"}],"wp:featuredmedia":[{"embeddable":true,"href":"https:\/\/portaltela.pt\/api\/wp\/v2\/media\/462247"}],"wp:attachment":[{"href":"https:\/\/portaltela.pt\/api\/wp\/v2\/media?parent=462238"}],"wp:term":[{"taxonomy":"category","embeddable":true,"href":"https:\/\/portaltela.pt\/api\/wp\/v2\/categories?post=462238"},{"taxonomy":"post_tag","embeddable":true,"href":"https:\/\/portaltela.pt\/api\/wp\/v2\/tags?post=462238"}],"curies":[{"name":"wp","href":"https:\/\/api.w.org\/{rel}","templated":true}]}}