{"id":462227,"date":"2026-04-30T08:03:09","date_gmt":"2026-04-30T11:03:09","guid":{"rendered":"https:\/\/portaltela.pt\/noticias\/2026\/04\/30\/margarida-corceiro-viaja-para-miami-para-apoiar-lando-norris\/"},"modified":"2026-04-30T08:03:09","modified_gmt":"2026-04-30T11:03:09","slug":"margarida-corceiro-viaja-para-miami-para-apoiar-lando-norris","status":"publish","type":"post","link":"https:\/\/portaltela.pt\/celebridades\/2026\/04\/30\/margarida-corceiro-viaja-para-miami-para-apoiar-lando-norris\/","title":{"rendered":"Margarida Corceiro viaja para Miami para apoiar Lando Norris"},"content":{"rendered":"<p>A F\u00f3rmula 1 regressou neste fim de semana com o Grande Pr\u00e9mio de Miami e Margarida Corceiro n\u00e3o quis perder o momento. A atriz portuguesa viajou at\u00e9 aos Estados Unidos para apoiar o namorado, Lando Norris, piloto da McLaren, que ocupa o quinto lugar no mundial de pilotos.<\/p>\n<p>Antes do arranque oficial, Margarida Corceiro marcou presen\u00e7a num jantar fechado organizado por Lily Muni He, namorada de Alex Albon. O encontro serviu de conviv\u00eancia entre v\u00e1rias caras conhecidas do paddock.<\/p>\n<p>Entre os presentes estiveram Rebecca Donaldson, companheira de Carlos Sainz Jr., Carmen Montero Mundt, namorada de George Russell, Flavy Barla, associada a Esteban Ocon, e Kelly Piquet, companheira de Max Verstappen. Margarida surgiu ao lado de Kelly Piquet em imagens partilhadas nas redes.<\/p>\n<h3>Encontro social antes da corrida<\/h3>\n<p>Um v\u00eddeo publicado nas stories de Margarida mostra as duas em momento de boa disposi\u00e7\u00e3o, evidenciando a integra\u00e7\u00e3o da atriz no circuito social da F\u00f3rmula 1. A presen\u00e7a de Margarida refor\u00e7ou o estatuto do evento como polo de encontros entre o meio desportivo e o medi\u00e1tico.<\/p>\n","protected":false},"excerpt":{"rendered":"<ul>\n<li>Margarida Corceiro viajou at\u00e9 Miami para apoiar o namorado, Lando Norris, piloto da McLaren, no regresso da F\u00f3rmula 1 ao Grande Pr\u00e9mio de Miami.<\/li>\n<li>A atriz portuguesa esteve presente num jantar exclusivo organizado por Lily Muni He, namorada de Alex Albon, antes da corrida.<\/li>\n<li>O encontro reuniu v\u00e1rias figuras do universo da F1, incluindo Rebecca Donaldson (companheira de Carlos Sainz Jr.), Carmen Montero Mundt (George Russell) e Flavy Barla (Esteban Ocon), al\u00e9m de Kelly Piquet.<\/li>\n<li>Margarida Corceiro apareceu ao lado de Kelly Piquet numa partilha de v\u00eddeo nas stories do Instagram, demonstrando integra\u00e7\u00e3o no c\u00edrculo social da F1.<\/li>\n<li>O piloto da McLaren encontra-se atualmente no quinto lugar da classifica\u00e7\u00e3o do campeonato.<\/li>\n<\/ul>\n","protected":false},"author":2,"featured_media":462235,"comment_status":"closed","ping_status":"closed","sticky":false,"template":"","format":"standard","meta":{"footnotes":""},"categories":[6675],"tags":[7936,7902,8003,7999,3189,7590],"class_list":["post-462227","post","type-post","status-publish","format-standard","has-post-thumbnail","hentry","category-celebridades","tag-_acao-social","tag-_desporto","tag-_pessoas-publicas","tag-_sociedade","tag-formula-1","tag-lando-norris"],"yoast_head":"<!-- This site is optimized with the Yoast SEO plugin v27.2 - https:\/\/yoast.com\/product\/yoast-seo-wordpress\/ -->\n<title>Margarida Corceiro viaja para Miami para apoiar Lando Norris - Portal Tela Portugal<\/title>\n<meta name=\"robots\" content=\"index, follow, max-snippet:-1, max-image-preview:large, max-video-preview:-1\" \/>\n<meta property=\"og:locale\" content=\"pt_PT\" \/>\n<meta property=\"og:type\" content=\"article\" \/>\n<meta property=\"og:title\" content=\"Margarida Corceiro viaja para Miami para apoiar Lando Norris - Portal Tela Portugal\" \/>\n<meta property=\"og:description\" content=\"Margarida Corceiro viajou at\u00e9 Miami para apoiar o namorado, Lando Norris, piloto da McLaren, no regresso da F\u00f3rmula 1 ao Grande Pr\u00e9mio de Miami. A atriz portuguesa esteve presente num jantar exclusivo organizado por Lily Muni He, namorada de Alex Albon, antes da corrida. O encontro reuniu v\u00e1rias figuras do universo da F1, incluindo Rebecca Donaldson (companheira de Carlos Sainz Jr.), Carmen Montero Mundt (George Russell) e Flavy Barla (Esteban Ocon), al\u00e9m de Kelly Piquet. Margarida Corceiro apareceu ao lado de Kelly Piquet numa partilha de v\u00eddeo nas stories do Instagram, demonstrando integra\u00e7\u00e3o no c\u00edrculo social da F1. O piloto da McLaren encontra-se atualmente no quinto lugar da classifica\u00e7\u00e3o do campeonato.\" \/>\n<meta property=\"og:url\" content=\"https:\/\/portaltela.pt\/noticias\/2026\/04\/30\/margarida-corceiro-viaja-para-miami-para-apoiar-lando-norris\/\" \/>\n<meta property=\"og:site_name\" content=\"Portal Tela Portugal\" \/>\n<meta property=\"article:published_time\" content=\"2026-04-30T11:03:09+00:00\" \/>\n<meta name=\"author\" content=\"Telinha\" \/>\n<meta name=\"twitter:card\" content=\"summary_large_image\" \/>\n<meta name=\"twitter:label1\" content=\"Escrito por\" \/>\n\t<meta name=\"twitter:data1\" content=\"Telinha\" \/>\n\t<meta name=\"twitter:label2\" content=\"Tempo estimado de leitura\" \/>\n\t<meta name=\"twitter:data2\" content=\"1 minuto\" \/>\n<script type=\"application\/ld+json\" class=\"yoast-schema-graph\">{\"@context\":\"https:\/\/schema.org\",\"@graph\":[{\"@type\":\"Article\",\"@id\":\"https:\/\/portaltela.pt\/noticias\/2026\/04\/30\/margarida-corceiro-viaja-para-miami-para-apoiar-lando-norris\/#article\",\"isPartOf\":{\"@id\":\"https:\/\/portaltela.pt\/noticias\/2026\/04\/30\/margarida-corceiro-viaja-para-miami-para-apoiar-lando-norris\/\"},\"author\":{\"name\":\"Telinha\",\"@id\":\"https:\/\/portaltela.pt\/#\/schema\/person\/c4278d4a6028830caff9ee44b42d32ed\"},\"headline\":\"Margarida Corceiro viaja para Miami para apoiar Lando Norris\",\"datePublished\":\"2026-04-30T11:03:09+00:00\",\"mainEntityOfPage\":{\"@id\":\"https:\/\/portaltela.pt\/noticias\/2026\/04\/30\/margarida-corceiro-viaja-para-miami-para-apoiar-lando-norris\/\"},\"wordCount\":193,\"image\":{\"@id\":\"https:\/\/portaltela.pt\/noticias\/2026\/04\/30\/margarida-corceiro-viaja-para-miami-para-apoiar-lando-norris\/#primaryimage\"},\"thumbnailUrl\":\"https:\/\/portaltela.pt\/s.01k8rhncp4jt1\/2026\/04\/img_1280x718uu2026-01-02-18-13-15-2257648-im-639064048141158570.jpg\",\"keywords\":[\"_a\u00e7\u00e3o social\",\"_desporto\",\"_pessoas p\u00fablicas\",\"_sociedade\",\"F\u00f3rmula 1\",\"Lando Norris\"],\"articleSection\":[\"Celebridades\"],\"inLanguage\":\"pt-PT\"},{\"@type\":\"WebPage\",\"@id\":\"https:\/\/portaltela.pt\/noticias\/2026\/04\/30\/margarida-corceiro-viaja-para-miami-para-apoiar-lando-norris\/\",\"url\":\"https:\/\/portaltela.pt\/noticias\/2026\/04\/30\/margarida-corceiro-viaja-para-miami-para-apoiar-lando-norris\/\",\"name\":\"Margarida Corceiro viaja para Miami para apoiar Lando Norris - Portal Tela Portugal\",\"isPartOf\":{\"@id\":\"https:\/\/portaltela.pt\/#website\"},\"primaryImageOfPage\":{\"@id\":\"https:\/\/portaltela.pt\/noticias\/2026\/04\/30\/margarida-corceiro-viaja-para-miami-para-apoiar-lando-norris\/#primaryimage\"},\"image\":{\"@id\":\"https:\/\/portaltela.pt\/noticias\/2026\/04\/30\/margarida-corceiro-viaja-para-miami-para-apoiar-lando-norris\/#primaryimage\"},\"thumbnailUrl\":\"https:\/\/portaltela.pt\/s.01k8rhncp4jt1\/2026\/04\/img_1280x718uu2026-01-02-18-13-15-2257648-im-639064048141158570.jpg\",\"datePublished\":\"2026-04-30T11:03:09+00:00\",\"author\":{\"@id\":\"https:\/\/portaltela.pt\/#\/schema\/person\/c4278d4a6028830caff9ee44b42d32ed\"},\"breadcrumb\":{\"@id\":\"https:\/\/portaltela.pt\/noticias\/2026\/04\/30\/margarida-corceiro-viaja-para-miami-para-apoiar-lando-norris\/#breadcrumb\"},\"inLanguage\":\"pt-PT\",\"potentialAction\":[{\"@type\":\"ReadAction\",\"target\":[\"https:\/\/portaltela.pt\/noticias\/2026\/04\/30\/margarida-corceiro-viaja-para-miami-para-apoiar-lando-norris\/\"]}]},{\"@type\":\"ImageObject\",\"inLanguage\":\"pt-PT\",\"@id\":\"https:\/\/portaltela.pt\/noticias\/2026\/04\/30\/margarida-corceiro-viaja-para-miami-para-apoiar-lando-norris\/#primaryimage\",\"url\":\"https:\/\/portaltela.pt\/s.01k8rhncp4jt1\/2026\/04\/img_1280x718uu2026-01-02-18-13-15-2257648-im-639064048141158570.jpg\",\"contentUrl\":\"https:\/\/portaltela.pt\/s.01k8rhncp4jt1\/2026\/04\/img_1280x718uu2026-01-02-18-13-15-2257648-im-639064048141158570.jpg\",\"width\":796,\"height\":448,\"caption\":\"Margarida Corceiro\"},{\"@type\":\"BreadcrumbList\",\"@id\":\"https:\/\/portaltela.pt\/noticias\/2026\/04\/30\/margarida-corceiro-viaja-para-miami-para-apoiar-lando-norris\/#breadcrumb\",\"itemListElement\":[{\"@type\":\"ListItem\",\"position\":1,\"name\":\"In\u00edcio\",\"item\":\"https:\/\/portaltela.pt\/\"},{\"@type\":\"ListItem\",\"position\":2,\"name\":\"Margarida Corceiro viaja para Miami para apoiar Lando Norris\"}]},{\"@type\":\"WebSite\",\"@id\":\"https:\/\/portaltela.pt\/#website\",\"url\":\"https:\/\/portaltela.pt\/\",\"name\":\"Portal Tela Portugal\",\"description\":\"\",\"potentialAction\":[{\"@type\":\"SearchAction\",\"target\":{\"@type\":\"EntryPoint\",\"urlTemplate\":\"https:\/\/portaltela.pt\/?s={search_term_string}\"},\"query-input\":{\"@type\":\"PropertyValueSpecification\",\"valueRequired\":true,\"valueName\":\"search_term_string\"}}],\"inLanguage\":\"pt-PT\"},{\"@type\":\"Person\",\"@id\":\"https:\/\/portaltela.pt\/#\/schema\/person\/c4278d4a6028830caff9ee44b42d32ed\",\"name\":\"Telinha\",\"image\":{\"@type\":\"ImageObject\",\"inLanguage\":\"pt-PT\",\"@id\":\"https:\/\/portaltela.pt\/s.01k8rhncp4jt1\/2025\/11\/talking-bot-125x125.png\",\"url\":\"https:\/\/portaltela.pt\/s.01k8rhncp4jt1\/2025\/11\/talking-bot-125x125.png\",\"contentUrl\":\"https:\/\/portaltela.pt\/s.01k8rhncp4jt1\/2025\/11\/talking-bot-125x125.png\",\"caption\":\"Telinha\"},\"sameAs\":[\"https:\/\/portaltela.pt\/\"],\"url\":\"https:\/\/portaltela.pt\/por\/367410592786\/\"}]}<\/script>\n<!-- \/ Yoast SEO plugin. -->","yoast_head_json":{"title":"Margarida Corceiro viaja para Miami para apoiar Lando Norris - Portal Tela Portugal","robots":{"index":"index","follow":"follow","max-snippet":"max-snippet:-1","max-image-preview":"max-image-preview:large","max-video-preview":"max-video-preview:-1"},"og_locale":"pt_PT","og_type":"article","og_title":"Margarida Corceiro viaja para Miami para apoiar Lando Norris - Portal Tela Portugal","og_description":"Margarida Corceiro viajou at\u00e9 Miami para apoiar o namorado, Lando Norris, piloto da McLaren, no regresso da F\u00f3rmula 1 ao Grande Pr\u00e9mio de Miami. A atriz portuguesa esteve presente num jantar exclusivo organizado por Lily Muni He, namorada de Alex Albon, antes da corrida. O encontro reuniu v\u00e1rias figuras do universo da F1, incluindo Rebecca Donaldson (companheira de Carlos Sainz Jr.), Carmen Montero Mundt (George Russell) e Flavy Barla (Esteban Ocon), al\u00e9m de Kelly Piquet. Margarida Corceiro apareceu ao lado de Kelly Piquet numa partilha de v\u00eddeo nas stories do Instagram, demonstrando integra\u00e7\u00e3o no c\u00edrculo social da F1. O piloto da McLaren encontra-se atualmente no quinto lugar da classifica\u00e7\u00e3o do campeonato.","og_url":"https:\/\/portaltela.pt\/noticias\/2026\/04\/30\/margarida-corceiro-viaja-para-miami-para-apoiar-lando-norris\/","og_site_name":"Portal Tela Portugal","article_published_time":"2026-04-30T11:03:09+00:00","author":"Telinha","twitter_card":"summary_large_image","twitter_misc":{"Escrito por":"Telinha","Tempo estimado de leitura":"1 minuto"},"schema":{"@context":"https:\/\/schema.org","@graph":[{"@type":"Article","@id":"https:\/\/portaltela.pt\/noticias\/2026\/04\/30\/margarida-corceiro-viaja-para-miami-para-apoiar-lando-norris\/#article","isPartOf":{"@id":"https:\/\/portaltela.pt\/noticias\/2026\/04\/30\/margarida-corceiro-viaja-para-miami-para-apoiar-lando-norris\/"},"author":{"name":"Telinha","@id":"https:\/\/portaltela.pt\/#\/schema\/person\/c4278d4a6028830caff9ee44b42d32ed"},"headline":"Margarida Corceiro viaja para Miami para apoiar Lando Norris","datePublished":"2026-04-30T11:03:09+00:00","mainEntityOfPage":{"@id":"https:\/\/portaltela.pt\/noticias\/2026\/04\/30\/margarida-corceiro-viaja-para-miami-para-apoiar-lando-norris\/"},"wordCount":193,"image":{"@id":"https:\/\/portaltela.pt\/noticias\/2026\/04\/30\/margarida-corceiro-viaja-para-miami-para-apoiar-lando-norris\/#primaryimage"},"thumbnailUrl":"https:\/\/portaltela.pt\/s.01k8rhncp4jt1\/2026\/04\/img_1280x718uu2026-01-02-18-13-15-2257648-im-639064048141158570.jpg","keywords":["_a\u00e7\u00e3o social","_desporto","_pessoas p\u00fablicas","_sociedade","F\u00f3rmula 1","Lando Norris"],"articleSection":["Celebridades"],"inLanguage":"pt-PT"},{"@type":"WebPage","@id":"https:\/\/portaltela.pt\/noticias\/2026\/04\/30\/margarida-corceiro-viaja-para-miami-para-apoiar-lando-norris\/","url":"https:\/\/portaltela.pt\/noticias\/2026\/04\/30\/margarida-corceiro-viaja-para-miami-para-apoiar-lando-norris\/","name":"Margarida Corceiro viaja para Miami para apoiar Lando Norris - Portal Tela Portugal","isPartOf":{"@id":"https:\/\/portaltela.pt\/#website"},"primaryImageOfPage":{"@id":"https:\/\/portaltela.pt\/noticias\/2026\/04\/30\/margarida-corceiro-viaja-para-miami-para-apoiar-lando-norris\/#primaryimage"},"image":{"@id":"https:\/\/portaltela.pt\/noticias\/2026\/04\/30\/margarida-corceiro-viaja-para-miami-para-apoiar-lando-norris\/#primaryimage"},"thumbnailUrl":"https:\/\/portaltela.pt\/s.01k8rhncp4jt1\/2026\/04\/img_1280x718uu2026-01-02-18-13-15-2257648-im-639064048141158570.jpg","datePublished":"2026-04-30T11:03:09+00:00","author":{"@id":"https:\/\/portaltela.pt\/#\/schema\/person\/c4278d4a6028830caff9ee44b42d32ed"},"breadcrumb":{"@id":"https:\/\/portaltela.pt\/noticias\/2026\/04\/30\/margarida-corceiro-viaja-para-miami-para-apoiar-lando-norris\/#breadcrumb"},"inLanguage":"pt-PT","potentialAction":[{"@type":"ReadAction","target":["https:\/\/portaltela.pt\/noticias\/2026\/04\/30\/margarida-corceiro-viaja-para-miami-para-apoiar-lando-norris\/"]}]},{"@type":"ImageObject","inLanguage":"pt-PT","@id":"https:\/\/portaltela.pt\/noticias\/2026\/04\/30\/margarida-corceiro-viaja-para-miami-para-apoiar-lando-norris\/#primaryimage","url":"https:\/\/portaltela.pt\/s.01k8rhncp4jt1\/2026\/04\/img_1280x718uu2026-01-02-18-13-15-2257648-im-639064048141158570.jpg","contentUrl":"https:\/\/portaltela.pt\/s.01k8rhncp4jt1\/2026\/04\/img_1280x718uu2026-01-02-18-13-15-2257648-im-639064048141158570.jpg","width":796,"height":448,"caption":"Margarida Corceiro"},{"@type":"BreadcrumbList","@id":"https:\/\/portaltela.pt\/noticias\/2026\/04\/30\/margarida-corceiro-viaja-para-miami-para-apoiar-lando-norris\/#breadcrumb","itemListElement":[{"@type":"ListItem","position":1,"name":"In\u00edcio","item":"https:\/\/portaltela.pt\/"},{"@type":"ListItem","position":2,"name":"Margarida Corceiro viaja para Miami para apoiar Lando Norris"}]},{"@type":"WebSite","@id":"https:\/\/portaltela.pt\/#website","url":"https:\/\/portaltela.pt\/","name":"Portal Tela Portugal","description":"","potentialAction":[{"@type":"SearchAction","target":{"@type":"EntryPoint","urlTemplate":"https:\/\/portaltela.pt\/?s={search_term_string}"},"query-input":{"@type":"PropertyValueSpecification","valueRequired":true,"valueName":"search_term_string"}}],"inLanguage":"pt-PT"},{"@type":"Person","@id":"https:\/\/portaltela.pt\/#\/schema\/person\/c4278d4a6028830caff9ee44b42d32ed","name":"Telinha","image":{"@type":"ImageObject","inLanguage":"pt-PT","@id":"https:\/\/portaltela.pt\/s.01k8rhncp4jt1\/2025\/11\/talking-bot-125x125.png","url":"https:\/\/portaltela.pt\/s.01k8rhncp4jt1\/2025\/11\/talking-bot-125x125.png","contentUrl":"https:\/\/portaltela.pt\/s.01k8rhncp4jt1\/2025\/11\/talking-bot-125x125.png","caption":"Telinha"},"sameAs":["https:\/\/portaltela.pt\/"],"url":"https:\/\/portaltela.pt\/por\/367410592786\/"}]}},"_links":{"self":[{"href":"https:\/\/portaltela.pt\/api\/wp\/v2\/posts\/462227","targetHints":{"allow":["GET"]}}],"collection":[{"href":"https:\/\/portaltela.pt\/api\/wp\/v2\/posts"}],"about":[{"href":"https:\/\/portaltela.pt\/api\/wp\/v2\/types\/post"}],"author":[{"embeddable":true,"href":"https:\/\/portaltela.pt\/api\/wp\/v2\/users\/2"}],"replies":[{"embeddable":true,"href":"https:\/\/portaltela.pt\/api\/wp\/v2\/comments?post=462227"}],"version-history":[{"count":0,"href":"https:\/\/portaltela.pt\/api\/wp\/v2\/posts\/462227\/revisions"}],"wp:featuredmedia":[{"embeddable":true,"href":"https:\/\/portaltela.pt\/api\/wp\/v2\/media\/462235"}],"wp:attachment":[{"href":"https:\/\/portaltela.pt\/api\/wp\/v2\/media?parent=462227"}],"wp:term":[{"taxonomy":"category","embeddable":true,"href":"https:\/\/portaltela.pt\/api\/wp\/v2\/categories?post=462227"},{"taxonomy":"post_tag","embeddable":true,"href":"https:\/\/portaltela.pt\/api\/wp\/v2\/tags?post=462227"}],"curies":[{"name":"wp","href":"https:\/\/api.w.org\/{rel}","templated":true}]}}