{"id":462223,"date":"2026-04-30T08:03:02","date_gmt":"2026-04-30T11:03:02","guid":{"rendered":"https:\/\/portaltela.pt\/noticias\/2026\/04\/30\/vitor-pinto-sporting-nao-esta-preparado-para-o-nivel-de-exigencia\/"},"modified":"2026-04-30T08:03:02","modified_gmt":"2026-04-30T11:03:02","slug":"vitor-pinto-sporting-nao-esta-preparado-para-o-nivel-de-exigencia","status":"publish","type":"post","link":"https:\/\/portaltela.pt\/desporto\/futebol\/2026\/04\/30\/vitor-pinto-sporting-nao-esta-preparado-para-o-nivel-de-exigencia\/","title":{"rendered":"V\u00edtor Pinto: Sporting n\u00e3o est\u00e1 preparado para o n\u00edvel de exig\u00eancia"},"content":{"rendered":"<p>O Subdiretor do jornal Record, V\u00edtor Pinto, analisa o empate 2-2 entre Sporting e Tondela e o momento atual do clube leonino. A leitura \u00e9 de que o desempenho recente coloca em causa o n\u00edvel de exig\u00eancia apontado para a equipa.<\/p>\n<p>Pinto defende que o Sporting n\u00e3o estava preparado para o atual patamar de competitividade, o que poder\u00e1 sinalizar fragilidades no plantel ou na gest\u00e3o da equipa. O empate teve impacto direto na continuidade da luta pelo segundo lugar.<\/p>\n<p>O analista aponta ainda que a recupera\u00e7\u00e3o na tabela depende de fatores externos e de respostas r\u00e1pidas do grupo, numa altura em que a dist\u00e2ncia para as zonas qualificat\u00f3rias se revelou mais dif\u00edcil de reduzir. A an\u00e1lise foi publicada pelo Record.<\/p>\n<p>Fonte: Record.<\/p>\n","protected":false},"excerpt":{"rendered":"<ul>\n<li>O Sporting empatou com o Tondela por 2-2, num encontro em que o resultado ficou igualado.<\/li>\n<li>O resumo da partida foi feito por V\u00edtor Pinto, Subdiretor do jornal Record, que analisa o momento do clube leonino.<\/li>\n<li>O texto aponta que a luta pelo 2.\u00ba lugar se tornou mais dif\u00edcil para o Sporting.<\/li>\n<li>V\u00edtor Pinto sustenta que o Sporting n\u00e3o estava preparado para o atual n\u00edvel de exig\u00eancia.<\/li>\n<li>A an\u00e1lise centra-se no momento atual do clube e no impacto do empate no campeonato.<\/li>\n<\/ul>\n","protected":false},"author":2,"featured_media":462233,"comment_status":"closed","ping_status":"closed","sticky":false,"template":"","format":"standard","meta":{"footnotes":""},"categories":[21,24],"tags":[8655,8628,8730,7755,8639,9011],"class_list":["post-462223","post","type-post","status-publish","format-standard","has-post-thumbnail","hentry","category-desporto","category-futebol","tag-_1-liga","tag-_analise","tag-_competicao","tag-_futebol","tag-_sporting","tag-_tondela"],"yoast_head":"<!-- This site is optimized with the Yoast SEO plugin v27.2 - https:\/\/yoast.com\/product\/yoast-seo-wordpress\/ -->\n<title>V\u00edtor Pinto: Sporting n\u00e3o est\u00e1 preparado para o n\u00edvel de exig\u00eancia - Portal Tela Portugal<\/title>\n<meta name=\"robots\" content=\"index, follow, max-snippet:-1, max-image-preview:large, max-video-preview:-1\" \/>\n<meta property=\"og:locale\" content=\"pt_PT\" \/>\n<meta property=\"og:type\" content=\"article\" \/>\n<meta property=\"og:title\" content=\"V\u00edtor Pinto: Sporting n\u00e3o est\u00e1 preparado para o n\u00edvel de exig\u00eancia - Portal Tela Portugal\" \/>\n<meta property=\"og:description\" content=\"O Sporting empatou com o Tondela por 2-2, num encontro em que o resultado ficou igualado. O resumo da partida foi feito por V\u00edtor Pinto, Subdiretor do jornal Record, que analisa o momento do clube leonino. O texto aponta que a luta pelo 2.\u00ba lugar se tornou mais dif\u00edcil para o Sporting. V\u00edtor Pinto sustenta que o Sporting n\u00e3o estava preparado para o atual n\u00edvel de exig\u00eancia. A an\u00e1lise centra-se no momento atual do clube e no impacto do empate no campeonato.\" \/>\n<meta property=\"og:url\" content=\"https:\/\/portaltela.pt\/noticias\/2026\/04\/30\/vitor-pinto-sporting-nao-esta-preparado-para-o-nivel-de-exigencia\/\" \/>\n<meta property=\"og:site_name\" content=\"Portal Tela Portugal\" \/>\n<meta property=\"article:published_time\" content=\"2026-04-30T11:03:02+00:00\" \/>\n<meta name=\"author\" content=\"Telinha\" \/>\n<meta name=\"twitter:card\" content=\"summary_large_image\" \/>\n<meta name=\"twitter:label1\" content=\"Escrito por\" \/>\n\t<meta name=\"twitter:data1\" content=\"Telinha\" \/>\n\t<meta name=\"twitter:label2\" content=\"Tempo estimado de leitura\" \/>\n\t<meta name=\"twitter:data2\" content=\"1 minuto\" \/>\n<script type=\"application\/ld+json\" class=\"yoast-schema-graph\">{\"@context\":\"https:\/\/schema.org\",\"@graph\":[{\"@type\":\"Article\",\"@id\":\"https:\/\/portaltela.pt\/noticias\/2026\/04\/30\/vitor-pinto-sporting-nao-esta-preparado-para-o-nivel-de-exigencia\/#article\",\"isPartOf\":{\"@id\":\"https:\/\/portaltela.pt\/noticias\/2026\/04\/30\/vitor-pinto-sporting-nao-esta-preparado-para-o-nivel-de-exigencia\/\"},\"author\":{\"name\":\"Telinha\",\"@id\":\"https:\/\/portaltela.pt\/#\/schema\/person\/c4278d4a6028830caff9ee44b42d32ed\"},\"headline\":\"V\u00edtor Pinto: Sporting n\u00e3o est\u00e1 preparado para o n\u00edvel de exig\u00eancia\",\"datePublished\":\"2026-04-30T11:03:02+00:00\",\"mainEntityOfPage\":{\"@id\":\"https:\/\/portaltela.pt\/noticias\/2026\/04\/30\/vitor-pinto-sporting-nao-esta-preparado-para-o-nivel-de-exigencia\/\"},\"wordCount\":147,\"image\":{\"@id\":\"https:\/\/portaltela.pt\/noticias\/2026\/04\/30\/vitor-pinto-sporting-nao-esta-preparado-para-o-nivel-de-exigencia\/#primaryimage\"},\"thumbnailUrl\":\"https:\/\/portaltela.pt\/s.01k8rhncp4jt1\/2026\/04\/img_1200x721uu2026-04-30-11-46-48-2436081.jpg\",\"keywords\":[\"_1. Liga\",\"_an\u00e1lise\",\"_competi\u00e7\u00e3o\",\"_futebol\",\"_Sporting\",\"_Tondela\"],\"articleSection\":[\"Desporto\",\"Futebol\"],\"inLanguage\":\"pt-PT\"},{\"@type\":\"WebPage\",\"@id\":\"https:\/\/portaltela.pt\/noticias\/2026\/04\/30\/vitor-pinto-sporting-nao-esta-preparado-para-o-nivel-de-exigencia\/\",\"url\":\"https:\/\/portaltela.pt\/noticias\/2026\/04\/30\/vitor-pinto-sporting-nao-esta-preparado-para-o-nivel-de-exigencia\/\",\"name\":\"V\u00edtor Pinto: Sporting n\u00e3o est\u00e1 preparado para o n\u00edvel de exig\u00eancia - Portal Tela Portugal\",\"isPartOf\":{\"@id\":\"https:\/\/portaltela.pt\/#website\"},\"primaryImageOfPage\":{\"@id\":\"https:\/\/portaltela.pt\/noticias\/2026\/04\/30\/vitor-pinto-sporting-nao-esta-preparado-para-o-nivel-de-exigencia\/#primaryimage\"},\"image\":{\"@id\":\"https:\/\/portaltela.pt\/noticias\/2026\/04\/30\/vitor-pinto-sporting-nao-esta-preparado-para-o-nivel-de-exigencia\/#primaryimage\"},\"thumbnailUrl\":\"https:\/\/portaltela.pt\/s.01k8rhncp4jt1\/2026\/04\/img_1200x721uu2026-04-30-11-46-48-2436081.jpg\",\"datePublished\":\"2026-04-30T11:03:02+00:00\",\"author\":{\"@id\":\"https:\/\/portaltela.pt\/#\/schema\/person\/c4278d4a6028830caff9ee44b42d32ed\"},\"breadcrumb\":{\"@id\":\"https:\/\/portaltela.pt\/noticias\/2026\/04\/30\/vitor-pinto-sporting-nao-esta-preparado-para-o-nivel-de-exigencia\/#breadcrumb\"},\"inLanguage\":\"pt-PT\",\"potentialAction\":[{\"@type\":\"ReadAction\",\"target\":[\"https:\/\/portaltela.pt\/noticias\/2026\/04\/30\/vitor-pinto-sporting-nao-esta-preparado-para-o-nivel-de-exigencia\/\"]}]},{\"@type\":\"ImageObject\",\"inLanguage\":\"pt-PT\",\"@id\":\"https:\/\/portaltela.pt\/noticias\/2026\/04\/30\/vitor-pinto-sporting-nao-esta-preparado-para-o-nivel-de-exigencia\/#primaryimage\",\"url\":\"https:\/\/portaltela.pt\/s.01k8rhncp4jt1\/2026\/04\/img_1200x721uu2026-04-30-11-46-48-2436081.jpg\",\"contentUrl\":\"https:\/\/portaltela.pt\/s.01k8rhncp4jt1\/2026\/04\/img_1200x721uu2026-04-30-11-46-48-2436081.jpg\",\"width\":796,\"height\":448,\"caption\":\"V\u00edtor Pinto: \u00abSporting n\u00e3o estava preparado para este n\u00edvel de exig\u00eancia, colapso est\u00e1 \u00e0 vista de toda a gente\u00bb\"},{\"@type\":\"BreadcrumbList\",\"@id\":\"https:\/\/portaltela.pt\/noticias\/2026\/04\/30\/vitor-pinto-sporting-nao-esta-preparado-para-o-nivel-de-exigencia\/#breadcrumb\",\"itemListElement\":[{\"@type\":\"ListItem\",\"position\":1,\"name\":\"In\u00edcio\",\"item\":\"https:\/\/portaltela.pt\/\"},{\"@type\":\"ListItem\",\"position\":2,\"name\":\"V\u00edtor Pinto: Sporting n\u00e3o est\u00e1 preparado para o n\u00edvel de exig\u00eancia\"}]},{\"@type\":\"WebSite\",\"@id\":\"https:\/\/portaltela.pt\/#website\",\"url\":\"https:\/\/portaltela.pt\/\",\"name\":\"Portal Tela Portugal\",\"description\":\"\",\"potentialAction\":[{\"@type\":\"SearchAction\",\"target\":{\"@type\":\"EntryPoint\",\"urlTemplate\":\"https:\/\/portaltela.pt\/?s={search_term_string}\"},\"query-input\":{\"@type\":\"PropertyValueSpecification\",\"valueRequired\":true,\"valueName\":\"search_term_string\"}}],\"inLanguage\":\"pt-PT\"},{\"@type\":\"Person\",\"@id\":\"https:\/\/portaltela.pt\/#\/schema\/person\/c4278d4a6028830caff9ee44b42d32ed\",\"name\":\"Telinha\",\"image\":{\"@type\":\"ImageObject\",\"inLanguage\":\"pt-PT\",\"@id\":\"https:\/\/portaltela.pt\/s.01k8rhncp4jt1\/2025\/11\/talking-bot-125x125.png\",\"url\":\"https:\/\/portaltela.pt\/s.01k8rhncp4jt1\/2025\/11\/talking-bot-125x125.png\",\"contentUrl\":\"https:\/\/portaltela.pt\/s.01k8rhncp4jt1\/2025\/11\/talking-bot-125x125.png\",\"caption\":\"Telinha\"},\"sameAs\":[\"https:\/\/portaltela.pt\/\"],\"url\":\"https:\/\/portaltela.pt\/por\/367410592786\/\"}]}<\/script>\n<!-- \/ Yoast SEO plugin. -->","yoast_head_json":{"title":"V\u00edtor Pinto: Sporting n\u00e3o est\u00e1 preparado para o n\u00edvel de exig\u00eancia - Portal Tela Portugal","robots":{"index":"index","follow":"follow","max-snippet":"max-snippet:-1","max-image-preview":"max-image-preview:large","max-video-preview":"max-video-preview:-1"},"og_locale":"pt_PT","og_type":"article","og_title":"V\u00edtor Pinto: Sporting n\u00e3o est\u00e1 preparado para o n\u00edvel de exig\u00eancia - Portal Tela Portugal","og_description":"O Sporting empatou com o Tondela por 2-2, num encontro em que o resultado ficou igualado. O resumo da partida foi feito por V\u00edtor Pinto, Subdiretor do jornal Record, que analisa o momento do clube leonino. O texto aponta que a luta pelo 2.\u00ba lugar se tornou mais dif\u00edcil para o Sporting. V\u00edtor Pinto sustenta que o Sporting n\u00e3o estava preparado para o atual n\u00edvel de exig\u00eancia. A an\u00e1lise centra-se no momento atual do clube e no impacto do empate no campeonato.","og_url":"https:\/\/portaltela.pt\/noticias\/2026\/04\/30\/vitor-pinto-sporting-nao-esta-preparado-para-o-nivel-de-exigencia\/","og_site_name":"Portal Tela Portugal","article_published_time":"2026-04-30T11:03:02+00:00","author":"Telinha","twitter_card":"summary_large_image","twitter_misc":{"Escrito por":"Telinha","Tempo estimado de leitura":"1 minuto"},"schema":{"@context":"https:\/\/schema.org","@graph":[{"@type":"Article","@id":"https:\/\/portaltela.pt\/noticias\/2026\/04\/30\/vitor-pinto-sporting-nao-esta-preparado-para-o-nivel-de-exigencia\/#article","isPartOf":{"@id":"https:\/\/portaltela.pt\/noticias\/2026\/04\/30\/vitor-pinto-sporting-nao-esta-preparado-para-o-nivel-de-exigencia\/"},"author":{"name":"Telinha","@id":"https:\/\/portaltela.pt\/#\/schema\/person\/c4278d4a6028830caff9ee44b42d32ed"},"headline":"V\u00edtor Pinto: Sporting n\u00e3o est\u00e1 preparado para o n\u00edvel de exig\u00eancia","datePublished":"2026-04-30T11:03:02+00:00","mainEntityOfPage":{"@id":"https:\/\/portaltela.pt\/noticias\/2026\/04\/30\/vitor-pinto-sporting-nao-esta-preparado-para-o-nivel-de-exigencia\/"},"wordCount":147,"image":{"@id":"https:\/\/portaltela.pt\/noticias\/2026\/04\/30\/vitor-pinto-sporting-nao-esta-preparado-para-o-nivel-de-exigencia\/#primaryimage"},"thumbnailUrl":"https:\/\/portaltela.pt\/s.01k8rhncp4jt1\/2026\/04\/img_1200x721uu2026-04-30-11-46-48-2436081.jpg","keywords":["_1. Liga","_an\u00e1lise","_competi\u00e7\u00e3o","_futebol","_Sporting","_Tondela"],"articleSection":["Desporto","Futebol"],"inLanguage":"pt-PT"},{"@type":"WebPage","@id":"https:\/\/portaltela.pt\/noticias\/2026\/04\/30\/vitor-pinto-sporting-nao-esta-preparado-para-o-nivel-de-exigencia\/","url":"https:\/\/portaltela.pt\/noticias\/2026\/04\/30\/vitor-pinto-sporting-nao-esta-preparado-para-o-nivel-de-exigencia\/","name":"V\u00edtor Pinto: Sporting n\u00e3o est\u00e1 preparado para o n\u00edvel de exig\u00eancia - Portal Tela Portugal","isPartOf":{"@id":"https:\/\/portaltela.pt\/#website"},"primaryImageOfPage":{"@id":"https:\/\/portaltela.pt\/noticias\/2026\/04\/30\/vitor-pinto-sporting-nao-esta-preparado-para-o-nivel-de-exigencia\/#primaryimage"},"image":{"@id":"https:\/\/portaltela.pt\/noticias\/2026\/04\/30\/vitor-pinto-sporting-nao-esta-preparado-para-o-nivel-de-exigencia\/#primaryimage"},"thumbnailUrl":"https:\/\/portaltela.pt\/s.01k8rhncp4jt1\/2026\/04\/img_1200x721uu2026-04-30-11-46-48-2436081.jpg","datePublished":"2026-04-30T11:03:02+00:00","author":{"@id":"https:\/\/portaltela.pt\/#\/schema\/person\/c4278d4a6028830caff9ee44b42d32ed"},"breadcrumb":{"@id":"https:\/\/portaltela.pt\/noticias\/2026\/04\/30\/vitor-pinto-sporting-nao-esta-preparado-para-o-nivel-de-exigencia\/#breadcrumb"},"inLanguage":"pt-PT","potentialAction":[{"@type":"ReadAction","target":["https:\/\/portaltela.pt\/noticias\/2026\/04\/30\/vitor-pinto-sporting-nao-esta-preparado-para-o-nivel-de-exigencia\/"]}]},{"@type":"ImageObject","inLanguage":"pt-PT","@id":"https:\/\/portaltela.pt\/noticias\/2026\/04\/30\/vitor-pinto-sporting-nao-esta-preparado-para-o-nivel-de-exigencia\/#primaryimage","url":"https:\/\/portaltela.pt\/s.01k8rhncp4jt1\/2026\/04\/img_1200x721uu2026-04-30-11-46-48-2436081.jpg","contentUrl":"https:\/\/portaltela.pt\/s.01k8rhncp4jt1\/2026\/04\/img_1200x721uu2026-04-30-11-46-48-2436081.jpg","width":796,"height":448,"caption":"V\u00edtor Pinto: \u00abSporting n\u00e3o estava preparado para este n\u00edvel de exig\u00eancia, colapso est\u00e1 \u00e0 vista de toda a gente\u00bb"},{"@type":"BreadcrumbList","@id":"https:\/\/portaltela.pt\/noticias\/2026\/04\/30\/vitor-pinto-sporting-nao-esta-preparado-para-o-nivel-de-exigencia\/#breadcrumb","itemListElement":[{"@type":"ListItem","position":1,"name":"In\u00edcio","item":"https:\/\/portaltela.pt\/"},{"@type":"ListItem","position":2,"name":"V\u00edtor Pinto: Sporting n\u00e3o est\u00e1 preparado para o n\u00edvel de exig\u00eancia"}]},{"@type":"WebSite","@id":"https:\/\/portaltela.pt\/#website","url":"https:\/\/portaltela.pt\/","name":"Portal Tela Portugal","description":"","potentialAction":[{"@type":"SearchAction","target":{"@type":"EntryPoint","urlTemplate":"https:\/\/portaltela.pt\/?s={search_term_string}"},"query-input":{"@type":"PropertyValueSpecification","valueRequired":true,"valueName":"search_term_string"}}],"inLanguage":"pt-PT"},{"@type":"Person","@id":"https:\/\/portaltela.pt\/#\/schema\/person\/c4278d4a6028830caff9ee44b42d32ed","name":"Telinha","image":{"@type":"ImageObject","inLanguage":"pt-PT","@id":"https:\/\/portaltela.pt\/s.01k8rhncp4jt1\/2025\/11\/talking-bot-125x125.png","url":"https:\/\/portaltela.pt\/s.01k8rhncp4jt1\/2025\/11\/talking-bot-125x125.png","contentUrl":"https:\/\/portaltela.pt\/s.01k8rhncp4jt1\/2025\/11\/talking-bot-125x125.png","caption":"Telinha"},"sameAs":["https:\/\/portaltela.pt\/"],"url":"https:\/\/portaltela.pt\/por\/367410592786\/"}]}},"_links":{"self":[{"href":"https:\/\/portaltela.pt\/api\/wp\/v2\/posts\/462223","targetHints":{"allow":["GET"]}}],"collection":[{"href":"https:\/\/portaltela.pt\/api\/wp\/v2\/posts"}],"about":[{"href":"https:\/\/portaltela.pt\/api\/wp\/v2\/types\/post"}],"author":[{"embeddable":true,"href":"https:\/\/portaltela.pt\/api\/wp\/v2\/users\/2"}],"replies":[{"embeddable":true,"href":"https:\/\/portaltela.pt\/api\/wp\/v2\/comments?post=462223"}],"version-history":[{"count":0,"href":"https:\/\/portaltela.pt\/api\/wp\/v2\/posts\/462223\/revisions"}],"wp:featuredmedia":[{"embeddable":true,"href":"https:\/\/portaltela.pt\/api\/wp\/v2\/media\/462233"}],"wp:attachment":[{"href":"https:\/\/portaltela.pt\/api\/wp\/v2\/media?parent=462223"}],"wp:term":[{"taxonomy":"category","embeddable":true,"href":"https:\/\/portaltela.pt\/api\/wp\/v2\/categories?post=462223"},{"taxonomy":"post_tag","embeddable":true,"href":"https:\/\/portaltela.pt\/api\/wp\/v2\/tags?post=462223"}],"curies":[{"name":"wp","href":"https:\/\/api.w.org\/{rel}","templated":true}]}}