{"id":462220,"date":"2026-04-30T08:02:58","date_gmt":"2026-04-30T11:02:58","guid":{"rendered":"https:\/\/portaltela.pt\/noticias\/2026\/04\/30\/ue-lanca-app-de-verificacao-de-idade-para-protecao-de-criancas-online\/"},"modified":"2026-04-30T08:02:58","modified_gmt":"2026-04-30T11:02:58","slug":"ue-lanca-app-de-verificacao-de-idade-para-protecao-de-criancas-online","status":"publish","type":"post","link":"https:\/\/portaltela.pt\/tecnologia\/2026\/04\/30\/ue-lanca-app-de-verificacao-de-idade-para-protecao-de-criancas-online\/","title":{"rendered":"UE lan\u00e7a app de verifica\u00e7\u00e3o de idade para prote\u00e7\u00e3o de crian\u00e7as online"},"content":{"rendered":"<p>A Uni\u00e3o Europeia anunciou o lan\u00e7amento de uma aplica\u00e7\u00e3o de verifica\u00e7\u00e3o de idade para acesso a plataformas online. A Comiss\u00e3o Europeia afirma que o app \u00e9 gratuito, an\u00f3nimo e acess\u00edvel em qualquer dispositivo, com lan\u00e7amento obrigat\u00f3rio nos Estados-membros at\u00e9 ao final de 2026.<\/p>\n<p>A medida integra um conjunto de a\u00e7\u00f5es para proteger as crian\u00e7as de conte\u00fados nocivos, aliciamento online e cyberbullying. A ferramenta permitir\u00e1 confirmar a idade sem partilhar dados excedentes, conforme indicado pela Comiss\u00e3o.<\/p>\n<p>A aplica\u00e7\u00e3o ficar\u00e1 dispon\u00edvel para utilizadores configurarem com documento de identidade ou passaporte. Uma vez registada, poder\u00e3o provar a idade sempre que solicitada por uma plataforma online.<\/p>\n<h3>Funcionamento e implementa\u00e7\u00e3o<\/h3>\n<p>A UE prev\u00ea que o servi\u00e7o seja gratuito, an\u00f3nimo e compat\u00edvel com diferentes dispositivos. Governo(s) nacionais poder\u00e3o disponibilizar como aplica\u00e7\u00e3o aut\u00f3noma ou integrada na Carteira de Identidade Digital Europeia.<\/p>\n<p>V\u00e1rios pa\u00edses j\u00e1 adotam regras pr\u00f3prias de verifica\u00e7\u00e3o de idade, especialmente para conte\u00fados para adultos. A aplica\u00e7\u00e3o \u00e9 de c\u00f3digo aberto, permitindo adapta\u00e7\u00e3o por terceiros fora da UE.<\/p>\n<h3>Privacidade e pr\u00f3ximos passos<\/h3>\n<p>Activistas de privacidade levantaram preocupa\u00e7\u00f5es sobre riscos para dados pessoais. A Comiss\u00e3o assegura que a ferramenta reduz partilhas desnecess\u00e1rias e preserva a privacidade durante a navega\u00e7\u00e3o.<\/p>\n<p>Como parte do esfor\u00e7o de prote\u00e7\u00e3o, a UE j\u00e1 tem a\u00e7\u00f5es contra plataformas digitais sob regras de seguran\u00e7a online. A Comiss\u00e3o indicou tamb\u00e9m que a Meta violou regras digitais ao permitir uso de contas por menores.<\/p>\n","protected":false},"excerpt":{"rendered":"<ul>\n<li>A Uni\u00e3o Europeia vai lan\u00e7ar uma aplica\u00e7\u00e3o gratuita, an\u00f3nima e acess\u00edvel em qualquer dispositivo para verifica\u00e7\u00e3o da idade, com implementa\u00e7\u00e3o nos Estados\u2011Membros at\u00e9 ao final de 2026.<\/li>\n<li>A aplica\u00e7\u00e3o permite aos utilizadores provar a idade sem partilhar dados pessoais al\u00e9m do necess\u00e1rio, usando um passaporte ou documento de identidade para registo.<\/li>\n<li>Pode ser usada como aplica\u00e7\u00e3o aut\u00f3noma ou integrada nas Carteiras de Identidade Digital Europeia, num esfor\u00e7o para padronizar normas de privacidade e seguran\u00e7a.<\/li>\n<li>O objetivo \u00e9 proteger crian\u00e7as de conte\u00fados nocivos, aliciamento online e outros riscos, em contexto de debates sobre restri\u00e7\u00f5es de redes sociais para menores.<\/li>\n<li>A iniciativa \u00e9 de c\u00f3digo aberto e surge num conjunto de medidas da UE para melhorar a seguran\u00e7a online, incluindo a\u00e7\u00f5es contra incumprimentos por parte de grandes plataformas.<\/li>\n<\/ul>\n","protected":false},"author":2,"featured_media":462222,"comment_status":"closed","ping_status":"closed","sticky":false,"template":"","format":"standard","meta":{"footnotes":""},"categories":[6716],"tags":[8375,7925,8511,8489,8695,8056],"class_list":["post-462220","post","type-post","status-publish","format-standard","has-post-thumbnail","hentry","category-tecnologia","tag-_ciberseguranca","tag-_criancas","tag-_privacidade","tag-_protecao-de-dados","tag-_seguranca-digital","tag-_uniao-europeia"],"yoast_head":"<!-- This site is optimized with the Yoast SEO plugin v27.2 - https:\/\/yoast.com\/product\/yoast-seo-wordpress\/ -->\n<title>UE lan\u00e7a app de verifica\u00e7\u00e3o de idade para prote\u00e7\u00e3o de crian\u00e7as online - Portal Tela Portugal<\/title>\n<meta name=\"robots\" content=\"index, follow, max-snippet:-1, max-image-preview:large, max-video-preview:-1\" \/>\n<meta property=\"og:locale\" content=\"pt_PT\" \/>\n<meta property=\"og:type\" content=\"article\" \/>\n<meta property=\"og:title\" content=\"UE lan\u00e7a app de verifica\u00e7\u00e3o de idade para prote\u00e7\u00e3o de crian\u00e7as online - Portal Tela Portugal\" \/>\n<meta property=\"og:description\" content=\"A Uni\u00e3o Europeia vai lan\u00e7ar uma aplica\u00e7\u00e3o gratuita, an\u00f3nima e acess\u00edvel em qualquer dispositivo para verifica\u00e7\u00e3o da idade, com implementa\u00e7\u00e3o nos Estados\u2011Membros at\u00e9 ao final de 2026. A aplica\u00e7\u00e3o permite aos utilizadores provar a idade sem partilhar dados pessoais al\u00e9m do necess\u00e1rio, usando um passaporte ou documento de identidade para registo. Pode ser usada como aplica\u00e7\u00e3o aut\u00f3noma ou integrada nas Carteiras de Identidade Digital Europeia, num esfor\u00e7o para padronizar normas de privacidade e seguran\u00e7a. O objetivo \u00e9 proteger crian\u00e7as de conte\u00fados nocivos, aliciamento online e outros riscos, em contexto de debates sobre restri\u00e7\u00f5es de redes sociais para menores. A iniciativa \u00e9 de c\u00f3digo aberto e surge num conjunto de medidas da UE para melhorar a seguran\u00e7a online, incluindo a\u00e7\u00f5es contra incumprimentos por parte de grandes plataformas.\" \/>\n<meta property=\"og:url\" content=\"https:\/\/portaltela.pt\/noticias\/2026\/04\/30\/ue-lanca-app-de-verificacao-de-idade-para-protecao-de-criancas-online\/\" \/>\n<meta property=\"og:site_name\" content=\"Portal Tela Portugal\" \/>\n<meta property=\"article:published_time\" content=\"2026-04-30T11:02:58+00:00\" \/>\n<meta name=\"author\" content=\"Telinha\" \/>\n<meta name=\"twitter:card\" content=\"summary_large_image\" \/>\n<meta name=\"twitter:label1\" content=\"Escrito por\" \/>\n\t<meta name=\"twitter:data1\" content=\"Telinha\" \/>\n\t<meta name=\"twitter:label2\" content=\"Tempo estimado de leitura\" \/>\n\t<meta name=\"twitter:data2\" content=\"1 minuto\" \/>\n<script type=\"application\/ld+json\" class=\"yoast-schema-graph\">{\"@context\":\"https:\/\/schema.org\",\"@graph\":[{\"@type\":\"Article\",\"@id\":\"https:\/\/portaltela.pt\/noticias\/2026\/04\/30\/ue-lanca-app-de-verificacao-de-idade-para-protecao-de-criancas-online\/#article\",\"isPartOf\":{\"@id\":\"https:\/\/portaltela.pt\/noticias\/2026\/04\/30\/ue-lanca-app-de-verificacao-de-idade-para-protecao-de-criancas-online\/\"},\"author\":{\"name\":\"Telinha\",\"@id\":\"https:\/\/portaltela.pt\/#\/schema\/person\/c4278d4a6028830caff9ee44b42d32ed\"},\"headline\":\"UE lan\u00e7a app de verifica\u00e7\u00e3o de idade para prote\u00e7\u00e3o de crian\u00e7as online\",\"datePublished\":\"2026-04-30T11:02:58+00:00\",\"mainEntityOfPage\":{\"@id\":\"https:\/\/portaltela.pt\/noticias\/2026\/04\/30\/ue-lanca-app-de-verificacao-de-idade-para-protecao-de-criancas-online\/\"},\"wordCount\":284,\"image\":{\"@id\":\"https:\/\/portaltela.pt\/noticias\/2026\/04\/30\/ue-lanca-app-de-verificacao-de-idade-para-protecao-de-criancas-online\/#primaryimage\"},\"thumbnailUrl\":\"https:\/\/portaltela.pt\/s.01k8rhncp4jt1\/2026\/04\/1536x864_cmsv2_ec440d61-d854-5ae8-af8e-bbfb1f18d8b0-9742025.jpg\",\"keywords\":[\"_ciberseguran\u00e7a\",\"_crian\u00e7as\",\"_privacidade\",\"_prote\u00e7\u00e3o de dados\",\"_seguran\u00e7a digital\",\"_Uni\u00e3o Europeia\"],\"articleSection\":[\"Tecnologia\"],\"inLanguage\":\"pt-PT\"},{\"@type\":\"WebPage\",\"@id\":\"https:\/\/portaltela.pt\/noticias\/2026\/04\/30\/ue-lanca-app-de-verificacao-de-idade-para-protecao-de-criancas-online\/\",\"url\":\"https:\/\/portaltela.pt\/noticias\/2026\/04\/30\/ue-lanca-app-de-verificacao-de-idade-para-protecao-de-criancas-online\/\",\"name\":\"UE lan\u00e7a app de verifica\u00e7\u00e3o de idade para prote\u00e7\u00e3o de crian\u00e7as online - Portal Tela Portugal\",\"isPartOf\":{\"@id\":\"https:\/\/portaltela.pt\/#website\"},\"primaryImageOfPage\":{\"@id\":\"https:\/\/portaltela.pt\/noticias\/2026\/04\/30\/ue-lanca-app-de-verificacao-de-idade-para-protecao-de-criancas-online\/#primaryimage\"},\"image\":{\"@id\":\"https:\/\/portaltela.pt\/noticias\/2026\/04\/30\/ue-lanca-app-de-verificacao-de-idade-para-protecao-de-criancas-online\/#primaryimage\"},\"thumbnailUrl\":\"https:\/\/portaltela.pt\/s.01k8rhncp4jt1\/2026\/04\/1536x864_cmsv2_ec440d61-d854-5ae8-af8e-bbfb1f18d8b0-9742025.jpg\",\"datePublished\":\"2026-04-30T11:02:58+00:00\",\"author\":{\"@id\":\"https:\/\/portaltela.pt\/#\/schema\/person\/c4278d4a6028830caff9ee44b42d32ed\"},\"breadcrumb\":{\"@id\":\"https:\/\/portaltela.pt\/noticias\/2026\/04\/30\/ue-lanca-app-de-verificacao-de-idade-para-protecao-de-criancas-online\/#breadcrumb\"},\"inLanguage\":\"pt-PT\",\"potentialAction\":[{\"@type\":\"ReadAction\",\"target\":[\"https:\/\/portaltela.pt\/noticias\/2026\/04\/30\/ue-lanca-app-de-verificacao-de-idade-para-protecao-de-criancas-online\/\"]}]},{\"@type\":\"ImageObject\",\"inLanguage\":\"pt-PT\",\"@id\":\"https:\/\/portaltela.pt\/noticias\/2026\/04\/30\/ue-lanca-app-de-verificacao-de-idade-para-protecao-de-criancas-online\/#primaryimage\",\"url\":\"https:\/\/portaltela.pt\/s.01k8rhncp4jt1\/2026\/04\/1536x864_cmsv2_ec440d61-d854-5ae8-af8e-bbfb1f18d8b0-9742025.jpg\",\"contentUrl\":\"https:\/\/portaltela.pt\/s.01k8rhncp4jt1\/2026\/04\/1536x864_cmsv2_ec440d61-d854-5ae8-af8e-bbfb1f18d8b0-9742025.jpg\",\"width\":796,\"height\":448,\"caption\":\"UE lan\u00e7a aplica\u00e7\u00e3o de verifica\u00e7\u00e3o de idade para proteger menores de aliciamento e conte\u00fados nocivos\"},{\"@type\":\"BreadcrumbList\",\"@id\":\"https:\/\/portaltela.pt\/noticias\/2026\/04\/30\/ue-lanca-app-de-verificacao-de-idade-para-protecao-de-criancas-online\/#breadcrumb\",\"itemListElement\":[{\"@type\":\"ListItem\",\"position\":1,\"name\":\"In\u00edcio\",\"item\":\"https:\/\/portaltela.pt\/\"},{\"@type\":\"ListItem\",\"position\":2,\"name\":\"UE lan\u00e7a app de verifica\u00e7\u00e3o de idade para prote\u00e7\u00e3o de crian\u00e7as online\"}]},{\"@type\":\"WebSite\",\"@id\":\"https:\/\/portaltela.pt\/#website\",\"url\":\"https:\/\/portaltela.pt\/\",\"name\":\"Portal Tela Portugal\",\"description\":\"\",\"potentialAction\":[{\"@type\":\"SearchAction\",\"target\":{\"@type\":\"EntryPoint\",\"urlTemplate\":\"https:\/\/portaltela.pt\/?s={search_term_string}\"},\"query-input\":{\"@type\":\"PropertyValueSpecification\",\"valueRequired\":true,\"valueName\":\"search_term_string\"}}],\"inLanguage\":\"pt-PT\"},{\"@type\":\"Person\",\"@id\":\"https:\/\/portaltela.pt\/#\/schema\/person\/c4278d4a6028830caff9ee44b42d32ed\",\"name\":\"Telinha\",\"image\":{\"@type\":\"ImageObject\",\"inLanguage\":\"pt-PT\",\"@id\":\"https:\/\/portaltela.pt\/s.01k8rhncp4jt1\/2025\/11\/talking-bot-125x125.png\",\"url\":\"https:\/\/portaltela.pt\/s.01k8rhncp4jt1\/2025\/11\/talking-bot-125x125.png\",\"contentUrl\":\"https:\/\/portaltela.pt\/s.01k8rhncp4jt1\/2025\/11\/talking-bot-125x125.png\",\"caption\":\"Telinha\"},\"sameAs\":[\"https:\/\/portaltela.pt\/\"],\"url\":\"https:\/\/portaltela.pt\/por\/367410592786\/\"}]}<\/script>\n<!-- \/ Yoast SEO plugin. -->","yoast_head_json":{"title":"UE lan\u00e7a app de verifica\u00e7\u00e3o de idade para prote\u00e7\u00e3o de crian\u00e7as online - Portal Tela Portugal","robots":{"index":"index","follow":"follow","max-snippet":"max-snippet:-1","max-image-preview":"max-image-preview:large","max-video-preview":"max-video-preview:-1"},"og_locale":"pt_PT","og_type":"article","og_title":"UE lan\u00e7a app de verifica\u00e7\u00e3o de idade para prote\u00e7\u00e3o de crian\u00e7as online - Portal Tela Portugal","og_description":"A Uni\u00e3o Europeia vai lan\u00e7ar uma aplica\u00e7\u00e3o gratuita, an\u00f3nima e acess\u00edvel em qualquer dispositivo para verifica\u00e7\u00e3o da idade, com implementa\u00e7\u00e3o nos Estados\u2011Membros at\u00e9 ao final de 2026. A aplica\u00e7\u00e3o permite aos utilizadores provar a idade sem partilhar dados pessoais al\u00e9m do necess\u00e1rio, usando um passaporte ou documento de identidade para registo. Pode ser usada como aplica\u00e7\u00e3o aut\u00f3noma ou integrada nas Carteiras de Identidade Digital Europeia, num esfor\u00e7o para padronizar normas de privacidade e seguran\u00e7a. O objetivo \u00e9 proteger crian\u00e7as de conte\u00fados nocivos, aliciamento online e outros riscos, em contexto de debates sobre restri\u00e7\u00f5es de redes sociais para menores. A iniciativa \u00e9 de c\u00f3digo aberto e surge num conjunto de medidas da UE para melhorar a seguran\u00e7a online, incluindo a\u00e7\u00f5es contra incumprimentos por parte de grandes plataformas.","og_url":"https:\/\/portaltela.pt\/noticias\/2026\/04\/30\/ue-lanca-app-de-verificacao-de-idade-para-protecao-de-criancas-online\/","og_site_name":"Portal Tela Portugal","article_published_time":"2026-04-30T11:02:58+00:00","author":"Telinha","twitter_card":"summary_large_image","twitter_misc":{"Escrito por":"Telinha","Tempo estimado de leitura":"1 minuto"},"schema":{"@context":"https:\/\/schema.org","@graph":[{"@type":"Article","@id":"https:\/\/portaltela.pt\/noticias\/2026\/04\/30\/ue-lanca-app-de-verificacao-de-idade-para-protecao-de-criancas-online\/#article","isPartOf":{"@id":"https:\/\/portaltela.pt\/noticias\/2026\/04\/30\/ue-lanca-app-de-verificacao-de-idade-para-protecao-de-criancas-online\/"},"author":{"name":"Telinha","@id":"https:\/\/portaltela.pt\/#\/schema\/person\/c4278d4a6028830caff9ee44b42d32ed"},"headline":"UE lan\u00e7a app de verifica\u00e7\u00e3o de idade para prote\u00e7\u00e3o de crian\u00e7as online","datePublished":"2026-04-30T11:02:58+00:00","mainEntityOfPage":{"@id":"https:\/\/portaltela.pt\/noticias\/2026\/04\/30\/ue-lanca-app-de-verificacao-de-idade-para-protecao-de-criancas-online\/"},"wordCount":284,"image":{"@id":"https:\/\/portaltela.pt\/noticias\/2026\/04\/30\/ue-lanca-app-de-verificacao-de-idade-para-protecao-de-criancas-online\/#primaryimage"},"thumbnailUrl":"https:\/\/portaltela.pt\/s.01k8rhncp4jt1\/2026\/04\/1536x864_cmsv2_ec440d61-d854-5ae8-af8e-bbfb1f18d8b0-9742025.jpg","keywords":["_ciberseguran\u00e7a","_crian\u00e7as","_privacidade","_prote\u00e7\u00e3o de dados","_seguran\u00e7a digital","_Uni\u00e3o Europeia"],"articleSection":["Tecnologia"],"inLanguage":"pt-PT"},{"@type":"WebPage","@id":"https:\/\/portaltela.pt\/noticias\/2026\/04\/30\/ue-lanca-app-de-verificacao-de-idade-para-protecao-de-criancas-online\/","url":"https:\/\/portaltela.pt\/noticias\/2026\/04\/30\/ue-lanca-app-de-verificacao-de-idade-para-protecao-de-criancas-online\/","name":"UE lan\u00e7a app de verifica\u00e7\u00e3o de idade para prote\u00e7\u00e3o de crian\u00e7as online - Portal Tela Portugal","isPartOf":{"@id":"https:\/\/portaltela.pt\/#website"},"primaryImageOfPage":{"@id":"https:\/\/portaltela.pt\/noticias\/2026\/04\/30\/ue-lanca-app-de-verificacao-de-idade-para-protecao-de-criancas-online\/#primaryimage"},"image":{"@id":"https:\/\/portaltela.pt\/noticias\/2026\/04\/30\/ue-lanca-app-de-verificacao-de-idade-para-protecao-de-criancas-online\/#primaryimage"},"thumbnailUrl":"https:\/\/portaltela.pt\/s.01k8rhncp4jt1\/2026\/04\/1536x864_cmsv2_ec440d61-d854-5ae8-af8e-bbfb1f18d8b0-9742025.jpg","datePublished":"2026-04-30T11:02:58+00:00","author":{"@id":"https:\/\/portaltela.pt\/#\/schema\/person\/c4278d4a6028830caff9ee44b42d32ed"},"breadcrumb":{"@id":"https:\/\/portaltela.pt\/noticias\/2026\/04\/30\/ue-lanca-app-de-verificacao-de-idade-para-protecao-de-criancas-online\/#breadcrumb"},"inLanguage":"pt-PT","potentialAction":[{"@type":"ReadAction","target":["https:\/\/portaltela.pt\/noticias\/2026\/04\/30\/ue-lanca-app-de-verificacao-de-idade-para-protecao-de-criancas-online\/"]}]},{"@type":"ImageObject","inLanguage":"pt-PT","@id":"https:\/\/portaltela.pt\/noticias\/2026\/04\/30\/ue-lanca-app-de-verificacao-de-idade-para-protecao-de-criancas-online\/#primaryimage","url":"https:\/\/portaltela.pt\/s.01k8rhncp4jt1\/2026\/04\/1536x864_cmsv2_ec440d61-d854-5ae8-af8e-bbfb1f18d8b0-9742025.jpg","contentUrl":"https:\/\/portaltela.pt\/s.01k8rhncp4jt1\/2026\/04\/1536x864_cmsv2_ec440d61-d854-5ae8-af8e-bbfb1f18d8b0-9742025.jpg","width":796,"height":448,"caption":"UE lan\u00e7a aplica\u00e7\u00e3o de verifica\u00e7\u00e3o de idade para proteger menores de aliciamento e conte\u00fados nocivos"},{"@type":"BreadcrumbList","@id":"https:\/\/portaltela.pt\/noticias\/2026\/04\/30\/ue-lanca-app-de-verificacao-de-idade-para-protecao-de-criancas-online\/#breadcrumb","itemListElement":[{"@type":"ListItem","position":1,"name":"In\u00edcio","item":"https:\/\/portaltela.pt\/"},{"@type":"ListItem","position":2,"name":"UE lan\u00e7a app de verifica\u00e7\u00e3o de idade para prote\u00e7\u00e3o de crian\u00e7as online"}]},{"@type":"WebSite","@id":"https:\/\/portaltela.pt\/#website","url":"https:\/\/portaltela.pt\/","name":"Portal Tela Portugal","description":"","potentialAction":[{"@type":"SearchAction","target":{"@type":"EntryPoint","urlTemplate":"https:\/\/portaltela.pt\/?s={search_term_string}"},"query-input":{"@type":"PropertyValueSpecification","valueRequired":true,"valueName":"search_term_string"}}],"inLanguage":"pt-PT"},{"@type":"Person","@id":"https:\/\/portaltela.pt\/#\/schema\/person\/c4278d4a6028830caff9ee44b42d32ed","name":"Telinha","image":{"@type":"ImageObject","inLanguage":"pt-PT","@id":"https:\/\/portaltela.pt\/s.01k8rhncp4jt1\/2025\/11\/talking-bot-125x125.png","url":"https:\/\/portaltela.pt\/s.01k8rhncp4jt1\/2025\/11\/talking-bot-125x125.png","contentUrl":"https:\/\/portaltela.pt\/s.01k8rhncp4jt1\/2025\/11\/talking-bot-125x125.png","caption":"Telinha"},"sameAs":["https:\/\/portaltela.pt\/"],"url":"https:\/\/portaltela.pt\/por\/367410592786\/"}]}},"_links":{"self":[{"href":"https:\/\/portaltela.pt\/api\/wp\/v2\/posts\/462220","targetHints":{"allow":["GET"]}}],"collection":[{"href":"https:\/\/portaltela.pt\/api\/wp\/v2\/posts"}],"about":[{"href":"https:\/\/portaltela.pt\/api\/wp\/v2\/types\/post"}],"author":[{"embeddable":true,"href":"https:\/\/portaltela.pt\/api\/wp\/v2\/users\/2"}],"replies":[{"embeddable":true,"href":"https:\/\/portaltela.pt\/api\/wp\/v2\/comments?post=462220"}],"version-history":[{"count":0,"href":"https:\/\/portaltela.pt\/api\/wp\/v2\/posts\/462220\/revisions"}],"wp:featuredmedia":[{"embeddable":true,"href":"https:\/\/portaltela.pt\/api\/wp\/v2\/media\/462222"}],"wp:attachment":[{"href":"https:\/\/portaltela.pt\/api\/wp\/v2\/media?parent=462220"}],"wp:term":[{"taxonomy":"category","embeddable":true,"href":"https:\/\/portaltela.pt\/api\/wp\/v2\/categories?post=462220"},{"taxonomy":"post_tag","embeddable":true,"href":"https:\/\/portaltela.pt\/api\/wp\/v2\/tags?post=462220"}],"curies":[{"name":"wp","href":"https:\/\/api.w.org\/{rel}","templated":true}]}}