{"id":462210,"date":"2026-04-30T07:48:10","date_gmt":"2026-04-30T10:48:10","guid":{"rendered":"https:\/\/portaltela.pt\/noticias\/2026\/04\/30\/visitas-a-museus-e-monumentos-nacionais-caem-438-em-2025\/"},"modified":"2026-04-30T07:48:10","modified_gmt":"2026-04-30T10:48:10","slug":"visitas-a-museus-e-monumentos-nacionais-caem-438-em-2025","status":"publish","type":"post","link":"https:\/\/portaltela.pt\/lazer\/2026\/04\/30\/visitas-a-museus-e-monumentos-nacionais-caem-438-em-2025\/","title":{"rendered":"Visitas a museus e monumentos nacionais caem 4,38% em 2025"},"content":{"rendered":"<p>Em 2025, visitantes de museus, monumentos e pal\u00e1cios nacionais sob gest\u00e3o da Museus e Monumentos de Portugal (MMP) totalizaram 4.843.299, abaixo do registado em 2024. A maior parte desta queda est\u00e1 associada a obras em curso.<\/p>\n<p>A descida de 4,38% em rela\u00e7\u00e3o a 2024 reflete, segundo o MMP, o encerramento total ou parcial de v\u00e1rios espa\u00e7os para obras no \u00e2mbito do Plano de Recupera\u00e7\u00e3o e Resili\u00eancia (PRR). A gest\u00e3o p\u00fablica aponta que as obras influenciaram o fluxo de visitantes em v\u00e1rios recintos.<\/p>\n<p>Quem est\u00e1 envolvido e onde ocorreu a queda<\/p>\n<p>A MMP \u00e9 o organismo respons\u00e1vel pela administra\u00e7\u00e3o dos museus, monumentos e pal\u00e1cios nacionais afetados. Os espa\u00e7os geridos pelo \u00f3rg\u00e3o situam-se em v\u00e1rias regi\u00f5es de Portugal, incluindo locais com maior procura tur\u00edstica e patrim\u00f3nio hist\u00f3rico.<\/p>\n<p>Quando aconteceu e porqu\u00ea<\/p>\n<p>Os dados referem-se ao ano de 2025, com o canal de divulga\u00e7\u00e3o a salientar o impacto das obras do PRR. O encerramento tempor\u00e1rio de espa\u00e7os durante as interven\u00e7\u00f5es foi o principal fator apontado para a quebra de visitantes.<\/p>\n<p>Desdobramentos e perspetivas<\/p>\n<p>A institui\u00e7\u00e3o n\u00e3o detalha n\u00fameros por museu espec\u00edfico, mas indica que a redu\u00e7\u00e3o resultou de interrup\u00e7\u00f5es associadas ao programa de obras. Mant\u00e9m o compromisso de restabelecer fluxos assim que as obras permitam a reabertura total ou parcial.<\/p>\n","protected":false},"excerpt":{"rendered":"<ul>\n<li>Os museus, monumentos e pal\u00e1cios nacionais geridos pela Museus e Monumentos de Portugal (MMP) registaram 4.843.299 visitantes em 2025.<\/li>\n<li>A quebra face a 2024 foi de 4,38%.<\/li>\n<li>A diminui\u00e7\u00e3o est\u00e1 relacionada com encerramentos totais ou parciais de v\u00e1rios espa\u00e7os para obras no \u00e2mbito do Plano de Recupera\u00e7\u00e3o e Resili\u00eancia (PRR).<\/li>\n<li>O comunicado oficial explica que as obras afetaram o funcionamento de v\u00e1rias atra\u00e7\u00f5es ao longo do ano.<\/li>\n<li>N\u00e3o foram divulgados detalhes adicionais sobre quais espa\u00e7os estiveram mais impactados.<\/li>\n<\/ul>\n","protected":false},"author":2,"featured_media":462215,"comment_status":"closed","ping_status":"closed","sticky":false,"template":"","format":"standard","meta":{"footnotes":""},"categories":[7375,7381],"tags":[9998,8110,8112,8304,8062,7912],"class_list":["post-462210","post","type-post","status-publish","format-standard","has-post-thumbnail","hentry","category-cultura","category-lazer","tag-_monumentos-de-portugal","tag-_museus-arquivos","tag-_patrimonio","tag-_patrimonio-cultural","tag-_portugal","tag-_turismo"],"yoast_head":"<!-- This site is optimized with the Yoast SEO plugin v27.2 - https:\/\/yoast.com\/product\/yoast-seo-wordpress\/ -->\n<title>Visitas a museus e monumentos nacionais caem 4,38% em 2025 - Portal Tela Portugal<\/title>\n<meta name=\"robots\" content=\"index, follow, max-snippet:-1, max-image-preview:large, max-video-preview:-1\" \/>\n<meta property=\"og:locale\" content=\"pt_PT\" \/>\n<meta property=\"og:type\" content=\"article\" \/>\n<meta property=\"og:title\" content=\"Visitas a museus e monumentos nacionais caem 4,38% em 2025 - Portal Tela Portugal\" \/>\n<meta property=\"og:description\" content=\"Os museus, monumentos e pal\u00e1cios nacionais geridos pela Museus e Monumentos de Portugal (MMP) registaram 4.843.299 visitantes em 2025. A quebra face a 2024 foi de 4,38%. A diminui\u00e7\u00e3o est\u00e1 relacionada com encerramentos totais ou parciais de v\u00e1rios espa\u00e7os para obras no \u00e2mbito do Plano de Recupera\u00e7\u00e3o e Resili\u00eancia (PRR). O comunicado oficial explica que as obras afetaram o funcionamento de v\u00e1rias atra\u00e7\u00f5es ao longo do ano. N\u00e3o foram divulgados detalhes adicionais sobre quais espa\u00e7os estiveram mais impactados.\" \/>\n<meta property=\"og:url\" content=\"https:\/\/portaltela.pt\/noticias\/2026\/04\/30\/visitas-a-museus-e-monumentos-nacionais-caem-438-em-2025\/\" \/>\n<meta property=\"og:site_name\" content=\"Portal Tela Portugal\" \/>\n<meta property=\"article:published_time\" content=\"2026-04-30T10:48:10+00:00\" \/>\n<meta name=\"author\" content=\"Telinha\" \/>\n<meta name=\"twitter:card\" content=\"summary_large_image\" \/>\n<meta name=\"twitter:label1\" content=\"Escrito por\" \/>\n\t<meta name=\"twitter:data1\" content=\"Telinha\" \/>\n\t<meta name=\"twitter:label2\" content=\"Tempo estimado de leitura\" \/>\n\t<meta name=\"twitter:data2\" content=\"1 minuto\" \/>\n<script type=\"application\/ld+json\" class=\"yoast-schema-graph\">{\"@context\":\"https:\/\/schema.org\",\"@graph\":[{\"@type\":\"Article\",\"@id\":\"https:\/\/portaltela.pt\/noticias\/2026\/04\/30\/visitas-a-museus-e-monumentos-nacionais-caem-438-em-2025\/#article\",\"isPartOf\":{\"@id\":\"https:\/\/portaltela.pt\/noticias\/2026\/04\/30\/visitas-a-museus-e-monumentos-nacionais-caem-438-em-2025\/\"},\"author\":{\"name\":\"Telinha\",\"@id\":\"https:\/\/portaltela.pt\/#\/schema\/person\/c4278d4a6028830caff9ee44b42d32ed\"},\"headline\":\"Visitas a museus e monumentos nacionais caem 4,38% em 2025\",\"datePublished\":\"2026-04-30T10:48:10+00:00\",\"mainEntityOfPage\":{\"@id\":\"https:\/\/portaltela.pt\/noticias\/2026\/04\/30\/visitas-a-museus-e-monumentos-nacionais-caem-438-em-2025\/\"},\"wordCount\":239,\"image\":{\"@id\":\"https:\/\/portaltela.pt\/noticias\/2026\/04\/30\/visitas-a-museus-e-monumentos-nacionais-caem-438-em-2025\/#primaryimage\"},\"thumbnailUrl\":\"https:\/\/portaltela.pt\/s.01k8rhncp4jt1\/2026\/04\/img_1500x1000uu2016-04-30-08-28-00-532175.jpg\",\"keywords\":[\"_Monumentos de Portugal\",\"_museus\/arquivos\",\"_patrim\u00f3nio\",\"_Patrim\u00f3nio Cultural\",\"_Portugal\",\"_turismo\"],\"articleSection\":[\"Cultura\",\"Lazer\"],\"inLanguage\":\"pt-PT\"},{\"@type\":\"WebPage\",\"@id\":\"https:\/\/portaltela.pt\/noticias\/2026\/04\/30\/visitas-a-museus-e-monumentos-nacionais-caem-438-em-2025\/\",\"url\":\"https:\/\/portaltela.pt\/noticias\/2026\/04\/30\/visitas-a-museus-e-monumentos-nacionais-caem-438-em-2025\/\",\"name\":\"Visitas a museus e monumentos nacionais caem 4,38% em 2025 - Portal Tela Portugal\",\"isPartOf\":{\"@id\":\"https:\/\/portaltela.pt\/#website\"},\"primaryImageOfPage\":{\"@id\":\"https:\/\/portaltela.pt\/noticias\/2026\/04\/30\/visitas-a-museus-e-monumentos-nacionais-caem-438-em-2025\/#primaryimage\"},\"image\":{\"@id\":\"https:\/\/portaltela.pt\/noticias\/2026\/04\/30\/visitas-a-museus-e-monumentos-nacionais-caem-438-em-2025\/#primaryimage\"},\"thumbnailUrl\":\"https:\/\/portaltela.pt\/s.01k8rhncp4jt1\/2026\/04\/img_1500x1000uu2016-04-30-08-28-00-532175.jpg\",\"datePublished\":\"2026-04-30T10:48:10+00:00\",\"author\":{\"@id\":\"https:\/\/portaltela.pt\/#\/schema\/person\/c4278d4a6028830caff9ee44b42d32ed\"},\"breadcrumb\":{\"@id\":\"https:\/\/portaltela.pt\/noticias\/2026\/04\/30\/visitas-a-museus-e-monumentos-nacionais-caem-438-em-2025\/#breadcrumb\"},\"inLanguage\":\"pt-PT\",\"potentialAction\":[{\"@type\":\"ReadAction\",\"target\":[\"https:\/\/portaltela.pt\/noticias\/2026\/04\/30\/visitas-a-museus-e-monumentos-nacionais-caem-438-em-2025\/\"]}]},{\"@type\":\"ImageObject\",\"inLanguage\":\"pt-PT\",\"@id\":\"https:\/\/portaltela.pt\/noticias\/2026\/04\/30\/visitas-a-museus-e-monumentos-nacionais-caem-438-em-2025\/#primaryimage\",\"url\":\"https:\/\/portaltela.pt\/s.01k8rhncp4jt1\/2026\/04\/img_1500x1000uu2016-04-30-08-28-00-532175.jpg\",\"contentUrl\":\"https:\/\/portaltela.pt\/s.01k8rhncp4jt1\/2026\/04\/img_1500x1000uu2016-04-30-08-28-00-532175.jpg\",\"width\":796,\"height\":448,\"caption\":\"Museu do Oriente\"},{\"@type\":\"BreadcrumbList\",\"@id\":\"https:\/\/portaltela.pt\/noticias\/2026\/04\/30\/visitas-a-museus-e-monumentos-nacionais-caem-438-em-2025\/#breadcrumb\",\"itemListElement\":[{\"@type\":\"ListItem\",\"position\":1,\"name\":\"In\u00edcio\",\"item\":\"https:\/\/portaltela.pt\/\"},{\"@type\":\"ListItem\",\"position\":2,\"name\":\"Visitas a museus e monumentos nacionais caem 4,38% em 2025\"}]},{\"@type\":\"WebSite\",\"@id\":\"https:\/\/portaltela.pt\/#website\",\"url\":\"https:\/\/portaltela.pt\/\",\"name\":\"Portal Tela Portugal\",\"description\":\"\",\"potentialAction\":[{\"@type\":\"SearchAction\",\"target\":{\"@type\":\"EntryPoint\",\"urlTemplate\":\"https:\/\/portaltela.pt\/?s={search_term_string}\"},\"query-input\":{\"@type\":\"PropertyValueSpecification\",\"valueRequired\":true,\"valueName\":\"search_term_string\"}}],\"inLanguage\":\"pt-PT\"},{\"@type\":\"Person\",\"@id\":\"https:\/\/portaltela.pt\/#\/schema\/person\/c4278d4a6028830caff9ee44b42d32ed\",\"name\":\"Telinha\",\"image\":{\"@type\":\"ImageObject\",\"inLanguage\":\"pt-PT\",\"@id\":\"https:\/\/portaltela.pt\/s.01k8rhncp4jt1\/2025\/11\/talking-bot-125x125.png\",\"url\":\"https:\/\/portaltela.pt\/s.01k8rhncp4jt1\/2025\/11\/talking-bot-125x125.png\",\"contentUrl\":\"https:\/\/portaltela.pt\/s.01k8rhncp4jt1\/2025\/11\/talking-bot-125x125.png\",\"caption\":\"Telinha\"},\"sameAs\":[\"https:\/\/portaltela.pt\/\"],\"url\":\"https:\/\/portaltela.pt\/por\/367410592786\/\"}]}<\/script>\n<!-- \/ Yoast SEO plugin. -->","yoast_head_json":{"title":"Visitas a museus e monumentos nacionais caem 4,38% em 2025 - Portal Tela Portugal","robots":{"index":"index","follow":"follow","max-snippet":"max-snippet:-1","max-image-preview":"max-image-preview:large","max-video-preview":"max-video-preview:-1"},"og_locale":"pt_PT","og_type":"article","og_title":"Visitas a museus e monumentos nacionais caem 4,38% em 2025 - Portal Tela Portugal","og_description":"Os museus, monumentos e pal\u00e1cios nacionais geridos pela Museus e Monumentos de Portugal (MMP) registaram 4.843.299 visitantes em 2025. A quebra face a 2024 foi de 4,38%. A diminui\u00e7\u00e3o est\u00e1 relacionada com encerramentos totais ou parciais de v\u00e1rios espa\u00e7os para obras no \u00e2mbito do Plano de Recupera\u00e7\u00e3o e Resili\u00eancia (PRR). O comunicado oficial explica que as obras afetaram o funcionamento de v\u00e1rias atra\u00e7\u00f5es ao longo do ano. N\u00e3o foram divulgados detalhes adicionais sobre quais espa\u00e7os estiveram mais impactados.","og_url":"https:\/\/portaltela.pt\/noticias\/2026\/04\/30\/visitas-a-museus-e-monumentos-nacionais-caem-438-em-2025\/","og_site_name":"Portal Tela Portugal","article_published_time":"2026-04-30T10:48:10+00:00","author":"Telinha","twitter_card":"summary_large_image","twitter_misc":{"Escrito por":"Telinha","Tempo estimado de leitura":"1 minuto"},"schema":{"@context":"https:\/\/schema.org","@graph":[{"@type":"Article","@id":"https:\/\/portaltela.pt\/noticias\/2026\/04\/30\/visitas-a-museus-e-monumentos-nacionais-caem-438-em-2025\/#article","isPartOf":{"@id":"https:\/\/portaltela.pt\/noticias\/2026\/04\/30\/visitas-a-museus-e-monumentos-nacionais-caem-438-em-2025\/"},"author":{"name":"Telinha","@id":"https:\/\/portaltela.pt\/#\/schema\/person\/c4278d4a6028830caff9ee44b42d32ed"},"headline":"Visitas a museus e monumentos nacionais caem 4,38% em 2025","datePublished":"2026-04-30T10:48:10+00:00","mainEntityOfPage":{"@id":"https:\/\/portaltela.pt\/noticias\/2026\/04\/30\/visitas-a-museus-e-monumentos-nacionais-caem-438-em-2025\/"},"wordCount":239,"image":{"@id":"https:\/\/portaltela.pt\/noticias\/2026\/04\/30\/visitas-a-museus-e-monumentos-nacionais-caem-438-em-2025\/#primaryimage"},"thumbnailUrl":"https:\/\/portaltela.pt\/s.01k8rhncp4jt1\/2026\/04\/img_1500x1000uu2016-04-30-08-28-00-532175.jpg","keywords":["_Monumentos de Portugal","_museus\/arquivos","_patrim\u00f3nio","_Patrim\u00f3nio Cultural","_Portugal","_turismo"],"articleSection":["Cultura","Lazer"],"inLanguage":"pt-PT"},{"@type":"WebPage","@id":"https:\/\/portaltela.pt\/noticias\/2026\/04\/30\/visitas-a-museus-e-monumentos-nacionais-caem-438-em-2025\/","url":"https:\/\/portaltela.pt\/noticias\/2026\/04\/30\/visitas-a-museus-e-monumentos-nacionais-caem-438-em-2025\/","name":"Visitas a museus e monumentos nacionais caem 4,38% em 2025 - Portal Tela Portugal","isPartOf":{"@id":"https:\/\/portaltela.pt\/#website"},"primaryImageOfPage":{"@id":"https:\/\/portaltela.pt\/noticias\/2026\/04\/30\/visitas-a-museus-e-monumentos-nacionais-caem-438-em-2025\/#primaryimage"},"image":{"@id":"https:\/\/portaltela.pt\/noticias\/2026\/04\/30\/visitas-a-museus-e-monumentos-nacionais-caem-438-em-2025\/#primaryimage"},"thumbnailUrl":"https:\/\/portaltela.pt\/s.01k8rhncp4jt1\/2026\/04\/img_1500x1000uu2016-04-30-08-28-00-532175.jpg","datePublished":"2026-04-30T10:48:10+00:00","author":{"@id":"https:\/\/portaltela.pt\/#\/schema\/person\/c4278d4a6028830caff9ee44b42d32ed"},"breadcrumb":{"@id":"https:\/\/portaltela.pt\/noticias\/2026\/04\/30\/visitas-a-museus-e-monumentos-nacionais-caem-438-em-2025\/#breadcrumb"},"inLanguage":"pt-PT","potentialAction":[{"@type":"ReadAction","target":["https:\/\/portaltela.pt\/noticias\/2026\/04\/30\/visitas-a-museus-e-monumentos-nacionais-caem-438-em-2025\/"]}]},{"@type":"ImageObject","inLanguage":"pt-PT","@id":"https:\/\/portaltela.pt\/noticias\/2026\/04\/30\/visitas-a-museus-e-monumentos-nacionais-caem-438-em-2025\/#primaryimage","url":"https:\/\/portaltela.pt\/s.01k8rhncp4jt1\/2026\/04\/img_1500x1000uu2016-04-30-08-28-00-532175.jpg","contentUrl":"https:\/\/portaltela.pt\/s.01k8rhncp4jt1\/2026\/04\/img_1500x1000uu2016-04-30-08-28-00-532175.jpg","width":796,"height":448,"caption":"Museu do Oriente"},{"@type":"BreadcrumbList","@id":"https:\/\/portaltela.pt\/noticias\/2026\/04\/30\/visitas-a-museus-e-monumentos-nacionais-caem-438-em-2025\/#breadcrumb","itemListElement":[{"@type":"ListItem","position":1,"name":"In\u00edcio","item":"https:\/\/portaltela.pt\/"},{"@type":"ListItem","position":2,"name":"Visitas a museus e monumentos nacionais caem 4,38% em 2025"}]},{"@type":"WebSite","@id":"https:\/\/portaltela.pt\/#website","url":"https:\/\/portaltela.pt\/","name":"Portal Tela Portugal","description":"","potentialAction":[{"@type":"SearchAction","target":{"@type":"EntryPoint","urlTemplate":"https:\/\/portaltela.pt\/?s={search_term_string}"},"query-input":{"@type":"PropertyValueSpecification","valueRequired":true,"valueName":"search_term_string"}}],"inLanguage":"pt-PT"},{"@type":"Person","@id":"https:\/\/portaltela.pt\/#\/schema\/person\/c4278d4a6028830caff9ee44b42d32ed","name":"Telinha","image":{"@type":"ImageObject","inLanguage":"pt-PT","@id":"https:\/\/portaltela.pt\/s.01k8rhncp4jt1\/2025\/11\/talking-bot-125x125.png","url":"https:\/\/portaltela.pt\/s.01k8rhncp4jt1\/2025\/11\/talking-bot-125x125.png","contentUrl":"https:\/\/portaltela.pt\/s.01k8rhncp4jt1\/2025\/11\/talking-bot-125x125.png","caption":"Telinha"},"sameAs":["https:\/\/portaltela.pt\/"],"url":"https:\/\/portaltela.pt\/por\/367410592786\/"}]}},"_links":{"self":[{"href":"https:\/\/portaltela.pt\/api\/wp\/v2\/posts\/462210","targetHints":{"allow":["GET"]}}],"collection":[{"href":"https:\/\/portaltela.pt\/api\/wp\/v2\/posts"}],"about":[{"href":"https:\/\/portaltela.pt\/api\/wp\/v2\/types\/post"}],"author":[{"embeddable":true,"href":"https:\/\/portaltela.pt\/api\/wp\/v2\/users\/2"}],"replies":[{"embeddable":true,"href":"https:\/\/portaltela.pt\/api\/wp\/v2\/comments?post=462210"}],"version-history":[{"count":0,"href":"https:\/\/portaltela.pt\/api\/wp\/v2\/posts\/462210\/revisions"}],"wp:featuredmedia":[{"embeddable":true,"href":"https:\/\/portaltela.pt\/api\/wp\/v2\/media\/462215"}],"wp:attachment":[{"href":"https:\/\/portaltela.pt\/api\/wp\/v2\/media?parent=462210"}],"wp:term":[{"taxonomy":"category","embeddable":true,"href":"https:\/\/portaltela.pt\/api\/wp\/v2\/categories?post=462210"},{"taxonomy":"post_tag","embeddable":true,"href":"https:\/\/portaltela.pt\/api\/wp\/v2\/tags?post=462210"}],"curies":[{"name":"wp","href":"https:\/\/api.w.org\/{rel}","templated":true}]}}