{"id":462202,"date":"2026-04-30T07:33:27","date_gmt":"2026-04-30T10:33:27","guid":{"rendered":"https:\/\/portaltela.pt\/noticias\/2026\/04\/30\/suica-ou-italia-quem-cobre-despesas-medicas-apos-o-incendio-em-crans-montana\/"},"modified":"2026-04-30T07:33:27","modified_gmt":"2026-04-30T10:33:27","slug":"suica-ou-italia-quem-cobre-despesas-medicas-apos-o-incendio-em-crans-montana","status":"publish","type":"post","link":"https:\/\/portaltela.pt\/noticias\/internacional\/2026\/04\/30\/suica-ou-italia-quem-cobre-despesas-medicas-apos-o-incendio-em-crans-montana\/","title":{"rendered":"Su\u00ed\u00e7a ou It\u00e1lia? Quem cobre despesas m\u00e9dicas ap\u00f3s o inc\u00eandio em Crans-Montana"},"content":{"rendered":"<p>O inc\u00eandio fatal na est\u00e2ncia su\u00ed\u00e7a de Crans-Montana, na v\u00e9spera de Ano Novo, provocou 41 mortos, entre os quais v\u00e1rios jovens. O evento tornou-se um dos desastres mais mort\u00edferos da recente hist\u00f3ria da Su\u00ed\u00e7a e levou a uma intensifica\u00e7\u00e3o das investiga\u00e7\u00f5es em curso.<\/p>\n<p>Entre os v\u00edtimas, seis adolescentes italianos faleceram, e pelo menos 13 cidad\u00e3os italianos ficaram feridos com queimaduras graves, exigindo tratamento hospitalar. A trag\u00e9dia gerou posteriormente tens\u00f5es diplom\u00e1ticas entre It\u00e1lia e Su\u00ed\u00e7a, amplificadas por quest\u00f5es de responsabilidade financeira pelos cuidados m\u00e9dicos.<\/p>\n<h3>Faturas emitidas \u00e0s fam\u00edlias das v\u00edtimas<\/h3>\n<p>A 21 de abril, a primeira-ministra italiana Giorgia Meloni declarou estar chocada com relatos de faturas de hospital na Su\u00ed\u00e7a recebidas por fam\u00edlias de v\u00edtimas. Documentos, divulgados pela imprensa italiana, mostravam custos de tratamento entre 17 mil e 71 mil euros num hospital de Sion.<\/p>\n<p>As autoridades su\u00ed\u00e7as esclareceram que as faturas visavam apenas fins informativos e n\u00e3o obrigavam as fam\u00edlias a pagarem. O embaixador italiano na Su\u00ed\u00e7a confirmou ter discutido o assunto com o presidente do cant\u00e3o de Valais, que disse tratar-se de um erro.<\/p>\n<p>De acordo com o FDHA, as c\u00f3pias recebidas pelas fam\u00edlias respeitam a lei su\u00ed\u00e7a e n\u00e3o representam obriga\u00e7\u00e3o de pagamento. O sistema de seguros cobre as despesas por meio do hospital do pa\u00eds anfitri\u00e3o, com reembolso ao pa\u00eds de origem.<\/p>\n<h3>Investiga\u00e7\u00e3o e desdobramentos<\/h3>\n<p>A It\u00e1lia questiona a responsabilidade do cant\u00e3o de Valais e dos propriet\u00e1rios do bar Le Constellation, onde o inc\u00eandio teve in\u00edcio. O embaixador italiano indicou que Roma pode pedir \u00e0 Su\u00ed\u00e7a que descontinue pedidos de reembolso sobre estes custos.<\/p>\n<p>Enquanto a investiga\u00e7\u00e3o continua, 13 suspeitos s\u00e3o interrogados por homic\u00eddio por neglig\u00eancia, les\u00f5es por neglig\u00eancia e fogo posto por neglig\u00eancia. V\u00e1rias pessoas ligadas \u00e0 administra\u00e7\u00e3o do cant\u00e3o de Valais tamb\u00e9m est\u00e3o sob averigua\u00e7\u00e3o.<\/p>\n<p>Os procuradores analisam se os regulamentos de seguran\u00e7a no bar foram cumpridos, ap\u00f3s a descoberta de que n\u00e3o houve inspe\u00e7\u00f5es de seguran\u00e7a anuais desde 2019, apesar da exig\u00eancia de atualiza\u00e7\u00f5es peri\u00f3dicas.<\/p>\n","protected":false},"excerpt":{"rendered":"<ul>\n<li>O inc\u00eandio em Crans-Montana, Su\u00ed\u00e7a, deixou 41 mortos, incluindo seis adolescentes italianos; 13 italianos ficaram gravemente queimados.<\/li>\n<li>Algumas fam\u00edlias receberam faturas m\u00e9dicas na It\u00e1lia, mas as autoridades su\u00ed\u00e7as asseguram que n\u00e3o h\u00e1 obriga\u00e7\u00e3o de pagamento; os custos s\u00e3o cobertos por seguros e apoios \u00e0s v\u00edtimas.<\/li>\n<li>A situa\u00e7\u00e3o gerou tens\u00e3o entre It\u00e1lia e Su\u00ed\u00e7a, com a primeira-ministra italiana, Giorgia Meloni, a expressar publicamente o choque pelas faturas reportadas.<\/li>\n<li>Regra europeia de coordena\u00e7\u00e3o da seguran\u00e7a social permite que custos m\u00e9dicos sejam reembolsados pelo pa\u00eds de origem; It\u00e1lia afirma que n\u00e3o pedir\u00e1 reembolso \u00e0 Su\u00ed\u00e7a.<\/li>\n<li>A investiga\u00e7\u00e3o continua, com treze suspeitos sob investiga\u00e7\u00e3o por homic\u00eddio por neglig\u00eancia e fogo posto por neglig\u00eancia; h\u00e1 tamb\u00e9m questionamentos sobre inspe\u00e7\u00f5es de seguran\u00e7a no bar desde 2019.<\/li>\n<\/ul>\n","protected":false},"author":2,"featured_media":462203,"comment_status":"closed","ping_status":"closed","sticky":false,"template":"","format":"standard","meta":{"footnotes":""},"categories":[6814,4],"tags":[1345,1438,215,6990,27,250],"class_list":["post-462202","post","type-post","status-publish","format-standard","has-post-thumbnail","hentry","category-geopolitica","category-internacional","tag-homicidio","tag-incendio","tag-investigacao","tag-negligencia","tag-relacoes-internacionais","tag-seguranca-publica"],"yoast_head":"<!-- This site is optimized with the Yoast SEO plugin v27.2 - https:\/\/yoast.com\/product\/yoast-seo-wordpress\/ -->\n<title>Su\u00ed\u00e7a ou It\u00e1lia? Quem cobre despesas m\u00e9dicas ap\u00f3s o inc\u00eandio em Crans-Montana - Portal Tela Portugal<\/title>\n<meta name=\"robots\" content=\"index, follow, max-snippet:-1, max-image-preview:large, max-video-preview:-1\" \/>\n<meta property=\"og:locale\" content=\"pt_PT\" \/>\n<meta property=\"og:type\" content=\"article\" \/>\n<meta property=\"og:title\" content=\"Su\u00ed\u00e7a ou It\u00e1lia? Quem cobre despesas m\u00e9dicas ap\u00f3s o inc\u00eandio em Crans-Montana - Portal Tela Portugal\" \/>\n<meta property=\"og:description\" content=\"O inc\u00eandio em Crans-Montana, Su\u00ed\u00e7a, deixou 41 mortos, incluindo seis adolescentes italianos; 13 italianos ficaram gravemente queimados. Algumas fam\u00edlias receberam faturas m\u00e9dicas na It\u00e1lia, mas as autoridades su\u00ed\u00e7as asseguram que n\u00e3o h\u00e1 obriga\u00e7\u00e3o de pagamento; os custos s\u00e3o cobertos por seguros e apoios \u00e0s v\u00edtimas. A situa\u00e7\u00e3o gerou tens\u00e3o entre It\u00e1lia e Su\u00ed\u00e7a, com a primeira-ministra italiana, Giorgia Meloni, a expressar publicamente o choque pelas faturas reportadas. Regra europeia de coordena\u00e7\u00e3o da seguran\u00e7a social permite que custos m\u00e9dicos sejam reembolsados pelo pa\u00eds de origem; It\u00e1lia afirma que n\u00e3o pedir\u00e1 reembolso \u00e0 Su\u00ed\u00e7a. A investiga\u00e7\u00e3o continua, com treze suspeitos sob investiga\u00e7\u00e3o por homic\u00eddio por neglig\u00eancia e fogo posto por neglig\u00eancia; h\u00e1 tamb\u00e9m questionamentos sobre inspe\u00e7\u00f5es de seguran\u00e7a no bar desde 2019.\" \/>\n<meta property=\"og:url\" content=\"https:\/\/portaltela.pt\/noticias\/2026\/04\/30\/suica-ou-italia-quem-cobre-despesas-medicas-apos-o-incendio-em-crans-montana\/\" \/>\n<meta property=\"og:site_name\" content=\"Portal Tela Portugal\" \/>\n<meta property=\"article:published_time\" content=\"2026-04-30T10:33:27+00:00\" \/>\n<meta name=\"author\" content=\"Telinha\" \/>\n<meta name=\"twitter:card\" content=\"summary_large_image\" \/>\n<meta name=\"twitter:label1\" content=\"Escrito por\" \/>\n\t<meta name=\"twitter:data1\" content=\"Telinha\" \/>\n\t<meta name=\"twitter:label2\" content=\"Tempo estimado de leitura\" \/>\n\t<meta name=\"twitter:data2\" content=\"2 minutos\" \/>\n<script type=\"application\/ld+json\" class=\"yoast-schema-graph\">{\"@context\":\"https:\/\/schema.org\",\"@graph\":[{\"@type\":\"Article\",\"@id\":\"https:\/\/portaltela.pt\/noticias\/2026\/04\/30\/suica-ou-italia-quem-cobre-despesas-medicas-apos-o-incendio-em-crans-montana\/#article\",\"isPartOf\":{\"@id\":\"https:\/\/portaltela.pt\/noticias\/2026\/04\/30\/suica-ou-italia-quem-cobre-despesas-medicas-apos-o-incendio-em-crans-montana\/\"},\"author\":{\"name\":\"Telinha\",\"@id\":\"https:\/\/portaltela.pt\/#\/schema\/person\/c4278d4a6028830caff9ee44b42d32ed\"},\"headline\":\"Su\u00ed\u00e7a ou It\u00e1lia? Quem cobre despesas m\u00e9dicas ap\u00f3s o inc\u00eandio em Crans-Montana\",\"datePublished\":\"2026-04-30T10:33:27+00:00\",\"mainEntityOfPage\":{\"@id\":\"https:\/\/portaltela.pt\/noticias\/2026\/04\/30\/suica-ou-italia-quem-cobre-despesas-medicas-apos-o-incendio-em-crans-montana\/\"},\"wordCount\":394,\"image\":{\"@id\":\"https:\/\/portaltela.pt\/noticias\/2026\/04\/30\/suica-ou-italia-quem-cobre-despesas-medicas-apos-o-incendio-em-crans-montana\/#primaryimage\"},\"thumbnailUrl\":\"https:\/\/portaltela.pt\/s.01k8rhncp4jt1\/2026\/04\/1536x864_cmsv2_1e8d3ad3-c3b3-5ece-a3f3-9a159a676357-9740212.jpg\",\"keywords\":[\"homic\u00eddio\",\"inc\u00eandio\",\"investiga\u00e7\u00e3o\",\"neglig\u00eancia\",\"rela\u00e7\u00f5es internacionais\",\"seguran\u00e7a p\u00fablica\"],\"articleSection\":[\"Geopol\u00edtica\",\"Internacional\"],\"inLanguage\":\"pt-PT\"},{\"@type\":\"WebPage\",\"@id\":\"https:\/\/portaltela.pt\/noticias\/2026\/04\/30\/suica-ou-italia-quem-cobre-despesas-medicas-apos-o-incendio-em-crans-montana\/\",\"url\":\"https:\/\/portaltela.pt\/noticias\/2026\/04\/30\/suica-ou-italia-quem-cobre-despesas-medicas-apos-o-incendio-em-crans-montana\/\",\"name\":\"Su\u00ed\u00e7a ou It\u00e1lia? Quem cobre despesas m\u00e9dicas ap\u00f3s o inc\u00eandio em Crans-Montana - Portal Tela Portugal\",\"isPartOf\":{\"@id\":\"https:\/\/portaltela.pt\/#website\"},\"primaryImageOfPage\":{\"@id\":\"https:\/\/portaltela.pt\/noticias\/2026\/04\/30\/suica-ou-italia-quem-cobre-despesas-medicas-apos-o-incendio-em-crans-montana\/#primaryimage\"},\"image\":{\"@id\":\"https:\/\/portaltela.pt\/noticias\/2026\/04\/30\/suica-ou-italia-quem-cobre-despesas-medicas-apos-o-incendio-em-crans-montana\/#primaryimage\"},\"thumbnailUrl\":\"https:\/\/portaltela.pt\/s.01k8rhncp4jt1\/2026\/04\/1536x864_cmsv2_1e8d3ad3-c3b3-5ece-a3f3-9a159a676357-9740212.jpg\",\"datePublished\":\"2026-04-30T10:33:27+00:00\",\"author\":{\"@id\":\"https:\/\/portaltela.pt\/#\/schema\/person\/c4278d4a6028830caff9ee44b42d32ed\"},\"breadcrumb\":{\"@id\":\"https:\/\/portaltela.pt\/noticias\/2026\/04\/30\/suica-ou-italia-quem-cobre-despesas-medicas-apos-o-incendio-em-crans-montana\/#breadcrumb\"},\"inLanguage\":\"pt-PT\",\"potentialAction\":[{\"@type\":\"ReadAction\",\"target\":[\"https:\/\/portaltela.pt\/noticias\/2026\/04\/30\/suica-ou-italia-quem-cobre-despesas-medicas-apos-o-incendio-em-crans-montana\/\"]}]},{\"@type\":\"ImageObject\",\"inLanguage\":\"pt-PT\",\"@id\":\"https:\/\/portaltela.pt\/noticias\/2026\/04\/30\/suica-ou-italia-quem-cobre-despesas-medicas-apos-o-incendio-em-crans-montana\/#primaryimage\",\"url\":\"https:\/\/portaltela.pt\/s.01k8rhncp4jt1\/2026\/04\/1536x864_cmsv2_1e8d3ad3-c3b3-5ece-a3f3-9a159a676357-9740212.jpg\",\"contentUrl\":\"https:\/\/portaltela.pt\/s.01k8rhncp4jt1\/2026\/04\/1536x864_cmsv2_1e8d3ad3-c3b3-5ece-a3f3-9a159a676357-9740212.jpg\",\"width\":796,\"height\":448,\"caption\":\"Pessoas ao redor de homenagens florais e velas colocadas do lado de fora do bar Le Constellation, fechado em Crans-Montana, na Su\u00ed\u00e7a, em 3 de janeiro de 2026 (AP Photo\/ Antonio Calanni)\"},{\"@type\":\"BreadcrumbList\",\"@id\":\"https:\/\/portaltela.pt\/noticias\/2026\/04\/30\/suica-ou-italia-quem-cobre-despesas-medicas-apos-o-incendio-em-crans-montana\/#breadcrumb\",\"itemListElement\":[{\"@type\":\"ListItem\",\"position\":1,\"name\":\"In\u00edcio\",\"item\":\"https:\/\/portaltela.pt\/\"},{\"@type\":\"ListItem\",\"position\":2,\"name\":\"Su\u00ed\u00e7a ou It\u00e1lia? Quem cobre despesas m\u00e9dicas ap\u00f3s o inc\u00eandio em Crans-Montana\"}]},{\"@type\":\"WebSite\",\"@id\":\"https:\/\/portaltela.pt\/#website\",\"url\":\"https:\/\/portaltela.pt\/\",\"name\":\"Portal Tela Portugal\",\"description\":\"\",\"potentialAction\":[{\"@type\":\"SearchAction\",\"target\":{\"@type\":\"EntryPoint\",\"urlTemplate\":\"https:\/\/portaltela.pt\/?s={search_term_string}\"},\"query-input\":{\"@type\":\"PropertyValueSpecification\",\"valueRequired\":true,\"valueName\":\"search_term_string\"}}],\"inLanguage\":\"pt-PT\"},{\"@type\":\"Person\",\"@id\":\"https:\/\/portaltela.pt\/#\/schema\/person\/c4278d4a6028830caff9ee44b42d32ed\",\"name\":\"Telinha\",\"image\":{\"@type\":\"ImageObject\",\"inLanguage\":\"pt-PT\",\"@id\":\"https:\/\/portaltela.pt\/s.01k8rhncp4jt1\/2025\/11\/talking-bot-125x125.png\",\"url\":\"https:\/\/portaltela.pt\/s.01k8rhncp4jt1\/2025\/11\/talking-bot-125x125.png\",\"contentUrl\":\"https:\/\/portaltela.pt\/s.01k8rhncp4jt1\/2025\/11\/talking-bot-125x125.png\",\"caption\":\"Telinha\"},\"sameAs\":[\"https:\/\/portaltela.pt\/\"],\"url\":\"https:\/\/portaltela.pt\/por\/367410592786\/\"}]}<\/script>\n<!-- \/ Yoast SEO plugin. -->","yoast_head_json":{"title":"Su\u00ed\u00e7a ou It\u00e1lia? Quem cobre despesas m\u00e9dicas ap\u00f3s o inc\u00eandio em Crans-Montana - Portal Tela Portugal","robots":{"index":"index","follow":"follow","max-snippet":"max-snippet:-1","max-image-preview":"max-image-preview:large","max-video-preview":"max-video-preview:-1"},"og_locale":"pt_PT","og_type":"article","og_title":"Su\u00ed\u00e7a ou It\u00e1lia? Quem cobre despesas m\u00e9dicas ap\u00f3s o inc\u00eandio em Crans-Montana - Portal Tela Portugal","og_description":"O inc\u00eandio em Crans-Montana, Su\u00ed\u00e7a, deixou 41 mortos, incluindo seis adolescentes italianos; 13 italianos ficaram gravemente queimados. Algumas fam\u00edlias receberam faturas m\u00e9dicas na It\u00e1lia, mas as autoridades su\u00ed\u00e7as asseguram que n\u00e3o h\u00e1 obriga\u00e7\u00e3o de pagamento; os custos s\u00e3o cobertos por seguros e apoios \u00e0s v\u00edtimas. A situa\u00e7\u00e3o gerou tens\u00e3o entre It\u00e1lia e Su\u00ed\u00e7a, com a primeira-ministra italiana, Giorgia Meloni, a expressar publicamente o choque pelas faturas reportadas. Regra europeia de coordena\u00e7\u00e3o da seguran\u00e7a social permite que custos m\u00e9dicos sejam reembolsados pelo pa\u00eds de origem; It\u00e1lia afirma que n\u00e3o pedir\u00e1 reembolso \u00e0 Su\u00ed\u00e7a. A investiga\u00e7\u00e3o continua, com treze suspeitos sob investiga\u00e7\u00e3o por homic\u00eddio por neglig\u00eancia e fogo posto por neglig\u00eancia; h\u00e1 tamb\u00e9m questionamentos sobre inspe\u00e7\u00f5es de seguran\u00e7a no bar desde 2019.","og_url":"https:\/\/portaltela.pt\/noticias\/2026\/04\/30\/suica-ou-italia-quem-cobre-despesas-medicas-apos-o-incendio-em-crans-montana\/","og_site_name":"Portal Tela Portugal","article_published_time":"2026-04-30T10:33:27+00:00","author":"Telinha","twitter_card":"summary_large_image","twitter_misc":{"Escrito por":"Telinha","Tempo estimado de leitura":"2 minutos"},"schema":{"@context":"https:\/\/schema.org","@graph":[{"@type":"Article","@id":"https:\/\/portaltela.pt\/noticias\/2026\/04\/30\/suica-ou-italia-quem-cobre-despesas-medicas-apos-o-incendio-em-crans-montana\/#article","isPartOf":{"@id":"https:\/\/portaltela.pt\/noticias\/2026\/04\/30\/suica-ou-italia-quem-cobre-despesas-medicas-apos-o-incendio-em-crans-montana\/"},"author":{"name":"Telinha","@id":"https:\/\/portaltela.pt\/#\/schema\/person\/c4278d4a6028830caff9ee44b42d32ed"},"headline":"Su\u00ed\u00e7a ou It\u00e1lia? Quem cobre despesas m\u00e9dicas ap\u00f3s o inc\u00eandio em Crans-Montana","datePublished":"2026-04-30T10:33:27+00:00","mainEntityOfPage":{"@id":"https:\/\/portaltela.pt\/noticias\/2026\/04\/30\/suica-ou-italia-quem-cobre-despesas-medicas-apos-o-incendio-em-crans-montana\/"},"wordCount":394,"image":{"@id":"https:\/\/portaltela.pt\/noticias\/2026\/04\/30\/suica-ou-italia-quem-cobre-despesas-medicas-apos-o-incendio-em-crans-montana\/#primaryimage"},"thumbnailUrl":"https:\/\/portaltela.pt\/s.01k8rhncp4jt1\/2026\/04\/1536x864_cmsv2_1e8d3ad3-c3b3-5ece-a3f3-9a159a676357-9740212.jpg","keywords":["homic\u00eddio","inc\u00eandio","investiga\u00e7\u00e3o","neglig\u00eancia","rela\u00e7\u00f5es internacionais","seguran\u00e7a p\u00fablica"],"articleSection":["Geopol\u00edtica","Internacional"],"inLanguage":"pt-PT"},{"@type":"WebPage","@id":"https:\/\/portaltela.pt\/noticias\/2026\/04\/30\/suica-ou-italia-quem-cobre-despesas-medicas-apos-o-incendio-em-crans-montana\/","url":"https:\/\/portaltela.pt\/noticias\/2026\/04\/30\/suica-ou-italia-quem-cobre-despesas-medicas-apos-o-incendio-em-crans-montana\/","name":"Su\u00ed\u00e7a ou It\u00e1lia? Quem cobre despesas m\u00e9dicas ap\u00f3s o inc\u00eandio em Crans-Montana - Portal Tela Portugal","isPartOf":{"@id":"https:\/\/portaltela.pt\/#website"},"primaryImageOfPage":{"@id":"https:\/\/portaltela.pt\/noticias\/2026\/04\/30\/suica-ou-italia-quem-cobre-despesas-medicas-apos-o-incendio-em-crans-montana\/#primaryimage"},"image":{"@id":"https:\/\/portaltela.pt\/noticias\/2026\/04\/30\/suica-ou-italia-quem-cobre-despesas-medicas-apos-o-incendio-em-crans-montana\/#primaryimage"},"thumbnailUrl":"https:\/\/portaltela.pt\/s.01k8rhncp4jt1\/2026\/04\/1536x864_cmsv2_1e8d3ad3-c3b3-5ece-a3f3-9a159a676357-9740212.jpg","datePublished":"2026-04-30T10:33:27+00:00","author":{"@id":"https:\/\/portaltela.pt\/#\/schema\/person\/c4278d4a6028830caff9ee44b42d32ed"},"breadcrumb":{"@id":"https:\/\/portaltela.pt\/noticias\/2026\/04\/30\/suica-ou-italia-quem-cobre-despesas-medicas-apos-o-incendio-em-crans-montana\/#breadcrumb"},"inLanguage":"pt-PT","potentialAction":[{"@type":"ReadAction","target":["https:\/\/portaltela.pt\/noticias\/2026\/04\/30\/suica-ou-italia-quem-cobre-despesas-medicas-apos-o-incendio-em-crans-montana\/"]}]},{"@type":"ImageObject","inLanguage":"pt-PT","@id":"https:\/\/portaltela.pt\/noticias\/2026\/04\/30\/suica-ou-italia-quem-cobre-despesas-medicas-apos-o-incendio-em-crans-montana\/#primaryimage","url":"https:\/\/portaltela.pt\/s.01k8rhncp4jt1\/2026\/04\/1536x864_cmsv2_1e8d3ad3-c3b3-5ece-a3f3-9a159a676357-9740212.jpg","contentUrl":"https:\/\/portaltela.pt\/s.01k8rhncp4jt1\/2026\/04\/1536x864_cmsv2_1e8d3ad3-c3b3-5ece-a3f3-9a159a676357-9740212.jpg","width":796,"height":448,"caption":"Pessoas ao redor de homenagens florais e velas colocadas do lado de fora do bar Le Constellation, fechado em Crans-Montana, na Su\u00ed\u00e7a, em 3 de janeiro de 2026 (AP Photo\/ Antonio Calanni)"},{"@type":"BreadcrumbList","@id":"https:\/\/portaltela.pt\/noticias\/2026\/04\/30\/suica-ou-italia-quem-cobre-despesas-medicas-apos-o-incendio-em-crans-montana\/#breadcrumb","itemListElement":[{"@type":"ListItem","position":1,"name":"In\u00edcio","item":"https:\/\/portaltela.pt\/"},{"@type":"ListItem","position":2,"name":"Su\u00ed\u00e7a ou It\u00e1lia? Quem cobre despesas m\u00e9dicas ap\u00f3s o inc\u00eandio em Crans-Montana"}]},{"@type":"WebSite","@id":"https:\/\/portaltela.pt\/#website","url":"https:\/\/portaltela.pt\/","name":"Portal Tela Portugal","description":"","potentialAction":[{"@type":"SearchAction","target":{"@type":"EntryPoint","urlTemplate":"https:\/\/portaltela.pt\/?s={search_term_string}"},"query-input":{"@type":"PropertyValueSpecification","valueRequired":true,"valueName":"search_term_string"}}],"inLanguage":"pt-PT"},{"@type":"Person","@id":"https:\/\/portaltela.pt\/#\/schema\/person\/c4278d4a6028830caff9ee44b42d32ed","name":"Telinha","image":{"@type":"ImageObject","inLanguage":"pt-PT","@id":"https:\/\/portaltela.pt\/s.01k8rhncp4jt1\/2025\/11\/talking-bot-125x125.png","url":"https:\/\/portaltela.pt\/s.01k8rhncp4jt1\/2025\/11\/talking-bot-125x125.png","contentUrl":"https:\/\/portaltela.pt\/s.01k8rhncp4jt1\/2025\/11\/talking-bot-125x125.png","caption":"Telinha"},"sameAs":["https:\/\/portaltela.pt\/"],"url":"https:\/\/portaltela.pt\/por\/367410592786\/"}]}},"_links":{"self":[{"href":"https:\/\/portaltela.pt\/api\/wp\/v2\/posts\/462202","targetHints":{"allow":["GET"]}}],"collection":[{"href":"https:\/\/portaltela.pt\/api\/wp\/v2\/posts"}],"about":[{"href":"https:\/\/portaltela.pt\/api\/wp\/v2\/types\/post"}],"author":[{"embeddable":true,"href":"https:\/\/portaltela.pt\/api\/wp\/v2\/users\/2"}],"replies":[{"embeddable":true,"href":"https:\/\/portaltela.pt\/api\/wp\/v2\/comments?post=462202"}],"version-history":[{"count":0,"href":"https:\/\/portaltela.pt\/api\/wp\/v2\/posts\/462202\/revisions"}],"wp:featuredmedia":[{"embeddable":true,"href":"https:\/\/portaltela.pt\/api\/wp\/v2\/media\/462203"}],"wp:attachment":[{"href":"https:\/\/portaltela.pt\/api\/wp\/v2\/media?parent=462202"}],"wp:term":[{"taxonomy":"category","embeddable":true,"href":"https:\/\/portaltela.pt\/api\/wp\/v2\/categories?post=462202"},{"taxonomy":"post_tag","embeddable":true,"href":"https:\/\/portaltela.pt\/api\/wp\/v2\/tags?post=462202"}],"curies":[{"name":"wp","href":"https:\/\/api.w.org\/{rel}","templated":true}]}}