{"id":462199,"date":"2026-04-30T07:33:16","date_gmt":"2026-04-30T10:33:16","guid":{"rendered":"https:\/\/portaltela.pt\/noticias\/2026\/04\/30\/acusado-de-matar-josue-boxista-no-porto-fica-em-silencio-no-inicio-do-julgamento\/"},"modified":"2026-04-30T07:33:16","modified_gmt":"2026-04-30T10:33:16","slug":"acusado-de-matar-josue-boxista-no-porto-fica-em-silencio-no-inicio-do-julgamento","status":"publish","type":"post","link":"https:\/\/portaltela.pt\/noticias\/2026\/04\/30\/acusado-de-matar-josue-boxista-no-porto-fica-em-silencio-no-inicio-do-julgamento\/","title":{"rendered":"Acusado de matar Josu\u00e9 Boxista no Porto fica em sil\u00eancio no in\u00edcio do julgamento"},"content":{"rendered":"<p>O homem identificado como Daniel, conhecido no meio criminal como \u00abCenoura\u00bb, iniciou nesta quinta-feira o julgamento no Tribunal de S\u00e3o Jo\u00e3o Novo, no Porto. \u00c9 acusado de homic\u00eddio simples, de dois crimes de homic\u00eddio na forma tentada e de deten\u00e7\u00e3o de arma proibida. O caso ocorreu \u00e0 porta do bar Shisha 13, na Rua Escura, na madrugada de 4 de maio do ano passado. O arguido permaneceu em sil\u00eancio no in\u00edcio do interrogat\u00f3rio judicial.<\/p>\n<p>Segundo a acusa\u00e7\u00e3o, o homic\u00eddio ter\u00e1 ocorrido ap\u00f3s desentendimentos entre a v\u00edtima, Josu\u00e9, de 24 anos, e Valqu\u00edrio, tio do arguido. Valqu\u00edrio foi assassinado a tiro em setembro, numa zona de bombas de gasolina em Gondomar. O Minist\u00e9rio P\u00fablico sustenta que, na sequ\u00eancia do conflito, o arguido municiou-se de uma arma de fogo, aproximou-se da v\u00edtima a curta dist\u00e2ncia e disparou, causando-lhe ferimentos que levaram \u00e0 morte.<\/p>\n<p>Depois, quando familiares da v\u00edtima tentavam prestar socorro e transport\u00e1-la para hospital, o arguido ter\u00e1 feito mais dois disparos contra a viatura, provocando o despiste do ve\u00edculo. O crime levou \u00e0 fuga inicial do suspeito, que se apresentou \u00e0 Pol\u00edcia Judici\u00e1ria nove dias depois, a 13 de maio de 2025. Desde o primeiro interrogat\u00f3rio ficou em pris\u00e3o preventiva.<\/p>\n","protected":false},"excerpt":{"rendered":"<ul>\n<li>O arguido Daniel &#8216;Cenoura&#8217; come\u00e7ou a ser julgado, no Tribunal de S\u00e3o Jo\u00e3o Novo, no Porto, por homic\u00eddio simples, dois crimes de homic\u00eddio na forma tentada e deten\u00e7\u00e3o de arma proibida.<\/li>\n<li>O crime ocorreu na madrugada de quatro de maio, em frente ao bar Shisha 13, na rua Escura, no Porto, quando Josu\u00e9 &#8216;Boxista&#8217;, de 24 anos, foi morto.<\/li>\n<li>A acusa\u00e7\u00e3o sustenta que, ap\u00f3s um desentendimento com Valqu\u00edrio (tio do arguido), Cenoura disparou \u00e0 queima-roupa contra a v\u00edtima e, a seguir, lan\u00e7ou dois tiros sobre a viatura que a acompanhava, provocando o despiste.<\/li>\n<li>Durante o in\u00edcio do julgamento, o arguido manteve-se em sil\u00eancio.<\/li>\n<li>Cenoura entregou-se \u00e0 Pol\u00edcia Judici\u00e1ria a 13 de maio de 2025, nove dias ap\u00f3s o homic\u00eddio, ficando em pris\u00e3o preventiva.<\/li>\n<\/ul>\n","protected":false},"author":2,"featured_media":462201,"comment_status":"closed","ping_status":"closed","sticky":false,"template":"","format":"standard","meta":{"footnotes":""},"categories":[6815,1],"tags":[124,1243,1345,1802,982,6208],"class_list":["post-462199","post","type-post","status-publish","format-standard","has-post-thumbnail","hentry","category-justica","category-noticias","tag-arma-de-fogo","tag-gondomar","tag-homicidio","tag-policia-judiciaria","tag-porto","tag-tribunais"],"yoast_head":"<!-- This site is optimized with the Yoast SEO plugin v27.2 - https:\/\/yoast.com\/product\/yoast-seo-wordpress\/ -->\n<title>Acusado de matar Josu\u00e9 Boxista no Porto fica em sil\u00eancio no in\u00edcio do julgamento - Portal Tela Portugal<\/title>\n<meta name=\"robots\" content=\"index, follow, max-snippet:-1, max-image-preview:large, max-video-preview:-1\" \/>\n<meta property=\"og:locale\" content=\"pt_PT\" \/>\n<meta property=\"og:type\" content=\"article\" \/>\n<meta property=\"og:title\" content=\"Acusado de matar Josu\u00e9 Boxista no Porto fica em sil\u00eancio no in\u00edcio do julgamento - Portal Tela Portugal\" \/>\n<meta property=\"og:description\" content=\"O arguido Daniel &#039;Cenoura&#039; come\u00e7ou a ser julgado, no Tribunal de S\u00e3o Jo\u00e3o Novo, no Porto, por homic\u00eddio simples, dois crimes de homic\u00eddio na forma tentada e deten\u00e7\u00e3o de arma proibida. O crime ocorreu na madrugada de quatro de maio, em frente ao bar Shisha 13, na rua Escura, no Porto, quando Josu\u00e9 &#039;Boxista&#039;, de 24 anos, foi morto. A acusa\u00e7\u00e3o sustenta que, ap\u00f3s um desentendimento com Valqu\u00edrio (tio do arguido), Cenoura disparou \u00e0 queima-roupa contra a v\u00edtima e, a seguir, lan\u00e7ou dois tiros sobre a viatura que a acompanhava, provocando o despiste. Durante o in\u00edcio do julgamento, o arguido manteve-se em sil\u00eancio. Cenoura entregou-se \u00e0 Pol\u00edcia Judici\u00e1ria a 13 de maio de 2025, nove dias ap\u00f3s o homic\u00eddio, ficando em pris\u00e3o preventiva.\" \/>\n<meta property=\"og:url\" content=\"https:\/\/portaltela.pt\/noticias\/2026\/04\/30\/acusado-de-matar-josue-boxista-no-porto-fica-em-silencio-no-inicio-do-julgamento\/\" \/>\n<meta property=\"og:site_name\" content=\"Portal Tela Portugal\" \/>\n<meta property=\"article:published_time\" content=\"2026-04-30T10:33:16+00:00\" \/>\n<meta name=\"author\" content=\"Telinha\" \/>\n<meta name=\"twitter:card\" content=\"summary_large_image\" \/>\n<meta name=\"twitter:label1\" content=\"Escrito por\" \/>\n\t<meta name=\"twitter:data1\" content=\"Telinha\" \/>\n\t<meta name=\"twitter:label2\" content=\"Tempo estimado de leitura\" \/>\n\t<meta name=\"twitter:data2\" content=\"1 minuto\" \/>\n<script type=\"application\/ld+json\" class=\"yoast-schema-graph\">{\"@context\":\"https:\/\/schema.org\",\"@graph\":[{\"@type\":\"Article\",\"@id\":\"https:\/\/portaltela.pt\/noticias\/2026\/04\/30\/acusado-de-matar-josue-boxista-no-porto-fica-em-silencio-no-inicio-do-julgamento\/#article\",\"isPartOf\":{\"@id\":\"https:\/\/portaltela.pt\/noticias\/2026\/04\/30\/acusado-de-matar-josue-boxista-no-porto-fica-em-silencio-no-inicio-do-julgamento\/\"},\"author\":{\"name\":\"Telinha\",\"@id\":\"https:\/\/portaltela.pt\/#\/schema\/person\/c4278d4a6028830caff9ee44b42d32ed\"},\"headline\":\"Acusado de matar Josu\u00e9 Boxista no Porto fica em sil\u00eancio no in\u00edcio do julgamento\",\"datePublished\":\"2026-04-30T10:33:16+00:00\",\"mainEntityOfPage\":{\"@id\":\"https:\/\/portaltela.pt\/noticias\/2026\/04\/30\/acusado-de-matar-josue-boxista-no-porto-fica-em-silencio-no-inicio-do-julgamento\/\"},\"wordCount\":231,\"image\":{\"@id\":\"https:\/\/portaltela.pt\/noticias\/2026\/04\/30\/acusado-de-matar-josue-boxista-no-porto-fica-em-silencio-no-inicio-do-julgamento\/#primaryimage\"},\"thumbnailUrl\":\"https:\/\/portaltela.pt\/s.01k8rhncp4jt1\/2026\/04\/img_1500x1000uu2025-05-09-21-26-40-2207903.jpg\",\"keywords\":[\"arma de fogo\",\"Gondomar\",\"homic\u00eddio\",\"Pol\u00edcia Judici\u00e1ria\",\"Porto\",\"Tribunais\"],\"articleSection\":[\"Justi\u00e7a\",\"Not\u00edcias\"],\"inLanguage\":\"pt-PT\"},{\"@type\":\"WebPage\",\"@id\":\"https:\/\/portaltela.pt\/noticias\/2026\/04\/30\/acusado-de-matar-josue-boxista-no-porto-fica-em-silencio-no-inicio-do-julgamento\/\",\"url\":\"https:\/\/portaltela.pt\/noticias\/2026\/04\/30\/acusado-de-matar-josue-boxista-no-porto-fica-em-silencio-no-inicio-do-julgamento\/\",\"name\":\"Acusado de matar Josu\u00e9 Boxista no Porto fica em sil\u00eancio no in\u00edcio do julgamento - Portal Tela Portugal\",\"isPartOf\":{\"@id\":\"https:\/\/portaltela.pt\/#website\"},\"primaryImageOfPage\":{\"@id\":\"https:\/\/portaltela.pt\/noticias\/2026\/04\/30\/acusado-de-matar-josue-boxista-no-porto-fica-em-silencio-no-inicio-do-julgamento\/#primaryimage\"},\"image\":{\"@id\":\"https:\/\/portaltela.pt\/noticias\/2026\/04\/30\/acusado-de-matar-josue-boxista-no-porto-fica-em-silencio-no-inicio-do-julgamento\/#primaryimage\"},\"thumbnailUrl\":\"https:\/\/portaltela.pt\/s.01k8rhncp4jt1\/2026\/04\/img_1500x1000uu2025-05-09-21-26-40-2207903.jpg\",\"datePublished\":\"2026-04-30T10:33:16+00:00\",\"author\":{\"@id\":\"https:\/\/portaltela.pt\/#\/schema\/person\/c4278d4a6028830caff9ee44b42d32ed\"},\"breadcrumb\":{\"@id\":\"https:\/\/portaltela.pt\/noticias\/2026\/04\/30\/acusado-de-matar-josue-boxista-no-porto-fica-em-silencio-no-inicio-do-julgamento\/#breadcrumb\"},\"inLanguage\":\"pt-PT\",\"potentialAction\":[{\"@type\":\"ReadAction\",\"target\":[\"https:\/\/portaltela.pt\/noticias\/2026\/04\/30\/acusado-de-matar-josue-boxista-no-porto-fica-em-silencio-no-inicio-do-julgamento\/\"]}]},{\"@type\":\"ImageObject\",\"inLanguage\":\"pt-PT\",\"@id\":\"https:\/\/portaltela.pt\/noticias\/2026\/04\/30\/acusado-de-matar-josue-boxista-no-porto-fica-em-silencio-no-inicio-do-julgamento\/#primaryimage\",\"url\":\"https:\/\/portaltela.pt\/s.01k8rhncp4jt1\/2026\/04\/img_1500x1000uu2025-05-09-21-26-40-2207903.jpg\",\"contentUrl\":\"https:\/\/portaltela.pt\/s.01k8rhncp4jt1\/2026\/04\/img_1500x1000uu2025-05-09-21-26-40-2207903.jpg\",\"width\":796,\"height\":448,\"caption\":\"Homicida de Josu\u00e9 \u2018Boxista\u2019 continua em fuga\"},{\"@type\":\"BreadcrumbList\",\"@id\":\"https:\/\/portaltela.pt\/noticias\/2026\/04\/30\/acusado-de-matar-josue-boxista-no-porto-fica-em-silencio-no-inicio-do-julgamento\/#breadcrumb\",\"itemListElement\":[{\"@type\":\"ListItem\",\"position\":1,\"name\":\"In\u00edcio\",\"item\":\"https:\/\/portaltela.pt\/\"},{\"@type\":\"ListItem\",\"position\":2,\"name\":\"Acusado de matar Josu\u00e9 Boxista no Porto fica em sil\u00eancio no in\u00edcio do julgamento\"}]},{\"@type\":\"WebSite\",\"@id\":\"https:\/\/portaltela.pt\/#website\",\"url\":\"https:\/\/portaltela.pt\/\",\"name\":\"Portal Tela Portugal\",\"description\":\"\",\"potentialAction\":[{\"@type\":\"SearchAction\",\"target\":{\"@type\":\"EntryPoint\",\"urlTemplate\":\"https:\/\/portaltela.pt\/?s={search_term_string}\"},\"query-input\":{\"@type\":\"PropertyValueSpecification\",\"valueRequired\":true,\"valueName\":\"search_term_string\"}}],\"inLanguage\":\"pt-PT\"},{\"@type\":\"Person\",\"@id\":\"https:\/\/portaltela.pt\/#\/schema\/person\/c4278d4a6028830caff9ee44b42d32ed\",\"name\":\"Telinha\",\"image\":{\"@type\":\"ImageObject\",\"inLanguage\":\"pt-PT\",\"@id\":\"https:\/\/portaltela.pt\/s.01k8rhncp4jt1\/2025\/11\/talking-bot-125x125.png\",\"url\":\"https:\/\/portaltela.pt\/s.01k8rhncp4jt1\/2025\/11\/talking-bot-125x125.png\",\"contentUrl\":\"https:\/\/portaltela.pt\/s.01k8rhncp4jt1\/2025\/11\/talking-bot-125x125.png\",\"caption\":\"Telinha\"},\"sameAs\":[\"https:\/\/portaltela.pt\/\"],\"url\":\"https:\/\/portaltela.pt\/por\/367410592786\/\"}]}<\/script>\n<!-- \/ Yoast SEO plugin. -->","yoast_head_json":{"title":"Acusado de matar Josu\u00e9 Boxista no Porto fica em sil\u00eancio no in\u00edcio do julgamento - Portal Tela Portugal","robots":{"index":"index","follow":"follow","max-snippet":"max-snippet:-1","max-image-preview":"max-image-preview:large","max-video-preview":"max-video-preview:-1"},"og_locale":"pt_PT","og_type":"article","og_title":"Acusado de matar Josu\u00e9 Boxista no Porto fica em sil\u00eancio no in\u00edcio do julgamento - Portal Tela Portugal","og_description":"O arguido Daniel 'Cenoura' come\u00e7ou a ser julgado, no Tribunal de S\u00e3o Jo\u00e3o Novo, no Porto, por homic\u00eddio simples, dois crimes de homic\u00eddio na forma tentada e deten\u00e7\u00e3o de arma proibida. O crime ocorreu na madrugada de quatro de maio, em frente ao bar Shisha 13, na rua Escura, no Porto, quando Josu\u00e9 'Boxista', de 24 anos, foi morto. A acusa\u00e7\u00e3o sustenta que, ap\u00f3s um desentendimento com Valqu\u00edrio (tio do arguido), Cenoura disparou \u00e0 queima-roupa contra a v\u00edtima e, a seguir, lan\u00e7ou dois tiros sobre a viatura que a acompanhava, provocando o despiste. Durante o in\u00edcio do julgamento, o arguido manteve-se em sil\u00eancio. Cenoura entregou-se \u00e0 Pol\u00edcia Judici\u00e1ria a 13 de maio de 2025, nove dias ap\u00f3s o homic\u00eddio, ficando em pris\u00e3o preventiva.","og_url":"https:\/\/portaltela.pt\/noticias\/2026\/04\/30\/acusado-de-matar-josue-boxista-no-porto-fica-em-silencio-no-inicio-do-julgamento\/","og_site_name":"Portal Tela Portugal","article_published_time":"2026-04-30T10:33:16+00:00","author":"Telinha","twitter_card":"summary_large_image","twitter_misc":{"Escrito por":"Telinha","Tempo estimado de leitura":"1 minuto"},"schema":{"@context":"https:\/\/schema.org","@graph":[{"@type":"Article","@id":"https:\/\/portaltela.pt\/noticias\/2026\/04\/30\/acusado-de-matar-josue-boxista-no-porto-fica-em-silencio-no-inicio-do-julgamento\/#article","isPartOf":{"@id":"https:\/\/portaltela.pt\/noticias\/2026\/04\/30\/acusado-de-matar-josue-boxista-no-porto-fica-em-silencio-no-inicio-do-julgamento\/"},"author":{"name":"Telinha","@id":"https:\/\/portaltela.pt\/#\/schema\/person\/c4278d4a6028830caff9ee44b42d32ed"},"headline":"Acusado de matar Josu\u00e9 Boxista no Porto fica em sil\u00eancio no in\u00edcio do julgamento","datePublished":"2026-04-30T10:33:16+00:00","mainEntityOfPage":{"@id":"https:\/\/portaltela.pt\/noticias\/2026\/04\/30\/acusado-de-matar-josue-boxista-no-porto-fica-em-silencio-no-inicio-do-julgamento\/"},"wordCount":231,"image":{"@id":"https:\/\/portaltela.pt\/noticias\/2026\/04\/30\/acusado-de-matar-josue-boxista-no-porto-fica-em-silencio-no-inicio-do-julgamento\/#primaryimage"},"thumbnailUrl":"https:\/\/portaltela.pt\/s.01k8rhncp4jt1\/2026\/04\/img_1500x1000uu2025-05-09-21-26-40-2207903.jpg","keywords":["arma de fogo","Gondomar","homic\u00eddio","Pol\u00edcia Judici\u00e1ria","Porto","Tribunais"],"articleSection":["Justi\u00e7a","Not\u00edcias"],"inLanguage":"pt-PT"},{"@type":"WebPage","@id":"https:\/\/portaltela.pt\/noticias\/2026\/04\/30\/acusado-de-matar-josue-boxista-no-porto-fica-em-silencio-no-inicio-do-julgamento\/","url":"https:\/\/portaltela.pt\/noticias\/2026\/04\/30\/acusado-de-matar-josue-boxista-no-porto-fica-em-silencio-no-inicio-do-julgamento\/","name":"Acusado de matar Josu\u00e9 Boxista no Porto fica em sil\u00eancio no in\u00edcio do julgamento - Portal Tela Portugal","isPartOf":{"@id":"https:\/\/portaltela.pt\/#website"},"primaryImageOfPage":{"@id":"https:\/\/portaltela.pt\/noticias\/2026\/04\/30\/acusado-de-matar-josue-boxista-no-porto-fica-em-silencio-no-inicio-do-julgamento\/#primaryimage"},"image":{"@id":"https:\/\/portaltela.pt\/noticias\/2026\/04\/30\/acusado-de-matar-josue-boxista-no-porto-fica-em-silencio-no-inicio-do-julgamento\/#primaryimage"},"thumbnailUrl":"https:\/\/portaltela.pt\/s.01k8rhncp4jt1\/2026\/04\/img_1500x1000uu2025-05-09-21-26-40-2207903.jpg","datePublished":"2026-04-30T10:33:16+00:00","author":{"@id":"https:\/\/portaltela.pt\/#\/schema\/person\/c4278d4a6028830caff9ee44b42d32ed"},"breadcrumb":{"@id":"https:\/\/portaltela.pt\/noticias\/2026\/04\/30\/acusado-de-matar-josue-boxista-no-porto-fica-em-silencio-no-inicio-do-julgamento\/#breadcrumb"},"inLanguage":"pt-PT","potentialAction":[{"@type":"ReadAction","target":["https:\/\/portaltela.pt\/noticias\/2026\/04\/30\/acusado-de-matar-josue-boxista-no-porto-fica-em-silencio-no-inicio-do-julgamento\/"]}]},{"@type":"ImageObject","inLanguage":"pt-PT","@id":"https:\/\/portaltela.pt\/noticias\/2026\/04\/30\/acusado-de-matar-josue-boxista-no-porto-fica-em-silencio-no-inicio-do-julgamento\/#primaryimage","url":"https:\/\/portaltela.pt\/s.01k8rhncp4jt1\/2026\/04\/img_1500x1000uu2025-05-09-21-26-40-2207903.jpg","contentUrl":"https:\/\/portaltela.pt\/s.01k8rhncp4jt1\/2026\/04\/img_1500x1000uu2025-05-09-21-26-40-2207903.jpg","width":796,"height":448,"caption":"Homicida de Josu\u00e9 \u2018Boxista\u2019 continua em fuga"},{"@type":"BreadcrumbList","@id":"https:\/\/portaltela.pt\/noticias\/2026\/04\/30\/acusado-de-matar-josue-boxista-no-porto-fica-em-silencio-no-inicio-do-julgamento\/#breadcrumb","itemListElement":[{"@type":"ListItem","position":1,"name":"In\u00edcio","item":"https:\/\/portaltela.pt\/"},{"@type":"ListItem","position":2,"name":"Acusado de matar Josu\u00e9 Boxista no Porto fica em sil\u00eancio no in\u00edcio do julgamento"}]},{"@type":"WebSite","@id":"https:\/\/portaltela.pt\/#website","url":"https:\/\/portaltela.pt\/","name":"Portal Tela Portugal","description":"","potentialAction":[{"@type":"SearchAction","target":{"@type":"EntryPoint","urlTemplate":"https:\/\/portaltela.pt\/?s={search_term_string}"},"query-input":{"@type":"PropertyValueSpecification","valueRequired":true,"valueName":"search_term_string"}}],"inLanguage":"pt-PT"},{"@type":"Person","@id":"https:\/\/portaltela.pt\/#\/schema\/person\/c4278d4a6028830caff9ee44b42d32ed","name":"Telinha","image":{"@type":"ImageObject","inLanguage":"pt-PT","@id":"https:\/\/portaltela.pt\/s.01k8rhncp4jt1\/2025\/11\/talking-bot-125x125.png","url":"https:\/\/portaltela.pt\/s.01k8rhncp4jt1\/2025\/11\/talking-bot-125x125.png","contentUrl":"https:\/\/portaltela.pt\/s.01k8rhncp4jt1\/2025\/11\/talking-bot-125x125.png","caption":"Telinha"},"sameAs":["https:\/\/portaltela.pt\/"],"url":"https:\/\/portaltela.pt\/por\/367410592786\/"}]}},"_links":{"self":[{"href":"https:\/\/portaltela.pt\/api\/wp\/v2\/posts\/462199","targetHints":{"allow":["GET"]}}],"collection":[{"href":"https:\/\/portaltela.pt\/api\/wp\/v2\/posts"}],"about":[{"href":"https:\/\/portaltela.pt\/api\/wp\/v2\/types\/post"}],"author":[{"embeddable":true,"href":"https:\/\/portaltela.pt\/api\/wp\/v2\/users\/2"}],"replies":[{"embeddable":true,"href":"https:\/\/portaltela.pt\/api\/wp\/v2\/comments?post=462199"}],"version-history":[{"count":0,"href":"https:\/\/portaltela.pt\/api\/wp\/v2\/posts\/462199\/revisions"}],"wp:featuredmedia":[{"embeddable":true,"href":"https:\/\/portaltela.pt\/api\/wp\/v2\/media\/462201"}],"wp:attachment":[{"href":"https:\/\/portaltela.pt\/api\/wp\/v2\/media?parent=462199"}],"wp:term":[{"taxonomy":"category","embeddable":true,"href":"https:\/\/portaltela.pt\/api\/wp\/v2\/categories?post=462199"},{"taxonomy":"post_tag","embeddable":true,"href":"https:\/\/portaltela.pt\/api\/wp\/v2\/tags?post=462199"}],"curies":[{"name":"wp","href":"https:\/\/api.w.org\/{rel}","templated":true}]}}