{"id":462196,"date":"2026-04-30T07:33:13","date_gmt":"2026-04-30T10:33:13","guid":{"rendered":"https:\/\/portaltela.pt\/noticias\/2026\/04\/30\/maior-porta-avioes-dos-eua-regressa-a-casa-apos-destacamento-recorde\/"},"modified":"2026-04-30T07:33:13","modified_gmt":"2026-04-30T10:33:13","slug":"maior-porta-avioes-dos-eua-regressa-a-casa-apos-destacamento-recorde","status":"publish","type":"post","link":"https:\/\/portaltela.pt\/noticias\/2026\/04\/30\/maior-porta-avioes-dos-eua-regressa-a-casa-apos-destacamento-recorde\/","title":{"rendered":"Maior porta-avi\u00f5es dos EUA regressa a casa ap\u00f3s destacamento recorde"},"content":{"rendered":"<p>O USS Gerald R Ford regressa aos Estados Unidos ap\u00f3s mais de 300 dias em alto-mar, o per\u00edodo mais longo de destacamento de um porta-avi\u00f5es americano desde a Guerra Fria. O navio chegou ao porto de Split, na Cro\u00e1cia, no s\u00e1bado, 28 de mar\u00e7o de 2026, segundo informa\u00e7\u00f5es oficiais.<\/p>\n<p>Durante o regresso, o navio manteve-se em opera\u00e7\u00f5es ao largo do Mediterr\u00e2neo, ap\u00f3s ter partido da Esta\u00e7\u00e3o Naval de Norfolk no final de junho de 2025. O Ford deslocou-se mais tarde para as Cara\u00edbas, em outubro, e s\u00f3 ent\u00e3o retomou o percurso rumo ao M\u00e9dio Oriente.<\/p>\n<p>O porta-avi\u00f5es foi obrigado a retornar ao Mediterr\u00e2neo em mar\u00e7o para repara\u00e7\u00f5es e manuten\u00e7\u00e3o, ap\u00f3s um inc\u00eandio na lavandaria a 12 de mar\u00e7o, ao atracar num porto da Gr\u00e9cia. Seguiu-se uma transfer\u00eancia para a Cro\u00e1cia, onde ocorreu nova interven\u00e7\u00e3o t\u00e9cnica.<\/p>\n<h3>Detalhes do destacamento e capacidades<\/h3>\n<p>Com 100 mil toneladas de deslocamento e 334 metros de comprimento, o Ford disp\u00f5e de um conv\u00e9s de voo capaz de acolher mais de 75 jatos, embora opere tipicamente com 60-70 aeronaves. O 295.\u00ba dia de mar do navio quebrou o recorde p\u00f3s-Guerra Fria de 294 dias, alcan\u00e7ado pelo USS Abraham Lincoln em 2020.<\/p>\n<p>Mais a oeste, registam-se opera\u00e7\u00f5es com outros porta-avi\u00f5es norte-americanos. Tr\u00eas navios est\u00e3o destacados no M\u00e9dio Oriente, posi\u00e7\u00e3o que n\u00e3o ocorria desde 2003. O USS Abraham Lincoln est\u00e1 na regi\u00e3o desde janeiro, enquanto o USS George H. W. Bush chegou recentemente e dirige-se ao Mar Ar\u00e1bico para apoiar o bloqueio de portos iranianos.<\/p>\n<h3>Contexto operacional<\/h3>\n<p>O destacamento resulta de uma conjuga\u00e7\u00e3o de opera\u00e7\u00f5es na guerra do Ir\u00e3o e de uma miss\u00e3o na Venezuela que levou \u00e0 deten\u00e7\u00e3o de Nicol\u00e1s Maduro, segundo informa\u00e7\u00f5es oficiais. N\u00e3o h\u00e1 confirma\u00e7\u00e3o p\u00fablica sobre a data prevista de sa\u00edda do M\u00e9dio Oriente, com regresso ao porto de origem na Virg\u00ednia esperado para meados de maio.<\/p>\n","protected":false},"excerpt":{"rendered":"<ul>\n<li>O porta-avi\u00f5es USS Gerald R Ford regressa aos EUA ap\u00f3s mais de 300 dias no mar, o maior destacamento desde a Guerra Fria, com opera\u00e7\u00f5es no Ir\u00e3o e na Venezuela.<\/li>\n<li>Chega ao porto de Split, na Cro\u00e1cia, no s\u00e1bado, 28 de mar\u00e7o de 2026, e dever\u00e1 regressar \u00e0 Virg\u00ednia em meados de maio.<\/li>\n<li>Partiu de Norfolk no final de junho de 2025, passou pelo Mediterr\u00e2neo e pelas Cara\u00edbas, e voltou ao Mediterr\u00e2neo em mar\u00e7o para repara\u00e7\u00f5es ap\u00f3s um inc\u00eandio na lavandaria.<\/li>\n<li>Foi transferido para a Cro\u00e1cia para novas repara\u00e7\u00f5es; tem deslocamento de 100 mil toneladas, 334 metros de comprimento e um conv\u00e9s capaz de acolher mais de 75 jatos (tipicamente opera com 60\u201370 aeronaves).<\/li>\n<li>O 295.\u00ba dia no mar supera o recorde p\u00f3s-Guerra Fria; nos \u00faltimos tempos est\u00e3o no M\u00e9dio Oriente o USS Abraham Lincoln e o USS George H. W. Bush, com o Lincoln desde janeiro e o Bush a caminho do Mar Ar\u00e1bico.<\/li>\n<\/ul>\n","protected":false},"author":2,"featured_media":462200,"comment_status":"closed","ping_status":"closed","sticky":false,"template":"","format":"standard","meta":{"footnotes":""},"categories":[6804,1],"tags":[8552,7986,8195,8006,9121,7972],"class_list":["post-462196","post","type-post","status-publish","format-standard","has-post-thumbnail","hentry","category-guerra","category-noticias","tag-_avioes","tag-_estados-unidos","tag-_guerra","tag-_marinha","tag-_navios","tag-_venezuela"],"yoast_head":"<!-- This site is optimized with the Yoast SEO plugin v27.2 - https:\/\/yoast.com\/product\/yoast-seo-wordpress\/ -->\n<title>Maior porta-avi\u00f5es dos EUA regressa a casa ap\u00f3s destacamento recorde - Portal Tela Portugal<\/title>\n<meta name=\"robots\" content=\"index, follow, max-snippet:-1, max-image-preview:large, max-video-preview:-1\" \/>\n<meta property=\"og:locale\" content=\"pt_PT\" \/>\n<meta property=\"og:type\" content=\"article\" \/>\n<meta property=\"og:title\" content=\"Maior porta-avi\u00f5es dos EUA regressa a casa ap\u00f3s destacamento recorde - Portal Tela Portugal\" \/>\n<meta property=\"og:description\" content=\"O porta-avi\u00f5es USS Gerald R Ford regressa aos EUA ap\u00f3s mais de 300 dias no mar, o maior destacamento desde a Guerra Fria, com opera\u00e7\u00f5es no Ir\u00e3o e na Venezuela. Chega ao porto de Split, na Cro\u00e1cia, no s\u00e1bado, 28 de mar\u00e7o de 2026, e dever\u00e1 regressar \u00e0 Virg\u00ednia em meados de maio. Partiu de Norfolk no final de junho de 2025, passou pelo Mediterr\u00e2neo e pelas Cara\u00edbas, e voltou ao Mediterr\u00e2neo em mar\u00e7o para repara\u00e7\u00f5es ap\u00f3s um inc\u00eandio na lavandaria. Foi transferido para a Cro\u00e1cia para novas repara\u00e7\u00f5es; tem deslocamento de 100 mil toneladas, 334 metros de comprimento e um conv\u00e9s capaz de acolher mais de 75 jatos (tipicamente opera com 60\u201370 aeronaves). O 295.\u00ba dia no mar supera o recorde p\u00f3s-Guerra Fria; nos \u00faltimos tempos est\u00e3o no M\u00e9dio Oriente o USS Abraham Lincoln e o USS George H. W. Bush, com o Lincoln desde janeiro e o Bush a caminho do Mar Ar\u00e1bico.\" \/>\n<meta property=\"og:url\" content=\"https:\/\/portaltela.pt\/noticias\/2026\/04\/30\/maior-porta-avioes-dos-eua-regressa-a-casa-apos-destacamento-recorde\/\" \/>\n<meta property=\"og:site_name\" content=\"Portal Tela Portugal\" \/>\n<meta property=\"article:published_time\" content=\"2026-04-30T10:33:13+00:00\" \/>\n<meta name=\"author\" content=\"Telinha\" \/>\n<meta name=\"twitter:card\" content=\"summary_large_image\" \/>\n<meta name=\"twitter:label1\" content=\"Escrito por\" \/>\n\t<meta name=\"twitter:data1\" content=\"Telinha\" \/>\n\t<meta name=\"twitter:label2\" content=\"Tempo estimado de leitura\" \/>\n\t<meta name=\"twitter:data2\" content=\"2 minutos\" \/>\n<script type=\"application\/ld+json\" class=\"yoast-schema-graph\">{\"@context\":\"https:\/\/schema.org\",\"@graph\":[{\"@type\":\"Article\",\"@id\":\"https:\/\/portaltela.pt\/noticias\/2026\/04\/30\/maior-porta-avioes-dos-eua-regressa-a-casa-apos-destacamento-recorde\/#article\",\"isPartOf\":{\"@id\":\"https:\/\/portaltela.pt\/noticias\/2026\/04\/30\/maior-porta-avioes-dos-eua-regressa-a-casa-apos-destacamento-recorde\/\"},\"author\":{\"name\":\"Telinha\",\"@id\":\"https:\/\/portaltela.pt\/#\/schema\/person\/c4278d4a6028830caff9ee44b42d32ed\"},\"headline\":\"Maior porta-avi\u00f5es dos EUA regressa a casa ap\u00f3s destacamento recorde\",\"datePublished\":\"2026-04-30T10:33:13+00:00\",\"mainEntityOfPage\":{\"@id\":\"https:\/\/portaltela.pt\/noticias\/2026\/04\/30\/maior-porta-avioes-dos-eua-regressa-a-casa-apos-destacamento-recorde\/\"},\"wordCount\":354,\"image\":{\"@id\":\"https:\/\/portaltela.pt\/noticias\/2026\/04\/30\/maior-porta-avioes-dos-eua-regressa-a-casa-apos-destacamento-recorde\/#primaryimage\"},\"thumbnailUrl\":\"https:\/\/portaltela.pt\/s.01k8rhncp4jt1\/2026\/04\/1536x864_cmsv2_5612a58a-d7f2-5de4-9c78-4f368c6c2f93-9741615.jpg\",\"keywords\":[\"_avi\u00f5es\",\"_Estados Unidos\",\"_guerra\",\"_Marinha\",\"_navios\",\"_Venezuela\"],\"articleSection\":[\"Guerra\",\"Not\u00edcias\"],\"inLanguage\":\"pt-PT\"},{\"@type\":\"WebPage\",\"@id\":\"https:\/\/portaltela.pt\/noticias\/2026\/04\/30\/maior-porta-avioes-dos-eua-regressa-a-casa-apos-destacamento-recorde\/\",\"url\":\"https:\/\/portaltela.pt\/noticias\/2026\/04\/30\/maior-porta-avioes-dos-eua-regressa-a-casa-apos-destacamento-recorde\/\",\"name\":\"Maior porta-avi\u00f5es dos EUA regressa a casa ap\u00f3s destacamento recorde - Portal Tela Portugal\",\"isPartOf\":{\"@id\":\"https:\/\/portaltela.pt\/#website\"},\"primaryImageOfPage\":{\"@id\":\"https:\/\/portaltela.pt\/noticias\/2026\/04\/30\/maior-porta-avioes-dos-eua-regressa-a-casa-apos-destacamento-recorde\/#primaryimage\"},\"image\":{\"@id\":\"https:\/\/portaltela.pt\/noticias\/2026\/04\/30\/maior-porta-avioes-dos-eua-regressa-a-casa-apos-destacamento-recorde\/#primaryimage\"},\"thumbnailUrl\":\"https:\/\/portaltela.pt\/s.01k8rhncp4jt1\/2026\/04\/1536x864_cmsv2_5612a58a-d7f2-5de4-9c78-4f368c6c2f93-9741615.jpg\",\"datePublished\":\"2026-04-30T10:33:13+00:00\",\"author\":{\"@id\":\"https:\/\/portaltela.pt\/#\/schema\/person\/c4278d4a6028830caff9ee44b42d32ed\"},\"breadcrumb\":{\"@id\":\"https:\/\/portaltela.pt\/noticias\/2026\/04\/30\/maior-porta-avioes-dos-eua-regressa-a-casa-apos-destacamento-recorde\/#breadcrumb\"},\"inLanguage\":\"pt-PT\",\"potentialAction\":[{\"@type\":\"ReadAction\",\"target\":[\"https:\/\/portaltela.pt\/noticias\/2026\/04\/30\/maior-porta-avioes-dos-eua-regressa-a-casa-apos-destacamento-recorde\/\"]}]},{\"@type\":\"ImageObject\",\"inLanguage\":\"pt-PT\",\"@id\":\"https:\/\/portaltela.pt\/noticias\/2026\/04\/30\/maior-porta-avioes-dos-eua-regressa-a-casa-apos-destacamento-recorde\/#primaryimage\",\"url\":\"https:\/\/portaltela.pt\/s.01k8rhncp4jt1\/2026\/04\/1536x864_cmsv2_5612a58a-d7f2-5de4-9c78-4f368c6c2f93-9741615.jpg\",\"contentUrl\":\"https:\/\/portaltela.pt\/s.01k8rhncp4jt1\/2026\/04\/1536x864_cmsv2_5612a58a-d7f2-5de4-9c78-4f368c6c2f93-9741615.jpg\",\"width\":796,\"height\":448,\"caption\":\"O USS Gerald R. Ford chega ao porto de Split, na Cro\u00e1cia, no s\u00e1bado, 28 de mar\u00e7o de 2026.\"},{\"@type\":\"BreadcrumbList\",\"@id\":\"https:\/\/portaltela.pt\/noticias\/2026\/04\/30\/maior-porta-avioes-dos-eua-regressa-a-casa-apos-destacamento-recorde\/#breadcrumb\",\"itemListElement\":[{\"@type\":\"ListItem\",\"position\":1,\"name\":\"In\u00edcio\",\"item\":\"https:\/\/portaltela.pt\/\"},{\"@type\":\"ListItem\",\"position\":2,\"name\":\"Maior porta-avi\u00f5es dos EUA regressa a casa ap\u00f3s destacamento recorde\"}]},{\"@type\":\"WebSite\",\"@id\":\"https:\/\/portaltela.pt\/#website\",\"url\":\"https:\/\/portaltela.pt\/\",\"name\":\"Portal Tela Portugal\",\"description\":\"\",\"potentialAction\":[{\"@type\":\"SearchAction\",\"target\":{\"@type\":\"EntryPoint\",\"urlTemplate\":\"https:\/\/portaltela.pt\/?s={search_term_string}\"},\"query-input\":{\"@type\":\"PropertyValueSpecification\",\"valueRequired\":true,\"valueName\":\"search_term_string\"}}],\"inLanguage\":\"pt-PT\"},{\"@type\":\"Person\",\"@id\":\"https:\/\/portaltela.pt\/#\/schema\/person\/c4278d4a6028830caff9ee44b42d32ed\",\"name\":\"Telinha\",\"image\":{\"@type\":\"ImageObject\",\"inLanguage\":\"pt-PT\",\"@id\":\"https:\/\/portaltela.pt\/s.01k8rhncp4jt1\/2025\/11\/talking-bot-125x125.png\",\"url\":\"https:\/\/portaltela.pt\/s.01k8rhncp4jt1\/2025\/11\/talking-bot-125x125.png\",\"contentUrl\":\"https:\/\/portaltela.pt\/s.01k8rhncp4jt1\/2025\/11\/talking-bot-125x125.png\",\"caption\":\"Telinha\"},\"sameAs\":[\"https:\/\/portaltela.pt\/\"],\"url\":\"https:\/\/portaltela.pt\/por\/367410592786\/\"}]}<\/script>\n<!-- \/ Yoast SEO plugin. -->","yoast_head_json":{"title":"Maior porta-avi\u00f5es dos EUA regressa a casa ap\u00f3s destacamento recorde - Portal Tela Portugal","robots":{"index":"index","follow":"follow","max-snippet":"max-snippet:-1","max-image-preview":"max-image-preview:large","max-video-preview":"max-video-preview:-1"},"og_locale":"pt_PT","og_type":"article","og_title":"Maior porta-avi\u00f5es dos EUA regressa a casa ap\u00f3s destacamento recorde - Portal Tela Portugal","og_description":"O porta-avi\u00f5es USS Gerald R Ford regressa aos EUA ap\u00f3s mais de 300 dias no mar, o maior destacamento desde a Guerra Fria, com opera\u00e7\u00f5es no Ir\u00e3o e na Venezuela. Chega ao porto de Split, na Cro\u00e1cia, no s\u00e1bado, 28 de mar\u00e7o de 2026, e dever\u00e1 regressar \u00e0 Virg\u00ednia em meados de maio. Partiu de Norfolk no final de junho de 2025, passou pelo Mediterr\u00e2neo e pelas Cara\u00edbas, e voltou ao Mediterr\u00e2neo em mar\u00e7o para repara\u00e7\u00f5es ap\u00f3s um inc\u00eandio na lavandaria. Foi transferido para a Cro\u00e1cia para novas repara\u00e7\u00f5es; tem deslocamento de 100 mil toneladas, 334 metros de comprimento e um conv\u00e9s capaz de acolher mais de 75 jatos (tipicamente opera com 60\u201370 aeronaves). O 295.\u00ba dia no mar supera o recorde p\u00f3s-Guerra Fria; nos \u00faltimos tempos est\u00e3o no M\u00e9dio Oriente o USS Abraham Lincoln e o USS George H. W. Bush, com o Lincoln desde janeiro e o Bush a caminho do Mar Ar\u00e1bico.","og_url":"https:\/\/portaltela.pt\/noticias\/2026\/04\/30\/maior-porta-avioes-dos-eua-regressa-a-casa-apos-destacamento-recorde\/","og_site_name":"Portal Tela Portugal","article_published_time":"2026-04-30T10:33:13+00:00","author":"Telinha","twitter_card":"summary_large_image","twitter_misc":{"Escrito por":"Telinha","Tempo estimado de leitura":"2 minutos"},"schema":{"@context":"https:\/\/schema.org","@graph":[{"@type":"Article","@id":"https:\/\/portaltela.pt\/noticias\/2026\/04\/30\/maior-porta-avioes-dos-eua-regressa-a-casa-apos-destacamento-recorde\/#article","isPartOf":{"@id":"https:\/\/portaltela.pt\/noticias\/2026\/04\/30\/maior-porta-avioes-dos-eua-regressa-a-casa-apos-destacamento-recorde\/"},"author":{"name":"Telinha","@id":"https:\/\/portaltela.pt\/#\/schema\/person\/c4278d4a6028830caff9ee44b42d32ed"},"headline":"Maior porta-avi\u00f5es dos EUA regressa a casa ap\u00f3s destacamento recorde","datePublished":"2026-04-30T10:33:13+00:00","mainEntityOfPage":{"@id":"https:\/\/portaltela.pt\/noticias\/2026\/04\/30\/maior-porta-avioes-dos-eua-regressa-a-casa-apos-destacamento-recorde\/"},"wordCount":354,"image":{"@id":"https:\/\/portaltela.pt\/noticias\/2026\/04\/30\/maior-porta-avioes-dos-eua-regressa-a-casa-apos-destacamento-recorde\/#primaryimage"},"thumbnailUrl":"https:\/\/portaltela.pt\/s.01k8rhncp4jt1\/2026\/04\/1536x864_cmsv2_5612a58a-d7f2-5de4-9c78-4f368c6c2f93-9741615.jpg","keywords":["_avi\u00f5es","_Estados Unidos","_guerra","_Marinha","_navios","_Venezuela"],"articleSection":["Guerra","Not\u00edcias"],"inLanguage":"pt-PT"},{"@type":"WebPage","@id":"https:\/\/portaltela.pt\/noticias\/2026\/04\/30\/maior-porta-avioes-dos-eua-regressa-a-casa-apos-destacamento-recorde\/","url":"https:\/\/portaltela.pt\/noticias\/2026\/04\/30\/maior-porta-avioes-dos-eua-regressa-a-casa-apos-destacamento-recorde\/","name":"Maior porta-avi\u00f5es dos EUA regressa a casa ap\u00f3s destacamento recorde - Portal Tela Portugal","isPartOf":{"@id":"https:\/\/portaltela.pt\/#website"},"primaryImageOfPage":{"@id":"https:\/\/portaltela.pt\/noticias\/2026\/04\/30\/maior-porta-avioes-dos-eua-regressa-a-casa-apos-destacamento-recorde\/#primaryimage"},"image":{"@id":"https:\/\/portaltela.pt\/noticias\/2026\/04\/30\/maior-porta-avioes-dos-eua-regressa-a-casa-apos-destacamento-recorde\/#primaryimage"},"thumbnailUrl":"https:\/\/portaltela.pt\/s.01k8rhncp4jt1\/2026\/04\/1536x864_cmsv2_5612a58a-d7f2-5de4-9c78-4f368c6c2f93-9741615.jpg","datePublished":"2026-04-30T10:33:13+00:00","author":{"@id":"https:\/\/portaltela.pt\/#\/schema\/person\/c4278d4a6028830caff9ee44b42d32ed"},"breadcrumb":{"@id":"https:\/\/portaltela.pt\/noticias\/2026\/04\/30\/maior-porta-avioes-dos-eua-regressa-a-casa-apos-destacamento-recorde\/#breadcrumb"},"inLanguage":"pt-PT","potentialAction":[{"@type":"ReadAction","target":["https:\/\/portaltela.pt\/noticias\/2026\/04\/30\/maior-porta-avioes-dos-eua-regressa-a-casa-apos-destacamento-recorde\/"]}]},{"@type":"ImageObject","inLanguage":"pt-PT","@id":"https:\/\/portaltela.pt\/noticias\/2026\/04\/30\/maior-porta-avioes-dos-eua-regressa-a-casa-apos-destacamento-recorde\/#primaryimage","url":"https:\/\/portaltela.pt\/s.01k8rhncp4jt1\/2026\/04\/1536x864_cmsv2_5612a58a-d7f2-5de4-9c78-4f368c6c2f93-9741615.jpg","contentUrl":"https:\/\/portaltela.pt\/s.01k8rhncp4jt1\/2026\/04\/1536x864_cmsv2_5612a58a-d7f2-5de4-9c78-4f368c6c2f93-9741615.jpg","width":796,"height":448,"caption":"O USS Gerald R. Ford chega ao porto de Split, na Cro\u00e1cia, no s\u00e1bado, 28 de mar\u00e7o de 2026."},{"@type":"BreadcrumbList","@id":"https:\/\/portaltela.pt\/noticias\/2026\/04\/30\/maior-porta-avioes-dos-eua-regressa-a-casa-apos-destacamento-recorde\/#breadcrumb","itemListElement":[{"@type":"ListItem","position":1,"name":"In\u00edcio","item":"https:\/\/portaltela.pt\/"},{"@type":"ListItem","position":2,"name":"Maior porta-avi\u00f5es dos EUA regressa a casa ap\u00f3s destacamento recorde"}]},{"@type":"WebSite","@id":"https:\/\/portaltela.pt\/#website","url":"https:\/\/portaltela.pt\/","name":"Portal Tela Portugal","description":"","potentialAction":[{"@type":"SearchAction","target":{"@type":"EntryPoint","urlTemplate":"https:\/\/portaltela.pt\/?s={search_term_string}"},"query-input":{"@type":"PropertyValueSpecification","valueRequired":true,"valueName":"search_term_string"}}],"inLanguage":"pt-PT"},{"@type":"Person","@id":"https:\/\/portaltela.pt\/#\/schema\/person\/c4278d4a6028830caff9ee44b42d32ed","name":"Telinha","image":{"@type":"ImageObject","inLanguage":"pt-PT","@id":"https:\/\/portaltela.pt\/s.01k8rhncp4jt1\/2025\/11\/talking-bot-125x125.png","url":"https:\/\/portaltela.pt\/s.01k8rhncp4jt1\/2025\/11\/talking-bot-125x125.png","contentUrl":"https:\/\/portaltela.pt\/s.01k8rhncp4jt1\/2025\/11\/talking-bot-125x125.png","caption":"Telinha"},"sameAs":["https:\/\/portaltela.pt\/"],"url":"https:\/\/portaltela.pt\/por\/367410592786\/"}]}},"_links":{"self":[{"href":"https:\/\/portaltela.pt\/api\/wp\/v2\/posts\/462196","targetHints":{"allow":["GET"]}}],"collection":[{"href":"https:\/\/portaltela.pt\/api\/wp\/v2\/posts"}],"about":[{"href":"https:\/\/portaltela.pt\/api\/wp\/v2\/types\/post"}],"author":[{"embeddable":true,"href":"https:\/\/portaltela.pt\/api\/wp\/v2\/users\/2"}],"replies":[{"embeddable":true,"href":"https:\/\/portaltela.pt\/api\/wp\/v2\/comments?post=462196"}],"version-history":[{"count":0,"href":"https:\/\/portaltela.pt\/api\/wp\/v2\/posts\/462196\/revisions"}],"wp:featuredmedia":[{"embeddable":true,"href":"https:\/\/portaltela.pt\/api\/wp\/v2\/media\/462200"}],"wp:attachment":[{"href":"https:\/\/portaltela.pt\/api\/wp\/v2\/media?parent=462196"}],"wp:term":[{"taxonomy":"category","embeddable":true,"href":"https:\/\/portaltela.pt\/api\/wp\/v2\/categories?post=462196"},{"taxonomy":"post_tag","embeddable":true,"href":"https:\/\/portaltela.pt\/api\/wp\/v2\/tags?post=462196"}],"curies":[{"name":"wp","href":"https:\/\/api.w.org\/{rel}","templated":true}]}}