{"id":462195,"date":"2026-04-30T07:33:10","date_gmt":"2026-04-30T10:33:10","guid":{"rendered":"https:\/\/portaltela.pt\/noticias\/2026\/04\/30\/emanuel-quim-roscas-e-zeca-estacionancio-animam-a-4-a-edicao-do-festival-raizes\/"},"modified":"2026-04-30T07:33:10","modified_gmt":"2026-04-30T10:33:10","slug":"emanuel-quim-roscas-e-zeca-estacionancio-animam-a-4-a-edicao-do-festival-raizes","status":"publish","type":"post","link":"https:\/\/portaltela.pt\/musica\/2026\/04\/30\/emanuel-quim-roscas-e-zeca-estacionancio-animam-a-4-a-edicao-do-festival-raizes\/","title":{"rendered":"Emanuel, Quim Roscas e Zeca Estacion\u00e2ncio animam a 4.\u00aa edi\u00e7\u00e3o do Festival Ra\u00edzes"},"content":{"rendered":"<p>O Festival Ra\u00edzes regressa \u00e0 cidade do Marco de Canaveses com a 4.\u00aa edi\u00e7\u00e3o, marcada para os dias 22 a 24 de maio. O evento ocorre no Largo da Feira do Marco, abrangendo artesanato, gastronomia e vinhos marcuenses, com destaque para atua\u00e7\u00f5es de Emanuel e da dupla Quim Roscas com Zeca Estacion\u00e2ncio.<\/p>\n<p>O cartaz desta edi\u00e7\u00e3o refor\u00e7a a presen\u00e7a de artistas e grupos locais, que assumem um papel central na identidade do festival. Entre os nomes em destaque encontram\u2011se Art\u00e2mega, Tradi\u00e7\u00e3o D\u2019Ouro, Os Filhos d\u2019Adega e o Grupo de Cavaquinhos da Universidade S\u00e9nior, acompanhando o tradicional Festival de Folclore do concelho.<\/p>\n<p>Ao longo dos tr\u00eas dias, al\u00e9m da programa\u00e7\u00e3o musical, o p\u00fablico pode visitar uma mostra permanente de vinhos, produtos locais e artesanato. Existe ainda uma exposi\u00e7\u00e3o dedicada ao movimento associativo do Marco de Canaveses, com participa\u00e7\u00e3o de cerca de 40 entidades locais.<\/p>\n<p>Cristina Vieira, presidente da C\u00e2mara Municipal, sublinha o crescimento do festival desde 2023, afirmando que a 4.\u00aa edi\u00e7\u00e3o chega com maior participa\u00e7\u00e3o e proje\u00e7\u00e3o para divulgar a cultura e a identidade locais. A aposta continua a valorizar a gastronomia, os vinhos verdes de qualidade, o artesanato e as tradi\u00e7\u00f5es da regi\u00e3o.<\/p>\n<p>O evento \u00e9 promovido pela C\u00e2mara Municipal do Marco de Canaveses, em parceria com a Associa\u00e7\u00e3o de Artes\u00e3os do Marco de Canaveses, a Confraria do Anho Assado com Arroz de Forno e a Rota dos Vinhos do Marco de Canaveses.<\/p>\n","protected":false},"excerpt":{"rendered":"<ul>\n<li>A 4.\u00aa edi\u00e7\u00e3o do Festival Ra\u00edzes realiza-se de 22 a 24 de maio, no Largo da Feira do Marco, Marco de Canaveses, com foco em artesanato, gastronomia e vinhos marcuenses.<\/li>\n<li>Destaques musicais: Emanuel e a dupla Quim Roscas e Zeca Estacion\u00e2ncio.<\/li>\n<li>O cartaz inclui artistas locais como Art\u00e2mega, Tradi\u00e7\u00e3o D\u2019Ouro, Os Filhos d\u2019Adega e o Grupo de Cavaquinhos da Universidade S\u00e9nior, al\u00e9m do Festival de Folclore do concelho.<\/li>\n<li>Espa\u00e7os include uma mostra permanente de vinhos, produtos locais e artesanato, bem como uma exposi\u00e7\u00e3o dedicada ao movimento associativo com cerca de 40 associa\u00e7\u00f5es locais.<\/li>\n<li>A C\u00e2mara Municipal do Marco de Canaveses promove o evento em parceria com a Associa\u00e7\u00e3o de Artes\u00e3os do Marco de Canaveses, a Confraria do Anho Assado com Arroz de Forno e a Rota dos Vinhos do Marco de Canaveses.<\/li>\n<\/ul>\n","protected":false},"author":2,"featured_media":462197,"comment_status":"closed","ping_status":"closed","sticky":false,"template":"","format":"standard","meta":{"footnotes":""},"categories":[7375,6676],"tags":[9412,7756,7982,8233,8205,9318],"class_list":["post-462195","post","type-post","status-publish","format-standard","has-post-thumbnail","hentry","category-cultura","category-musica","tag-_artesanato","tag-_cultura","tag-_gastronomia","tag-_musica","tag-_vinho","tag-_vinhos"],"yoast_head":"<!-- This site is optimized with the Yoast SEO plugin v27.2 - https:\/\/yoast.com\/product\/yoast-seo-wordpress\/ -->\n<title>Emanuel, Quim Roscas e Zeca Estacion\u00e2ncio animam a 4.\u00aa edi\u00e7\u00e3o do Festival Ra\u00edzes - Portal Tela Portugal<\/title>\n<meta name=\"robots\" content=\"index, follow, max-snippet:-1, max-image-preview:large, max-video-preview:-1\" \/>\n<meta property=\"og:locale\" content=\"pt_PT\" \/>\n<meta property=\"og:type\" content=\"article\" \/>\n<meta property=\"og:title\" content=\"Emanuel, Quim Roscas e Zeca Estacion\u00e2ncio animam a 4.\u00aa edi\u00e7\u00e3o do Festival Ra\u00edzes - Portal Tela Portugal\" \/>\n<meta property=\"og:description\" content=\"A 4.\u00aa edi\u00e7\u00e3o do Festival Ra\u00edzes realiza-se de 22 a 24 de maio, no Largo da Feira do Marco, Marco de Canaveses, com foco em artesanato, gastronomia e vinhos marcuenses. Destaques musicais: Emanuel e a dupla Quim Roscas e Zeca Estacion\u00e2ncio. O cartaz inclui artistas locais como Art\u00e2mega, Tradi\u00e7\u00e3o D\u2019Ouro, Os Filhos d\u2019Adega e o Grupo de Cavaquinhos da Universidade S\u00e9nior, al\u00e9m do Festival de Folclore do concelho. Espa\u00e7os include uma mostra permanente de vinhos, produtos locais e artesanato, bem como uma exposi\u00e7\u00e3o dedicada ao movimento associativo com cerca de 40 associa\u00e7\u00f5es locais. A C\u00e2mara Municipal do Marco de Canaveses promove o evento em parceria com a Associa\u00e7\u00e3o de Artes\u00e3os do Marco de Canaveses, a Confraria do Anho Assado com Arroz de Forno e a Rota dos Vinhos do Marco de Canaveses.\" \/>\n<meta property=\"og:url\" content=\"https:\/\/portaltela.pt\/noticias\/2026\/04\/30\/emanuel-quim-roscas-e-zeca-estacionancio-animam-a-4-a-edicao-do-festival-raizes\/\" \/>\n<meta property=\"og:site_name\" content=\"Portal Tela Portugal\" \/>\n<meta property=\"article:published_time\" content=\"2026-04-30T10:33:10+00:00\" \/>\n<meta name=\"author\" content=\"Telinha\" \/>\n<meta name=\"twitter:card\" content=\"summary_large_image\" \/>\n<meta name=\"twitter:label1\" content=\"Escrito por\" \/>\n\t<meta name=\"twitter:data1\" content=\"Telinha\" \/>\n\t<meta name=\"twitter:label2\" content=\"Tempo estimado de leitura\" \/>\n\t<meta name=\"twitter:data2\" content=\"1 minuto\" \/>\n<script type=\"application\/ld+json\" class=\"yoast-schema-graph\">{\"@context\":\"https:\/\/schema.org\",\"@graph\":[{\"@type\":\"Article\",\"@id\":\"https:\/\/portaltela.pt\/noticias\/2026\/04\/30\/emanuel-quim-roscas-e-zeca-estacionancio-animam-a-4-a-edicao-do-festival-raizes\/#article\",\"isPartOf\":{\"@id\":\"https:\/\/portaltela.pt\/noticias\/2026\/04\/30\/emanuel-quim-roscas-e-zeca-estacionancio-animam-a-4-a-edicao-do-festival-raizes\/\"},\"author\":{\"name\":\"Telinha\",\"@id\":\"https:\/\/portaltela.pt\/#\/schema\/person\/c4278d4a6028830caff9ee44b42d32ed\"},\"headline\":\"Emanuel, Quim Roscas e Zeca Estacion\u00e2ncio animam a 4.\u00aa edi\u00e7\u00e3o do Festival Ra\u00edzes\",\"datePublished\":\"2026-04-30T10:33:10+00:00\",\"mainEntityOfPage\":{\"@id\":\"https:\/\/portaltela.pt\/noticias\/2026\/04\/30\/emanuel-quim-roscas-e-zeca-estacionancio-animam-a-4-a-edicao-do-festival-raizes\/\"},\"wordCount\":269,\"image\":{\"@id\":\"https:\/\/portaltela.pt\/noticias\/2026\/04\/30\/emanuel-quim-roscas-e-zeca-estacionancio-animam-a-4-a-edicao-do-festival-raizes\/#primaryimage\"},\"thumbnailUrl\":\"https:\/\/portaltela.pt\/s.01k8rhncp4jt1\/2026\/04\/img_1280x721uu2026-04-30-11-18-46-2282005.jpg\",\"keywords\":[\"_artesanato\",\"_cultura\",\"_gastronomia\",\"_m\u00fasica\",\"_vinho\",\"_vinhos\"],\"articleSection\":[\"Cultura\",\"M\u00fasica\"],\"inLanguage\":\"pt-PT\"},{\"@type\":\"WebPage\",\"@id\":\"https:\/\/portaltela.pt\/noticias\/2026\/04\/30\/emanuel-quim-roscas-e-zeca-estacionancio-animam-a-4-a-edicao-do-festival-raizes\/\",\"url\":\"https:\/\/portaltela.pt\/noticias\/2026\/04\/30\/emanuel-quim-roscas-e-zeca-estacionancio-animam-a-4-a-edicao-do-festival-raizes\/\",\"name\":\"Emanuel, Quim Roscas e Zeca Estacion\u00e2ncio animam a 4.\u00aa edi\u00e7\u00e3o do Festival Ra\u00edzes - Portal Tela Portugal\",\"isPartOf\":{\"@id\":\"https:\/\/portaltela.pt\/#website\"},\"primaryImageOfPage\":{\"@id\":\"https:\/\/portaltela.pt\/noticias\/2026\/04\/30\/emanuel-quim-roscas-e-zeca-estacionancio-animam-a-4-a-edicao-do-festival-raizes\/#primaryimage\"},\"image\":{\"@id\":\"https:\/\/portaltela.pt\/noticias\/2026\/04\/30\/emanuel-quim-roscas-e-zeca-estacionancio-animam-a-4-a-edicao-do-festival-raizes\/#primaryimage\"},\"thumbnailUrl\":\"https:\/\/portaltela.pt\/s.01k8rhncp4jt1\/2026\/04\/img_1280x721uu2026-04-30-11-18-46-2282005.jpg\",\"datePublished\":\"2026-04-30T10:33:10+00:00\",\"author\":{\"@id\":\"https:\/\/portaltela.pt\/#\/schema\/person\/c4278d4a6028830caff9ee44b42d32ed\"},\"breadcrumb\":{\"@id\":\"https:\/\/portaltela.pt\/noticias\/2026\/04\/30\/emanuel-quim-roscas-e-zeca-estacionancio-animam-a-4-a-edicao-do-festival-raizes\/#breadcrumb\"},\"inLanguage\":\"pt-PT\",\"potentialAction\":[{\"@type\":\"ReadAction\",\"target\":[\"https:\/\/portaltela.pt\/noticias\/2026\/04\/30\/emanuel-quim-roscas-e-zeca-estacionancio-animam-a-4-a-edicao-do-festival-raizes\/\"]}]},{\"@type\":\"ImageObject\",\"inLanguage\":\"pt-PT\",\"@id\":\"https:\/\/portaltela.pt\/noticias\/2026\/04\/30\/emanuel-quim-roscas-e-zeca-estacionancio-animam-a-4-a-edicao-do-festival-raizes\/#primaryimage\",\"url\":\"https:\/\/portaltela.pt\/s.01k8rhncp4jt1\/2026\/04\/img_1280x721uu2026-04-30-11-18-46-2282005.jpg\",\"contentUrl\":\"https:\/\/portaltela.pt\/s.01k8rhncp4jt1\/2026\/04\/img_1280x721uu2026-04-30-11-18-46-2282005.jpg\",\"width\":796,\"height\":448,\"caption\":\"Emanuel e Quim Roscas atuam no Festival Ra\u00edzes em Marco de Canaveses\"},{\"@type\":\"BreadcrumbList\",\"@id\":\"https:\/\/portaltela.pt\/noticias\/2026\/04\/30\/emanuel-quim-roscas-e-zeca-estacionancio-animam-a-4-a-edicao-do-festival-raizes\/#breadcrumb\",\"itemListElement\":[{\"@type\":\"ListItem\",\"position\":1,\"name\":\"In\u00edcio\",\"item\":\"https:\/\/portaltela.pt\/\"},{\"@type\":\"ListItem\",\"position\":2,\"name\":\"Emanuel, Quim Roscas e Zeca Estacion\u00e2ncio animam a 4.\u00aa edi\u00e7\u00e3o do Festival Ra\u00edzes\"}]},{\"@type\":\"WebSite\",\"@id\":\"https:\/\/portaltela.pt\/#website\",\"url\":\"https:\/\/portaltela.pt\/\",\"name\":\"Portal Tela Portugal\",\"description\":\"\",\"potentialAction\":[{\"@type\":\"SearchAction\",\"target\":{\"@type\":\"EntryPoint\",\"urlTemplate\":\"https:\/\/portaltela.pt\/?s={search_term_string}\"},\"query-input\":{\"@type\":\"PropertyValueSpecification\",\"valueRequired\":true,\"valueName\":\"search_term_string\"}}],\"inLanguage\":\"pt-PT\"},{\"@type\":\"Person\",\"@id\":\"https:\/\/portaltela.pt\/#\/schema\/person\/c4278d4a6028830caff9ee44b42d32ed\",\"name\":\"Telinha\",\"image\":{\"@type\":\"ImageObject\",\"inLanguage\":\"pt-PT\",\"@id\":\"https:\/\/portaltela.pt\/s.01k8rhncp4jt1\/2025\/11\/talking-bot-125x125.png\",\"url\":\"https:\/\/portaltela.pt\/s.01k8rhncp4jt1\/2025\/11\/talking-bot-125x125.png\",\"contentUrl\":\"https:\/\/portaltela.pt\/s.01k8rhncp4jt1\/2025\/11\/talking-bot-125x125.png\",\"caption\":\"Telinha\"},\"sameAs\":[\"https:\/\/portaltela.pt\/\"],\"url\":\"https:\/\/portaltela.pt\/por\/367410592786\/\"}]}<\/script>\n<!-- \/ Yoast SEO plugin. -->","yoast_head_json":{"title":"Emanuel, Quim Roscas e Zeca Estacion\u00e2ncio animam a 4.\u00aa edi\u00e7\u00e3o do Festival Ra\u00edzes - Portal Tela Portugal","robots":{"index":"index","follow":"follow","max-snippet":"max-snippet:-1","max-image-preview":"max-image-preview:large","max-video-preview":"max-video-preview:-1"},"og_locale":"pt_PT","og_type":"article","og_title":"Emanuel, Quim Roscas e Zeca Estacion\u00e2ncio animam a 4.\u00aa edi\u00e7\u00e3o do Festival Ra\u00edzes - Portal Tela Portugal","og_description":"A 4.\u00aa edi\u00e7\u00e3o do Festival Ra\u00edzes realiza-se de 22 a 24 de maio, no Largo da Feira do Marco, Marco de Canaveses, com foco em artesanato, gastronomia e vinhos marcuenses. Destaques musicais: Emanuel e a dupla Quim Roscas e Zeca Estacion\u00e2ncio. O cartaz inclui artistas locais como Art\u00e2mega, Tradi\u00e7\u00e3o D\u2019Ouro, Os Filhos d\u2019Adega e o Grupo de Cavaquinhos da Universidade S\u00e9nior, al\u00e9m do Festival de Folclore do concelho. Espa\u00e7os include uma mostra permanente de vinhos, produtos locais e artesanato, bem como uma exposi\u00e7\u00e3o dedicada ao movimento associativo com cerca de 40 associa\u00e7\u00f5es locais. A C\u00e2mara Municipal do Marco de Canaveses promove o evento em parceria com a Associa\u00e7\u00e3o de Artes\u00e3os do Marco de Canaveses, a Confraria do Anho Assado com Arroz de Forno e a Rota dos Vinhos do Marco de Canaveses.","og_url":"https:\/\/portaltela.pt\/noticias\/2026\/04\/30\/emanuel-quim-roscas-e-zeca-estacionancio-animam-a-4-a-edicao-do-festival-raizes\/","og_site_name":"Portal Tela Portugal","article_published_time":"2026-04-30T10:33:10+00:00","author":"Telinha","twitter_card":"summary_large_image","twitter_misc":{"Escrito por":"Telinha","Tempo estimado de leitura":"1 minuto"},"schema":{"@context":"https:\/\/schema.org","@graph":[{"@type":"Article","@id":"https:\/\/portaltela.pt\/noticias\/2026\/04\/30\/emanuel-quim-roscas-e-zeca-estacionancio-animam-a-4-a-edicao-do-festival-raizes\/#article","isPartOf":{"@id":"https:\/\/portaltela.pt\/noticias\/2026\/04\/30\/emanuel-quim-roscas-e-zeca-estacionancio-animam-a-4-a-edicao-do-festival-raizes\/"},"author":{"name":"Telinha","@id":"https:\/\/portaltela.pt\/#\/schema\/person\/c4278d4a6028830caff9ee44b42d32ed"},"headline":"Emanuel, Quim Roscas e Zeca Estacion\u00e2ncio animam a 4.\u00aa edi\u00e7\u00e3o do Festival Ra\u00edzes","datePublished":"2026-04-30T10:33:10+00:00","mainEntityOfPage":{"@id":"https:\/\/portaltela.pt\/noticias\/2026\/04\/30\/emanuel-quim-roscas-e-zeca-estacionancio-animam-a-4-a-edicao-do-festival-raizes\/"},"wordCount":269,"image":{"@id":"https:\/\/portaltela.pt\/noticias\/2026\/04\/30\/emanuel-quim-roscas-e-zeca-estacionancio-animam-a-4-a-edicao-do-festival-raizes\/#primaryimage"},"thumbnailUrl":"https:\/\/portaltela.pt\/s.01k8rhncp4jt1\/2026\/04\/img_1280x721uu2026-04-30-11-18-46-2282005.jpg","keywords":["_artesanato","_cultura","_gastronomia","_m\u00fasica","_vinho","_vinhos"],"articleSection":["Cultura","M\u00fasica"],"inLanguage":"pt-PT"},{"@type":"WebPage","@id":"https:\/\/portaltela.pt\/noticias\/2026\/04\/30\/emanuel-quim-roscas-e-zeca-estacionancio-animam-a-4-a-edicao-do-festival-raizes\/","url":"https:\/\/portaltela.pt\/noticias\/2026\/04\/30\/emanuel-quim-roscas-e-zeca-estacionancio-animam-a-4-a-edicao-do-festival-raizes\/","name":"Emanuel, Quim Roscas e Zeca Estacion\u00e2ncio animam a 4.\u00aa edi\u00e7\u00e3o do Festival Ra\u00edzes - Portal Tela Portugal","isPartOf":{"@id":"https:\/\/portaltela.pt\/#website"},"primaryImageOfPage":{"@id":"https:\/\/portaltela.pt\/noticias\/2026\/04\/30\/emanuel-quim-roscas-e-zeca-estacionancio-animam-a-4-a-edicao-do-festival-raizes\/#primaryimage"},"image":{"@id":"https:\/\/portaltela.pt\/noticias\/2026\/04\/30\/emanuel-quim-roscas-e-zeca-estacionancio-animam-a-4-a-edicao-do-festival-raizes\/#primaryimage"},"thumbnailUrl":"https:\/\/portaltela.pt\/s.01k8rhncp4jt1\/2026\/04\/img_1280x721uu2026-04-30-11-18-46-2282005.jpg","datePublished":"2026-04-30T10:33:10+00:00","author":{"@id":"https:\/\/portaltela.pt\/#\/schema\/person\/c4278d4a6028830caff9ee44b42d32ed"},"breadcrumb":{"@id":"https:\/\/portaltela.pt\/noticias\/2026\/04\/30\/emanuel-quim-roscas-e-zeca-estacionancio-animam-a-4-a-edicao-do-festival-raizes\/#breadcrumb"},"inLanguage":"pt-PT","potentialAction":[{"@type":"ReadAction","target":["https:\/\/portaltela.pt\/noticias\/2026\/04\/30\/emanuel-quim-roscas-e-zeca-estacionancio-animam-a-4-a-edicao-do-festival-raizes\/"]}]},{"@type":"ImageObject","inLanguage":"pt-PT","@id":"https:\/\/portaltela.pt\/noticias\/2026\/04\/30\/emanuel-quim-roscas-e-zeca-estacionancio-animam-a-4-a-edicao-do-festival-raizes\/#primaryimage","url":"https:\/\/portaltela.pt\/s.01k8rhncp4jt1\/2026\/04\/img_1280x721uu2026-04-30-11-18-46-2282005.jpg","contentUrl":"https:\/\/portaltela.pt\/s.01k8rhncp4jt1\/2026\/04\/img_1280x721uu2026-04-30-11-18-46-2282005.jpg","width":796,"height":448,"caption":"Emanuel e Quim Roscas atuam no Festival Ra\u00edzes em Marco de Canaveses"},{"@type":"BreadcrumbList","@id":"https:\/\/portaltela.pt\/noticias\/2026\/04\/30\/emanuel-quim-roscas-e-zeca-estacionancio-animam-a-4-a-edicao-do-festival-raizes\/#breadcrumb","itemListElement":[{"@type":"ListItem","position":1,"name":"In\u00edcio","item":"https:\/\/portaltela.pt\/"},{"@type":"ListItem","position":2,"name":"Emanuel, Quim Roscas e Zeca Estacion\u00e2ncio animam a 4.\u00aa edi\u00e7\u00e3o do Festival Ra\u00edzes"}]},{"@type":"WebSite","@id":"https:\/\/portaltela.pt\/#website","url":"https:\/\/portaltela.pt\/","name":"Portal Tela Portugal","description":"","potentialAction":[{"@type":"SearchAction","target":{"@type":"EntryPoint","urlTemplate":"https:\/\/portaltela.pt\/?s={search_term_string}"},"query-input":{"@type":"PropertyValueSpecification","valueRequired":true,"valueName":"search_term_string"}}],"inLanguage":"pt-PT"},{"@type":"Person","@id":"https:\/\/portaltela.pt\/#\/schema\/person\/c4278d4a6028830caff9ee44b42d32ed","name":"Telinha","image":{"@type":"ImageObject","inLanguage":"pt-PT","@id":"https:\/\/portaltela.pt\/s.01k8rhncp4jt1\/2025\/11\/talking-bot-125x125.png","url":"https:\/\/portaltela.pt\/s.01k8rhncp4jt1\/2025\/11\/talking-bot-125x125.png","contentUrl":"https:\/\/portaltela.pt\/s.01k8rhncp4jt1\/2025\/11\/talking-bot-125x125.png","caption":"Telinha"},"sameAs":["https:\/\/portaltela.pt\/"],"url":"https:\/\/portaltela.pt\/por\/367410592786\/"}]}},"_links":{"self":[{"href":"https:\/\/portaltela.pt\/api\/wp\/v2\/posts\/462195","targetHints":{"allow":["GET"]}}],"collection":[{"href":"https:\/\/portaltela.pt\/api\/wp\/v2\/posts"}],"about":[{"href":"https:\/\/portaltela.pt\/api\/wp\/v2\/types\/post"}],"author":[{"embeddable":true,"href":"https:\/\/portaltela.pt\/api\/wp\/v2\/users\/2"}],"replies":[{"embeddable":true,"href":"https:\/\/portaltela.pt\/api\/wp\/v2\/comments?post=462195"}],"version-history":[{"count":0,"href":"https:\/\/portaltela.pt\/api\/wp\/v2\/posts\/462195\/revisions"}],"wp:featuredmedia":[{"embeddable":true,"href":"https:\/\/portaltela.pt\/api\/wp\/v2\/media\/462197"}],"wp:attachment":[{"href":"https:\/\/portaltela.pt\/api\/wp\/v2\/media?parent=462195"}],"wp:term":[{"taxonomy":"category","embeddable":true,"href":"https:\/\/portaltela.pt\/api\/wp\/v2\/categories?post=462195"},{"taxonomy":"post_tag","embeddable":true,"href":"https:\/\/portaltela.pt\/api\/wp\/v2\/tags?post=462195"}],"curies":[{"name":"wp","href":"https:\/\/api.w.org\/{rel}","templated":true}]}}