{"id":462187,"date":"2026-04-30T07:33:03","date_gmt":"2026-04-30T10:33:03","guid":{"rendered":"https:\/\/portaltela.pt\/noticias\/2026\/04\/30\/candidato-em-risco-de-falha-e-apontado-como-possivel-falhanco-do-ano\/"},"modified":"2026-04-30T07:33:03","modified_gmt":"2026-04-30T10:33:03","slug":"candidato-em-risco-de-falha-e-apontado-como-possivel-falhanco-do-ano","status":"publish","type":"post","link":"https:\/\/portaltela.pt\/desporto\/futebol\/2026\/04\/30\/candidato-em-risco-de-falha-e-apontado-como-possivel-falhanco-do-ano\/","title":{"rendered":"Candidato em risco de falha \u00e9 apontado como poss\u00edvel falhan\u00e7o do ano"},"content":{"rendered":"<p>O Deportivo Riestra recebeu o Montevideo City Torque na Ta\u00e7a Sul-Americana, numa partida da fase de grupos do Grupo F. O encontro aconteceu na \u00faltima noite, em solo argentino, com o Riestra a jogar em casa.<\/p>\n<p>Aos  momentos finais, Kevin Silva, defesa de 23 anos do Montevideo City, ficou isolado junto \u00e0 baliza deserta do advers\u00e1rio e rematou por cima do travess\u00e3o, sem oposi\u00e7\u00e3o. O fallo foi notado pela equipa e gerou surpresa entre os seus pr\u00f3prios colegas.<\/p>\n<p>O resultado final foi 2-1 a favor do Deportivo Riestra, que conquistou a vit\u00f3ria e imp\u00f4s a primeira derrota ao l\u00edder do grupo. O lance ficou registado em v\u00eddeo pela CONMEBOL Sudamericana\/X.<\/p>\n<p>Este desfecho altera a classifica\u00e7\u00e3o do Grupo F, com o Riestra a somar pontos importantes na corrida pela fase seguinte. N\u00e3o foram avan\u00e7adas declara\u00e7\u00f5es oficiais adicionais sobre o incidente.<\/p>\n","protected":false},"excerpt":{"rendered":"<ul>\n<li>No jogo entre Deportivo Riestra e Montevideo City Torque, pela Ta\u00e7a Sul-Americana, ocorreu um falhan\u00e7o de Kevin Silva, defesa de 23 anos do Montevideo City.<\/li>\n<li>O lance aconteceu a cerca de um metro e meio da baliza deserta, com o central a atirar por cima do travess\u00e3o.<\/li>\n<li>O falhan\u00e7o acabou por influenciar o desfecho do encontro, uma vez que o Riestra venceu por 2-1.<\/li>\n<li>Com a vit\u00f3ria, o Deportivo Riestra imp\u00f4s a primeira derrota ao l\u00edder do Grupo F da competi\u00e7\u00e3o.<\/li>\n<li>O encontro teve imagens disponibilizadas pela CONMEBOL Sudamericana.<\/li>\n<\/ul>\n","protected":false},"author":2,"featured_media":462193,"comment_status":"closed","ping_status":"closed","sticky":false,"template":"","format":"standard","meta":{"footnotes":""},"categories":[21,24],"tags":[7902,2681,32,3338,7520],"class_list":["post-462187","post","type-post","status-publish","format-standard","has-post-thumbnail","hentry","category-desporto","category-futebol","tag-_desporto","tag-desporto-internacional","tag-futebol","tag-futebol-internacional","tag-uruguai"],"yoast_head":"<!-- This site is optimized with the Yoast SEO plugin v27.2 - https:\/\/yoast.com\/product\/yoast-seo-wordpress\/ -->\n<title>Candidato em risco de falha \u00e9 apontado como poss\u00edvel falhan\u00e7o do ano - Portal Tela Portugal<\/title>\n<meta name=\"robots\" content=\"index, follow, max-snippet:-1, max-image-preview:large, max-video-preview:-1\" \/>\n<meta property=\"og:locale\" content=\"pt_PT\" \/>\n<meta property=\"og:type\" content=\"article\" \/>\n<meta property=\"og:title\" content=\"Candidato em risco de falha \u00e9 apontado como poss\u00edvel falhan\u00e7o do ano - Portal Tela Portugal\" \/>\n<meta property=\"og:description\" content=\"No jogo entre Deportivo Riestra e Montevideo City Torque, pela Ta\u00e7a Sul-Americana, ocorreu um falhan\u00e7o de Kevin Silva, defesa de 23 anos do Montevideo City. O lance aconteceu a cerca de um metro e meio da baliza deserta, com o central a atirar por cima do travess\u00e3o. O falhan\u00e7o acabou por influenciar o desfecho do encontro, uma vez que o Riestra venceu por 2-1. Com a vit\u00f3ria, o Deportivo Riestra imp\u00f4s a primeira derrota ao l\u00edder do Grupo F da competi\u00e7\u00e3o. O encontro teve imagens disponibilizadas pela CONMEBOL Sudamericana.\" \/>\n<meta property=\"og:url\" content=\"https:\/\/portaltela.pt\/noticias\/2026\/04\/30\/candidato-em-risco-de-falha-e-apontado-como-possivel-falhanco-do-ano\/\" \/>\n<meta property=\"og:site_name\" content=\"Portal Tela Portugal\" \/>\n<meta property=\"article:published_time\" content=\"2026-04-30T10:33:03+00:00\" \/>\n<meta name=\"author\" content=\"Telinha\" \/>\n<meta name=\"twitter:card\" content=\"summary_large_image\" \/>\n<meta name=\"twitter:label1\" content=\"Escrito por\" \/>\n\t<meta name=\"twitter:data1\" content=\"Telinha\" \/>\n\t<meta name=\"twitter:label2\" content=\"Tempo estimado de leitura\" \/>\n\t<meta name=\"twitter:data2\" content=\"1 minuto\" \/>\n<script type=\"application\/ld+json\" class=\"yoast-schema-graph\">{\"@context\":\"https:\/\/schema.org\",\"@graph\":[{\"@type\":\"Article\",\"@id\":\"https:\/\/portaltela.pt\/noticias\/2026\/04\/30\/candidato-em-risco-de-falha-e-apontado-como-possivel-falhanco-do-ano\/#article\",\"isPartOf\":{\"@id\":\"https:\/\/portaltela.pt\/noticias\/2026\/04\/30\/candidato-em-risco-de-falha-e-apontado-como-possivel-falhanco-do-ano\/\"},\"author\":{\"name\":\"Telinha\",\"@id\":\"https:\/\/portaltela.pt\/#\/schema\/person\/c4278d4a6028830caff9ee44b42d32ed\"},\"headline\":\"Candidato em risco de falha \u00e9 apontado como poss\u00edvel falhan\u00e7o do ano\",\"datePublished\":\"2026-04-30T10:33:03+00:00\",\"mainEntityOfPage\":{\"@id\":\"https:\/\/portaltela.pt\/noticias\/2026\/04\/30\/candidato-em-risco-de-falha-e-apontado-como-possivel-falhanco-do-ano\/\"},\"wordCount\":164,\"image\":{\"@id\":\"https:\/\/portaltela.pt\/noticias\/2026\/04\/30\/candidato-em-risco-de-falha-e-apontado-como-possivel-falhanco-do-ano\/#primaryimage\"},\"thumbnailUrl\":\"https:\/\/portaltela.pt\/s.01k8rhncp4jt1\/2026\/04\/img_1200x721uu2026-04-30-11-29-44-2436080.jpg\",\"keywords\":[\"_desporto\",\"desporto internacional\",\"futebol\",\"futebol internacional\",\"Uruguai\"],\"articleSection\":[\"Desporto\",\"Futebol\"],\"inLanguage\":\"pt-PT\"},{\"@type\":\"WebPage\",\"@id\":\"https:\/\/portaltela.pt\/noticias\/2026\/04\/30\/candidato-em-risco-de-falha-e-apontado-como-possivel-falhanco-do-ano\/\",\"url\":\"https:\/\/portaltela.pt\/noticias\/2026\/04\/30\/candidato-em-risco-de-falha-e-apontado-como-possivel-falhanco-do-ano\/\",\"name\":\"Candidato em risco de falha \u00e9 apontado como poss\u00edvel falhan\u00e7o do ano - Portal Tela Portugal\",\"isPartOf\":{\"@id\":\"https:\/\/portaltela.pt\/#website\"},\"primaryImageOfPage\":{\"@id\":\"https:\/\/portaltela.pt\/noticias\/2026\/04\/30\/candidato-em-risco-de-falha-e-apontado-como-possivel-falhanco-do-ano\/#primaryimage\"},\"image\":{\"@id\":\"https:\/\/portaltela.pt\/noticias\/2026\/04\/30\/candidato-em-risco-de-falha-e-apontado-como-possivel-falhanco-do-ano\/#primaryimage\"},\"thumbnailUrl\":\"https:\/\/portaltela.pt\/s.01k8rhncp4jt1\/2026\/04\/img_1200x721uu2026-04-30-11-29-44-2436080.jpg\",\"datePublished\":\"2026-04-30T10:33:03+00:00\",\"author\":{\"@id\":\"https:\/\/portaltela.pt\/#\/schema\/person\/c4278d4a6028830caff9ee44b42d32ed\"},\"breadcrumb\":{\"@id\":\"https:\/\/portaltela.pt\/noticias\/2026\/04\/30\/candidato-em-risco-de-falha-e-apontado-como-possivel-falhanco-do-ano\/#breadcrumb\"},\"inLanguage\":\"pt-PT\",\"potentialAction\":[{\"@type\":\"ReadAction\",\"target\":[\"https:\/\/portaltela.pt\/noticias\/2026\/04\/30\/candidato-em-risco-de-falha-e-apontado-como-possivel-falhanco-do-ano\/\"]}]},{\"@type\":\"ImageObject\",\"inLanguage\":\"pt-PT\",\"@id\":\"https:\/\/portaltela.pt\/noticias\/2026\/04\/30\/candidato-em-risco-de-falha-e-apontado-como-possivel-falhanco-do-ano\/#primaryimage\",\"url\":\"https:\/\/portaltela.pt\/s.01k8rhncp4jt1\/2026\/04\/img_1200x721uu2026-04-30-11-29-44-2436080.jpg\",\"contentUrl\":\"https:\/\/portaltela.pt\/s.01k8rhncp4jt1\/2026\/04\/img_1200x721uu2026-04-30-11-29-44-2436080.jpg\",\"width\":796,\"height\":448,\"caption\":\"Kevin Silva, defesa de 23 anos do Montevideo City, protagonizou na \u00faltima noite aquele que j\u00e1 \u00e9 um s\u00e9rio candidato a falhan\u00e7o do ano.\"},{\"@type\":\"BreadcrumbList\",\"@id\":\"https:\/\/portaltela.pt\/noticias\/2026\/04\/30\/candidato-em-risco-de-falha-e-apontado-como-possivel-falhanco-do-ano\/#breadcrumb\",\"itemListElement\":[{\"@type\":\"ListItem\",\"position\":1,\"name\":\"In\u00edcio\",\"item\":\"https:\/\/portaltela.pt\/\"},{\"@type\":\"ListItem\",\"position\":2,\"name\":\"Candidato em risco de falha \u00e9 apontado como poss\u00edvel falhan\u00e7o do ano\"}]},{\"@type\":\"WebSite\",\"@id\":\"https:\/\/portaltela.pt\/#website\",\"url\":\"https:\/\/portaltela.pt\/\",\"name\":\"Portal Tela Portugal\",\"description\":\"\",\"potentialAction\":[{\"@type\":\"SearchAction\",\"target\":{\"@type\":\"EntryPoint\",\"urlTemplate\":\"https:\/\/portaltela.pt\/?s={search_term_string}\"},\"query-input\":{\"@type\":\"PropertyValueSpecification\",\"valueRequired\":true,\"valueName\":\"search_term_string\"}}],\"inLanguage\":\"pt-PT\"},{\"@type\":\"Person\",\"@id\":\"https:\/\/portaltela.pt\/#\/schema\/person\/c4278d4a6028830caff9ee44b42d32ed\",\"name\":\"Telinha\",\"image\":{\"@type\":\"ImageObject\",\"inLanguage\":\"pt-PT\",\"@id\":\"https:\/\/portaltela.pt\/s.01k8rhncp4jt1\/2025\/11\/talking-bot-125x125.png\",\"url\":\"https:\/\/portaltela.pt\/s.01k8rhncp4jt1\/2025\/11\/talking-bot-125x125.png\",\"contentUrl\":\"https:\/\/portaltela.pt\/s.01k8rhncp4jt1\/2025\/11\/talking-bot-125x125.png\",\"caption\":\"Telinha\"},\"sameAs\":[\"https:\/\/portaltela.pt\/\"],\"url\":\"https:\/\/portaltela.pt\/por\/367410592786\/\"}]}<\/script>\n<!-- \/ Yoast SEO plugin. -->","yoast_head_json":{"title":"Candidato em risco de falha \u00e9 apontado como poss\u00edvel falhan\u00e7o do ano - Portal Tela Portugal","robots":{"index":"index","follow":"follow","max-snippet":"max-snippet:-1","max-image-preview":"max-image-preview:large","max-video-preview":"max-video-preview:-1"},"og_locale":"pt_PT","og_type":"article","og_title":"Candidato em risco de falha \u00e9 apontado como poss\u00edvel falhan\u00e7o do ano - Portal Tela Portugal","og_description":"No jogo entre Deportivo Riestra e Montevideo City Torque, pela Ta\u00e7a Sul-Americana, ocorreu um falhan\u00e7o de Kevin Silva, defesa de 23 anos do Montevideo City. O lance aconteceu a cerca de um metro e meio da baliza deserta, com o central a atirar por cima do travess\u00e3o. O falhan\u00e7o acabou por influenciar o desfecho do encontro, uma vez que o Riestra venceu por 2-1. Com a vit\u00f3ria, o Deportivo Riestra imp\u00f4s a primeira derrota ao l\u00edder do Grupo F da competi\u00e7\u00e3o. O encontro teve imagens disponibilizadas pela CONMEBOL Sudamericana.","og_url":"https:\/\/portaltela.pt\/noticias\/2026\/04\/30\/candidato-em-risco-de-falha-e-apontado-como-possivel-falhanco-do-ano\/","og_site_name":"Portal Tela Portugal","article_published_time":"2026-04-30T10:33:03+00:00","author":"Telinha","twitter_card":"summary_large_image","twitter_misc":{"Escrito por":"Telinha","Tempo estimado de leitura":"1 minuto"},"schema":{"@context":"https:\/\/schema.org","@graph":[{"@type":"Article","@id":"https:\/\/portaltela.pt\/noticias\/2026\/04\/30\/candidato-em-risco-de-falha-e-apontado-como-possivel-falhanco-do-ano\/#article","isPartOf":{"@id":"https:\/\/portaltela.pt\/noticias\/2026\/04\/30\/candidato-em-risco-de-falha-e-apontado-como-possivel-falhanco-do-ano\/"},"author":{"name":"Telinha","@id":"https:\/\/portaltela.pt\/#\/schema\/person\/c4278d4a6028830caff9ee44b42d32ed"},"headline":"Candidato em risco de falha \u00e9 apontado como poss\u00edvel falhan\u00e7o do ano","datePublished":"2026-04-30T10:33:03+00:00","mainEntityOfPage":{"@id":"https:\/\/portaltela.pt\/noticias\/2026\/04\/30\/candidato-em-risco-de-falha-e-apontado-como-possivel-falhanco-do-ano\/"},"wordCount":164,"image":{"@id":"https:\/\/portaltela.pt\/noticias\/2026\/04\/30\/candidato-em-risco-de-falha-e-apontado-como-possivel-falhanco-do-ano\/#primaryimage"},"thumbnailUrl":"https:\/\/portaltela.pt\/s.01k8rhncp4jt1\/2026\/04\/img_1200x721uu2026-04-30-11-29-44-2436080.jpg","keywords":["_desporto","desporto internacional","futebol","futebol internacional","Uruguai"],"articleSection":["Desporto","Futebol"],"inLanguage":"pt-PT"},{"@type":"WebPage","@id":"https:\/\/portaltela.pt\/noticias\/2026\/04\/30\/candidato-em-risco-de-falha-e-apontado-como-possivel-falhanco-do-ano\/","url":"https:\/\/portaltela.pt\/noticias\/2026\/04\/30\/candidato-em-risco-de-falha-e-apontado-como-possivel-falhanco-do-ano\/","name":"Candidato em risco de falha \u00e9 apontado como poss\u00edvel falhan\u00e7o do ano - Portal Tela Portugal","isPartOf":{"@id":"https:\/\/portaltela.pt\/#website"},"primaryImageOfPage":{"@id":"https:\/\/portaltela.pt\/noticias\/2026\/04\/30\/candidato-em-risco-de-falha-e-apontado-como-possivel-falhanco-do-ano\/#primaryimage"},"image":{"@id":"https:\/\/portaltela.pt\/noticias\/2026\/04\/30\/candidato-em-risco-de-falha-e-apontado-como-possivel-falhanco-do-ano\/#primaryimage"},"thumbnailUrl":"https:\/\/portaltela.pt\/s.01k8rhncp4jt1\/2026\/04\/img_1200x721uu2026-04-30-11-29-44-2436080.jpg","datePublished":"2026-04-30T10:33:03+00:00","author":{"@id":"https:\/\/portaltela.pt\/#\/schema\/person\/c4278d4a6028830caff9ee44b42d32ed"},"breadcrumb":{"@id":"https:\/\/portaltela.pt\/noticias\/2026\/04\/30\/candidato-em-risco-de-falha-e-apontado-como-possivel-falhanco-do-ano\/#breadcrumb"},"inLanguage":"pt-PT","potentialAction":[{"@type":"ReadAction","target":["https:\/\/portaltela.pt\/noticias\/2026\/04\/30\/candidato-em-risco-de-falha-e-apontado-como-possivel-falhanco-do-ano\/"]}]},{"@type":"ImageObject","inLanguage":"pt-PT","@id":"https:\/\/portaltela.pt\/noticias\/2026\/04\/30\/candidato-em-risco-de-falha-e-apontado-como-possivel-falhanco-do-ano\/#primaryimage","url":"https:\/\/portaltela.pt\/s.01k8rhncp4jt1\/2026\/04\/img_1200x721uu2026-04-30-11-29-44-2436080.jpg","contentUrl":"https:\/\/portaltela.pt\/s.01k8rhncp4jt1\/2026\/04\/img_1200x721uu2026-04-30-11-29-44-2436080.jpg","width":796,"height":448,"caption":"Kevin Silva, defesa de 23 anos do Montevideo City, protagonizou na \u00faltima noite aquele que j\u00e1 \u00e9 um s\u00e9rio candidato a falhan\u00e7o do ano."},{"@type":"BreadcrumbList","@id":"https:\/\/portaltela.pt\/noticias\/2026\/04\/30\/candidato-em-risco-de-falha-e-apontado-como-possivel-falhanco-do-ano\/#breadcrumb","itemListElement":[{"@type":"ListItem","position":1,"name":"In\u00edcio","item":"https:\/\/portaltela.pt\/"},{"@type":"ListItem","position":2,"name":"Candidato em risco de falha \u00e9 apontado como poss\u00edvel falhan\u00e7o do ano"}]},{"@type":"WebSite","@id":"https:\/\/portaltela.pt\/#website","url":"https:\/\/portaltela.pt\/","name":"Portal Tela Portugal","description":"","potentialAction":[{"@type":"SearchAction","target":{"@type":"EntryPoint","urlTemplate":"https:\/\/portaltela.pt\/?s={search_term_string}"},"query-input":{"@type":"PropertyValueSpecification","valueRequired":true,"valueName":"search_term_string"}}],"inLanguage":"pt-PT"},{"@type":"Person","@id":"https:\/\/portaltela.pt\/#\/schema\/person\/c4278d4a6028830caff9ee44b42d32ed","name":"Telinha","image":{"@type":"ImageObject","inLanguage":"pt-PT","@id":"https:\/\/portaltela.pt\/s.01k8rhncp4jt1\/2025\/11\/talking-bot-125x125.png","url":"https:\/\/portaltela.pt\/s.01k8rhncp4jt1\/2025\/11\/talking-bot-125x125.png","contentUrl":"https:\/\/portaltela.pt\/s.01k8rhncp4jt1\/2025\/11\/talking-bot-125x125.png","caption":"Telinha"},"sameAs":["https:\/\/portaltela.pt\/"],"url":"https:\/\/portaltela.pt\/por\/367410592786\/"}]}},"_links":{"self":[{"href":"https:\/\/portaltela.pt\/api\/wp\/v2\/posts\/462187","targetHints":{"allow":["GET"]}}],"collection":[{"href":"https:\/\/portaltela.pt\/api\/wp\/v2\/posts"}],"about":[{"href":"https:\/\/portaltela.pt\/api\/wp\/v2\/types\/post"}],"author":[{"embeddable":true,"href":"https:\/\/portaltela.pt\/api\/wp\/v2\/users\/2"}],"replies":[{"embeddable":true,"href":"https:\/\/portaltela.pt\/api\/wp\/v2\/comments?post=462187"}],"version-history":[{"count":0,"href":"https:\/\/portaltela.pt\/api\/wp\/v2\/posts\/462187\/revisions"}],"wp:featuredmedia":[{"embeddable":true,"href":"https:\/\/portaltela.pt\/api\/wp\/v2\/media\/462193"}],"wp:attachment":[{"href":"https:\/\/portaltela.pt\/api\/wp\/v2\/media?parent=462187"}],"wp:term":[{"taxonomy":"category","embeddable":true,"href":"https:\/\/portaltela.pt\/api\/wp\/v2\/categories?post=462187"},{"taxonomy":"post_tag","embeddable":true,"href":"https:\/\/portaltela.pt\/api\/wp\/v2\/tags?post=462187"}],"curies":[{"name":"wp","href":"https:\/\/api.w.org\/{rel}","templated":true}]}}