{"id":462183,"date":"2026-04-30T07:33:01","date_gmt":"2026-04-30T10:33:01","guid":{"rendered":"https:\/\/portaltela.pt\/noticias\/2026\/04\/30\/cabaz-alimentar-desce-para-25852-euros-apos-sete-semanas-a-subir\/"},"modified":"2026-04-30T07:33:01","modified_gmt":"2026-04-30T10:33:01","slug":"cabaz-alimentar-desce-para-25852-euros-apos-sete-semanas-a-subir","status":"publish","type":"post","link":"https:\/\/portaltela.pt\/noticias\/economia\/2026\/04\/30\/cabaz-alimentar-desce-para-25852-euros-apos-sete-semanas-a-subir\/","title":{"rendered":"Cabaz alimentar desce para 258,52 euros ap\u00f3s sete semanas a subir"},"content":{"rendered":"<p>O cabaz essencial de 63 produtos, monitorizado pela Deco Proteste, desceu esta semana pela primeira vez em sete semanas, para 258,52 euros. A varia\u00e7\u00e3o face \u00e0 semana anterior foi de -2,37 euros. A atualiza\u00e7\u00e3o resulta de uma viragem ap\u00f3s consecutivos aumentos.<\/p>\n<p>A lista inclui carne, congelados, frutas, legumes, latic\u00ednios, mercearia e peixe, com itens como peru, frango, carapau, pescada, cebola, batata, cenoura, banana, ma\u00e7\u00e3, laranja, arroz, esparguete, a\u00e7\u00facar, fiambre, leite, queijo e manteiga.<\/p>\n<h3>Evolu\u00e7\u00e3o de pre\u00e7os e compara\u00e7\u00e3o anual<\/h3>\n<p>Entre 22 e 29 de abril, os cereais de fibra subiram 16% para 4,36 euros, a alface frisada subiu 13% para 2,69 euros e o p\u00e3o de forma sem c\u00f4dea cresceu 8% para 2,59 euros. Em termos anuais, h\u00e1 um ano o cabaz era 19,10 euros mais barato.<\/p>\n<p>Relativamente ao ano passado, as maiores subidas indicam a couve-cora\u00e7\u00e3o (43%), o robalo (34%) e os br\u00f3colos (32%). Desde 05 de janeiro de 2022, os aumentos acumulados destacam-se na carne de novilho para cozer (+124%), na couve-cora\u00e7\u00e3o (+101%) e nos ovos (+84%).<\/p>\n<h3>Contexto de compara\u00e7\u00e3o hist\u00f3rica<\/h3>\n<p>Em termos hist\u00f3ricos, no in\u00edcio de 2022 o cabaz j\u00e1 apontava para custos substancialmente mais baixos, com menos 70,82 euros face ao valor atual, evidenciando a tend\u00eancia de subida ao longo do tempo. Deco Proteste refor\u00e7a a monitoriza\u00e7\u00e3o peri\u00f3dica para acompanhar o comportamento de pre\u00e7os.<\/p>\n","protected":false},"excerpt":{"rendered":"<ul>\n<li>O cabaz essencial de 63 produtos monitorizado pela Deco Proteste desceu esta semana para 258,52 euros, a primeira queda em sete semanas, com uma quebra de 2,37 euros face \u00e0 semana anterior.<\/li>\n<li>Em rela\u00e7\u00e3o a h\u00e1 um ano, o custo era 19,10 euros menor (7,98% menos custa agora).<\/li>\n<li>Entre 22 e 29 de abril, os maiores aumentos de pre\u00e7o registaram-se em cereais de fibra (+16% para 4,36 euros), alface frisada (+13% para 2,69 euros) e p\u00e3o de forma sem c\u00f4dea (+8% para 2,59 euros).<\/li>\n<li>O cabaz inclui carne, congelados, frutas e legumes, latic\u00ednios, mercearia e peixe, com exemplos como peru, frango, carapau, pescada, cebola, batata, cenoura, banana, ma\u00e7\u00e3, laranja, arroz, esparguete, a\u00e7\u00facar, fiambre, leite, queijo e manteiga.<\/li>\n<li>Desde 5 de janeiro de 2022, os maiores aumentos verificaram-se na carne de novilho para cozer, na couve-cora\u00e7\u00e3o e nos ovos, com os respetivos aumentos percentuais.<\/li>\n<\/ul>\n","protected":false},"author":2,"featured_media":462188,"comment_status":"closed","ping_status":"closed","sticky":false,"template":"","format":"standard","meta":{"footnotes":""},"categories":[2,6850],"tags":[8033,8876,778,1676,7296],"class_list":["post-462183","post","type-post","status-publish","format-standard","has-post-thumbnail","hentry","category-economia","category-financas","tag-_alimentacao","tag-_alimentos","tag-comida","tag-inflacao","tag-precos"],"yoast_head":"<!-- This site is optimized with the Yoast SEO plugin v27.2 - https:\/\/yoast.com\/product\/yoast-seo-wordpress\/ -->\n<title>Cabaz alimentar desce para 258,52 euros ap\u00f3s sete semanas a subir - Portal Tela Portugal<\/title>\n<meta name=\"robots\" content=\"index, follow, max-snippet:-1, max-image-preview:large, max-video-preview:-1\" \/>\n<meta property=\"og:locale\" content=\"pt_PT\" \/>\n<meta property=\"og:type\" content=\"article\" \/>\n<meta property=\"og:title\" content=\"Cabaz alimentar desce para 258,52 euros ap\u00f3s sete semanas a subir - Portal Tela Portugal\" \/>\n<meta property=\"og:description\" content=\"O cabaz essencial de 63 produtos monitorizado pela Deco Proteste desceu esta semana para 258,52 euros, a primeira queda em sete semanas, com uma quebra de 2,37 euros face \u00e0 semana anterior. Em rela\u00e7\u00e3o a h\u00e1 um ano, o custo era 19,10 euros menor (7,98% menos custa agora). Entre 22 e 29 de abril, os maiores aumentos de pre\u00e7o registaram-se em cereais de fibra (+16% para 4,36 euros), alface frisada (+13% para 2,69 euros) e p\u00e3o de forma sem c\u00f4dea (+8% para 2,59 euros). O cabaz inclui carne, congelados, frutas e legumes, latic\u00ednios, mercearia e peixe, com exemplos como peru, frango, carapau, pescada, cebola, batata, cenoura, banana, ma\u00e7\u00e3, laranja, arroz, esparguete, a\u00e7\u00facar, fiambre, leite, queijo e manteiga. Desde 5 de janeiro de 2022, os maiores aumentos verificaram-se na carne de novilho para cozer, na couve-cora\u00e7\u00e3o e nos ovos, com os respetivos aumentos percentuais.\" \/>\n<meta property=\"og:url\" content=\"https:\/\/portaltela.pt\/noticias\/2026\/04\/30\/cabaz-alimentar-desce-para-25852-euros-apos-sete-semanas-a-subir\/\" \/>\n<meta property=\"og:site_name\" content=\"Portal Tela Portugal\" \/>\n<meta property=\"article:published_time\" content=\"2026-04-30T10:33:01+00:00\" \/>\n<meta name=\"author\" content=\"Telinha\" \/>\n<meta name=\"twitter:card\" content=\"summary_large_image\" \/>\n<meta name=\"twitter:label1\" content=\"Escrito por\" \/>\n\t<meta name=\"twitter:data1\" content=\"Telinha\" \/>\n\t<meta name=\"twitter:label2\" content=\"Tempo estimado de leitura\" \/>\n\t<meta name=\"twitter:data2\" content=\"1 minuto\" \/>\n<script type=\"application\/ld+json\" class=\"yoast-schema-graph\">{\"@context\":\"https:\/\/schema.org\",\"@graph\":[{\"@type\":\"Article\",\"@id\":\"https:\/\/portaltela.pt\/noticias\/2026\/04\/30\/cabaz-alimentar-desce-para-25852-euros-apos-sete-semanas-a-subir\/#article\",\"isPartOf\":{\"@id\":\"https:\/\/portaltela.pt\/noticias\/2026\/04\/30\/cabaz-alimentar-desce-para-25852-euros-apos-sete-semanas-a-subir\/\"},\"author\":{\"name\":\"Telinha\",\"@id\":\"https:\/\/portaltela.pt\/#\/schema\/person\/c4278d4a6028830caff9ee44b42d32ed\"},\"headline\":\"Cabaz alimentar desce para 258,52 euros ap\u00f3s sete semanas a subir\",\"datePublished\":\"2026-04-30T10:33:01+00:00\",\"mainEntityOfPage\":{\"@id\":\"https:\/\/portaltela.pt\/noticias\/2026\/04\/30\/cabaz-alimentar-desce-para-25852-euros-apos-sete-semanas-a-subir\/\"},\"wordCount\":229,\"image\":{\"@id\":\"https:\/\/portaltela.pt\/noticias\/2026\/04\/30\/cabaz-alimentar-desce-para-25852-euros-apos-sete-semanas-a-subir\/#primaryimage\"},\"thumbnailUrl\":\"https:\/\/portaltela.pt\/s.01k8rhncp4jt1\/2026\/04\/img_1500x1000uu2024-12-30-23-17-05-2185248-im-639131445518949073.jpg\",\"keywords\":[\"_alimenta\u00e7\u00e3o\",\"_alimentos\",\"comida\",\"infla\u00e7\u00e3o\",\"pre\u00e7os\"],\"articleSection\":[\"Economia\",\"Finan\u00e7as\"],\"inLanguage\":\"pt-PT\"},{\"@type\":\"WebPage\",\"@id\":\"https:\/\/portaltela.pt\/noticias\/2026\/04\/30\/cabaz-alimentar-desce-para-25852-euros-apos-sete-semanas-a-subir\/\",\"url\":\"https:\/\/portaltela.pt\/noticias\/2026\/04\/30\/cabaz-alimentar-desce-para-25852-euros-apos-sete-semanas-a-subir\/\",\"name\":\"Cabaz alimentar desce para 258,52 euros ap\u00f3s sete semanas a subir - Portal Tela Portugal\",\"isPartOf\":{\"@id\":\"https:\/\/portaltela.pt\/#website\"},\"primaryImageOfPage\":{\"@id\":\"https:\/\/portaltela.pt\/noticias\/2026\/04\/30\/cabaz-alimentar-desce-para-25852-euros-apos-sete-semanas-a-subir\/#primaryimage\"},\"image\":{\"@id\":\"https:\/\/portaltela.pt\/noticias\/2026\/04\/30\/cabaz-alimentar-desce-para-25852-euros-apos-sete-semanas-a-subir\/#primaryimage\"},\"thumbnailUrl\":\"https:\/\/portaltela.pt\/s.01k8rhncp4jt1\/2026\/04\/img_1500x1000uu2024-12-30-23-17-05-2185248-im-639131445518949073.jpg\",\"datePublished\":\"2026-04-30T10:33:01+00:00\",\"author\":{\"@id\":\"https:\/\/portaltela.pt\/#\/schema\/person\/c4278d4a6028830caff9ee44b42d32ed\"},\"breadcrumb\":{\"@id\":\"https:\/\/portaltela.pt\/noticias\/2026\/04\/30\/cabaz-alimentar-desce-para-25852-euros-apos-sete-semanas-a-subir\/#breadcrumb\"},\"inLanguage\":\"pt-PT\",\"potentialAction\":[{\"@type\":\"ReadAction\",\"target\":[\"https:\/\/portaltela.pt\/noticias\/2026\/04\/30\/cabaz-alimentar-desce-para-25852-euros-apos-sete-semanas-a-subir\/\"]}]},{\"@type\":\"ImageObject\",\"inLanguage\":\"pt-PT\",\"@id\":\"https:\/\/portaltela.pt\/noticias\/2026\/04\/30\/cabaz-alimentar-desce-para-25852-euros-apos-sete-semanas-a-subir\/#primaryimage\",\"url\":\"https:\/\/portaltela.pt\/s.01k8rhncp4jt1\/2026\/04\/img_1500x1000uu2024-12-30-23-17-05-2185248-im-639131445518949073.jpg\",\"contentUrl\":\"https:\/\/portaltela.pt\/s.01k8rhncp4jt1\/2026\/04\/img_1500x1000uu2024-12-30-23-17-05-2185248-im-639131445518949073.jpg\",\"width\":796,\"height\":448,\"caption\":\"Cabaz alimentar\"},{\"@type\":\"BreadcrumbList\",\"@id\":\"https:\/\/portaltela.pt\/noticias\/2026\/04\/30\/cabaz-alimentar-desce-para-25852-euros-apos-sete-semanas-a-subir\/#breadcrumb\",\"itemListElement\":[{\"@type\":\"ListItem\",\"position\":1,\"name\":\"In\u00edcio\",\"item\":\"https:\/\/portaltela.pt\/\"},{\"@type\":\"ListItem\",\"position\":2,\"name\":\"Cabaz alimentar desce para 258,52 euros ap\u00f3s sete semanas a subir\"}]},{\"@type\":\"WebSite\",\"@id\":\"https:\/\/portaltela.pt\/#website\",\"url\":\"https:\/\/portaltela.pt\/\",\"name\":\"Portal Tela Portugal\",\"description\":\"\",\"potentialAction\":[{\"@type\":\"SearchAction\",\"target\":{\"@type\":\"EntryPoint\",\"urlTemplate\":\"https:\/\/portaltela.pt\/?s={search_term_string}\"},\"query-input\":{\"@type\":\"PropertyValueSpecification\",\"valueRequired\":true,\"valueName\":\"search_term_string\"}}],\"inLanguage\":\"pt-PT\"},{\"@type\":\"Person\",\"@id\":\"https:\/\/portaltela.pt\/#\/schema\/person\/c4278d4a6028830caff9ee44b42d32ed\",\"name\":\"Telinha\",\"image\":{\"@type\":\"ImageObject\",\"inLanguage\":\"pt-PT\",\"@id\":\"https:\/\/portaltela.pt\/s.01k8rhncp4jt1\/2025\/11\/talking-bot-125x125.png\",\"url\":\"https:\/\/portaltela.pt\/s.01k8rhncp4jt1\/2025\/11\/talking-bot-125x125.png\",\"contentUrl\":\"https:\/\/portaltela.pt\/s.01k8rhncp4jt1\/2025\/11\/talking-bot-125x125.png\",\"caption\":\"Telinha\"},\"sameAs\":[\"https:\/\/portaltela.pt\/\"],\"url\":\"https:\/\/portaltela.pt\/por\/367410592786\/\"}]}<\/script>\n<!-- \/ Yoast SEO plugin. -->","yoast_head_json":{"title":"Cabaz alimentar desce para 258,52 euros ap\u00f3s sete semanas a subir - Portal Tela Portugal","robots":{"index":"index","follow":"follow","max-snippet":"max-snippet:-1","max-image-preview":"max-image-preview:large","max-video-preview":"max-video-preview:-1"},"og_locale":"pt_PT","og_type":"article","og_title":"Cabaz alimentar desce para 258,52 euros ap\u00f3s sete semanas a subir - Portal Tela Portugal","og_description":"O cabaz essencial de 63 produtos monitorizado pela Deco Proteste desceu esta semana para 258,52 euros, a primeira queda em sete semanas, com uma quebra de 2,37 euros face \u00e0 semana anterior. Em rela\u00e7\u00e3o a h\u00e1 um ano, o custo era 19,10 euros menor (7,98% menos custa agora). Entre 22 e 29 de abril, os maiores aumentos de pre\u00e7o registaram-se em cereais de fibra (+16% para 4,36 euros), alface frisada (+13% para 2,69 euros) e p\u00e3o de forma sem c\u00f4dea (+8% para 2,59 euros). O cabaz inclui carne, congelados, frutas e legumes, latic\u00ednios, mercearia e peixe, com exemplos como peru, frango, carapau, pescada, cebola, batata, cenoura, banana, ma\u00e7\u00e3, laranja, arroz, esparguete, a\u00e7\u00facar, fiambre, leite, queijo e manteiga. Desde 5 de janeiro de 2022, os maiores aumentos verificaram-se na carne de novilho para cozer, na couve-cora\u00e7\u00e3o e nos ovos, com os respetivos aumentos percentuais.","og_url":"https:\/\/portaltela.pt\/noticias\/2026\/04\/30\/cabaz-alimentar-desce-para-25852-euros-apos-sete-semanas-a-subir\/","og_site_name":"Portal Tela Portugal","article_published_time":"2026-04-30T10:33:01+00:00","author":"Telinha","twitter_card":"summary_large_image","twitter_misc":{"Escrito por":"Telinha","Tempo estimado de leitura":"1 minuto"},"schema":{"@context":"https:\/\/schema.org","@graph":[{"@type":"Article","@id":"https:\/\/portaltela.pt\/noticias\/2026\/04\/30\/cabaz-alimentar-desce-para-25852-euros-apos-sete-semanas-a-subir\/#article","isPartOf":{"@id":"https:\/\/portaltela.pt\/noticias\/2026\/04\/30\/cabaz-alimentar-desce-para-25852-euros-apos-sete-semanas-a-subir\/"},"author":{"name":"Telinha","@id":"https:\/\/portaltela.pt\/#\/schema\/person\/c4278d4a6028830caff9ee44b42d32ed"},"headline":"Cabaz alimentar desce para 258,52 euros ap\u00f3s sete semanas a subir","datePublished":"2026-04-30T10:33:01+00:00","mainEntityOfPage":{"@id":"https:\/\/portaltela.pt\/noticias\/2026\/04\/30\/cabaz-alimentar-desce-para-25852-euros-apos-sete-semanas-a-subir\/"},"wordCount":229,"image":{"@id":"https:\/\/portaltela.pt\/noticias\/2026\/04\/30\/cabaz-alimentar-desce-para-25852-euros-apos-sete-semanas-a-subir\/#primaryimage"},"thumbnailUrl":"https:\/\/portaltela.pt\/s.01k8rhncp4jt1\/2026\/04\/img_1500x1000uu2024-12-30-23-17-05-2185248-im-639131445518949073.jpg","keywords":["_alimenta\u00e7\u00e3o","_alimentos","comida","infla\u00e7\u00e3o","pre\u00e7os"],"articleSection":["Economia","Finan\u00e7as"],"inLanguage":"pt-PT"},{"@type":"WebPage","@id":"https:\/\/portaltela.pt\/noticias\/2026\/04\/30\/cabaz-alimentar-desce-para-25852-euros-apos-sete-semanas-a-subir\/","url":"https:\/\/portaltela.pt\/noticias\/2026\/04\/30\/cabaz-alimentar-desce-para-25852-euros-apos-sete-semanas-a-subir\/","name":"Cabaz alimentar desce para 258,52 euros ap\u00f3s sete semanas a subir - Portal Tela Portugal","isPartOf":{"@id":"https:\/\/portaltela.pt\/#website"},"primaryImageOfPage":{"@id":"https:\/\/portaltela.pt\/noticias\/2026\/04\/30\/cabaz-alimentar-desce-para-25852-euros-apos-sete-semanas-a-subir\/#primaryimage"},"image":{"@id":"https:\/\/portaltela.pt\/noticias\/2026\/04\/30\/cabaz-alimentar-desce-para-25852-euros-apos-sete-semanas-a-subir\/#primaryimage"},"thumbnailUrl":"https:\/\/portaltela.pt\/s.01k8rhncp4jt1\/2026\/04\/img_1500x1000uu2024-12-30-23-17-05-2185248-im-639131445518949073.jpg","datePublished":"2026-04-30T10:33:01+00:00","author":{"@id":"https:\/\/portaltela.pt\/#\/schema\/person\/c4278d4a6028830caff9ee44b42d32ed"},"breadcrumb":{"@id":"https:\/\/portaltela.pt\/noticias\/2026\/04\/30\/cabaz-alimentar-desce-para-25852-euros-apos-sete-semanas-a-subir\/#breadcrumb"},"inLanguage":"pt-PT","potentialAction":[{"@type":"ReadAction","target":["https:\/\/portaltela.pt\/noticias\/2026\/04\/30\/cabaz-alimentar-desce-para-25852-euros-apos-sete-semanas-a-subir\/"]}]},{"@type":"ImageObject","inLanguage":"pt-PT","@id":"https:\/\/portaltela.pt\/noticias\/2026\/04\/30\/cabaz-alimentar-desce-para-25852-euros-apos-sete-semanas-a-subir\/#primaryimage","url":"https:\/\/portaltela.pt\/s.01k8rhncp4jt1\/2026\/04\/img_1500x1000uu2024-12-30-23-17-05-2185248-im-639131445518949073.jpg","contentUrl":"https:\/\/portaltela.pt\/s.01k8rhncp4jt1\/2026\/04\/img_1500x1000uu2024-12-30-23-17-05-2185248-im-639131445518949073.jpg","width":796,"height":448,"caption":"Cabaz alimentar"},{"@type":"BreadcrumbList","@id":"https:\/\/portaltela.pt\/noticias\/2026\/04\/30\/cabaz-alimentar-desce-para-25852-euros-apos-sete-semanas-a-subir\/#breadcrumb","itemListElement":[{"@type":"ListItem","position":1,"name":"In\u00edcio","item":"https:\/\/portaltela.pt\/"},{"@type":"ListItem","position":2,"name":"Cabaz alimentar desce para 258,52 euros ap\u00f3s sete semanas a subir"}]},{"@type":"WebSite","@id":"https:\/\/portaltela.pt\/#website","url":"https:\/\/portaltela.pt\/","name":"Portal Tela Portugal","description":"","potentialAction":[{"@type":"SearchAction","target":{"@type":"EntryPoint","urlTemplate":"https:\/\/portaltela.pt\/?s={search_term_string}"},"query-input":{"@type":"PropertyValueSpecification","valueRequired":true,"valueName":"search_term_string"}}],"inLanguage":"pt-PT"},{"@type":"Person","@id":"https:\/\/portaltela.pt\/#\/schema\/person\/c4278d4a6028830caff9ee44b42d32ed","name":"Telinha","image":{"@type":"ImageObject","inLanguage":"pt-PT","@id":"https:\/\/portaltela.pt\/s.01k8rhncp4jt1\/2025\/11\/talking-bot-125x125.png","url":"https:\/\/portaltela.pt\/s.01k8rhncp4jt1\/2025\/11\/talking-bot-125x125.png","contentUrl":"https:\/\/portaltela.pt\/s.01k8rhncp4jt1\/2025\/11\/talking-bot-125x125.png","caption":"Telinha"},"sameAs":["https:\/\/portaltela.pt\/"],"url":"https:\/\/portaltela.pt\/por\/367410592786\/"}]}},"_links":{"self":[{"href":"https:\/\/portaltela.pt\/api\/wp\/v2\/posts\/462183","targetHints":{"allow":["GET"]}}],"collection":[{"href":"https:\/\/portaltela.pt\/api\/wp\/v2\/posts"}],"about":[{"href":"https:\/\/portaltela.pt\/api\/wp\/v2\/types\/post"}],"author":[{"embeddable":true,"href":"https:\/\/portaltela.pt\/api\/wp\/v2\/users\/2"}],"replies":[{"embeddable":true,"href":"https:\/\/portaltela.pt\/api\/wp\/v2\/comments?post=462183"}],"version-history":[{"count":0,"href":"https:\/\/portaltela.pt\/api\/wp\/v2\/posts\/462183\/revisions"}],"wp:featuredmedia":[{"embeddable":true,"href":"https:\/\/portaltela.pt\/api\/wp\/v2\/media\/462188"}],"wp:attachment":[{"href":"https:\/\/portaltela.pt\/api\/wp\/v2\/media?parent=462183"}],"wp:term":[{"taxonomy":"category","embeddable":true,"href":"https:\/\/portaltela.pt\/api\/wp\/v2\/categories?post=462183"},{"taxonomy":"post_tag","embeddable":true,"href":"https:\/\/portaltela.pt\/api\/wp\/v2\/tags?post=462183"}],"curies":[{"name":"wp","href":"https:\/\/api.w.org\/{rel}","templated":true}]}}