{"id":462181,"date":"2026-04-30T07:33:01","date_gmt":"2026-04-30T10:33:01","guid":{"rendered":"https:\/\/portaltela.pt\/noticias\/2026\/04\/30\/inflacao-na-zona-euro-sobe-a-3-devido-ao-petroleo-e-ao-abrandamento\/"},"modified":"2026-04-30T07:33:01","modified_gmt":"2026-04-30T10:33:01","slug":"inflacao-na-zona-euro-sobe-a-3-devido-ao-petroleo-e-ao-abrandamento","status":"publish","type":"post","link":"https:\/\/portaltela.pt\/noticias\/economia\/2026\/04\/30\/inflacao-na-zona-euro-sobe-a-3-devido-ao-petroleo-e-ao-abrandamento\/","title":{"rendered":"Infla\u00e7\u00e3o na zona euro sobe a 3% devido ao petr\u00f3leo e ao abrandamento"},"content":{"rendered":"<p>A infla\u00e7\u00e3o na zona euro subiu para 3,0% em abril, impulsionada pela escalada dos pre\u00e7os da energia ligada \u00e0 guerra no Ir\u00e3o. O total de 21 pa\u00edses que usam o euro foi confirmado pelo Eurostat, com mar\u00e7o a registar 2,6%. A subida reflete, principalmente, o impacto do petr\u00f3leo no custo de vida.<\/p>\n<p>Entre os componentes, a energia apresentou a maior subida hom\u00f3loga de 10,9% em abril, face a 5,1% em mar\u00e7o. Seguiram-se servi\u00e7os, com 3,0%, alimentos, \u00e1lcool e tabaco, com 2,5%, e bens industriais n\u00e3o energ\u00e9ticos, com 0,8%. O Brent ultrapassou temporariamente os 126 d\u00f3lares por barril, um m\u00e1ximo desde o in\u00edcio do conflito.<\/p>\n<h3>Desempenho econ\u00f3mico: crescimentobrando na UE<\/h3>\n<p>O crescimento do bloco foi modesto no primeiro trimestre, com uma subida de apenas 0,1% face ao trimestre anterior, segundo o Eurostat. Na UE, o crescimento tamb\u00e9m foi de 0,1%.<\/p>\n<p>Comparando com o mesmo per\u00edodo de 2025, o PIB ajustado cresceu 0,8% na zona euro e 1,0% na UE. Este desempenho evidencia uma desacelera\u00e7\u00e3o ap\u00f3s um trimestre anterior mais robusto.<\/p>\n<h3>Contexto geopol\u00edtico e implica\u00e7\u00f5es<\/h3>\n<p>A combina\u00e7\u00e3o entre infla\u00e7\u00e3o elevada e fraco crescimento \u00e9 agravada pelo bloqueio do Estreito de Ormuz, que afeta o fluxo de petr\u00f3leo mundial. Os consumidores e o Banco Central Europeu enfrentam um dilema: pol\u00edticas monet\u00e1rias mais restritivas podem frear o crescimento, enquanto manter a pol\u00edtica atual pode sustentar a infla\u00e7\u00e3o.<\/p>\n<p>Especialistas antecipam que as autoridades monet\u00e1rias poder\u00e3o manter as taxas inalteradas na pr\u00f3xima reuni\u00e3o, mesmo com a infla\u00e7\u00e3o acima da meta de 2%. A efic\u00e1cia das medidas depende da continuidade do choque energ\u00e9tico e da evolu\u00e7\u00e3o da atividade econ\u00f3mica na regi\u00e3o.<\/p>\n","protected":false},"excerpt":{"rendered":"<ul>\n<li>A infla\u00e7\u00e3o anual na zona euro subiu de 2,6% em mar\u00e7o para 3,0% em abril, impulsionada pelo aumento de 10,9% nos pre\u00e7os da energia.<\/li>\n<li>Entre os componentes, a energia registrou a maior subida hom\u00f3loga, de 10,9% em abril, seguida de servi\u00e7os (3,0%), alimentos, \u00e1lcool e tabaco (2,5%) e bens industriais n\u00e3o energ\u00e9ticos (0,8%).<\/li>\n<li>O agravamento da infla\u00e7\u00e3o est\u00e1 associado \u00e0 escalada dos custos energ\u00e9ticos devido \u00e0 guerra no Ir\u00e3o, com o Brent a ultrapassar temporariamente os 126 d\u00f3lares por barril.<\/li>\n<li>O crescimento da zona euro manteve-se fraco no primeiro trimestre, com um aumento de 0,1% face ao trimestre anterior; a UE registou valor semelhante.<\/li>\n<li>O BCE enfrenta o desafio da estagfla\u00e7\u00e3o, com infla\u00e7\u00e3o acima da meta de dois por cento num cen\u00e1rio de baixo crescimento, mantendo-se a expectativa de taxa diretora est\u00e1vel.<\/li>\n<\/ul>\n","protected":false},"author":2,"featured_media":462186,"comment_status":"closed","ping_status":"closed","sticky":false,"template":"","format":"standard","meta":{"footnotes":""},"categories":[2,6735],"tags":[8542,6115,7775,8004,8307,8056],"class_list":["post-462181","post","type-post","status-publish","format-standard","has-post-thumbnail","hentry","category-economia","category-negocios","tag-_crescimento-economico","tag-_economia","tag-_energia","tag-_europa","tag-_inflacao","tag-_uniao-europeia"],"yoast_head":"<!-- This site is optimized with the Yoast SEO plugin v27.2 - https:\/\/yoast.com\/product\/yoast-seo-wordpress\/ -->\n<title>Infla\u00e7\u00e3o na zona euro sobe a 3% devido ao petr\u00f3leo e ao abrandamento - Portal Tela Portugal<\/title>\n<meta name=\"robots\" content=\"index, follow, max-snippet:-1, max-image-preview:large, max-video-preview:-1\" \/>\n<meta property=\"og:locale\" content=\"pt_PT\" \/>\n<meta property=\"og:type\" content=\"article\" \/>\n<meta property=\"og:title\" content=\"Infla\u00e7\u00e3o na zona euro sobe a 3% devido ao petr\u00f3leo e ao abrandamento - Portal Tela Portugal\" \/>\n<meta property=\"og:description\" content=\"A infla\u00e7\u00e3o anual na zona euro subiu de 2,6% em mar\u00e7o para 3,0% em abril, impulsionada pelo aumento de 10,9% nos pre\u00e7os da energia. Entre os componentes, a energia registrou a maior subida hom\u00f3loga, de 10,9% em abril, seguida de servi\u00e7os (3,0%), alimentos, \u00e1lcool e tabaco (2,5%) e bens industriais n\u00e3o energ\u00e9ticos (0,8%). O agravamento da infla\u00e7\u00e3o est\u00e1 associado \u00e0 escalada dos custos energ\u00e9ticos devido \u00e0 guerra no Ir\u00e3o, com o Brent a ultrapassar temporariamente os 126 d\u00f3lares por barril. O crescimento da zona euro manteve-se fraco no primeiro trimestre, com um aumento de 0,1% face ao trimestre anterior; a UE registou valor semelhante. O BCE enfrenta o desafio da estagfla\u00e7\u00e3o, com infla\u00e7\u00e3o acima da meta de dois por cento num cen\u00e1rio de baixo crescimento, mantendo-se a expectativa de taxa diretora est\u00e1vel.\" \/>\n<meta property=\"og:url\" content=\"https:\/\/portaltela.pt\/noticias\/2026\/04\/30\/inflacao-na-zona-euro-sobe-a-3-devido-ao-petroleo-e-ao-abrandamento\/\" \/>\n<meta property=\"og:site_name\" content=\"Portal Tela Portugal\" \/>\n<meta property=\"article:published_time\" content=\"2026-04-30T10:33:01+00:00\" \/>\n<meta name=\"author\" content=\"Telinha\" \/>\n<meta name=\"twitter:card\" content=\"summary_large_image\" \/>\n<meta name=\"twitter:label1\" content=\"Escrito por\" \/>\n\t<meta name=\"twitter:data1\" content=\"Telinha\" \/>\n\t<meta name=\"twitter:label2\" content=\"Tempo estimado de leitura\" \/>\n\t<meta name=\"twitter:data2\" content=\"1 minuto\" \/>\n<script type=\"application\/ld+json\" class=\"yoast-schema-graph\">{\"@context\":\"https:\/\/schema.org\",\"@graph\":[{\"@type\":\"Article\",\"@id\":\"https:\/\/portaltela.pt\/noticias\/2026\/04\/30\/inflacao-na-zona-euro-sobe-a-3-devido-ao-petroleo-e-ao-abrandamento\/#article\",\"isPartOf\":{\"@id\":\"https:\/\/portaltela.pt\/noticias\/2026\/04\/30\/inflacao-na-zona-euro-sobe-a-3-devido-ao-petroleo-e-ao-abrandamento\/\"},\"author\":{\"name\":\"Telinha\",\"@id\":\"https:\/\/portaltela.pt\/#\/schema\/person\/c4278d4a6028830caff9ee44b42d32ed\"},\"headline\":\"Infla\u00e7\u00e3o na zona euro sobe a 3% devido ao petr\u00f3leo e ao abrandamento\",\"datePublished\":\"2026-04-30T10:33:01+00:00\",\"mainEntityOfPage\":{\"@id\":\"https:\/\/portaltela.pt\/noticias\/2026\/04\/30\/inflacao-na-zona-euro-sobe-a-3-devido-ao-petroleo-e-ao-abrandamento\/\"},\"wordCount\":299,\"image\":{\"@id\":\"https:\/\/portaltela.pt\/noticias\/2026\/04\/30\/inflacao-na-zona-euro-sobe-a-3-devido-ao-petroleo-e-ao-abrandamento\/#primaryimage\"},\"thumbnailUrl\":\"https:\/\/portaltela.pt\/s.01k8rhncp4jt1\/2026\/04\/1536x864_cmsv2_f56d0984-3264-58ee-a254-e502144d0b24-9741990.jpg\",\"keywords\":[\"_crescimento econ\u00f3mico\",\"_economia\",\"_energia\",\"_Europa\",\"_infla\u00e7\u00e3o\",\"_Uni\u00e3o Europeia\"],\"articleSection\":[\"Economia\",\"Neg\u00f3cios\"],\"inLanguage\":\"pt-PT\"},{\"@type\":\"WebPage\",\"@id\":\"https:\/\/portaltela.pt\/noticias\/2026\/04\/30\/inflacao-na-zona-euro-sobe-a-3-devido-ao-petroleo-e-ao-abrandamento\/\",\"url\":\"https:\/\/portaltela.pt\/noticias\/2026\/04\/30\/inflacao-na-zona-euro-sobe-a-3-devido-ao-petroleo-e-ao-abrandamento\/\",\"name\":\"Infla\u00e7\u00e3o na zona euro sobe a 3% devido ao petr\u00f3leo e ao abrandamento - Portal Tela Portugal\",\"isPartOf\":{\"@id\":\"https:\/\/portaltela.pt\/#website\"},\"primaryImageOfPage\":{\"@id\":\"https:\/\/portaltela.pt\/noticias\/2026\/04\/30\/inflacao-na-zona-euro-sobe-a-3-devido-ao-petroleo-e-ao-abrandamento\/#primaryimage\"},\"image\":{\"@id\":\"https:\/\/portaltela.pt\/noticias\/2026\/04\/30\/inflacao-na-zona-euro-sobe-a-3-devido-ao-petroleo-e-ao-abrandamento\/#primaryimage\"},\"thumbnailUrl\":\"https:\/\/portaltela.pt\/s.01k8rhncp4jt1\/2026\/04\/1536x864_cmsv2_f56d0984-3264-58ee-a254-e502144d0b24-9741990.jpg\",\"datePublished\":\"2026-04-30T10:33:01+00:00\",\"author\":{\"@id\":\"https:\/\/portaltela.pt\/#\/schema\/person\/c4278d4a6028830caff9ee44b42d32ed\"},\"breadcrumb\":{\"@id\":\"https:\/\/portaltela.pt\/noticias\/2026\/04\/30\/inflacao-na-zona-euro-sobe-a-3-devido-ao-petroleo-e-ao-abrandamento\/#breadcrumb\"},\"inLanguage\":\"pt-PT\",\"potentialAction\":[{\"@type\":\"ReadAction\",\"target\":[\"https:\/\/portaltela.pt\/noticias\/2026\/04\/30\/inflacao-na-zona-euro-sobe-a-3-devido-ao-petroleo-e-ao-abrandamento\/\"]}]},{\"@type\":\"ImageObject\",\"inLanguage\":\"pt-PT\",\"@id\":\"https:\/\/portaltela.pt\/noticias\/2026\/04\/30\/inflacao-na-zona-euro-sobe-a-3-devido-ao-petroleo-e-ao-abrandamento\/#primaryimage\",\"url\":\"https:\/\/portaltela.pt\/s.01k8rhncp4jt1\/2026\/04\/1536x864_cmsv2_f56d0984-3264-58ee-a254-e502144d0b24-9741990.jpg\",\"contentUrl\":\"https:\/\/portaltela.pt\/s.01k8rhncp4jt1\/2026\/04\/1536x864_cmsv2_f56d0984-3264-58ee-a254-e502144d0b24-9741990.jpg\",\"width\":796,\"height\":448,\"caption\":\"ARQUIVO - Nuvens cobrem o c\u00e9u sobre a sede do Banco Central Europeu, em Frankfurt, Alemanha, em 11 de setembro de 2025.\"},{\"@type\":\"BreadcrumbList\",\"@id\":\"https:\/\/portaltela.pt\/noticias\/2026\/04\/30\/inflacao-na-zona-euro-sobe-a-3-devido-ao-petroleo-e-ao-abrandamento\/#breadcrumb\",\"itemListElement\":[{\"@type\":\"ListItem\",\"position\":1,\"name\":\"In\u00edcio\",\"item\":\"https:\/\/portaltela.pt\/\"},{\"@type\":\"ListItem\",\"position\":2,\"name\":\"Infla\u00e7\u00e3o na zona euro sobe a 3% devido ao petr\u00f3leo e ao abrandamento\"}]},{\"@type\":\"WebSite\",\"@id\":\"https:\/\/portaltela.pt\/#website\",\"url\":\"https:\/\/portaltela.pt\/\",\"name\":\"Portal Tela Portugal\",\"description\":\"\",\"potentialAction\":[{\"@type\":\"SearchAction\",\"target\":{\"@type\":\"EntryPoint\",\"urlTemplate\":\"https:\/\/portaltela.pt\/?s={search_term_string}\"},\"query-input\":{\"@type\":\"PropertyValueSpecification\",\"valueRequired\":true,\"valueName\":\"search_term_string\"}}],\"inLanguage\":\"pt-PT\"},{\"@type\":\"Person\",\"@id\":\"https:\/\/portaltela.pt\/#\/schema\/person\/c4278d4a6028830caff9ee44b42d32ed\",\"name\":\"Telinha\",\"image\":{\"@type\":\"ImageObject\",\"inLanguage\":\"pt-PT\",\"@id\":\"https:\/\/portaltela.pt\/s.01k8rhncp4jt1\/2025\/11\/talking-bot-125x125.png\",\"url\":\"https:\/\/portaltela.pt\/s.01k8rhncp4jt1\/2025\/11\/talking-bot-125x125.png\",\"contentUrl\":\"https:\/\/portaltela.pt\/s.01k8rhncp4jt1\/2025\/11\/talking-bot-125x125.png\",\"caption\":\"Telinha\"},\"sameAs\":[\"https:\/\/portaltela.pt\/\"],\"url\":\"https:\/\/portaltela.pt\/por\/367410592786\/\"}]}<\/script>\n<!-- \/ Yoast SEO plugin. -->","yoast_head_json":{"title":"Infla\u00e7\u00e3o na zona euro sobe a 3% devido ao petr\u00f3leo e ao abrandamento - Portal Tela Portugal","robots":{"index":"index","follow":"follow","max-snippet":"max-snippet:-1","max-image-preview":"max-image-preview:large","max-video-preview":"max-video-preview:-1"},"og_locale":"pt_PT","og_type":"article","og_title":"Infla\u00e7\u00e3o na zona euro sobe a 3% devido ao petr\u00f3leo e ao abrandamento - Portal Tela Portugal","og_description":"A infla\u00e7\u00e3o anual na zona euro subiu de 2,6% em mar\u00e7o para 3,0% em abril, impulsionada pelo aumento de 10,9% nos pre\u00e7os da energia. Entre os componentes, a energia registrou a maior subida hom\u00f3loga, de 10,9% em abril, seguida de servi\u00e7os (3,0%), alimentos, \u00e1lcool e tabaco (2,5%) e bens industriais n\u00e3o energ\u00e9ticos (0,8%). O agravamento da infla\u00e7\u00e3o est\u00e1 associado \u00e0 escalada dos custos energ\u00e9ticos devido \u00e0 guerra no Ir\u00e3o, com o Brent a ultrapassar temporariamente os 126 d\u00f3lares por barril. O crescimento da zona euro manteve-se fraco no primeiro trimestre, com um aumento de 0,1% face ao trimestre anterior; a UE registou valor semelhante. O BCE enfrenta o desafio da estagfla\u00e7\u00e3o, com infla\u00e7\u00e3o acima da meta de dois por cento num cen\u00e1rio de baixo crescimento, mantendo-se a expectativa de taxa diretora est\u00e1vel.","og_url":"https:\/\/portaltela.pt\/noticias\/2026\/04\/30\/inflacao-na-zona-euro-sobe-a-3-devido-ao-petroleo-e-ao-abrandamento\/","og_site_name":"Portal Tela Portugal","article_published_time":"2026-04-30T10:33:01+00:00","author":"Telinha","twitter_card":"summary_large_image","twitter_misc":{"Escrito por":"Telinha","Tempo estimado de leitura":"1 minuto"},"schema":{"@context":"https:\/\/schema.org","@graph":[{"@type":"Article","@id":"https:\/\/portaltela.pt\/noticias\/2026\/04\/30\/inflacao-na-zona-euro-sobe-a-3-devido-ao-petroleo-e-ao-abrandamento\/#article","isPartOf":{"@id":"https:\/\/portaltela.pt\/noticias\/2026\/04\/30\/inflacao-na-zona-euro-sobe-a-3-devido-ao-petroleo-e-ao-abrandamento\/"},"author":{"name":"Telinha","@id":"https:\/\/portaltela.pt\/#\/schema\/person\/c4278d4a6028830caff9ee44b42d32ed"},"headline":"Infla\u00e7\u00e3o na zona euro sobe a 3% devido ao petr\u00f3leo e ao abrandamento","datePublished":"2026-04-30T10:33:01+00:00","mainEntityOfPage":{"@id":"https:\/\/portaltela.pt\/noticias\/2026\/04\/30\/inflacao-na-zona-euro-sobe-a-3-devido-ao-petroleo-e-ao-abrandamento\/"},"wordCount":299,"image":{"@id":"https:\/\/portaltela.pt\/noticias\/2026\/04\/30\/inflacao-na-zona-euro-sobe-a-3-devido-ao-petroleo-e-ao-abrandamento\/#primaryimage"},"thumbnailUrl":"https:\/\/portaltela.pt\/s.01k8rhncp4jt1\/2026\/04\/1536x864_cmsv2_f56d0984-3264-58ee-a254-e502144d0b24-9741990.jpg","keywords":["_crescimento econ\u00f3mico","_economia","_energia","_Europa","_infla\u00e7\u00e3o","_Uni\u00e3o Europeia"],"articleSection":["Economia","Neg\u00f3cios"],"inLanguage":"pt-PT"},{"@type":"WebPage","@id":"https:\/\/portaltela.pt\/noticias\/2026\/04\/30\/inflacao-na-zona-euro-sobe-a-3-devido-ao-petroleo-e-ao-abrandamento\/","url":"https:\/\/portaltela.pt\/noticias\/2026\/04\/30\/inflacao-na-zona-euro-sobe-a-3-devido-ao-petroleo-e-ao-abrandamento\/","name":"Infla\u00e7\u00e3o na zona euro sobe a 3% devido ao petr\u00f3leo e ao abrandamento - Portal Tela Portugal","isPartOf":{"@id":"https:\/\/portaltela.pt\/#website"},"primaryImageOfPage":{"@id":"https:\/\/portaltela.pt\/noticias\/2026\/04\/30\/inflacao-na-zona-euro-sobe-a-3-devido-ao-petroleo-e-ao-abrandamento\/#primaryimage"},"image":{"@id":"https:\/\/portaltela.pt\/noticias\/2026\/04\/30\/inflacao-na-zona-euro-sobe-a-3-devido-ao-petroleo-e-ao-abrandamento\/#primaryimage"},"thumbnailUrl":"https:\/\/portaltela.pt\/s.01k8rhncp4jt1\/2026\/04\/1536x864_cmsv2_f56d0984-3264-58ee-a254-e502144d0b24-9741990.jpg","datePublished":"2026-04-30T10:33:01+00:00","author":{"@id":"https:\/\/portaltela.pt\/#\/schema\/person\/c4278d4a6028830caff9ee44b42d32ed"},"breadcrumb":{"@id":"https:\/\/portaltela.pt\/noticias\/2026\/04\/30\/inflacao-na-zona-euro-sobe-a-3-devido-ao-petroleo-e-ao-abrandamento\/#breadcrumb"},"inLanguage":"pt-PT","potentialAction":[{"@type":"ReadAction","target":["https:\/\/portaltela.pt\/noticias\/2026\/04\/30\/inflacao-na-zona-euro-sobe-a-3-devido-ao-petroleo-e-ao-abrandamento\/"]}]},{"@type":"ImageObject","inLanguage":"pt-PT","@id":"https:\/\/portaltela.pt\/noticias\/2026\/04\/30\/inflacao-na-zona-euro-sobe-a-3-devido-ao-petroleo-e-ao-abrandamento\/#primaryimage","url":"https:\/\/portaltela.pt\/s.01k8rhncp4jt1\/2026\/04\/1536x864_cmsv2_f56d0984-3264-58ee-a254-e502144d0b24-9741990.jpg","contentUrl":"https:\/\/portaltela.pt\/s.01k8rhncp4jt1\/2026\/04\/1536x864_cmsv2_f56d0984-3264-58ee-a254-e502144d0b24-9741990.jpg","width":796,"height":448,"caption":"ARQUIVO - Nuvens cobrem o c\u00e9u sobre a sede do Banco Central Europeu, em Frankfurt, Alemanha, em 11 de setembro de 2025."},{"@type":"BreadcrumbList","@id":"https:\/\/portaltela.pt\/noticias\/2026\/04\/30\/inflacao-na-zona-euro-sobe-a-3-devido-ao-petroleo-e-ao-abrandamento\/#breadcrumb","itemListElement":[{"@type":"ListItem","position":1,"name":"In\u00edcio","item":"https:\/\/portaltela.pt\/"},{"@type":"ListItem","position":2,"name":"Infla\u00e7\u00e3o na zona euro sobe a 3% devido ao petr\u00f3leo e ao abrandamento"}]},{"@type":"WebSite","@id":"https:\/\/portaltela.pt\/#website","url":"https:\/\/portaltela.pt\/","name":"Portal Tela Portugal","description":"","potentialAction":[{"@type":"SearchAction","target":{"@type":"EntryPoint","urlTemplate":"https:\/\/portaltela.pt\/?s={search_term_string}"},"query-input":{"@type":"PropertyValueSpecification","valueRequired":true,"valueName":"search_term_string"}}],"inLanguage":"pt-PT"},{"@type":"Person","@id":"https:\/\/portaltela.pt\/#\/schema\/person\/c4278d4a6028830caff9ee44b42d32ed","name":"Telinha","image":{"@type":"ImageObject","inLanguage":"pt-PT","@id":"https:\/\/portaltela.pt\/s.01k8rhncp4jt1\/2025\/11\/talking-bot-125x125.png","url":"https:\/\/portaltela.pt\/s.01k8rhncp4jt1\/2025\/11\/talking-bot-125x125.png","contentUrl":"https:\/\/portaltela.pt\/s.01k8rhncp4jt1\/2025\/11\/talking-bot-125x125.png","caption":"Telinha"},"sameAs":["https:\/\/portaltela.pt\/"],"url":"https:\/\/portaltela.pt\/por\/367410592786\/"}]}},"_links":{"self":[{"href":"https:\/\/portaltela.pt\/api\/wp\/v2\/posts\/462181","targetHints":{"allow":["GET"]}}],"collection":[{"href":"https:\/\/portaltela.pt\/api\/wp\/v2\/posts"}],"about":[{"href":"https:\/\/portaltela.pt\/api\/wp\/v2\/types\/post"}],"author":[{"embeddable":true,"href":"https:\/\/portaltela.pt\/api\/wp\/v2\/users\/2"}],"replies":[{"embeddable":true,"href":"https:\/\/portaltela.pt\/api\/wp\/v2\/comments?post=462181"}],"version-history":[{"count":0,"href":"https:\/\/portaltela.pt\/api\/wp\/v2\/posts\/462181\/revisions"}],"wp:featuredmedia":[{"embeddable":true,"href":"https:\/\/portaltela.pt\/api\/wp\/v2\/media\/462186"}],"wp:attachment":[{"href":"https:\/\/portaltela.pt\/api\/wp\/v2\/media?parent=462181"}],"wp:term":[{"taxonomy":"category","embeddable":true,"href":"https:\/\/portaltela.pt\/api\/wp\/v2\/categories?post=462181"},{"taxonomy":"post_tag","embeddable":true,"href":"https:\/\/portaltela.pt\/api\/wp\/v2\/tags?post=462181"}],"curies":[{"name":"wp","href":"https:\/\/api.w.org\/{rel}","templated":true}]}}