{"id":462179,"date":"2026-04-30T07:32:58","date_gmt":"2026-04-30T10:32:58","guid":{"rendered":"https:\/\/portaltela.pt\/noticias\/2026\/04\/30\/atrasos-na-ferrovia-apontam-bruxelas-como-culpada\/"},"modified":"2026-04-30T07:32:58","modified_gmt":"2026-04-30T10:32:58","slug":"atrasos-na-ferrovia-apontam-bruxelas-como-culpada","status":"publish","type":"post","link":"https:\/\/portaltela.pt\/tecnologia\/2026\/04\/30\/atrasos-na-ferrovia-apontam-bruxelas-como-culpada\/","title":{"rendered":"Atrasos na ferrovia apontam Bruxelas como culpada"},"content":{"rendered":"<p>A Faculdade de Engenharia da Universidade do Porto acolheu um semin\u00e1rio dedicado ao futuro da ferrovia, no \u00e2mbito das FEUP Rail Talks. O evento decorreu no dia 27 de Abril de 2026, com grava\u00e7\u00e3o ao vivo nas instala\u00e7\u00f5es da universidade. O objetivo \u00e9 apresentar o trabalho cient\u00edfico e tecnol\u00f3gico desenvolvido nos \u00faltimos anos.<\/p>\n<p>A mobilidade sustent\u00e1vel est\u00e1 no centro das agendas nacionais e europeias. Em Portugal, investe-se na moderniza\u00e7\u00e3o da rede, na electrifica\u00e7\u00e3o, em liga\u00e7\u00f5es de alta velocidade e no refor\u00e7o da intermodalidade. Estas fases inserem a ferrovia na transforma\u00e7\u00e3o do sistema de transportes.<\/p>\n<p>O semin\u00e1rio destacou a import\u00e2ncia da ferrovia como eixo de desenvolvimento econ\u00f3mico, territorial e ambiental, e procurou situar os debates num quadro de pol\u00edticas p\u00fablicas, inova\u00e7\u00e3o e investimento. O epis\u00f3dio apresenta um resumo do que foi dito nas FEUP Rail Talks.<\/p>\n<h3>Painel 1<\/h3>\n<p>Da investiga\u00e7\u00e3o \u00e0 solu\u00e7\u00e3o: inova\u00e7\u00e3o, engenharia e colabora\u00e7\u00e3o para transformar a ferrovia. Este painel reuniu contributos sobre como a ci\u00eancia e a engenharia impulsionam solu\u00e7\u00f5es pr\u00e1ticas para o setor.<\/p>\n<h3>Painel 2<\/h3>\n<p>Pol\u00edticas P\u00fablicas, sustentabilidade e mercado ferrovi\u00e1rio: desafios, investimento e futuro. Este segundo painel analisou o papel de pol\u00edticas p\u00fablicas, a sustentabilidade e o desempenho do mercado ferrovi\u00e1rio.<\/p>\n","protected":false},"excerpt":{"rendered":"<ul>\n<li>Epis\u00f3dio gravado ao vivo na Faculdade de Engenharia da Universidade do Porto, durante as FEUP Rail Talks, no dia vinte e sete de abril de dois mil e vinte e seis.<\/li>\n<li>O semin\u00e1rio analisa o futuro da ferrovia no contexto da mobilidade sustent\u00e1vel e o papel da ferrovia na transforma\u00e7\u00e3o econ\u00f4mica, territorial e ambiental em Portugal e na Europa.<\/li>\n<li>Destaca-se o investimento em moderniza\u00e7\u00e3o da rede, electrifica\u00e7\u00e3o, alta velocidade e refor\u00e7o da intermodalidade como eixo de desenvolvimento do setor ferrovi\u00e1rio.<\/li>\n<li>O objetivo \u00e9 dar visibilidade ao trabalho cient\u00edfico e tecnol\u00f3gico recente ligado \u00e0 ferrovia, com foco na inova\u00e7\u00e3o e na colabora\u00e7\u00e3o entre investiga\u00e7\u00e3o e solu\u00e7\u00e3o pr\u00e1tica.<\/li>\n<li>Os pain\u00e9is debatem, respetivamente, a passagem da investiga\u00e7\u00e3o \u00e0 solu\u00e7\u00e3o e, depois, pol\u00edticas p\u00fablicas, sustentabilidade, mercado ferrovi\u00e1rio, desafios, investimento e futuro.<\/li>\n<\/ul>\n","protected":false},"author":2,"featured_media":462190,"comment_status":"closed","ping_status":"closed","sticky":false,"template":"","format":"standard","meta":{"footnotes":""},"categories":[6716],"tags":[7966,8114,8020,8319,8468,8287],"class_list":["post-462179","post","type-post","status-publish","format-standard","has-post-thumbnail","hentry","category-tecnologia","tag-_inovacao","tag-_investimento","tag-_mobilidade","tag-_mobilidade-urbana","tag-_politica-publica","tag-_transporte"],"yoast_head":"<!-- This site is optimized with the Yoast SEO plugin v27.2 - https:\/\/yoast.com\/product\/yoast-seo-wordpress\/ -->\n<title>Atrasos na ferrovia apontam Bruxelas como culpada - Portal Tela Portugal<\/title>\n<meta name=\"robots\" content=\"index, follow, max-snippet:-1, max-image-preview:large, max-video-preview:-1\" \/>\n<meta property=\"og:locale\" content=\"pt_PT\" \/>\n<meta property=\"og:type\" content=\"article\" \/>\n<meta property=\"og:title\" content=\"Atrasos na ferrovia apontam Bruxelas como culpada - Portal Tela Portugal\" \/>\n<meta property=\"og:description\" content=\"Epis\u00f3dio gravado ao vivo na Faculdade de Engenharia da Universidade do Porto, durante as FEUP Rail Talks, no dia vinte e sete de abril de dois mil e vinte e seis. O semin\u00e1rio analisa o futuro da ferrovia no contexto da mobilidade sustent\u00e1vel e o papel da ferrovia na transforma\u00e7\u00e3o econ\u00f4mica, territorial e ambiental em Portugal e na Europa. Destaca-se o investimento em moderniza\u00e7\u00e3o da rede, electrifica\u00e7\u00e3o, alta velocidade e refor\u00e7o da intermodalidade como eixo de desenvolvimento do setor ferrovi\u00e1rio. O objetivo \u00e9 dar visibilidade ao trabalho cient\u00edfico e tecnol\u00f3gico recente ligado \u00e0 ferrovia, com foco na inova\u00e7\u00e3o e na colabora\u00e7\u00e3o entre investiga\u00e7\u00e3o e solu\u00e7\u00e3o pr\u00e1tica. Os pain\u00e9is debatem, respetivamente, a passagem da investiga\u00e7\u00e3o \u00e0 solu\u00e7\u00e3o e, depois, pol\u00edticas p\u00fablicas, sustentabilidade, mercado ferrovi\u00e1rio, desafios, investimento e futuro.\" \/>\n<meta property=\"og:url\" content=\"https:\/\/portaltela.pt\/noticias\/2026\/04\/30\/atrasos-na-ferrovia-apontam-bruxelas-como-culpada\/\" \/>\n<meta property=\"og:site_name\" content=\"Portal Tela Portugal\" \/>\n<meta property=\"article:published_time\" content=\"2026-04-30T10:32:58+00:00\" \/>\n<meta name=\"author\" content=\"Telinha\" \/>\n<meta name=\"twitter:card\" content=\"summary_large_image\" \/>\n<meta name=\"twitter:label1\" content=\"Escrito por\" \/>\n\t<meta name=\"twitter:data1\" content=\"Telinha\" \/>\n\t<meta name=\"twitter:label2\" content=\"Tempo estimado de leitura\" \/>\n\t<meta name=\"twitter:data2\" content=\"1 minuto\" \/>\n<script type=\"application\/ld+json\" class=\"yoast-schema-graph\">{\"@context\":\"https:\/\/schema.org\",\"@graph\":[{\"@type\":\"Article\",\"@id\":\"https:\/\/portaltela.pt\/noticias\/2026\/04\/30\/atrasos-na-ferrovia-apontam-bruxelas-como-culpada\/#article\",\"isPartOf\":{\"@id\":\"https:\/\/portaltela.pt\/noticias\/2026\/04\/30\/atrasos-na-ferrovia-apontam-bruxelas-como-culpada\/\"},\"author\":{\"name\":\"Telinha\",\"@id\":\"https:\/\/portaltela.pt\/#\/schema\/person\/c4278d4a6028830caff9ee44b42d32ed\"},\"headline\":\"Atrasos na ferrovia apontam Bruxelas como culpada\",\"datePublished\":\"2026-04-30T10:32:58+00:00\",\"mainEntityOfPage\":{\"@id\":\"https:\/\/portaltela.pt\/noticias\/2026\/04\/30\/atrasos-na-ferrovia-apontam-bruxelas-como-culpada\/\"},\"wordCount\":227,\"image\":{\"@id\":\"https:\/\/portaltela.pt\/noticias\/2026\/04\/30\/atrasos-na-ferrovia-apontam-bruxelas-como-culpada\/#primaryimage\"},\"thumbnailUrl\":\"https:\/\/portaltela.pt\/s.01k8rhncp4jt1\/2026\/04\/2085110.jpg\",\"keywords\":[\"_inova\u00e7\u00e3o\",\"_investimento\",\"_mobilidade\",\"_mobilidade urbana\",\"_pol\u00edtica p\u00fablica\",\"_transporte\"],\"articleSection\":[\"Tecnologia\"],\"inLanguage\":\"pt-PT\"},{\"@type\":\"WebPage\",\"@id\":\"https:\/\/portaltela.pt\/noticias\/2026\/04\/30\/atrasos-na-ferrovia-apontam-bruxelas-como-culpada\/\",\"url\":\"https:\/\/portaltela.pt\/noticias\/2026\/04\/30\/atrasos-na-ferrovia-apontam-bruxelas-como-culpada\/\",\"name\":\"Atrasos na ferrovia apontam Bruxelas como culpada - Portal Tela Portugal\",\"isPartOf\":{\"@id\":\"https:\/\/portaltela.pt\/#website\"},\"primaryImageOfPage\":{\"@id\":\"https:\/\/portaltela.pt\/noticias\/2026\/04\/30\/atrasos-na-ferrovia-apontam-bruxelas-como-culpada\/#primaryimage\"},\"image\":{\"@id\":\"https:\/\/portaltela.pt\/noticias\/2026\/04\/30\/atrasos-na-ferrovia-apontam-bruxelas-como-culpada\/#primaryimage\"},\"thumbnailUrl\":\"https:\/\/portaltela.pt\/s.01k8rhncp4jt1\/2026\/04\/2085110.jpg\",\"datePublished\":\"2026-04-30T10:32:58+00:00\",\"author\":{\"@id\":\"https:\/\/portaltela.pt\/#\/schema\/person\/c4278d4a6028830caff9ee44b42d32ed\"},\"breadcrumb\":{\"@id\":\"https:\/\/portaltela.pt\/noticias\/2026\/04\/30\/atrasos-na-ferrovia-apontam-bruxelas-como-culpada\/#breadcrumb\"},\"inLanguage\":\"pt-PT\",\"potentialAction\":[{\"@type\":\"ReadAction\",\"target\":[\"https:\/\/portaltela.pt\/noticias\/2026\/04\/30\/atrasos-na-ferrovia-apontam-bruxelas-como-culpada\/\"]}]},{\"@type\":\"ImageObject\",\"inLanguage\":\"pt-PT\",\"@id\":\"https:\/\/portaltela.pt\/noticias\/2026\/04\/30\/atrasos-na-ferrovia-apontam-bruxelas-como-culpada\/#primaryimage\",\"url\":\"https:\/\/portaltela.pt\/s.01k8rhncp4jt1\/2026\/04\/2085110.jpg\",\"contentUrl\":\"https:\/\/portaltela.pt\/s.01k8rhncp4jt1\/2026\/04\/2085110.jpg\",\"width\":796,\"height\":448,\"caption\":\"Photo\"},{\"@type\":\"BreadcrumbList\",\"@id\":\"https:\/\/portaltela.pt\/noticias\/2026\/04\/30\/atrasos-na-ferrovia-apontam-bruxelas-como-culpada\/#breadcrumb\",\"itemListElement\":[{\"@type\":\"ListItem\",\"position\":1,\"name\":\"In\u00edcio\",\"item\":\"https:\/\/portaltela.pt\/\"},{\"@type\":\"ListItem\",\"position\":2,\"name\":\"Atrasos na ferrovia apontam Bruxelas como culpada\"}]},{\"@type\":\"WebSite\",\"@id\":\"https:\/\/portaltela.pt\/#website\",\"url\":\"https:\/\/portaltela.pt\/\",\"name\":\"Portal Tela Portugal\",\"description\":\"\",\"potentialAction\":[{\"@type\":\"SearchAction\",\"target\":{\"@type\":\"EntryPoint\",\"urlTemplate\":\"https:\/\/portaltela.pt\/?s={search_term_string}\"},\"query-input\":{\"@type\":\"PropertyValueSpecification\",\"valueRequired\":true,\"valueName\":\"search_term_string\"}}],\"inLanguage\":\"pt-PT\"},{\"@type\":\"Person\",\"@id\":\"https:\/\/portaltela.pt\/#\/schema\/person\/c4278d4a6028830caff9ee44b42d32ed\",\"name\":\"Telinha\",\"image\":{\"@type\":\"ImageObject\",\"inLanguage\":\"pt-PT\",\"@id\":\"https:\/\/portaltela.pt\/s.01k8rhncp4jt1\/2025\/11\/talking-bot-125x125.png\",\"url\":\"https:\/\/portaltela.pt\/s.01k8rhncp4jt1\/2025\/11\/talking-bot-125x125.png\",\"contentUrl\":\"https:\/\/portaltela.pt\/s.01k8rhncp4jt1\/2025\/11\/talking-bot-125x125.png\",\"caption\":\"Telinha\"},\"sameAs\":[\"https:\/\/portaltela.pt\/\"],\"url\":\"https:\/\/portaltela.pt\/por\/367410592786\/\"}]}<\/script>\n<!-- \/ Yoast SEO plugin. -->","yoast_head_json":{"title":"Atrasos na ferrovia apontam Bruxelas como culpada - Portal Tela Portugal","robots":{"index":"index","follow":"follow","max-snippet":"max-snippet:-1","max-image-preview":"max-image-preview:large","max-video-preview":"max-video-preview:-1"},"og_locale":"pt_PT","og_type":"article","og_title":"Atrasos na ferrovia apontam Bruxelas como culpada - Portal Tela Portugal","og_description":"Epis\u00f3dio gravado ao vivo na Faculdade de Engenharia da Universidade do Porto, durante as FEUP Rail Talks, no dia vinte e sete de abril de dois mil e vinte e seis. O semin\u00e1rio analisa o futuro da ferrovia no contexto da mobilidade sustent\u00e1vel e o papel da ferrovia na transforma\u00e7\u00e3o econ\u00f4mica, territorial e ambiental em Portugal e na Europa. Destaca-se o investimento em moderniza\u00e7\u00e3o da rede, electrifica\u00e7\u00e3o, alta velocidade e refor\u00e7o da intermodalidade como eixo de desenvolvimento do setor ferrovi\u00e1rio. O objetivo \u00e9 dar visibilidade ao trabalho cient\u00edfico e tecnol\u00f3gico recente ligado \u00e0 ferrovia, com foco na inova\u00e7\u00e3o e na colabora\u00e7\u00e3o entre investiga\u00e7\u00e3o e solu\u00e7\u00e3o pr\u00e1tica. Os pain\u00e9is debatem, respetivamente, a passagem da investiga\u00e7\u00e3o \u00e0 solu\u00e7\u00e3o e, depois, pol\u00edticas p\u00fablicas, sustentabilidade, mercado ferrovi\u00e1rio, desafios, investimento e futuro.","og_url":"https:\/\/portaltela.pt\/noticias\/2026\/04\/30\/atrasos-na-ferrovia-apontam-bruxelas-como-culpada\/","og_site_name":"Portal Tela Portugal","article_published_time":"2026-04-30T10:32:58+00:00","author":"Telinha","twitter_card":"summary_large_image","twitter_misc":{"Escrito por":"Telinha","Tempo estimado de leitura":"1 minuto"},"schema":{"@context":"https:\/\/schema.org","@graph":[{"@type":"Article","@id":"https:\/\/portaltela.pt\/noticias\/2026\/04\/30\/atrasos-na-ferrovia-apontam-bruxelas-como-culpada\/#article","isPartOf":{"@id":"https:\/\/portaltela.pt\/noticias\/2026\/04\/30\/atrasos-na-ferrovia-apontam-bruxelas-como-culpada\/"},"author":{"name":"Telinha","@id":"https:\/\/portaltela.pt\/#\/schema\/person\/c4278d4a6028830caff9ee44b42d32ed"},"headline":"Atrasos na ferrovia apontam Bruxelas como culpada","datePublished":"2026-04-30T10:32:58+00:00","mainEntityOfPage":{"@id":"https:\/\/portaltela.pt\/noticias\/2026\/04\/30\/atrasos-na-ferrovia-apontam-bruxelas-como-culpada\/"},"wordCount":227,"image":{"@id":"https:\/\/portaltela.pt\/noticias\/2026\/04\/30\/atrasos-na-ferrovia-apontam-bruxelas-como-culpada\/#primaryimage"},"thumbnailUrl":"https:\/\/portaltela.pt\/s.01k8rhncp4jt1\/2026\/04\/2085110.jpg","keywords":["_inova\u00e7\u00e3o","_investimento","_mobilidade","_mobilidade urbana","_pol\u00edtica p\u00fablica","_transporte"],"articleSection":["Tecnologia"],"inLanguage":"pt-PT"},{"@type":"WebPage","@id":"https:\/\/portaltela.pt\/noticias\/2026\/04\/30\/atrasos-na-ferrovia-apontam-bruxelas-como-culpada\/","url":"https:\/\/portaltela.pt\/noticias\/2026\/04\/30\/atrasos-na-ferrovia-apontam-bruxelas-como-culpada\/","name":"Atrasos na ferrovia apontam Bruxelas como culpada - Portal Tela Portugal","isPartOf":{"@id":"https:\/\/portaltela.pt\/#website"},"primaryImageOfPage":{"@id":"https:\/\/portaltela.pt\/noticias\/2026\/04\/30\/atrasos-na-ferrovia-apontam-bruxelas-como-culpada\/#primaryimage"},"image":{"@id":"https:\/\/portaltela.pt\/noticias\/2026\/04\/30\/atrasos-na-ferrovia-apontam-bruxelas-como-culpada\/#primaryimage"},"thumbnailUrl":"https:\/\/portaltela.pt\/s.01k8rhncp4jt1\/2026\/04\/2085110.jpg","datePublished":"2026-04-30T10:32:58+00:00","author":{"@id":"https:\/\/portaltela.pt\/#\/schema\/person\/c4278d4a6028830caff9ee44b42d32ed"},"breadcrumb":{"@id":"https:\/\/portaltela.pt\/noticias\/2026\/04\/30\/atrasos-na-ferrovia-apontam-bruxelas-como-culpada\/#breadcrumb"},"inLanguage":"pt-PT","potentialAction":[{"@type":"ReadAction","target":["https:\/\/portaltela.pt\/noticias\/2026\/04\/30\/atrasos-na-ferrovia-apontam-bruxelas-como-culpada\/"]}]},{"@type":"ImageObject","inLanguage":"pt-PT","@id":"https:\/\/portaltela.pt\/noticias\/2026\/04\/30\/atrasos-na-ferrovia-apontam-bruxelas-como-culpada\/#primaryimage","url":"https:\/\/portaltela.pt\/s.01k8rhncp4jt1\/2026\/04\/2085110.jpg","contentUrl":"https:\/\/portaltela.pt\/s.01k8rhncp4jt1\/2026\/04\/2085110.jpg","width":796,"height":448,"caption":"Photo"},{"@type":"BreadcrumbList","@id":"https:\/\/portaltela.pt\/noticias\/2026\/04\/30\/atrasos-na-ferrovia-apontam-bruxelas-como-culpada\/#breadcrumb","itemListElement":[{"@type":"ListItem","position":1,"name":"In\u00edcio","item":"https:\/\/portaltela.pt\/"},{"@type":"ListItem","position":2,"name":"Atrasos na ferrovia apontam Bruxelas como culpada"}]},{"@type":"WebSite","@id":"https:\/\/portaltela.pt\/#website","url":"https:\/\/portaltela.pt\/","name":"Portal Tela Portugal","description":"","potentialAction":[{"@type":"SearchAction","target":{"@type":"EntryPoint","urlTemplate":"https:\/\/portaltela.pt\/?s={search_term_string}"},"query-input":{"@type":"PropertyValueSpecification","valueRequired":true,"valueName":"search_term_string"}}],"inLanguage":"pt-PT"},{"@type":"Person","@id":"https:\/\/portaltela.pt\/#\/schema\/person\/c4278d4a6028830caff9ee44b42d32ed","name":"Telinha","image":{"@type":"ImageObject","inLanguage":"pt-PT","@id":"https:\/\/portaltela.pt\/s.01k8rhncp4jt1\/2025\/11\/talking-bot-125x125.png","url":"https:\/\/portaltela.pt\/s.01k8rhncp4jt1\/2025\/11\/talking-bot-125x125.png","contentUrl":"https:\/\/portaltela.pt\/s.01k8rhncp4jt1\/2025\/11\/talking-bot-125x125.png","caption":"Telinha"},"sameAs":["https:\/\/portaltela.pt\/"],"url":"https:\/\/portaltela.pt\/por\/367410592786\/"}]}},"_links":{"self":[{"href":"https:\/\/portaltela.pt\/api\/wp\/v2\/posts\/462179","targetHints":{"allow":["GET"]}}],"collection":[{"href":"https:\/\/portaltela.pt\/api\/wp\/v2\/posts"}],"about":[{"href":"https:\/\/portaltela.pt\/api\/wp\/v2\/types\/post"}],"author":[{"embeddable":true,"href":"https:\/\/portaltela.pt\/api\/wp\/v2\/users\/2"}],"replies":[{"embeddable":true,"href":"https:\/\/portaltela.pt\/api\/wp\/v2\/comments?post=462179"}],"version-history":[{"count":0,"href":"https:\/\/portaltela.pt\/api\/wp\/v2\/posts\/462179\/revisions"}],"wp:featuredmedia":[{"embeddable":true,"href":"https:\/\/portaltela.pt\/api\/wp\/v2\/media\/462190"}],"wp:attachment":[{"href":"https:\/\/portaltela.pt\/api\/wp\/v2\/media?parent=462179"}],"wp:term":[{"taxonomy":"category","embeddable":true,"href":"https:\/\/portaltela.pt\/api\/wp\/v2\/categories?post=462179"},{"taxonomy":"post_tag","embeddable":true,"href":"https:\/\/portaltela.pt\/api\/wp\/v2\/tags?post=462179"}],"curies":[{"name":"wp","href":"https:\/\/api.w.org\/{rel}","templated":true}]}}