{"id":462174,"date":"2026-04-30T07:32:53","date_gmt":"2026-04-30T10:32:53","guid":{"rendered":"https:\/\/portaltela.pt\/noticias\/2026\/04\/30\/lotacao-esgotada-para-o-sp-braga-friburgo\/"},"modified":"2026-04-30T07:32:53","modified_gmt":"2026-04-30T10:32:53","slug":"lotacao-esgotada-para-o-sp-braga-friburgo","status":"publish","type":"post","link":"https:\/\/portaltela.pt\/desporto\/futebol\/2026\/04\/30\/lotacao-esgotada-para-o-sp-braga-friburgo\/","title":{"rendered":"Lota\u00e7\u00e3o esgotada para o Sp. Braga-Friburgo"},"content":{"rendered":"<p>O Sp. Braga recebe o Friburgo hoje \u00e0s 20:00 no Est\u00e1dio Municipal de Braga, em jogo da primeira m\u00e3o das meias-finais da Liga Europa. Os minhotos procuram vantagem na luta pela final de Istambul, com a lota\u00e7\u00e3o j\u00e1 esgotada. A partida realiza-se sob arbitragem do ingl\u00eas Anthony Taylor.<\/p>\n<p>O Braga, orientado por Carlos Vicens, \u00e9 a \u00fanica equipa portuguesa ainda em competi\u00e7\u00e3o europeia nesta \u00e9poca. Tentam repetir a final perdida em 2011, frente ao FC Porto, em Dublin.<\/p>\n<p>O Friburgo, oitavo na Bundesliga, soma apenas seis participa\u00e7\u00f5es europeias, todas na Liga Europa. Nesta \u00e9poca, os alem\u00e3es chegam ao regresso \u00e0 meia-final pela primeira vez, como melhor desempenho de sempre.<\/p>\n<h3>Confronto entre Braga e Friburgo<\/h3>\n<p>A eliminat\u00f3ria marca a estreia entre as duas equipas em competitivos confrontos europeus. O Friburgo eliminou o Celta de Vigo nos quartos, enquanto o Braga afastou o Betis numa remontada hist\u00f3rica.<\/p>\n<p>O jogo de hoje \u00e9 a primeira m\u00e3o; a segunda fica marcada para a pr\u00f3xima quinta-feira, na Alemanha, com o objetivo de chegar \u00e0 final em Istambul. A imprensa portuguesa acompanha o percurso dos dois emblemas.<\/p>\n<h3>Outros desempenhos europeus<\/h3>\n<p>Na outra meia-final, a partir das 20:00, o Nottingham Forest de V\u00edtor Pereira recebe o Aston Villa, treinada por Unai Emery, com o duelo a completar a ronda de hoje.<\/p>\n","protected":false},"excerpt":{"rendered":"<ul>\n<li>O Sp. Braga recebe o Friburgo hoje, \u00e0s 20h00, no Est\u00e1dio Municipal de Braga, na primeira m\u00e3o das meias-finais da Liga Europa.<\/li>\n<li>A lota\u00e7\u00e3o do est\u00e1dio est\u00e1 esgotada, anunciaram os minhotos.<\/li>\n<li>O \u00e1rbitro da partida \u00e9 o ingl\u00eas Anthony Taylor.<\/li>\n<li>Esta \u00e9poca, o Braga procura chegar pela primeira vez \u00e0 final em Istambul, repetindo a final de 2010\/11 (perdida com o FC Porto em Dublin).<\/li>\n<li>O Friburgo, oitavo na Bundesliga, eliminou o Celta de Vigo nos quartos de final e disputa as suas primeiras meias-finais na Liga Europa.<\/li>\n<li>A segunda m\u00e3o fica marcada para a pr\u00f3xima quinta-feira, na Alemanha; na outra meia-final, Nottingham Forest recebe o Aston Villa \u00e0s 20h.<\/li>\n<\/ul>\n","protected":false},"author":2,"featured_media":462176,"comment_status":"closed","ping_status":"closed","sticky":false,"template":"","format":"standard","meta":{"footnotes":""},"categories":[21,24],"tags":[1603,1336,1207,5544,6014,2070],"class_list":["post-462174","post","type-post","status-publish","format-standard","has-post-thumbnail","hentry","category-desporto","category-futebol","tag-alemanha","tag-arbitro","tag-braga","tag-europa-league","tag-noticias-internacionais","tag-sp-braga"],"yoast_head":"<!-- This site is optimized with the Yoast SEO plugin v27.2 - https:\/\/yoast.com\/product\/yoast-seo-wordpress\/ -->\n<title>Lota\u00e7\u00e3o esgotada para o Sp. Braga-Friburgo - Portal Tela Portugal<\/title>\n<meta name=\"robots\" content=\"index, follow, max-snippet:-1, max-image-preview:large, max-video-preview:-1\" \/>\n<meta property=\"og:locale\" content=\"pt_PT\" \/>\n<meta property=\"og:type\" content=\"article\" \/>\n<meta property=\"og:title\" content=\"Lota\u00e7\u00e3o esgotada para o Sp. Braga-Friburgo - Portal Tela Portugal\" \/>\n<meta property=\"og:description\" content=\"O Sp. Braga recebe o Friburgo hoje, \u00e0s 20h00, no Est\u00e1dio Municipal de Braga, na primeira m\u00e3o das meias-finais da Liga Europa. A lota\u00e7\u00e3o do est\u00e1dio est\u00e1 esgotada, anunciaram os minhotos. O \u00e1rbitro da partida \u00e9 o ingl\u00eas Anthony Taylor. Esta \u00e9poca, o Braga procura chegar pela primeira vez \u00e0 final em Istambul, repetindo a final de 2010\/11 (perdida com o FC Porto em Dublin). O Friburgo, oitavo na Bundesliga, eliminou o Celta de Vigo nos quartos de final e disputa as suas primeiras meias-finais na Liga Europa. A segunda m\u00e3o fica marcada para a pr\u00f3xima quinta-feira, na Alemanha; na outra meia-final, Nottingham Forest recebe o Aston Villa \u00e0s 20h.\" \/>\n<meta property=\"og:url\" content=\"https:\/\/portaltela.pt\/noticias\/2026\/04\/30\/lotacao-esgotada-para-o-sp-braga-friburgo\/\" \/>\n<meta property=\"og:site_name\" content=\"Portal Tela Portugal\" \/>\n<meta property=\"article:published_time\" content=\"2026-04-30T10:32:53+00:00\" \/>\n<meta name=\"author\" content=\"Telinha\" \/>\n<meta name=\"twitter:card\" content=\"summary_large_image\" \/>\n<meta name=\"twitter:label1\" content=\"Escrito por\" \/>\n\t<meta name=\"twitter:data1\" content=\"Telinha\" \/>\n\t<meta name=\"twitter:label2\" content=\"Tempo estimado de leitura\" \/>\n\t<meta name=\"twitter:data2\" content=\"1 minuto\" \/>\n<script type=\"application\/ld+json\" class=\"yoast-schema-graph\">{\"@context\":\"https:\/\/schema.org\",\"@graph\":[{\"@type\":\"Article\",\"@id\":\"https:\/\/portaltela.pt\/noticias\/2026\/04\/30\/lotacao-esgotada-para-o-sp-braga-friburgo\/#article\",\"isPartOf\":{\"@id\":\"https:\/\/portaltela.pt\/noticias\/2026\/04\/30\/lotacao-esgotada-para-o-sp-braga-friburgo\/\"},\"author\":{\"name\":\"Telinha\",\"@id\":\"https:\/\/portaltela.pt\/#\/schema\/person\/c4278d4a6028830caff9ee44b42d32ed\"},\"headline\":\"Lota\u00e7\u00e3o esgotada para o Sp. Braga-Friburgo\",\"datePublished\":\"2026-04-30T10:32:53+00:00\",\"mainEntityOfPage\":{\"@id\":\"https:\/\/portaltela.pt\/noticias\/2026\/04\/30\/lotacao-esgotada-para-o-sp-braga-friburgo\/\"},\"wordCount\":226,\"image\":{\"@id\":\"https:\/\/portaltela.pt\/noticias\/2026\/04\/30\/lotacao-esgotada-para-o-sp-braga-friburgo\/#primaryimage\"},\"thumbnailUrl\":\"https:\/\/portaltela.pt\/s.01k8rhncp4jt1\/2026\/04\/img_920x518uu2026-04-30-11-23-21-2436078.jpg\",\"keywords\":[\"Alemanha\",\"\u00e1rbitro\",\"Braga\",\"Europa League\",\"not\u00edcias internacionais\",\"Sp. Braga\"],\"articleSection\":[\"Desporto\",\"Futebol\"],\"inLanguage\":\"pt-PT\"},{\"@type\":\"WebPage\",\"@id\":\"https:\/\/portaltela.pt\/noticias\/2026\/04\/30\/lotacao-esgotada-para-o-sp-braga-friburgo\/\",\"url\":\"https:\/\/portaltela.pt\/noticias\/2026\/04\/30\/lotacao-esgotada-para-o-sp-braga-friburgo\/\",\"name\":\"Lota\u00e7\u00e3o esgotada para o Sp. Braga-Friburgo - Portal Tela Portugal\",\"isPartOf\":{\"@id\":\"https:\/\/portaltela.pt\/#website\"},\"primaryImageOfPage\":{\"@id\":\"https:\/\/portaltela.pt\/noticias\/2026\/04\/30\/lotacao-esgotada-para-o-sp-braga-friburgo\/#primaryimage\"},\"image\":{\"@id\":\"https:\/\/portaltela.pt\/noticias\/2026\/04\/30\/lotacao-esgotada-para-o-sp-braga-friburgo\/#primaryimage\"},\"thumbnailUrl\":\"https:\/\/portaltela.pt\/s.01k8rhncp4jt1\/2026\/04\/img_920x518uu2026-04-30-11-23-21-2436078.jpg\",\"datePublished\":\"2026-04-30T10:32:53+00:00\",\"author\":{\"@id\":\"https:\/\/portaltela.pt\/#\/schema\/person\/c4278d4a6028830caff9ee44b42d32ed\"},\"breadcrumb\":{\"@id\":\"https:\/\/portaltela.pt\/noticias\/2026\/04\/30\/lotacao-esgotada-para-o-sp-braga-friburgo\/#breadcrumb\"},\"inLanguage\":\"pt-PT\",\"potentialAction\":[{\"@type\":\"ReadAction\",\"target\":[\"https:\/\/portaltela.pt\/noticias\/2026\/04\/30\/lotacao-esgotada-para-o-sp-braga-friburgo\/\"]}]},{\"@type\":\"ImageObject\",\"inLanguage\":\"pt-PT\",\"@id\":\"https:\/\/portaltela.pt\/noticias\/2026\/04\/30\/lotacao-esgotada-para-o-sp-braga-friburgo\/#primaryimage\",\"url\":\"https:\/\/portaltela.pt\/s.01k8rhncp4jt1\/2026\/04\/img_920x518uu2026-04-30-11-23-21-2436078.jpg\",\"contentUrl\":\"https:\/\/portaltela.pt\/s.01k8rhncp4jt1\/2026\/04\/img_920x518uu2026-04-30-11-23-21-2436078.jpg\",\"width\":796,\"height\":448,\"caption\":\"Jogadores do Sp. Braga confiantes para o jogo com o Friburgo\"},{\"@type\":\"BreadcrumbList\",\"@id\":\"https:\/\/portaltela.pt\/noticias\/2026\/04\/30\/lotacao-esgotada-para-o-sp-braga-friburgo\/#breadcrumb\",\"itemListElement\":[{\"@type\":\"ListItem\",\"position\":1,\"name\":\"In\u00edcio\",\"item\":\"https:\/\/portaltela.pt\/\"},{\"@type\":\"ListItem\",\"position\":2,\"name\":\"Lota\u00e7\u00e3o esgotada para o Sp. Braga-Friburgo\"}]},{\"@type\":\"WebSite\",\"@id\":\"https:\/\/portaltela.pt\/#website\",\"url\":\"https:\/\/portaltela.pt\/\",\"name\":\"Portal Tela Portugal\",\"description\":\"\",\"potentialAction\":[{\"@type\":\"SearchAction\",\"target\":{\"@type\":\"EntryPoint\",\"urlTemplate\":\"https:\/\/portaltela.pt\/?s={search_term_string}\"},\"query-input\":{\"@type\":\"PropertyValueSpecification\",\"valueRequired\":true,\"valueName\":\"search_term_string\"}}],\"inLanguage\":\"pt-PT\"},{\"@type\":\"Person\",\"@id\":\"https:\/\/portaltela.pt\/#\/schema\/person\/c4278d4a6028830caff9ee44b42d32ed\",\"name\":\"Telinha\",\"image\":{\"@type\":\"ImageObject\",\"inLanguage\":\"pt-PT\",\"@id\":\"https:\/\/portaltela.pt\/s.01k8rhncp4jt1\/2025\/11\/talking-bot-125x125.png\",\"url\":\"https:\/\/portaltela.pt\/s.01k8rhncp4jt1\/2025\/11\/talking-bot-125x125.png\",\"contentUrl\":\"https:\/\/portaltela.pt\/s.01k8rhncp4jt1\/2025\/11\/talking-bot-125x125.png\",\"caption\":\"Telinha\"},\"sameAs\":[\"https:\/\/portaltela.pt\/\"],\"url\":\"https:\/\/portaltela.pt\/por\/367410592786\/\"}]}<\/script>\n<!-- \/ Yoast SEO plugin. -->","yoast_head_json":{"title":"Lota\u00e7\u00e3o esgotada para o Sp. Braga-Friburgo - Portal Tela Portugal","robots":{"index":"index","follow":"follow","max-snippet":"max-snippet:-1","max-image-preview":"max-image-preview:large","max-video-preview":"max-video-preview:-1"},"og_locale":"pt_PT","og_type":"article","og_title":"Lota\u00e7\u00e3o esgotada para o Sp. Braga-Friburgo - Portal Tela Portugal","og_description":"O Sp. Braga recebe o Friburgo hoje, \u00e0s 20h00, no Est\u00e1dio Municipal de Braga, na primeira m\u00e3o das meias-finais da Liga Europa. A lota\u00e7\u00e3o do est\u00e1dio est\u00e1 esgotada, anunciaram os minhotos. O \u00e1rbitro da partida \u00e9 o ingl\u00eas Anthony Taylor. Esta \u00e9poca, o Braga procura chegar pela primeira vez \u00e0 final em Istambul, repetindo a final de 2010\/11 (perdida com o FC Porto em Dublin). O Friburgo, oitavo na Bundesliga, eliminou o Celta de Vigo nos quartos de final e disputa as suas primeiras meias-finais na Liga Europa. A segunda m\u00e3o fica marcada para a pr\u00f3xima quinta-feira, na Alemanha; na outra meia-final, Nottingham Forest recebe o Aston Villa \u00e0s 20h.","og_url":"https:\/\/portaltela.pt\/noticias\/2026\/04\/30\/lotacao-esgotada-para-o-sp-braga-friburgo\/","og_site_name":"Portal Tela Portugal","article_published_time":"2026-04-30T10:32:53+00:00","author":"Telinha","twitter_card":"summary_large_image","twitter_misc":{"Escrito por":"Telinha","Tempo estimado de leitura":"1 minuto"},"schema":{"@context":"https:\/\/schema.org","@graph":[{"@type":"Article","@id":"https:\/\/portaltela.pt\/noticias\/2026\/04\/30\/lotacao-esgotada-para-o-sp-braga-friburgo\/#article","isPartOf":{"@id":"https:\/\/portaltela.pt\/noticias\/2026\/04\/30\/lotacao-esgotada-para-o-sp-braga-friburgo\/"},"author":{"name":"Telinha","@id":"https:\/\/portaltela.pt\/#\/schema\/person\/c4278d4a6028830caff9ee44b42d32ed"},"headline":"Lota\u00e7\u00e3o esgotada para o Sp. Braga-Friburgo","datePublished":"2026-04-30T10:32:53+00:00","mainEntityOfPage":{"@id":"https:\/\/portaltela.pt\/noticias\/2026\/04\/30\/lotacao-esgotada-para-o-sp-braga-friburgo\/"},"wordCount":226,"image":{"@id":"https:\/\/portaltela.pt\/noticias\/2026\/04\/30\/lotacao-esgotada-para-o-sp-braga-friburgo\/#primaryimage"},"thumbnailUrl":"https:\/\/portaltela.pt\/s.01k8rhncp4jt1\/2026\/04\/img_920x518uu2026-04-30-11-23-21-2436078.jpg","keywords":["Alemanha","\u00e1rbitro","Braga","Europa League","not\u00edcias internacionais","Sp. Braga"],"articleSection":["Desporto","Futebol"],"inLanguage":"pt-PT"},{"@type":"WebPage","@id":"https:\/\/portaltela.pt\/noticias\/2026\/04\/30\/lotacao-esgotada-para-o-sp-braga-friburgo\/","url":"https:\/\/portaltela.pt\/noticias\/2026\/04\/30\/lotacao-esgotada-para-o-sp-braga-friburgo\/","name":"Lota\u00e7\u00e3o esgotada para o Sp. Braga-Friburgo - Portal Tela Portugal","isPartOf":{"@id":"https:\/\/portaltela.pt\/#website"},"primaryImageOfPage":{"@id":"https:\/\/portaltela.pt\/noticias\/2026\/04\/30\/lotacao-esgotada-para-o-sp-braga-friburgo\/#primaryimage"},"image":{"@id":"https:\/\/portaltela.pt\/noticias\/2026\/04\/30\/lotacao-esgotada-para-o-sp-braga-friburgo\/#primaryimage"},"thumbnailUrl":"https:\/\/portaltela.pt\/s.01k8rhncp4jt1\/2026\/04\/img_920x518uu2026-04-30-11-23-21-2436078.jpg","datePublished":"2026-04-30T10:32:53+00:00","author":{"@id":"https:\/\/portaltela.pt\/#\/schema\/person\/c4278d4a6028830caff9ee44b42d32ed"},"breadcrumb":{"@id":"https:\/\/portaltela.pt\/noticias\/2026\/04\/30\/lotacao-esgotada-para-o-sp-braga-friburgo\/#breadcrumb"},"inLanguage":"pt-PT","potentialAction":[{"@type":"ReadAction","target":["https:\/\/portaltela.pt\/noticias\/2026\/04\/30\/lotacao-esgotada-para-o-sp-braga-friburgo\/"]}]},{"@type":"ImageObject","inLanguage":"pt-PT","@id":"https:\/\/portaltela.pt\/noticias\/2026\/04\/30\/lotacao-esgotada-para-o-sp-braga-friburgo\/#primaryimage","url":"https:\/\/portaltela.pt\/s.01k8rhncp4jt1\/2026\/04\/img_920x518uu2026-04-30-11-23-21-2436078.jpg","contentUrl":"https:\/\/portaltela.pt\/s.01k8rhncp4jt1\/2026\/04\/img_920x518uu2026-04-30-11-23-21-2436078.jpg","width":796,"height":448,"caption":"Jogadores do Sp. Braga confiantes para o jogo com o Friburgo"},{"@type":"BreadcrumbList","@id":"https:\/\/portaltela.pt\/noticias\/2026\/04\/30\/lotacao-esgotada-para-o-sp-braga-friburgo\/#breadcrumb","itemListElement":[{"@type":"ListItem","position":1,"name":"In\u00edcio","item":"https:\/\/portaltela.pt\/"},{"@type":"ListItem","position":2,"name":"Lota\u00e7\u00e3o esgotada para o Sp. Braga-Friburgo"}]},{"@type":"WebSite","@id":"https:\/\/portaltela.pt\/#website","url":"https:\/\/portaltela.pt\/","name":"Portal Tela Portugal","description":"","potentialAction":[{"@type":"SearchAction","target":{"@type":"EntryPoint","urlTemplate":"https:\/\/portaltela.pt\/?s={search_term_string}"},"query-input":{"@type":"PropertyValueSpecification","valueRequired":true,"valueName":"search_term_string"}}],"inLanguage":"pt-PT"},{"@type":"Person","@id":"https:\/\/portaltela.pt\/#\/schema\/person\/c4278d4a6028830caff9ee44b42d32ed","name":"Telinha","image":{"@type":"ImageObject","inLanguage":"pt-PT","@id":"https:\/\/portaltela.pt\/s.01k8rhncp4jt1\/2025\/11\/talking-bot-125x125.png","url":"https:\/\/portaltela.pt\/s.01k8rhncp4jt1\/2025\/11\/talking-bot-125x125.png","contentUrl":"https:\/\/portaltela.pt\/s.01k8rhncp4jt1\/2025\/11\/talking-bot-125x125.png","caption":"Telinha"},"sameAs":["https:\/\/portaltela.pt\/"],"url":"https:\/\/portaltela.pt\/por\/367410592786\/"}]}},"_links":{"self":[{"href":"https:\/\/portaltela.pt\/api\/wp\/v2\/posts\/462174","targetHints":{"allow":["GET"]}}],"collection":[{"href":"https:\/\/portaltela.pt\/api\/wp\/v2\/posts"}],"about":[{"href":"https:\/\/portaltela.pt\/api\/wp\/v2\/types\/post"}],"author":[{"embeddable":true,"href":"https:\/\/portaltela.pt\/api\/wp\/v2\/users\/2"}],"replies":[{"embeddable":true,"href":"https:\/\/portaltela.pt\/api\/wp\/v2\/comments?post=462174"}],"version-history":[{"count":0,"href":"https:\/\/portaltela.pt\/api\/wp\/v2\/posts\/462174\/revisions"}],"wp:featuredmedia":[{"embeddable":true,"href":"https:\/\/portaltela.pt\/api\/wp\/v2\/media\/462176"}],"wp:attachment":[{"href":"https:\/\/portaltela.pt\/api\/wp\/v2\/media?parent=462174"}],"wp:term":[{"taxonomy":"category","embeddable":true,"href":"https:\/\/portaltela.pt\/api\/wp\/v2\/categories?post=462174"},{"taxonomy":"post_tag","embeddable":true,"href":"https:\/\/portaltela.pt\/api\/wp\/v2\/tags?post=462174"}],"curies":[{"name":"wp","href":"https:\/\/api.w.org\/{rel}","templated":true}]}}