{"id":462163,"date":"2026-04-30T07:18:31","date_gmt":"2026-04-30T10:18:31","guid":{"rendered":"https:\/\/portaltela.pt\/noticias\/2026\/04\/30\/psg-enfrenta-bayern-numa-semifinal-historica-do-futebol\/"},"modified":"2026-04-30T07:18:31","modified_gmt":"2026-04-30T10:18:31","slug":"psg-enfrenta-bayern-numa-semifinal-historica-do-futebol","status":"publish","type":"post","link":"https:\/\/portaltela.pt\/desporto\/futebol\/2026\/04\/30\/psg-enfrenta-bayern-numa-semifinal-historica-do-futebol\/","title":{"rendered":"PSG enfrenta Bayern numa semifinal hist\u00f3rica do futebol"},"content":{"rendered":"<p>O jogo da Liga dos Campe\u00f5es entre Paris Saint-Germain e Bayern de Munique terminou com nove golos, elevando o Patrocinado Parc des Princes a um duelo hist\u00f3rico. O PSG entrou em vantagem de cinco dois, mas os b\u00e1varos conseguiram reduzir para uma diferen\u00e7a m\u00ednima, mantendo as perspetivas vivas para o jogo de volta em Munique.<\/p>\n<p>Entre os protagonistas estiveram o PSG, atual campe\u00e3o franc\u00eas, e o Bayern, com ambi\u00e7\u00f5es de reverter a eliminat\u00f3ria. O encontro, disputado em Paris, destacou-se pela intensidade ofensiva de ambas as equipas e pelo elevado n\u00edvel de drama do desenrolar do placar. O pr\u00f3ximo duelo, em solo alem\u00e3o, est\u00e1 agendado para a pr\u00f3xima semana e promete manter o mesmo ritmo competitivo.<\/p>\n<p>A an\u00e1lise p\u00fablica contou com a participa\u00e7\u00e3o de Connor Allen e Petros Fassoulas, que elogiaram a qualidade das duas forma\u00e7\u00f5es e o desempenho individual de v\u00e1rios jogadores com contratos de alto rendimento. Ambos concordam com a import\u00e2ncia do espet\u00e1culo, mas divergem sobre o prov\u00e1vel vencedor da competi\u00e7\u00e3o.<\/p>\n<h3>An\u00e1lise e Rea\u00e7\u00f5es<\/h3>\n<p>O Comiss\u00e1rio Europeu do Desporto, Glenn Mecallef, comentou \u00e0 Euronews que o futebol europeu oferece um palco \u00fanico para atletas atuarem como embaixadores do desporto, ligados por um interesse comum. O jornalismo desportivo tamb\u00e9m destacou a discuss\u00e3o sobre racismo entre adeptos, apontando para \u00e1reas de melhoria no acompanhamento das quest\u00f5es sociais no futebol.<\/p>\n<p>Este epis\u00f3dio de The Ring foi produzido por Luis Albertos e Amaia Echevarria, com dire\u00e7\u00e3o e edi\u00e7\u00e3o de Vassilis Glynos. A equipa de produ\u00e7\u00e3o refere o impacto medi\u00e1tico do duelo e o interesse de p\u00fablico em todo o continente.<\/p>\n","protected":false},"excerpt":{"rendered":"<ul>\n<li>O PSG e o Bayern disputaram uma semi-final hist\u00f3rica da Liga dos Campe\u00f5es, com nove golos marcados no jogo em Paris; o PSG chegou a ter vantagem de cinco a dois, mas os alem\u00e3es reagiram para reduzir para uma diferen\u00e7a de um golo.<\/li>\n<li>O encontro de volta est\u00e1 agendado para Munique na pr\u00f3xima semana, prometendo mais emo\u00e7\u00e3o.<\/li>\n<li>Foi a primeira vez que ambas as equipas marcaram pelo menos quatro golos numa meia-final europeia; s\u00f3 a segunda vez na competi\u00e7\u00e3o desde 2008-09.<\/li>\n<li>O debate do The Ring analisou o que est\u00e1 a mudar no futebol europeu, destacando o n\u00edvel das equipas valor, a qualidade individual dos jogadores e o impacto financeiro no desporto.<\/li>\n<li>O epis\u00f3dio incluiu ainda quest\u00f5es sobre racismo entre adeptos e contou com declara\u00e7\u00f5es do Comiss\u00e1rio Europeu dos Desportos, al\u00e9m de pontos de vista dos especialistas convidados.<\/li>\n<\/ul>\n","protected":false},"author":2,"featured_media":462165,"comment_status":"closed","ping_status":"closed","sticky":false,"template":"","format":"standard","meta":{"footnotes":""},"categories":[21,24],"tags":[3577,2681,2487,32,3338,6032],"class_list":["post-462163","post","type-post","status-publish","format-standard","has-post-thumbnail","hentry","category-desporto","category-futebol","tag-champions-league","tag-desporto-internacional","tag-europa","tag-futebol","tag-futebol-internacional","tag-racismo"],"yoast_head":"<!-- This site is optimized with the Yoast SEO plugin v27.2 - https:\/\/yoast.com\/product\/yoast-seo-wordpress\/ -->\n<title>PSG enfrenta Bayern numa semifinal hist\u00f3rica do futebol - Portal Tela Portugal<\/title>\n<meta name=\"robots\" content=\"index, follow, max-snippet:-1, max-image-preview:large, max-video-preview:-1\" \/>\n<meta property=\"og:locale\" content=\"pt_PT\" \/>\n<meta property=\"og:type\" content=\"article\" \/>\n<meta property=\"og:title\" content=\"PSG enfrenta Bayern numa semifinal hist\u00f3rica do futebol - Portal Tela Portugal\" \/>\n<meta property=\"og:description\" content=\"O PSG e o Bayern disputaram uma semi-final hist\u00f3rica da Liga dos Campe\u00f5es, com nove golos marcados no jogo em Paris; o PSG chegou a ter vantagem de cinco a dois, mas os alem\u00e3es reagiram para reduzir para uma diferen\u00e7a de um golo. O encontro de volta est\u00e1 agendado para Munique na pr\u00f3xima semana, prometendo mais emo\u00e7\u00e3o. Foi a primeira vez que ambas as equipas marcaram pelo menos quatro golos numa meia-final europeia; s\u00f3 a segunda vez na competi\u00e7\u00e3o desde 2008-09. O debate do The Ring analisou o que est\u00e1 a mudar no futebol europeu, destacando o n\u00edvel das equipas valor, a qualidade individual dos jogadores e o impacto financeiro no desporto. O epis\u00f3dio incluiu ainda quest\u00f5es sobre racismo entre adeptos e contou com declara\u00e7\u00f5es do Comiss\u00e1rio Europeu dos Desportos, al\u00e9m de pontos de vista dos especialistas convidados.\" \/>\n<meta property=\"og:url\" content=\"https:\/\/portaltela.pt\/noticias\/2026\/04\/30\/psg-enfrenta-bayern-numa-semifinal-historica-do-futebol\/\" \/>\n<meta property=\"og:site_name\" content=\"Portal Tela Portugal\" \/>\n<meta property=\"article:published_time\" content=\"2026-04-30T10:18:31+00:00\" \/>\n<meta name=\"author\" content=\"Telinha\" \/>\n<meta name=\"twitter:card\" content=\"summary_large_image\" \/>\n<meta name=\"twitter:label1\" content=\"Escrito por\" \/>\n\t<meta name=\"twitter:data1\" content=\"Telinha\" \/>\n\t<meta name=\"twitter:label2\" content=\"Tempo estimado de leitura\" \/>\n\t<meta name=\"twitter:data2\" content=\"1 minuto\" \/>\n<script type=\"application\/ld+json\" class=\"yoast-schema-graph\">{\"@context\":\"https:\/\/schema.org\",\"@graph\":[{\"@type\":\"Article\",\"@id\":\"https:\/\/portaltela.pt\/noticias\/2026\/04\/30\/psg-enfrenta-bayern-numa-semifinal-historica-do-futebol\/#article\",\"isPartOf\":{\"@id\":\"https:\/\/portaltela.pt\/noticias\/2026\/04\/30\/psg-enfrenta-bayern-numa-semifinal-historica-do-futebol\/\"},\"author\":{\"name\":\"Telinha\",\"@id\":\"https:\/\/portaltela.pt\/#\/schema\/person\/c4278d4a6028830caff9ee44b42d32ed\"},\"headline\":\"PSG enfrenta Bayern numa semifinal hist\u00f3rica do futebol\",\"datePublished\":\"2026-04-30T10:18:31+00:00\",\"mainEntityOfPage\":{\"@id\":\"https:\/\/portaltela.pt\/noticias\/2026\/04\/30\/psg-enfrenta-bayern-numa-semifinal-historica-do-futebol\/\"},\"wordCount\":299,\"image\":{\"@id\":\"https:\/\/portaltela.pt\/noticias\/2026\/04\/30\/psg-enfrenta-bayern-numa-semifinal-historica-do-futebol\/#primaryimage\"},\"thumbnailUrl\":\"https:\/\/portaltela.pt\/s.01k8rhncp4jt1\/2026\/04\/1536x864_cmsv2_35b9369e-1fca-5a47-921e-77219df240e8-9741675.jpg\",\"keywords\":[\"Champions League\",\"desporto internacional\",\"Europa\",\"futebol\",\"futebol internacional\",\"racismo\"],\"articleSection\":[\"Desporto\",\"Futebol\"],\"inLanguage\":\"pt-PT\"},{\"@type\":\"WebPage\",\"@id\":\"https:\/\/portaltela.pt\/noticias\/2026\/04\/30\/psg-enfrenta-bayern-numa-semifinal-historica-do-futebol\/\",\"url\":\"https:\/\/portaltela.pt\/noticias\/2026\/04\/30\/psg-enfrenta-bayern-numa-semifinal-historica-do-futebol\/\",\"name\":\"PSG enfrenta Bayern numa semifinal hist\u00f3rica do futebol - Portal Tela Portugal\",\"isPartOf\":{\"@id\":\"https:\/\/portaltela.pt\/#website\"},\"primaryImageOfPage\":{\"@id\":\"https:\/\/portaltela.pt\/noticias\/2026\/04\/30\/psg-enfrenta-bayern-numa-semifinal-historica-do-futebol\/#primaryimage\"},\"image\":{\"@id\":\"https:\/\/portaltela.pt\/noticias\/2026\/04\/30\/psg-enfrenta-bayern-numa-semifinal-historica-do-futebol\/#primaryimage\"},\"thumbnailUrl\":\"https:\/\/portaltela.pt\/s.01k8rhncp4jt1\/2026\/04\/1536x864_cmsv2_35b9369e-1fca-5a47-921e-77219df240e8-9741675.jpg\",\"datePublished\":\"2026-04-30T10:18:31+00:00\",\"author\":{\"@id\":\"https:\/\/portaltela.pt\/#\/schema\/person\/c4278d4a6028830caff9ee44b42d32ed\"},\"breadcrumb\":{\"@id\":\"https:\/\/portaltela.pt\/noticias\/2026\/04\/30\/psg-enfrenta-bayern-numa-semifinal-historica-do-futebol\/#breadcrumb\"},\"inLanguage\":\"pt-PT\",\"potentialAction\":[{\"@type\":\"ReadAction\",\"target\":[\"https:\/\/portaltela.pt\/noticias\/2026\/04\/30\/psg-enfrenta-bayern-numa-semifinal-historica-do-futebol\/\"]}]},{\"@type\":\"ImageObject\",\"inLanguage\":\"pt-PT\",\"@id\":\"https:\/\/portaltela.pt\/noticias\/2026\/04\/30\/psg-enfrenta-bayern-numa-semifinal-historica-do-futebol\/#primaryimage\",\"url\":\"https:\/\/portaltela.pt\/s.01k8rhncp4jt1\/2026\/04\/1536x864_cmsv2_35b9369e-1fca-5a47-921e-77219df240e8-9741675.jpg\",\"contentUrl\":\"https:\/\/portaltela.pt\/s.01k8rhncp4jt1\/2026\/04\/1536x864_cmsv2_35b9369e-1fca-5a47-921e-77219df240e8-9741675.jpg\",\"width\":796,\"height\":448,\"caption\":\"Connor Allen e Petros Fassoulas no The Ring\"},{\"@type\":\"BreadcrumbList\",\"@id\":\"https:\/\/portaltela.pt\/noticias\/2026\/04\/30\/psg-enfrenta-bayern-numa-semifinal-historica-do-futebol\/#breadcrumb\",\"itemListElement\":[{\"@type\":\"ListItem\",\"position\":1,\"name\":\"In\u00edcio\",\"item\":\"https:\/\/portaltela.pt\/\"},{\"@type\":\"ListItem\",\"position\":2,\"name\":\"PSG enfrenta Bayern numa semifinal hist\u00f3rica do futebol\"}]},{\"@type\":\"WebSite\",\"@id\":\"https:\/\/portaltela.pt\/#website\",\"url\":\"https:\/\/portaltela.pt\/\",\"name\":\"Portal Tela Portugal\",\"description\":\"\",\"potentialAction\":[{\"@type\":\"SearchAction\",\"target\":{\"@type\":\"EntryPoint\",\"urlTemplate\":\"https:\/\/portaltela.pt\/?s={search_term_string}\"},\"query-input\":{\"@type\":\"PropertyValueSpecification\",\"valueRequired\":true,\"valueName\":\"search_term_string\"}}],\"inLanguage\":\"pt-PT\"},{\"@type\":\"Person\",\"@id\":\"https:\/\/portaltela.pt\/#\/schema\/person\/c4278d4a6028830caff9ee44b42d32ed\",\"name\":\"Telinha\",\"image\":{\"@type\":\"ImageObject\",\"inLanguage\":\"pt-PT\",\"@id\":\"https:\/\/portaltela.pt\/s.01k8rhncp4jt1\/2025\/11\/talking-bot-125x125.png\",\"url\":\"https:\/\/portaltela.pt\/s.01k8rhncp4jt1\/2025\/11\/talking-bot-125x125.png\",\"contentUrl\":\"https:\/\/portaltela.pt\/s.01k8rhncp4jt1\/2025\/11\/talking-bot-125x125.png\",\"caption\":\"Telinha\"},\"sameAs\":[\"https:\/\/portaltela.pt\/\"],\"url\":\"https:\/\/portaltela.pt\/por\/367410592786\/\"}]}<\/script>\n<!-- \/ Yoast SEO plugin. -->","yoast_head_json":{"title":"PSG enfrenta Bayern numa semifinal hist\u00f3rica do futebol - Portal Tela Portugal","robots":{"index":"index","follow":"follow","max-snippet":"max-snippet:-1","max-image-preview":"max-image-preview:large","max-video-preview":"max-video-preview:-1"},"og_locale":"pt_PT","og_type":"article","og_title":"PSG enfrenta Bayern numa semifinal hist\u00f3rica do futebol - Portal Tela Portugal","og_description":"O PSG e o Bayern disputaram uma semi-final hist\u00f3rica da Liga dos Campe\u00f5es, com nove golos marcados no jogo em Paris; o PSG chegou a ter vantagem de cinco a dois, mas os alem\u00e3es reagiram para reduzir para uma diferen\u00e7a de um golo. O encontro de volta est\u00e1 agendado para Munique na pr\u00f3xima semana, prometendo mais emo\u00e7\u00e3o. Foi a primeira vez que ambas as equipas marcaram pelo menos quatro golos numa meia-final europeia; s\u00f3 a segunda vez na competi\u00e7\u00e3o desde 2008-09. O debate do The Ring analisou o que est\u00e1 a mudar no futebol europeu, destacando o n\u00edvel das equipas valor, a qualidade individual dos jogadores e o impacto financeiro no desporto. O epis\u00f3dio incluiu ainda quest\u00f5es sobre racismo entre adeptos e contou com declara\u00e7\u00f5es do Comiss\u00e1rio Europeu dos Desportos, al\u00e9m de pontos de vista dos especialistas convidados.","og_url":"https:\/\/portaltela.pt\/noticias\/2026\/04\/30\/psg-enfrenta-bayern-numa-semifinal-historica-do-futebol\/","og_site_name":"Portal Tela Portugal","article_published_time":"2026-04-30T10:18:31+00:00","author":"Telinha","twitter_card":"summary_large_image","twitter_misc":{"Escrito por":"Telinha","Tempo estimado de leitura":"1 minuto"},"schema":{"@context":"https:\/\/schema.org","@graph":[{"@type":"Article","@id":"https:\/\/portaltela.pt\/noticias\/2026\/04\/30\/psg-enfrenta-bayern-numa-semifinal-historica-do-futebol\/#article","isPartOf":{"@id":"https:\/\/portaltela.pt\/noticias\/2026\/04\/30\/psg-enfrenta-bayern-numa-semifinal-historica-do-futebol\/"},"author":{"name":"Telinha","@id":"https:\/\/portaltela.pt\/#\/schema\/person\/c4278d4a6028830caff9ee44b42d32ed"},"headline":"PSG enfrenta Bayern numa semifinal hist\u00f3rica do futebol","datePublished":"2026-04-30T10:18:31+00:00","mainEntityOfPage":{"@id":"https:\/\/portaltela.pt\/noticias\/2026\/04\/30\/psg-enfrenta-bayern-numa-semifinal-historica-do-futebol\/"},"wordCount":299,"image":{"@id":"https:\/\/portaltela.pt\/noticias\/2026\/04\/30\/psg-enfrenta-bayern-numa-semifinal-historica-do-futebol\/#primaryimage"},"thumbnailUrl":"https:\/\/portaltela.pt\/s.01k8rhncp4jt1\/2026\/04\/1536x864_cmsv2_35b9369e-1fca-5a47-921e-77219df240e8-9741675.jpg","keywords":["Champions League","desporto internacional","Europa","futebol","futebol internacional","racismo"],"articleSection":["Desporto","Futebol"],"inLanguage":"pt-PT"},{"@type":"WebPage","@id":"https:\/\/portaltela.pt\/noticias\/2026\/04\/30\/psg-enfrenta-bayern-numa-semifinal-historica-do-futebol\/","url":"https:\/\/portaltela.pt\/noticias\/2026\/04\/30\/psg-enfrenta-bayern-numa-semifinal-historica-do-futebol\/","name":"PSG enfrenta Bayern numa semifinal hist\u00f3rica do futebol - Portal Tela Portugal","isPartOf":{"@id":"https:\/\/portaltela.pt\/#website"},"primaryImageOfPage":{"@id":"https:\/\/portaltela.pt\/noticias\/2026\/04\/30\/psg-enfrenta-bayern-numa-semifinal-historica-do-futebol\/#primaryimage"},"image":{"@id":"https:\/\/portaltela.pt\/noticias\/2026\/04\/30\/psg-enfrenta-bayern-numa-semifinal-historica-do-futebol\/#primaryimage"},"thumbnailUrl":"https:\/\/portaltela.pt\/s.01k8rhncp4jt1\/2026\/04\/1536x864_cmsv2_35b9369e-1fca-5a47-921e-77219df240e8-9741675.jpg","datePublished":"2026-04-30T10:18:31+00:00","author":{"@id":"https:\/\/portaltela.pt\/#\/schema\/person\/c4278d4a6028830caff9ee44b42d32ed"},"breadcrumb":{"@id":"https:\/\/portaltela.pt\/noticias\/2026\/04\/30\/psg-enfrenta-bayern-numa-semifinal-historica-do-futebol\/#breadcrumb"},"inLanguage":"pt-PT","potentialAction":[{"@type":"ReadAction","target":["https:\/\/portaltela.pt\/noticias\/2026\/04\/30\/psg-enfrenta-bayern-numa-semifinal-historica-do-futebol\/"]}]},{"@type":"ImageObject","inLanguage":"pt-PT","@id":"https:\/\/portaltela.pt\/noticias\/2026\/04\/30\/psg-enfrenta-bayern-numa-semifinal-historica-do-futebol\/#primaryimage","url":"https:\/\/portaltela.pt\/s.01k8rhncp4jt1\/2026\/04\/1536x864_cmsv2_35b9369e-1fca-5a47-921e-77219df240e8-9741675.jpg","contentUrl":"https:\/\/portaltela.pt\/s.01k8rhncp4jt1\/2026\/04\/1536x864_cmsv2_35b9369e-1fca-5a47-921e-77219df240e8-9741675.jpg","width":796,"height":448,"caption":"Connor Allen e Petros Fassoulas no The Ring"},{"@type":"BreadcrumbList","@id":"https:\/\/portaltela.pt\/noticias\/2026\/04\/30\/psg-enfrenta-bayern-numa-semifinal-historica-do-futebol\/#breadcrumb","itemListElement":[{"@type":"ListItem","position":1,"name":"In\u00edcio","item":"https:\/\/portaltela.pt\/"},{"@type":"ListItem","position":2,"name":"PSG enfrenta Bayern numa semifinal hist\u00f3rica do futebol"}]},{"@type":"WebSite","@id":"https:\/\/portaltela.pt\/#website","url":"https:\/\/portaltela.pt\/","name":"Portal Tela Portugal","description":"","potentialAction":[{"@type":"SearchAction","target":{"@type":"EntryPoint","urlTemplate":"https:\/\/portaltela.pt\/?s={search_term_string}"},"query-input":{"@type":"PropertyValueSpecification","valueRequired":true,"valueName":"search_term_string"}}],"inLanguage":"pt-PT"},{"@type":"Person","@id":"https:\/\/portaltela.pt\/#\/schema\/person\/c4278d4a6028830caff9ee44b42d32ed","name":"Telinha","image":{"@type":"ImageObject","inLanguage":"pt-PT","@id":"https:\/\/portaltela.pt\/s.01k8rhncp4jt1\/2025\/11\/talking-bot-125x125.png","url":"https:\/\/portaltela.pt\/s.01k8rhncp4jt1\/2025\/11\/talking-bot-125x125.png","contentUrl":"https:\/\/portaltela.pt\/s.01k8rhncp4jt1\/2025\/11\/talking-bot-125x125.png","caption":"Telinha"},"sameAs":["https:\/\/portaltela.pt\/"],"url":"https:\/\/portaltela.pt\/por\/367410592786\/"}]}},"_links":{"self":[{"href":"https:\/\/portaltela.pt\/api\/wp\/v2\/posts\/462163","targetHints":{"allow":["GET"]}}],"collection":[{"href":"https:\/\/portaltela.pt\/api\/wp\/v2\/posts"}],"about":[{"href":"https:\/\/portaltela.pt\/api\/wp\/v2\/types\/post"}],"author":[{"embeddable":true,"href":"https:\/\/portaltela.pt\/api\/wp\/v2\/users\/2"}],"replies":[{"embeddable":true,"href":"https:\/\/portaltela.pt\/api\/wp\/v2\/comments?post=462163"}],"version-history":[{"count":0,"href":"https:\/\/portaltela.pt\/api\/wp\/v2\/posts\/462163\/revisions"}],"wp:featuredmedia":[{"embeddable":true,"href":"https:\/\/portaltela.pt\/api\/wp\/v2\/media\/462165"}],"wp:attachment":[{"href":"https:\/\/portaltela.pt\/api\/wp\/v2\/media?parent=462163"}],"wp:term":[{"taxonomy":"category","embeddable":true,"href":"https:\/\/portaltela.pt\/api\/wp\/v2\/categories?post=462163"},{"taxonomy":"post_tag","embeddable":true,"href":"https:\/\/portaltela.pt\/api\/wp\/v2\/tags?post=462163"}],"curies":[{"name":"wp","href":"https:\/\/api.w.org\/{rel}","templated":true}]}}