{"id":462162,"date":"2026-04-30T07:18:31","date_gmt":"2026-04-30T10:18:31","guid":{"rendered":"https:\/\/portaltela.pt\/noticias\/2026\/04\/30\/jung-chang-teme-o-dia-em-que-a-china-lidere-o-mundo\/"},"modified":"2026-04-30T07:18:31","modified_gmt":"2026-04-30T10:18:31","slug":"jung-chang-teme-o-dia-em-que-a-china-lidere-o-mundo","status":"publish","type":"post","link":"https:\/\/portaltela.pt\/noticias\/politica\/2026\/04\/30\/jung-chang-teme-o-dia-em-que-a-china-lidere-o-mundo\/","title":{"rendered":"Jung Chang teme o dia em que a China lidere o mundo"},"content":{"rendered":"<p>Jung Chang, autora de Cisnes Selvagens, mant\u00e9m o foco na hist\u00f3ria da China atrav\u00e9s de mem\u00f3rias pessoais e de revis\u00f5es de figuras controversas. Quase meio s\u00e9culo ap\u00f3s abandonar o pa\u00eds, continua a dedicar grande parte do seu trabalho a trazer \u00e0 tona experi\u00eancias que marcam o percurso da na\u00e7\u00e3o.<\/p>\n<p>Em diversas entrevistas, a escritora aponta que o regime chin\u00eas tem vindo a restringir liberdades individuais e a intensificar a repress\u00e3o. O cen\u00e1rio atual \u00e9 apresentado como uma continuidade de din\u00e2micas de controlo que, na vis\u00e3o de Chang, afecta a sociedade civil.<\/p>\n<p>A obra mais recente, Voai, cisnes selvagens, insere-se nesta linha: revisitar trajet\u00f3rias hist\u00f3ricas sob novas perspetivas, mantendo o foco nas pessoas que moldaram a China contempor\u00e2nea. O objetivo \u00e9 oferecer uma leitura cr\u00edtica da hist\u00f3ria e das suas consequ\u00eancias.<\/p>\n<h3>Temas e abordagem de Jung Chang<\/h3>\n<p>Chang descreve a sua continuidade na escrita como uma tentativa de preservar a mem\u00f3ria de eventos e indiv\u00edduos relevantes para compreender o presente. As obras combinam mem\u00f3rias pessoais com an\u00e1lises hist\u00f3ricas, procurando contextos que expliquem mudan\u00e7as pol\u00edticas e sociais na China.<\/p>\n<p>A autora sublinha, ainda, o interesse de devolver voz a figuras amb\u00edguas da hist\u00f3ria chinesa, explorando os impactos das decis\u00f5es pol\u00edticas nas vidas privadas. Ao faz\u00ea-lo, pretende manter a mem\u00f3ria hist\u00f3rica acess\u00edvel a leitores fora da China.<\/p>\n","protected":false},"excerpt":{"rendered":"<ul>\n<li>Jung Chang, autora de Cisnes Selvagens, afirma ter medo do dia em que a China lidere o Mundo.<\/li>\n<li>A escritora, que viveu quase meio s\u00e9culo no estrangeiro, continua a dedicar grande parte do seu trabalho \u00e0 China.<\/li>\n<li>Em suas mem\u00f3rias, ela explora a hist\u00f3ria do pa\u00eds e revisita figuras controversas do passado.<\/li>\n<li>Regressando \u00e0 defesa de Voai, cisnes selvagens, Chang acusa o regime chin\u00eas de restringir liberdades individuais.<\/li>\n<li>Segundo a autora, h\u00e1 aumento da repress\u00e3o no pa\u00eds.<\/li>\n<\/ul>\n","protected":false},"author":2,"featured_media":462170,"comment_status":"closed","ping_status":"closed","sticky":false,"template":"","format":"standard","meta":{"footnotes":""},"categories":[6814,5],"tags":[5342,6657,7470,299,130,7490],"class_list":["post-462162","post","type-post","status-publish","format-standard","has-post-thumbnail","hentry","category-geopolitica","category-politica","tag-asia","tag-autores","tag-china","tag-historia","tag-livros","tag-memoria-publica"],"yoast_head":"<!-- This site is optimized with the Yoast SEO plugin v27.2 - https:\/\/yoast.com\/product\/yoast-seo-wordpress\/ -->\n<title>Jung Chang teme o dia em que a China lidere o mundo - Portal Tela Portugal<\/title>\n<meta name=\"robots\" content=\"index, follow, max-snippet:-1, max-image-preview:large, max-video-preview:-1\" \/>\n<meta property=\"og:locale\" content=\"pt_PT\" \/>\n<meta property=\"og:type\" content=\"article\" \/>\n<meta property=\"og:title\" content=\"Jung Chang teme o dia em que a China lidere o mundo - Portal Tela Portugal\" \/>\n<meta property=\"og:description\" content=\"Jung Chang, autora de Cisnes Selvagens, afirma ter medo do dia em que a China lidere o Mundo. A escritora, que viveu quase meio s\u00e9culo no estrangeiro, continua a dedicar grande parte do seu trabalho \u00e0 China. Em suas mem\u00f3rias, ela explora a hist\u00f3ria do pa\u00eds e revisita figuras controversas do passado. Regressando \u00e0 defesa de Voai, cisnes selvagens, Chang acusa o regime chin\u00eas de restringir liberdades individuais. Segundo a autora, h\u00e1 aumento da repress\u00e3o no pa\u00eds.\" \/>\n<meta property=\"og:url\" content=\"https:\/\/portaltela.pt\/noticias\/2026\/04\/30\/jung-chang-teme-o-dia-em-que-a-china-lidere-o-mundo\/\" \/>\n<meta property=\"og:site_name\" content=\"Portal Tela Portugal\" \/>\n<meta property=\"article:published_time\" content=\"2026-04-30T10:18:31+00:00\" \/>\n<meta name=\"author\" content=\"Telinha\" \/>\n<meta name=\"twitter:card\" content=\"summary_large_image\" \/>\n<meta name=\"twitter:label1\" content=\"Escrito por\" \/>\n\t<meta name=\"twitter:data1\" content=\"Telinha\" \/>\n\t<meta name=\"twitter:label2\" content=\"Tempo estimado de leitura\" \/>\n\t<meta name=\"twitter:data2\" content=\"1 minuto\" \/>\n<script type=\"application\/ld+json\" class=\"yoast-schema-graph\">{\"@context\":\"https:\/\/schema.org\",\"@graph\":[{\"@type\":\"Article\",\"@id\":\"https:\/\/portaltela.pt\/noticias\/2026\/04\/30\/jung-chang-teme-o-dia-em-que-a-china-lidere-o-mundo\/#article\",\"isPartOf\":{\"@id\":\"https:\/\/portaltela.pt\/noticias\/2026\/04\/30\/jung-chang-teme-o-dia-em-que-a-china-lidere-o-mundo\/\"},\"author\":{\"name\":\"Telinha\",\"@id\":\"https:\/\/portaltela.pt\/#\/schema\/person\/c4278d4a6028830caff9ee44b42d32ed\"},\"headline\":\"Jung Chang teme o dia em que a China lidere o mundo\",\"datePublished\":\"2026-04-30T10:18:31+00:00\",\"mainEntityOfPage\":{\"@id\":\"https:\/\/portaltela.pt\/noticias\/2026\/04\/30\/jung-chang-teme-o-dia-em-que-a-china-lidere-o-mundo\/\"},\"wordCount\":259,\"image\":{\"@id\":\"https:\/\/portaltela.pt\/noticias\/2026\/04\/30\/jung-chang-teme-o-dia-em-que-a-china-lidere-o-mundo\/#primaryimage\"},\"thumbnailUrl\":\"https:\/\/portaltela.pt\/s.01k8rhncp4jt1\/2026\/04\/e926d284-c140-4725-a16f-25c62256b1fb_1200x675.jpg\",\"keywords\":[\"\u00c1sia\",\"autores\",\"China\",\"hist\u00f3ria\",\"livros\",\"mem\u00f3ria p\u00fablica\"],\"articleSection\":[\"Geopol\u00edtica\",\"Pol\u00edtica\"],\"inLanguage\":\"pt-PT\"},{\"@type\":\"WebPage\",\"@id\":\"https:\/\/portaltela.pt\/noticias\/2026\/04\/30\/jung-chang-teme-o-dia-em-que-a-china-lidere-o-mundo\/\",\"url\":\"https:\/\/portaltela.pt\/noticias\/2026\/04\/30\/jung-chang-teme-o-dia-em-que-a-china-lidere-o-mundo\/\",\"name\":\"Jung Chang teme o dia em que a China lidere o mundo - Portal Tela Portugal\",\"isPartOf\":{\"@id\":\"https:\/\/portaltela.pt\/#website\"},\"primaryImageOfPage\":{\"@id\":\"https:\/\/portaltela.pt\/noticias\/2026\/04\/30\/jung-chang-teme-o-dia-em-que-a-china-lidere-o-mundo\/#primaryimage\"},\"image\":{\"@id\":\"https:\/\/portaltela.pt\/noticias\/2026\/04\/30\/jung-chang-teme-o-dia-em-que-a-china-lidere-o-mundo\/#primaryimage\"},\"thumbnailUrl\":\"https:\/\/portaltela.pt\/s.01k8rhncp4jt1\/2026\/04\/e926d284-c140-4725-a16f-25c62256b1fb_1200x675.jpg\",\"datePublished\":\"2026-04-30T10:18:31+00:00\",\"author\":{\"@id\":\"https:\/\/portaltela.pt\/#\/schema\/person\/c4278d4a6028830caff9ee44b42d32ed\"},\"breadcrumb\":{\"@id\":\"https:\/\/portaltela.pt\/noticias\/2026\/04\/30\/jung-chang-teme-o-dia-em-que-a-china-lidere-o-mundo\/#breadcrumb\"},\"inLanguage\":\"pt-PT\",\"potentialAction\":[{\"@type\":\"ReadAction\",\"target\":[\"https:\/\/portaltela.pt\/noticias\/2026\/04\/30\/jung-chang-teme-o-dia-em-que-a-china-lidere-o-mundo\/\"]}]},{\"@type\":\"ImageObject\",\"inLanguage\":\"pt-PT\",\"@id\":\"https:\/\/portaltela.pt\/noticias\/2026\/04\/30\/jung-chang-teme-o-dia-em-que-a-china-lidere-o-mundo\/#primaryimage\",\"url\":\"https:\/\/portaltela.pt\/s.01k8rhncp4jt1\/2026\/04\/e926d284-c140-4725-a16f-25c62256b1fb_1200x675.jpg\",\"contentUrl\":\"https:\/\/portaltela.pt\/s.01k8rhncp4jt1\/2026\/04\/e926d284-c140-4725-a16f-25c62256b1fb_1200x675.jpg\",\"width\":796,\"height\":448,\"caption\":\"\\\"Xi Jinping nunca foi particularmente amig\u00e1vel com pessoas liberais\\\"\"},{\"@type\":\"BreadcrumbList\",\"@id\":\"https:\/\/portaltela.pt\/noticias\/2026\/04\/30\/jung-chang-teme-o-dia-em-que-a-china-lidere-o-mundo\/#breadcrumb\",\"itemListElement\":[{\"@type\":\"ListItem\",\"position\":1,\"name\":\"In\u00edcio\",\"item\":\"https:\/\/portaltela.pt\/\"},{\"@type\":\"ListItem\",\"position\":2,\"name\":\"Jung Chang teme o dia em que a China lidere o mundo\"}]},{\"@type\":\"WebSite\",\"@id\":\"https:\/\/portaltela.pt\/#website\",\"url\":\"https:\/\/portaltela.pt\/\",\"name\":\"Portal Tela Portugal\",\"description\":\"\",\"potentialAction\":[{\"@type\":\"SearchAction\",\"target\":{\"@type\":\"EntryPoint\",\"urlTemplate\":\"https:\/\/portaltela.pt\/?s={search_term_string}\"},\"query-input\":{\"@type\":\"PropertyValueSpecification\",\"valueRequired\":true,\"valueName\":\"search_term_string\"}}],\"inLanguage\":\"pt-PT\"},{\"@type\":\"Person\",\"@id\":\"https:\/\/portaltela.pt\/#\/schema\/person\/c4278d4a6028830caff9ee44b42d32ed\",\"name\":\"Telinha\",\"image\":{\"@type\":\"ImageObject\",\"inLanguage\":\"pt-PT\",\"@id\":\"https:\/\/portaltela.pt\/s.01k8rhncp4jt1\/2025\/11\/talking-bot-125x125.png\",\"url\":\"https:\/\/portaltela.pt\/s.01k8rhncp4jt1\/2025\/11\/talking-bot-125x125.png\",\"contentUrl\":\"https:\/\/portaltela.pt\/s.01k8rhncp4jt1\/2025\/11\/talking-bot-125x125.png\",\"caption\":\"Telinha\"},\"sameAs\":[\"https:\/\/portaltela.pt\/\"],\"url\":\"https:\/\/portaltela.pt\/por\/367410592786\/\"}]}<\/script>\n<!-- \/ Yoast SEO plugin. -->","yoast_head_json":{"title":"Jung Chang teme o dia em que a China lidere o mundo - Portal Tela Portugal","robots":{"index":"index","follow":"follow","max-snippet":"max-snippet:-1","max-image-preview":"max-image-preview:large","max-video-preview":"max-video-preview:-1"},"og_locale":"pt_PT","og_type":"article","og_title":"Jung Chang teme o dia em que a China lidere o mundo - Portal Tela Portugal","og_description":"Jung Chang, autora de Cisnes Selvagens, afirma ter medo do dia em que a China lidere o Mundo. A escritora, que viveu quase meio s\u00e9culo no estrangeiro, continua a dedicar grande parte do seu trabalho \u00e0 China. Em suas mem\u00f3rias, ela explora a hist\u00f3ria do pa\u00eds e revisita figuras controversas do passado. Regressando \u00e0 defesa de Voai, cisnes selvagens, Chang acusa o regime chin\u00eas de restringir liberdades individuais. Segundo a autora, h\u00e1 aumento da repress\u00e3o no pa\u00eds.","og_url":"https:\/\/portaltela.pt\/noticias\/2026\/04\/30\/jung-chang-teme-o-dia-em-que-a-china-lidere-o-mundo\/","og_site_name":"Portal Tela Portugal","article_published_time":"2026-04-30T10:18:31+00:00","author":"Telinha","twitter_card":"summary_large_image","twitter_misc":{"Escrito por":"Telinha","Tempo estimado de leitura":"1 minuto"},"schema":{"@context":"https:\/\/schema.org","@graph":[{"@type":"Article","@id":"https:\/\/portaltela.pt\/noticias\/2026\/04\/30\/jung-chang-teme-o-dia-em-que-a-china-lidere-o-mundo\/#article","isPartOf":{"@id":"https:\/\/portaltela.pt\/noticias\/2026\/04\/30\/jung-chang-teme-o-dia-em-que-a-china-lidere-o-mundo\/"},"author":{"name":"Telinha","@id":"https:\/\/portaltela.pt\/#\/schema\/person\/c4278d4a6028830caff9ee44b42d32ed"},"headline":"Jung Chang teme o dia em que a China lidere o mundo","datePublished":"2026-04-30T10:18:31+00:00","mainEntityOfPage":{"@id":"https:\/\/portaltela.pt\/noticias\/2026\/04\/30\/jung-chang-teme-o-dia-em-que-a-china-lidere-o-mundo\/"},"wordCount":259,"image":{"@id":"https:\/\/portaltela.pt\/noticias\/2026\/04\/30\/jung-chang-teme-o-dia-em-que-a-china-lidere-o-mundo\/#primaryimage"},"thumbnailUrl":"https:\/\/portaltela.pt\/s.01k8rhncp4jt1\/2026\/04\/e926d284-c140-4725-a16f-25c62256b1fb_1200x675.jpg","keywords":["\u00c1sia","autores","China","hist\u00f3ria","livros","mem\u00f3ria p\u00fablica"],"articleSection":["Geopol\u00edtica","Pol\u00edtica"],"inLanguage":"pt-PT"},{"@type":"WebPage","@id":"https:\/\/portaltela.pt\/noticias\/2026\/04\/30\/jung-chang-teme-o-dia-em-que-a-china-lidere-o-mundo\/","url":"https:\/\/portaltela.pt\/noticias\/2026\/04\/30\/jung-chang-teme-o-dia-em-que-a-china-lidere-o-mundo\/","name":"Jung Chang teme o dia em que a China lidere o mundo - Portal Tela Portugal","isPartOf":{"@id":"https:\/\/portaltela.pt\/#website"},"primaryImageOfPage":{"@id":"https:\/\/portaltela.pt\/noticias\/2026\/04\/30\/jung-chang-teme-o-dia-em-que-a-china-lidere-o-mundo\/#primaryimage"},"image":{"@id":"https:\/\/portaltela.pt\/noticias\/2026\/04\/30\/jung-chang-teme-o-dia-em-que-a-china-lidere-o-mundo\/#primaryimage"},"thumbnailUrl":"https:\/\/portaltela.pt\/s.01k8rhncp4jt1\/2026\/04\/e926d284-c140-4725-a16f-25c62256b1fb_1200x675.jpg","datePublished":"2026-04-30T10:18:31+00:00","author":{"@id":"https:\/\/portaltela.pt\/#\/schema\/person\/c4278d4a6028830caff9ee44b42d32ed"},"breadcrumb":{"@id":"https:\/\/portaltela.pt\/noticias\/2026\/04\/30\/jung-chang-teme-o-dia-em-que-a-china-lidere-o-mundo\/#breadcrumb"},"inLanguage":"pt-PT","potentialAction":[{"@type":"ReadAction","target":["https:\/\/portaltela.pt\/noticias\/2026\/04\/30\/jung-chang-teme-o-dia-em-que-a-china-lidere-o-mundo\/"]}]},{"@type":"ImageObject","inLanguage":"pt-PT","@id":"https:\/\/portaltela.pt\/noticias\/2026\/04\/30\/jung-chang-teme-o-dia-em-que-a-china-lidere-o-mundo\/#primaryimage","url":"https:\/\/portaltela.pt\/s.01k8rhncp4jt1\/2026\/04\/e926d284-c140-4725-a16f-25c62256b1fb_1200x675.jpg","contentUrl":"https:\/\/portaltela.pt\/s.01k8rhncp4jt1\/2026\/04\/e926d284-c140-4725-a16f-25c62256b1fb_1200x675.jpg","width":796,"height":448,"caption":"\"Xi Jinping nunca foi particularmente amig\u00e1vel com pessoas liberais\""},{"@type":"BreadcrumbList","@id":"https:\/\/portaltela.pt\/noticias\/2026\/04\/30\/jung-chang-teme-o-dia-em-que-a-china-lidere-o-mundo\/#breadcrumb","itemListElement":[{"@type":"ListItem","position":1,"name":"In\u00edcio","item":"https:\/\/portaltela.pt\/"},{"@type":"ListItem","position":2,"name":"Jung Chang teme o dia em que a China lidere o mundo"}]},{"@type":"WebSite","@id":"https:\/\/portaltela.pt\/#website","url":"https:\/\/portaltela.pt\/","name":"Portal Tela Portugal","description":"","potentialAction":[{"@type":"SearchAction","target":{"@type":"EntryPoint","urlTemplate":"https:\/\/portaltela.pt\/?s={search_term_string}"},"query-input":{"@type":"PropertyValueSpecification","valueRequired":true,"valueName":"search_term_string"}}],"inLanguage":"pt-PT"},{"@type":"Person","@id":"https:\/\/portaltela.pt\/#\/schema\/person\/c4278d4a6028830caff9ee44b42d32ed","name":"Telinha","image":{"@type":"ImageObject","inLanguage":"pt-PT","@id":"https:\/\/portaltela.pt\/s.01k8rhncp4jt1\/2025\/11\/talking-bot-125x125.png","url":"https:\/\/portaltela.pt\/s.01k8rhncp4jt1\/2025\/11\/talking-bot-125x125.png","contentUrl":"https:\/\/portaltela.pt\/s.01k8rhncp4jt1\/2025\/11\/talking-bot-125x125.png","caption":"Telinha"},"sameAs":["https:\/\/portaltela.pt\/"],"url":"https:\/\/portaltela.pt\/por\/367410592786\/"}]}},"_links":{"self":[{"href":"https:\/\/portaltela.pt\/api\/wp\/v2\/posts\/462162","targetHints":{"allow":["GET"]}}],"collection":[{"href":"https:\/\/portaltela.pt\/api\/wp\/v2\/posts"}],"about":[{"href":"https:\/\/portaltela.pt\/api\/wp\/v2\/types\/post"}],"author":[{"embeddable":true,"href":"https:\/\/portaltela.pt\/api\/wp\/v2\/users\/2"}],"replies":[{"embeddable":true,"href":"https:\/\/portaltela.pt\/api\/wp\/v2\/comments?post=462162"}],"version-history":[{"count":0,"href":"https:\/\/portaltela.pt\/api\/wp\/v2\/posts\/462162\/revisions"}],"wp:featuredmedia":[{"embeddable":true,"href":"https:\/\/portaltela.pt\/api\/wp\/v2\/media\/462170"}],"wp:attachment":[{"href":"https:\/\/portaltela.pt\/api\/wp\/v2\/media?parent=462162"}],"wp:term":[{"taxonomy":"category","embeddable":true,"href":"https:\/\/portaltela.pt\/api\/wp\/v2\/categories?post=462162"},{"taxonomy":"post_tag","embeddable":true,"href":"https:\/\/portaltela.pt\/api\/wp\/v2\/tags?post=462162"}],"curies":[{"name":"wp","href":"https:\/\/api.w.org\/{rel}","templated":true}]}}